{"id":4584,"date":"2026-02-24T14:23:44","date_gmt":"2026-02-24T14:23:44","guid":{"rendered":"https:\/\/torredonjimenoactualidad.com\/?p=4584"},"modified":"2026-02-24T14:23:46","modified_gmt":"2026-02-24T14:23:46","slug":"dos-detenidos-en-torredonjimeno-por-seis-robos-de-joyas-en-viviendas-de-personas-mayores","status":"publish","type":"post","link":"https:\/\/torredonjimenoactualidad.com\/index.php\/2026\/02\/24\/dos-detenidos-en-torredonjimeno-por-seis-robos-de-joyas-en-viviendas-de-personas-mayores\/","title":{"rendered":"Dos detenidos en Torredonjimeno por seis robos de joyas en viviendas de personas mayores"},"content":{"rendered":"\n<p>La\u00a0Guardia Civil\u00a0ha detenido a una mujer de 30 a\u00f1os y a un hombre de 38, ambos vecinos de Torredonjimeno, como presuntos autores de hasta seis delitos de robo con fuerza y hurto en el interior de viviendas, en los que habr\u00edan sustra\u00eddo joyas por un valor aproximado de 8.000 euros.<\/p>\n\n\n\n<p>La investigaci\u00f3n se inici\u00f3 tras tenerse conocimiento de varios robos y hurtos de joyas cometidos en distintos domicilios de Torredonjimeno. A ra\u00edz de las denuncias presentadas, los agentes comenzaron una labor de an\u00e1lisis y seguimiento que permiti\u00f3 identificar un patr\u00f3n com\u00fan en los hechos.<\/p>\n\n\n\n<p>Seg\u00fan se ha podido determinar durante la investigaci\u00f3n, una de las personas implicadas realizaba vigilancias previas en las viviendas, aprovechando su trabajo como empleada de ayuda a domicilio y la relaci\u00f3n de confianza que manten\u00eda con las v\u00edctimas. Esta circunstancia le facilitaba obtener informaci\u00f3n relevante sobre los domicilios y las rutinas de sus moradores.<\/p>\n\n\n\n<p>Los presuntos autores seleccionaban viviendas que presentaban mayor vulnerabilidad, especialmente aquellas sin c\u00e1maras de seguridad ni sistemas de alarma, y habitadas por personas de avanzada edad.<\/p>\n\n\n\n<p>Posteriormente, el otro implicado se encargaba de ejecutar los accesos m\u00e1s complejos a los inmuebles para consumar los robos. La actuaci\u00f3n conjunta permiti\u00f3 esclarecer un total de seis delitos contra el patrimonio, entre robos con fuerza y hurtos en el interior de viviendas.<\/p>\n\n\n\n<p>Los detenidos, junto con las diligencias instruidas, fueron puestos a disposici\u00f3n de la autoridad judicial. El var\u00f3n, sobre quien constaba adem\u00e1s una requisitoria judicial en vigor, ha ingresado directamente en prisi\u00f3n, mientras que la mujer ha quedado en libertad con cargos.<\/p>\n","protected":false},"excerpt":{"rendered":"<p>La\u00a0Guardia Civil\u00a0ha detenido a una mujer de 30 a\u00f1os y a un hombre de 38, ambos vecinos de Torredonjimeno, como presuntos autores de hasta seis delitos de robo con fuerza y hurto en el interior de viviendas, en los que habr\u00edan sustra\u00eddo joyas por un valor aproximado de 8.000 euros. La investigaci\u00f3n se inici\u00f3 tras &hellip;<\/p>\n<p class=\"read-more\"> <a class=\"\" href=\"https:\/\/torredonjimenoactualidad.com\/index.php\/2026\/02\/24\/dos-detenidos-en-torredonjimeno-por-seis-robos-de-joyas-en-viviendas-de-personas-mayores\/\"> <span class=\"screen-reader-text\">Dos detenidos en Torredonjimeno por seis robos de joyas en viviendas de personas mayores<\/span> Leer m\u00e1s &raquo;<\/a><\/p>\n","protected":false},"author":2,"featured_media":4585,"comment_status":"closed","ping_status":"open","sticky":false,"template":"","format":"standard","meta":{"site-sidebar-layout":"default","site-content-layout":"default","ast-global-header-display":"","ast-main-header-display":"","ast-hfb-above-header-display":"","ast-hfb-below-header-display":"","ast-hfb-mobile-header-display":"","site-post-title":"","ast-breadcrumbs-content":"","ast-featured-img":"","footer-sml-layout":"","theme-transparent-header-meta":"","adv-header-id-meta":"","stick-header-meta":"","header-above-stick-meta":"","header-main-stick-meta":"","header-below-stick-meta":"","footnotes":""},"categories":[1],"tags":[],"class_list":["post-4584","post","type-post","status-publish","format-standard","has-post-thumbnail","hentry","category-sin-categoria"],"yoast_head":"<!-- This site is optimized with the Yoast SEO plugin v20.8 - https:\/\/yoast.com\/wordpress\/plugins\/seo\/ -->\n<title>Dos detenidos en Torredonjimeno por seis robos de joyas en viviendas de personas mayores - Torredonjimeno Actualidad<\/title>\n<meta name=\"robots\" content=\"index, follow, max-snippet:-1, max-image-preview:large, max-video-preview:-1\" \/>\n<link rel=\"canonical\" href=\"https:\/\/torredonjimenoactualidad.com\/index.php\/2026\/02\/24\/dos-detenidos-en-torredonjimeno-por-seis-robos-de-joyas-en-viviendas-de-personas-mayores\/\" \/>\n<meta property=\"og:locale\" content=\"es_ES\" \/>\n<meta property=\"og:type\" content=\"article\" \/>\n<meta property=\"og:title\" content=\"Dos detenidos en Torredonjimeno por seis robos de joyas en viviendas de personas mayores - Torredonjimeno Actualidad\" \/>\n<meta property=\"og:description\" content=\"La\u00a0Guardia Civil\u00a0ha detenido a una mujer de 30 a\u00f1os y a un hombre de 38, ambos vecinos de Torredonjimeno, como presuntos autores de hasta seis delitos de robo con fuerza y hurto en el interior de viviendas, en los que habr\u00edan sustra\u00eddo joyas por un valor aproximado de 8.000 euros. La investigaci\u00f3n se inici\u00f3 tras &hellip; Dos detenidos en Torredonjimeno por seis robos de joyas en viviendas de personas mayores Leer m\u00e1s &raquo;\" \/>\n<meta property=\"og:url\" content=\"https:\/\/torredonjimenoactualidad.com\/index.php\/2026\/02\/24\/dos-detenidos-en-torredonjimeno-por-seis-robos-de-joyas-en-viviendas-de-personas-mayores\/\" \/>\n<meta property=\"og:site_name\" content=\"Torredonjimeno Actualidad\" \/>\n<meta property=\"article:published_time\" content=\"2026-02-24T14:23:44+00:00\" \/>\n<meta property=\"article:modified_time\" content=\"2026-02-24T14:23:46+00:00\" \/>\n<meta property=\"og:image\" content=\"https:\/\/torredonjimenoactualidad.com\/wp-content\/uploads\/2026\/02\/IMG_9188-scaled.jpg\" \/>\n\t<meta property=\"og:image:width\" content=\"2560\" \/>\n\t<meta property=\"og:image:height\" content=\"1440\" \/>\n\t<meta property=\"og:image:type\" content=\"image\/jpeg\" \/>\n<meta name=\"author\" content=\"Alba Mar\u00eda Torres\" \/>\n<meta name=\"twitter:card\" content=\"summary_large_image\" \/>\n<meta name=\"twitter:label1\" content=\"Escrito por\" \/>\n\t<meta name=\"twitter:data1\" content=\"Alba Mar\u00eda Torres\" \/>\n\t<meta name=\"twitter:label2\" content=\"Tiempo de lectura\" \/>\n\t<meta name=\"twitter:data2\" content=\"2 minutos\" \/>\n<script type=\"application\/ld+json\" class=\"yoast-schema-graph\">{\"@context\":\"https:\/\/schema.org\",\"@graph\":[{\"@type\":\"Article\",\"@id\":\"https:\/\/torredonjimenoactualidad.com\/index.php\/2026\/02\/24\/dos-detenidos-en-torredonjimeno-por-seis-robos-de-joyas-en-viviendas-de-personas-mayores\/#article\",\"isPartOf\":{\"@id\":\"https:\/\/torredonjimenoactualidad.com\/index.php\/2026\/02\/24\/dos-detenidos-en-torredonjimeno-por-seis-robos-de-joyas-en-viviendas-de-personas-mayores\/\"},\"author\":{\"name\":\"Alba Mar\u00eda Torres\",\"@id\":\"https:\/\/torredonjimenoactualidad.com\/#\/schema\/person\/84de5f233e783ef2c75151a532b54977\"},\"headline\":\"Dos detenidos en Torredonjimeno por seis robos de joyas en viviendas de personas mayores\",\"datePublished\":\"2026-02-24T14:23:44+00:00\",\"dateModified\":\"2026-02-24T14:23:46+00:00\",\"mainEntityOfPage\":{\"@id\":\"https:\/\/torredonjimenoactualidad.com\/index.php\/2026\/02\/24\/dos-detenidos-en-torredonjimeno-por-seis-robos-de-joyas-en-viviendas-de-personas-mayores\/\"},\"wordCount\":292,\"publisher\":{\"@id\":\"https:\/\/torredonjimenoactualidad.com\/#organization\"},\"inLanguage\":\"es\"},{\"@type\":\"WebPage\",\"@id\":\"https:\/\/torredonjimenoactualidad.com\/index.php\/2026\/02\/24\/dos-detenidos-en-torredonjimeno-por-seis-robos-de-joyas-en-viviendas-de-personas-mayores\/\",\"url\":\"https:\/\/torredonjimenoactualidad.com\/index.php\/2026\/02\/24\/dos-detenidos-en-torredonjimeno-por-seis-robos-de-joyas-en-viviendas-de-personas-mayores\/\",\"name\":\"Dos detenidos en Torredonjimeno por seis robos de joyas en viviendas de personas mayores - Torredonjimeno Actualidad\",\"isPartOf\":{\"@id\":\"https:\/\/torredonjimenoactualidad.com\/#website\"},\"datePublished\":\"2026-02-24T14:23:44+00:00\",\"dateModified\":\"2026-02-24T14:23:46+00:00\",\"breadcrumb\":{\"@id\":\"https:\/\/torredonjimenoactualidad.com\/index.php\/2026\/02\/24\/dos-detenidos-en-torredonjimeno-por-seis-robos-de-joyas-en-viviendas-de-personas-mayores\/#breadcrumb\"},\"inLanguage\":\"es\",\"potentialAction\":[{\"@type\":\"ReadAction\",\"target\":[\"https:\/\/torredonjimenoactualidad.com\/index.php\/2026\/02\/24\/dos-detenidos-en-torredonjimeno-por-seis-robos-de-joyas-en-viviendas-de-personas-mayores\/\"]}]},{\"@type\":\"BreadcrumbList\",\"@id\":\"https:\/\/torredonjimenoactualidad.com\/index.php\/2026\/02\/24\/dos-detenidos-en-torredonjimeno-por-seis-robos-de-joyas-en-viviendas-de-personas-mayores\/#breadcrumb\",\"itemListElement\":[{\"@type\":\"ListItem\",\"position\":1,\"name\":\"Portada\",\"item\":\"https:\/\/torredonjimenoactualidad.com\/\"},{\"@type\":\"ListItem\",\"position\":2,\"name\":\"Dos detenidos en Torredonjimeno por seis robos de joyas en viviendas de personas mayores\"}]},{\"@type\":\"WebSite\",\"@id\":\"https:\/\/torredonjimenoactualidad.com\/#website\",\"url\":\"https:\/\/torredonjimenoactualidad.com\/\",\"name\":\"Torredonjimeno Actualidad\",\"description\":\"\",\"publisher\":{\"@id\":\"https:\/\/torredonjimenoactualidad.com\/#organization\"},\"potentialAction\":[{\"@type\":\"SearchAction\",\"target\":{\"@type\":\"EntryPoint\",\"urlTemplate\":\"https:\/\/torredonjimenoactualidad.com\/?s={search_term_string}\"},\"query-input\":\"required name=search_term_string\"}],\"inLanguage\":\"es\"},{\"@type\":\"Organization\",\"@id\":\"https:\/\/torredonjimenoactualidad.com\/#organization\",\"name\":\"Torredonjimeno Actualidad\",\"url\":\"https:\/\/torredonjimenoactualidad.com\/\",\"logo\":{\"@type\":\"ImageObject\",\"inLanguage\":\"es\",\"@id\":\"https:\/\/torredonjimenoactualidad.com\/#\/schema\/logo\/image\/\",\"url\":\"https:\/\/torredonjimenoactualidad.com\/wp-content\/uploads\/2023\/02\/logo-torredonjimeno-544x180-1.png\",\"contentUrl\":\"https:\/\/torredonjimenoactualidad.com\/wp-content\/uploads\/2023\/02\/logo-torredonjimeno-544x180-1.png\",\"width\":545,\"height\":112,\"caption\":\"Torredonjimeno Actualidad\"},\"image\":{\"@id\":\"https:\/\/torredonjimenoactualidad.com\/#\/schema\/logo\/image\/\"}},{\"@type\":\"Person\",\"@id\":\"https:\/\/torredonjimenoactualidad.com\/#\/schema\/person\/84de5f233e783ef2c75151a532b54977\",\"name\":\"Alba Mar\u00eda Torres\",\"image\":{\"@type\":\"ImageObject\",\"inLanguage\":\"es\",\"@id\":\"https:\/\/torredonjimenoactualidad.com\/#\/schema\/person\/image\/\",\"url\":\"https:\/\/secure.gravatar.com\/avatar\/f9371f188c71501b4475a9ba2a71595850ec72967f800a2ed8e3e2102859ed65?s=96&d=mm&r=g\",\"contentUrl\":\"https:\/\/secure.gravatar.com\/avatar\/f9371f188c71501b4475a9ba2a71595850ec72967f800a2ed8e3e2102859ed65?s=96&d=mm&r=g\",\"caption\":\"Alba Mar\u00eda Torres\"},\"url\":\"https:\/\/torredonjimenoactualidad.com\/index.php\/author\/alba-torres\/\"}]}<\/script>\n<!-- \/ Yoast SEO plugin. -->","yoast_head_json":{"title":"Dos detenidos en Torredonjimeno por seis robos de joyas en viviendas de personas mayores - Torredonjimeno Actualidad","robots":{"index":"index","follow":"follow","max-snippet":"max-snippet:-1","max-image-preview":"max-image-preview:large","max-video-preview":"max-video-preview:-1"},"canonical":"https:\/\/torredonjimenoactualidad.com\/index.php\/2026\/02\/24\/dos-detenidos-en-torredonjimeno-por-seis-robos-de-joyas-en-viviendas-de-personas-mayores\/","og_locale":"es_ES","og_type":"article","og_title":"Dos detenidos en Torredonjimeno por seis robos de joyas en viviendas de personas mayores - Torredonjimeno Actualidad","og_description":"La\u00a0Guardia Civil\u00a0ha detenido a una mujer de 30 a\u00f1os y a un hombre de 38, ambos vecinos de Torredonjimeno, como presuntos autores de hasta seis delitos de robo con fuerza y hurto en el interior de viviendas, en los que habr\u00edan sustra\u00eddo joyas por un valor aproximado de 8.000 euros. La investigaci\u00f3n se inici\u00f3 tras &hellip; Dos detenidos en Torredonjimeno por seis robos de joyas en viviendas de personas mayores Leer m\u00e1s &raquo;","og_url":"https:\/\/torredonjimenoactualidad.com\/index.php\/2026\/02\/24\/dos-detenidos-en-torredonjimeno-por-seis-robos-de-joyas-en-viviendas-de-personas-mayores\/","og_site_name":"Torredonjimeno Actualidad","article_published_time":"2026-02-24T14:23:44+00:00","article_modified_time":"2026-02-24T14:23:46+00:00","og_image":[{"width":2560,"height":1440,"url":"https:\/\/torredonjimenoactualidad.com\/wp-content\/uploads\/2026\/02\/IMG_9188-scaled.jpg","type":"image\/jpeg"}],"author":"Alba Mar\u00eda Torres","twitter_card":"summary_large_image","twitter_misc":{"Escrito por":"Alba Mar\u00eda Torres","Tiempo de lectura":"2 minutos"},"schema":{"@context":"https:\/\/schema.org","@graph":[{"@type":"Article","@id":"https:\/\/torredonjimenoactualidad.com\/index.php\/2026\/02\/24\/dos-detenidos-en-torredonjimeno-por-seis-robos-de-joyas-en-viviendas-de-personas-mayores\/#article","isPartOf":{"@id":"https:\/\/torredonjimenoactualidad.com\/index.php\/2026\/02\/24\/dos-detenidos-en-torredonjimeno-por-seis-robos-de-joyas-en-viviendas-de-personas-mayores\/"},"author":{"name":"Alba Mar\u00eda Torres","@id":"https:\/\/torredonjimenoactualidad.com\/#\/schema\/person\/84de5f233e783ef2c75151a532b54977"},"headline":"Dos detenidos en Torredonjimeno por seis robos de joyas en viviendas de personas mayores","datePublished":"2026-02-24T14:23:44+00:00","dateModified":"2026-02-24T14:23:46+00:00","mainEntityOfPage":{"@id":"https:\/\/torredonjimenoactualidad.com\/index.php\/2026\/02\/24\/dos-detenidos-en-torredonjimeno-por-seis-robos-de-joyas-en-viviendas-de-personas-mayores\/"},"wordCount":292,"publisher":{"@id":"https:\/\/torredonjimenoactualidad.com\/#organization"},"inLanguage":"es"},{"@type":"WebPage","@id":"https:\/\/torredonjimenoactualidad.com\/index.php\/2026\/02\/24\/dos-detenidos-en-torredonjimeno-por-seis-robos-de-joyas-en-viviendas-de-personas-mayores\/","url":"https:\/\/torredonjimenoactualidad.com\/index.php\/2026\/02\/24\/dos-detenidos-en-torredonjimeno-por-seis-robos-de-joyas-en-viviendas-de-personas-mayores\/","name":"Dos detenidos en Torredonjimeno por seis robos de joyas en viviendas de personas mayores - Torredonjimeno Actualidad","isPartOf":{"@id":"https:\/\/torredonjimenoactualidad.com\/#website"},"datePublished":"2026-02-24T14:23:44+00:00","dateModified":"2026-02-24T14:23:46+00:00","breadcrumb":{"@id":"https:\/\/torredonjimenoactualidad.com\/index.php\/2026\/02\/24\/dos-detenidos-en-torredonjimeno-por-seis-robos-de-joyas-en-viviendas-de-personas-mayores\/#breadcrumb"},"inLanguage":"es","potentialAction":[{"@type":"ReadAction","target":["https:\/\/torredonjimenoactualidad.com\/index.php\/2026\/02\/24\/dos-detenidos-en-torredonjimeno-por-seis-robos-de-joyas-en-viviendas-de-personas-mayores\/"]}]},{"@type":"BreadcrumbList","@id":"https:\/\/torredonjimenoactualidad.com\/index.php\/2026\/02\/24\/dos-detenidos-en-torredonjimeno-por-seis-robos-de-joyas-en-viviendas-de-personas-mayores\/#breadcrumb","itemListElement":[{"@type":"ListItem","position":1,"name":"Portada","item":"https:\/\/torredonjimenoactualidad.com\/"},{"@type":"ListItem","position":2,"name":"Dos detenidos en Torredonjimeno por seis robos de joyas en viviendas de personas mayores"}]},{"@type":"WebSite","@id":"https:\/\/torredonjimenoactualidad.com\/#website","url":"https:\/\/torredonjimenoactualidad.com\/","name":"Torredonjimeno Actualidad","description":"","publisher":{"@id":"https:\/\/torredonjimenoactualidad.com\/#organization"},"potentialAction":[{"@type":"SearchAction","target":{"@type":"EntryPoint","urlTemplate":"https:\/\/torredonjimenoactualidad.com\/?s={search_term_string}"},"query-input":"required name=search_term_string"}],"inLanguage":"es"},{"@type":"Organization","@id":"https:\/\/torredonjimenoactualidad.com\/#organization","name":"Torredonjimeno Actualidad","url":"https:\/\/torredonjimenoactualidad.com\/","logo":{"@type":"ImageObject","inLanguage":"es","@id":"https:\/\/torredonjimenoactualidad.com\/#\/schema\/logo\/image\/","url":"https:\/\/torredonjimenoactualidad.com\/wp-content\/uploads\/2023\/02\/logo-torredonjimeno-544x180-1.png","contentUrl":"https:\/\/torredonjimenoactualidad.com\/wp-content\/uploads\/2023\/02\/logo-torredonjimeno-544x180-1.png","width":545,"height":112,"caption":"Torredonjimeno Actualidad"},"image":{"@id":"https:\/\/torredonjimenoactualidad.com\/#\/schema\/logo\/image\/"}},{"@type":"Person","@id":"https:\/\/torredonjimenoactualidad.com\/#\/schema\/person\/84de5f233e783ef2c75151a532b54977","name":"Alba Mar\u00eda Torres","image":{"@type":"ImageObject","inLanguage":"es","@id":"https:\/\/torredonjimenoactualidad.com\/#\/schema\/person\/image\/","url":"https:\/\/secure.gravatar.com\/avatar\/f9371f188c71501b4475a9ba2a71595850ec72967f800a2ed8e3e2102859ed65?s=96&d=mm&r=g","contentUrl":"https:\/\/secure.gravatar.com\/avatar\/f9371f188c71501b4475a9ba2a71595850ec72967f800a2ed8e3e2102859ed65?s=96&d=mm&r=g","caption":"Alba Mar\u00eda Torres"},"url":"https:\/\/torredonjimenoactualidad.com\/index.php\/author\/alba-torres\/"}]}},"_links":{"self":[{"href":"https:\/\/torredonjimenoactualidad.com\/index.php\/wp-json\/wp\/v2\/posts\/4584","targetHints":{"allow":["GET"]}}],"collection":[{"href":"https:\/\/torredonjimenoactualidad.com\/index.php\/wp-json\/wp\/v2\/posts"}],"about":[{"href":"https:\/\/torredonjimenoactualidad.com\/index.php\/wp-json\/wp\/v2\/types\/post"}],"author":[{"embeddable":true,"href":"https:\/\/torredonjimenoactualidad.com\/index.php\/wp-json\/wp\/v2\/users\/2"}],"replies":[{"embeddable":true,"href":"https:\/\/torredonjimenoactualidad.com\/index.php\/wp-json\/wp\/v2\/comments?post=4584"}],"version-history":[{"count":1,"href":"https:\/\/torredonjimenoactualidad.com\/index.php\/wp-json\/wp\/v2\/posts\/4584\/revisions"}],"predecessor-version":[{"id":4586,"href":"https:\/\/torredonjimenoactualidad.com\/index.php\/wp-json\/wp\/v2\/posts\/4584\/revisions\/4586"}],"wp:featuredmedia":[{"embeddable":true,"href":"https:\/\/torredonjimenoactualidad.com\/index.php\/wp-json\/wp\/v2\/media\/4585"}],"wp:attachment":[{"href":"https:\/\/torredonjimenoactualidad.com\/index.php\/wp-json\/wp\/v2\/media?parent=4584"}],"wp:term":[{"taxonomy":"category","embeddable":true,"href":"https:\/\/torredonjimenoactualidad.com\/index.php\/wp-json\/wp\/v2\/categories?post=4584"},{"taxonomy":"post_tag","embeddable":true,"href":"https:\/\/torredonjimenoactualidad.com\/index.php\/wp-json\/wp\/v2\/tags?post=4584"}],"curies":[{"name":"wp","href":"https:\/\/api.w.org\/{rel}","templated":true}]}}