{"id":4578,"date":"2026-02-24T11:33:25","date_gmt":"2026-02-24T11:33:25","guid":{"rendered":"https:\/\/torredonjimenoactualidad.com\/?p=4578"},"modified":"2026-02-24T11:33:26","modified_gmt":"2026-02-24T11:33:26","slug":"sierra-magina-estrena-su-primera-web-turistica-y-nuevas-guias-para-atraer-al-viajero-deportivo","status":"publish","type":"post","link":"https:\/\/torredonjimenoactualidad.com\/index.php\/2026\/02\/24\/sierra-magina-estrena-su-primera-web-turistica-y-nuevas-guias-para-atraer-al-viajero-deportivo\/","title":{"rendered":"Sierra M\u00e1gina estrena su primera web tur\u00edstica y nuevas gu\u00edas para atraer al viajero deportivo"},"content":{"rendered":"\n<p>El&nbsp;<strong>Parque Natural de Sierra M\u00e1gina<\/strong>&nbsp;cuenta ya con su primera web tur\u00edstica oficial y con nuevas gu\u00edas de senderismo y cicloturismo, materiales con los que se pretende atraer al viajero amante del deporte en plena naturaleza y consolidar este enclave como destino preferente de aventura al aire libre.<\/p>\n\n\n\n<p>La&nbsp;<strong>Diputaci\u00f3n Provincial de Ja\u00e9n<\/strong>&nbsp;ha impulsado estos recursos promocionales en el marco del Plan de Sostenibilidad Tur\u00edstica en Destino (PSTD) de Sierra M\u00e1gina, dotado con m\u00e1s de tres millones de euros procedentes de los fondos Next Generation EU del Plan de Recuperaci\u00f3n, Transformaci\u00f3n y Resiliencia del Gobierno de Espa\u00f1a.<\/p>\n\n\n\n<p>El presidente de la Administraci\u00f3n provincial,&nbsp;<strong>Francisco Reyes<\/strong>, ha presentado estos materiales, que \u201cbuscan potenciar Sierra M\u00e1gina como destino tur\u00edstico preferente de aventura y deporte al aire libre\u201d, en consonancia con la nueva marca tur\u00edstica del parque, cuyo lema es&nbsp;<em>\u2018Camina, corre, vuela\u2019<\/em>.<\/p>\n\n\n\n<p>En el acto han participado tambi\u00e9n el subdelegado del Gobierno en Ja\u00e9n,&nbsp;<strong>Manuel Fern\u00e1ndez<\/strong>, y el delegado territorial de Turismo, Cultura y Deporte de la Junta de Andaluc\u00eda,&nbsp;<strong>Jos\u00e9 Ayala<\/strong>, junto a alcaldes y alcaldesas de la comarca y representantes del tejido empresarial de la zona.<\/p>\n\n\n\n<h3 class=\"wp-block-heading\">Un sendero que une la comarca<\/h3>\n\n\n\n<p>Los nuevos materiales est\u00e1n vinculados al sendero intermodal dise\u00f1ado para conectar todos los municipios de Sierra M\u00e1gina. Se trata de un recorrido que puede realizarse a pie o en bicicleta y que, en palabras de Reyes, aspira a convertirse en \u201cuno de los grandes instrumentos para atraer visitantes a este parque\u201d.<\/p>\n\n\n\n<p>El presidente ha subrayado adem\u00e1s la cercan\u00eda del espacio natural a la capital jiennense y su buena accesibilidad a trav\u00e9s de la A-44. Desde el punto de vista medioambiental, ha destacado que el parque mantiene un car\u00e1cter \u201ctotalmente virgen\u201d, ya que la oferta hotelera se sit\u00faa en la periferia, lo que permite disfrutar de naturaleza intacta en el conjunto de su territorio.<\/p>\n\n\n\n<h3 class=\"wp-block-heading\">Ocho rutas a pie y nueve en bicicleta<\/h3>\n\n\n\n<p>La nueva gu\u00eda de senderismo recoge ocho rutas por enclaves emblem\u00e1ticos como la Cueva de la Graja o el Pinar de C\u00e1nava, en Jimena; la cima del Aznait\u00edn, el Pico M\u00e1gina, Miramundos o el Barranco del Gargant\u00f3n, en B\u00e9lmez de la Moraleda; as\u00ed como las \u00e1reas recreativas del Peralejo (Cambil), Fuenmayor (Torres) o el r\u00edo Cuadros (Bedmar), entre otros parajes.<\/p>\n\n\n\n<p>Por su parte, la gu\u00eda de cicloturismo propone nueve itinerarios que atraviesan distintos puntos de municipios como Cambil, Huelma, Torres, B\u00e9lmez de la Moraleda, Cabra del Santo Cristo, J\u00f3dar o Larva, ofreciendo al visitante la posibilidad de descubrir la comarca sobre dos ruedas.<\/p>\n\n\n\n<h3 class=\"wp-block-heading\">Un portal digital con experiencias y mapa interactivo<\/h3>\n\n\n\n<p>Toda esta oferta se integra en la nueva web tur\u00edstica oficial del parque, el primer portal de estas caracter\u00edsticas dedicado a Sierra M\u00e1gina y desarrollado dentro de un ambicioso plan de marketing digital para la comarca. El sitio \u2014disponible en jaenparaisointerior.es\u2014 incluye informaci\u00f3n detallada sobre rutas, recursos para la pr\u00e1ctica de escalada, parapente o v\u00edas ferratas, as\u00ed como datos sobre los municipios, un mapa digital interactivo y fichas t\u00e9cnicas completas.<\/p>\n\n\n\n<p>Adem\u00e1s, el portal incorporar\u00e1 experiencias espec\u00edficas vinculadas al turismo activo y a la gastronom\u00eda, ampliando la propuesta para distintos perfiles de visitantes.<\/p>\n\n\n\n<p>Reyes ha se\u00f1alado que la elaboraci\u00f3n de estas gu\u00edas y la web es un ejemplo del impacto del PSTD en la comarca, que contempla actuaciones como la mejora de infraestructuras \u2014pasarelas de monta\u00f1a, v\u00edas ferratas o zonas de parapente\u2014, la creaci\u00f3n de la imagen tur\u00edstica del parque, la mejora del alojamiento municipal y la intervenci\u00f3n en museos y centros de interpretaci\u00f3n.<\/p>\n\n\n\n<p>El presidente ha avanzado tambi\u00e9n que la puesta en marcha de estos recursos se complementar\u00e1 con un programa de una veintena de actividades gratuitas de turismo activo entre los meses de marzo, abril y mayo.<\/p>\n\n\n\n<p>Por su parte, el subdelegado del Gobierno ha destacado que los planes de sostenibilidad tur\u00edstica en destino responden al nuevo modelo que demanda el mercado, centrado en un turismo no masificado, el bienestar del visitante y la generaci\u00f3n de econom\u00eda local. Asimismo, ha subrayado la capacidad de la provincia para captar fondos europeos, con 554 millones de euros movilizados, de los que 90 se destinan a proyectos de sostenibilidad tur\u00edstica.<\/p>\n\n\n\n<p>El delegado territorial de Turismo ha remarcado que estos materiales evidencian el grado de ejecuci\u00f3n de los Planes de Sostenibilidad Tur\u00edstica en Destino y ha agradecido la colaboraci\u00f3n institucional que est\u00e1 haciendo posible su desarrollo.<\/p>\n","protected":false},"excerpt":{"rendered":"<p>El&nbsp;Parque Natural de Sierra M\u00e1gina&nbsp;cuenta ya con su primera web tur\u00edstica oficial y con nuevas gu\u00edas de senderismo y cicloturismo, materiales con los que se pretende atraer al viajero amante del deporte en plena naturaleza y consolidar este enclave como destino preferente de aventura al aire libre. La&nbsp;Diputaci\u00f3n Provincial de Ja\u00e9n&nbsp;ha impulsado estos recursos promocionales &hellip;<\/p>\n<p class=\"read-more\"> <a class=\"\" href=\"https:\/\/torredonjimenoactualidad.com\/index.php\/2026\/02\/24\/sierra-magina-estrena-su-primera-web-turistica-y-nuevas-guias-para-atraer-al-viajero-deportivo\/\"> <span class=\"screen-reader-text\">Sierra M\u00e1gina estrena su primera web tur\u00edstica y nuevas gu\u00edas para atraer al viajero deportivo<\/span> Leer m\u00e1s &raquo;<\/a><\/p>\n","protected":false},"author":2,"featured_media":4579,"comment_status":"closed","ping_status":"open","sticky":false,"template":"","format":"standard","meta":{"site-sidebar-layout":"default","site-content-layout":"default","ast-global-header-display":"","ast-main-header-display":"","ast-hfb-above-header-display":"","ast-hfb-below-header-display":"","ast-hfb-mobile-header-display":"","site-post-title":"","ast-breadcrumbs-content":"","ast-featured-img":"","footer-sml-layout":"","theme-transparent-header-meta":"","adv-header-id-meta":"","stick-header-meta":"","header-above-stick-meta":"","header-main-stick-meta":"","header-below-stick-meta":"","footnotes":""},"categories":[8],"tags":[],"class_list":["post-4578","post","type-post","status-publish","format-standard","has-post-thumbnail","hentry","category-provincia"],"yoast_head":"<!-- This site is optimized with the Yoast SEO plugin v20.8 - https:\/\/yoast.com\/wordpress\/plugins\/seo\/ -->\n<title>Sierra M\u00e1gina estrena su primera web tur\u00edstica y nuevas gu\u00edas para atraer al viajero deportivo - Torredonjimeno Actualidad<\/title>\n<meta name=\"robots\" content=\"index, follow, max-snippet:-1, max-image-preview:large, max-video-preview:-1\" \/>\n<link rel=\"canonical\" href=\"https:\/\/torredonjimenoactualidad.com\/index.php\/2026\/02\/24\/sierra-magina-estrena-su-primera-web-turistica-y-nuevas-guias-para-atraer-al-viajero-deportivo\/\" \/>\n<meta property=\"og:locale\" content=\"es_ES\" \/>\n<meta property=\"og:type\" content=\"article\" \/>\n<meta property=\"og:title\" content=\"Sierra M\u00e1gina estrena su primera web tur\u00edstica y nuevas gu\u00edas para atraer al viajero deportivo - Torredonjimeno Actualidad\" \/>\n<meta property=\"og:description\" content=\"El&nbsp;Parque Natural de Sierra M\u00e1gina&nbsp;cuenta ya con su primera web tur\u00edstica oficial y con nuevas gu\u00edas de senderismo y cicloturismo, materiales con los que se pretende atraer al viajero amante del deporte en plena naturaleza y consolidar este enclave como destino preferente de aventura al aire libre. La&nbsp;Diputaci\u00f3n Provincial de Ja\u00e9n&nbsp;ha impulsado estos recursos promocionales &hellip; Sierra M\u00e1gina estrena su primera web tur\u00edstica y nuevas gu\u00edas para atraer al viajero deportivo Leer m\u00e1s &raquo;\" \/>\n<meta property=\"og:url\" content=\"https:\/\/torredonjimenoactualidad.com\/index.php\/2026\/02\/24\/sierra-magina-estrena-su-primera-web-turistica-y-nuevas-guias-para-atraer-al-viajero-deportivo\/\" \/>\n<meta property=\"og:site_name\" content=\"Torredonjimeno Actualidad\" \/>\n<meta property=\"article:published_time\" content=\"2026-02-24T11:33:25+00:00\" \/>\n<meta property=\"article:modified_time\" content=\"2026-02-24T11:33:26+00:00\" \/>\n<meta property=\"og:image\" content=\"https:\/\/torredonjimenoactualidad.com\/wp-content\/uploads\/2026\/02\/20260223_Presentacixn_web_y_cxtalogos_Sierra_Mxgina_x3x.jpeg\" \/>\n\t<meta property=\"og:image:width\" content=\"1600\" \/>\n\t<meta property=\"og:image:height\" content=\"914\" \/>\n\t<meta property=\"og:image:type\" content=\"image\/jpeg\" \/>\n<meta name=\"author\" content=\"Alba Mar\u00eda Torres\" \/>\n<meta name=\"twitter:card\" content=\"summary_large_image\" \/>\n<meta name=\"twitter:label1\" content=\"Escrito por\" \/>\n\t<meta name=\"twitter:data1\" content=\"Alba Mar\u00eda Torres\" \/>\n\t<meta name=\"twitter:label2\" content=\"Tiempo de lectura\" \/>\n\t<meta name=\"twitter:data2\" content=\"4 minutos\" \/>\n<script type=\"application\/ld+json\" class=\"yoast-schema-graph\">{\"@context\":\"https:\/\/schema.org\",\"@graph\":[{\"@type\":\"Article\",\"@id\":\"https:\/\/torredonjimenoactualidad.com\/index.php\/2026\/02\/24\/sierra-magina-estrena-su-primera-web-turistica-y-nuevas-guias-para-atraer-al-viajero-deportivo\/#article\",\"isPartOf\":{\"@id\":\"https:\/\/torredonjimenoactualidad.com\/index.php\/2026\/02\/24\/sierra-magina-estrena-su-primera-web-turistica-y-nuevas-guias-para-atraer-al-viajero-deportivo\/\"},\"author\":{\"name\":\"Alba Mar\u00eda Torres\",\"@id\":\"https:\/\/torredonjimenoactualidad.com\/#\/schema\/person\/84de5f233e783ef2c75151a532b54977\"},\"headline\":\"Sierra M\u00e1gina estrena su primera web tur\u00edstica y nuevas gu\u00edas para atraer al viajero deportivo\",\"datePublished\":\"2026-02-24T11:33:25+00:00\",\"dateModified\":\"2026-02-24T11:33:26+00:00\",\"mainEntityOfPage\":{\"@id\":\"https:\/\/torredonjimenoactualidad.com\/index.php\/2026\/02\/24\/sierra-magina-estrena-su-primera-web-turistica-y-nuevas-guias-para-atraer-al-viajero-deportivo\/\"},\"wordCount\":809,\"publisher\":{\"@id\":\"https:\/\/torredonjimenoactualidad.com\/#organization\"},\"articleSection\":[\"provincia\"],\"inLanguage\":\"es\"},{\"@type\":\"WebPage\",\"@id\":\"https:\/\/torredonjimenoactualidad.com\/index.php\/2026\/02\/24\/sierra-magina-estrena-su-primera-web-turistica-y-nuevas-guias-para-atraer-al-viajero-deportivo\/\",\"url\":\"https:\/\/torredonjimenoactualidad.com\/index.php\/2026\/02\/24\/sierra-magina-estrena-su-primera-web-turistica-y-nuevas-guias-para-atraer-al-viajero-deportivo\/\",\"name\":\"Sierra M\u00e1gina estrena su primera web tur\u00edstica y nuevas gu\u00edas para atraer al viajero deportivo - Torredonjimeno Actualidad\",\"isPartOf\":{\"@id\":\"https:\/\/torredonjimenoactualidad.com\/#website\"},\"datePublished\":\"2026-02-24T11:33:25+00:00\",\"dateModified\":\"2026-02-24T11:33:26+00:00\",\"breadcrumb\":{\"@id\":\"https:\/\/torredonjimenoactualidad.com\/index.php\/2026\/02\/24\/sierra-magina-estrena-su-primera-web-turistica-y-nuevas-guias-para-atraer-al-viajero-deportivo\/#breadcrumb\"},\"inLanguage\":\"es\",\"potentialAction\":[{\"@type\":\"ReadAction\",\"target\":[\"https:\/\/torredonjimenoactualidad.com\/index.php\/2026\/02\/24\/sierra-magina-estrena-su-primera-web-turistica-y-nuevas-guias-para-atraer-al-viajero-deportivo\/\"]}]},{\"@type\":\"BreadcrumbList\",\"@id\":\"https:\/\/torredonjimenoactualidad.com\/index.php\/2026\/02\/24\/sierra-magina-estrena-su-primera-web-turistica-y-nuevas-guias-para-atraer-al-viajero-deportivo\/#breadcrumb\",\"itemListElement\":[{\"@type\":\"ListItem\",\"position\":1,\"name\":\"Portada\",\"item\":\"https:\/\/torredonjimenoactualidad.com\/\"},{\"@type\":\"ListItem\",\"position\":2,\"name\":\"Sierra M\u00e1gina estrena su primera web tur\u00edstica y nuevas gu\u00edas para atraer al viajero deportivo\"}]},{\"@type\":\"WebSite\",\"@id\":\"https:\/\/torredonjimenoactualidad.com\/#website\",\"url\":\"https:\/\/torredonjimenoactualidad.com\/\",\"name\":\"Torredonjimeno Actualidad\",\"description\":\"\",\"publisher\":{\"@id\":\"https:\/\/torredonjimenoactualidad.com\/#organization\"},\"potentialAction\":[{\"@type\":\"SearchAction\",\"target\":{\"@type\":\"EntryPoint\",\"urlTemplate\":\"https:\/\/torredonjimenoactualidad.com\/?s={search_term_string}\"},\"query-input\":\"required name=search_term_string\"}],\"inLanguage\":\"es\"},{\"@type\":\"Organization\",\"@id\":\"https:\/\/torredonjimenoactualidad.com\/#organization\",\"name\":\"Torredonjimeno Actualidad\",\"url\":\"https:\/\/torredonjimenoactualidad.com\/\",\"logo\":{\"@type\":\"ImageObject\",\"inLanguage\":\"es\",\"@id\":\"https:\/\/torredonjimenoactualidad.com\/#\/schema\/logo\/image\/\",\"url\":\"https:\/\/torredonjimenoactualidad.com\/wp-content\/uploads\/2023\/02\/logo-torredonjimeno-544x180-1.png\",\"contentUrl\":\"https:\/\/torredonjimenoactualidad.com\/wp-content\/uploads\/2023\/02\/logo-torredonjimeno-544x180-1.png\",\"width\":545,\"height\":112,\"caption\":\"Torredonjimeno Actualidad\"},\"image\":{\"@id\":\"https:\/\/torredonjimenoactualidad.com\/#\/schema\/logo\/image\/\"}},{\"@type\":\"Person\",\"@id\":\"https:\/\/torredonjimenoactualidad.com\/#\/schema\/person\/84de5f233e783ef2c75151a532b54977\",\"name\":\"Alba Mar\u00eda Torres\",\"image\":{\"@type\":\"ImageObject\",\"inLanguage\":\"es\",\"@id\":\"https:\/\/torredonjimenoactualidad.com\/#\/schema\/person\/image\/\",\"url\":\"https:\/\/secure.gravatar.com\/avatar\/f9371f188c71501b4475a9ba2a71595850ec72967f800a2ed8e3e2102859ed65?s=96&d=mm&r=g\",\"contentUrl\":\"https:\/\/secure.gravatar.com\/avatar\/f9371f188c71501b4475a9ba2a71595850ec72967f800a2ed8e3e2102859ed65?s=96&d=mm&r=g\",\"caption\":\"Alba Mar\u00eda Torres\"},\"url\":\"https:\/\/torredonjimenoactualidad.com\/index.php\/author\/alba-torres\/\"}]}<\/script>\n<!-- \/ Yoast SEO plugin. -->","yoast_head_json":{"title":"Sierra M\u00e1gina estrena su primera web tur\u00edstica y nuevas gu\u00edas para atraer al viajero deportivo - Torredonjimeno Actualidad","robots":{"index":"index","follow":"follow","max-snippet":"max-snippet:-1","max-image-preview":"max-image-preview:large","max-video-preview":"max-video-preview:-1"},"canonical":"https:\/\/torredonjimenoactualidad.com\/index.php\/2026\/02\/24\/sierra-magina-estrena-su-primera-web-turistica-y-nuevas-guias-para-atraer-al-viajero-deportivo\/","og_locale":"es_ES","og_type":"article","og_title":"Sierra M\u00e1gina estrena su primera web tur\u00edstica y nuevas gu\u00edas para atraer al viajero deportivo - Torredonjimeno Actualidad","og_description":"El&nbsp;Parque Natural de Sierra M\u00e1gina&nbsp;cuenta ya con su primera web tur\u00edstica oficial y con nuevas gu\u00edas de senderismo y cicloturismo, materiales con los que se pretende atraer al viajero amante del deporte en plena naturaleza y consolidar este enclave como destino preferente de aventura al aire libre. La&nbsp;Diputaci\u00f3n Provincial de Ja\u00e9n&nbsp;ha impulsado estos recursos promocionales &hellip; Sierra M\u00e1gina estrena su primera web tur\u00edstica y nuevas gu\u00edas para atraer al viajero deportivo Leer m\u00e1s &raquo;","og_url":"https:\/\/torredonjimenoactualidad.com\/index.php\/2026\/02\/24\/sierra-magina-estrena-su-primera-web-turistica-y-nuevas-guias-para-atraer-al-viajero-deportivo\/","og_site_name":"Torredonjimeno Actualidad","article_published_time":"2026-02-24T11:33:25+00:00","article_modified_time":"2026-02-24T11:33:26+00:00","og_image":[{"width":1600,"height":914,"url":"https:\/\/torredonjimenoactualidad.com\/wp-content\/uploads\/2026\/02\/20260223_Presentacixn_web_y_cxtalogos_Sierra_Mxgina_x3x.jpeg","type":"image\/jpeg"}],"author":"Alba Mar\u00eda Torres","twitter_card":"summary_large_image","twitter_misc":{"Escrito por":"Alba Mar\u00eda Torres","Tiempo de lectura":"4 minutos"},"schema":{"@context":"https:\/\/schema.org","@graph":[{"@type":"Article","@id":"https:\/\/torredonjimenoactualidad.com\/index.php\/2026\/02\/24\/sierra-magina-estrena-su-primera-web-turistica-y-nuevas-guias-para-atraer-al-viajero-deportivo\/#article","isPartOf":{"@id":"https:\/\/torredonjimenoactualidad.com\/index.php\/2026\/02\/24\/sierra-magina-estrena-su-primera-web-turistica-y-nuevas-guias-para-atraer-al-viajero-deportivo\/"},"author":{"name":"Alba Mar\u00eda Torres","@id":"https:\/\/torredonjimenoactualidad.com\/#\/schema\/person\/84de5f233e783ef2c75151a532b54977"},"headline":"Sierra M\u00e1gina estrena su primera web tur\u00edstica y nuevas gu\u00edas para atraer al viajero deportivo","datePublished":"2026-02-24T11:33:25+00:00","dateModified":"2026-02-24T11:33:26+00:00","mainEntityOfPage":{"@id":"https:\/\/torredonjimenoactualidad.com\/index.php\/2026\/02\/24\/sierra-magina-estrena-su-primera-web-turistica-y-nuevas-guias-para-atraer-al-viajero-deportivo\/"},"wordCount":809,"publisher":{"@id":"https:\/\/torredonjimenoactualidad.com\/#organization"},"articleSection":["provincia"],"inLanguage":"es"},{"@type":"WebPage","@id":"https:\/\/torredonjimenoactualidad.com\/index.php\/2026\/02\/24\/sierra-magina-estrena-su-primera-web-turistica-y-nuevas-guias-para-atraer-al-viajero-deportivo\/","url":"https:\/\/torredonjimenoactualidad.com\/index.php\/2026\/02\/24\/sierra-magina-estrena-su-primera-web-turistica-y-nuevas-guias-para-atraer-al-viajero-deportivo\/","name":"Sierra M\u00e1gina estrena su primera web tur\u00edstica y nuevas gu\u00edas para atraer al viajero deportivo - Torredonjimeno Actualidad","isPartOf":{"@id":"https:\/\/torredonjimenoactualidad.com\/#website"},"datePublished":"2026-02-24T11:33:25+00:00","dateModified":"2026-02-24T11:33:26+00:00","breadcrumb":{"@id":"https:\/\/torredonjimenoactualidad.com\/index.php\/2026\/02\/24\/sierra-magina-estrena-su-primera-web-turistica-y-nuevas-guias-para-atraer-al-viajero-deportivo\/#breadcrumb"},"inLanguage":"es","potentialAction":[{"@type":"ReadAction","target":["https:\/\/torredonjimenoactualidad.com\/index.php\/2026\/02\/24\/sierra-magina-estrena-su-primera-web-turistica-y-nuevas-guias-para-atraer-al-viajero-deportivo\/"]}]},{"@type":"BreadcrumbList","@id":"https:\/\/torredonjimenoactualidad.com\/index.php\/2026\/02\/24\/sierra-magina-estrena-su-primera-web-turistica-y-nuevas-guias-para-atraer-al-viajero-deportivo\/#breadcrumb","itemListElement":[{"@type":"ListItem","position":1,"name":"Portada","item":"https:\/\/torredonjimenoactualidad.com\/"},{"@type":"ListItem","position":2,"name":"Sierra M\u00e1gina estrena su primera web tur\u00edstica y nuevas gu\u00edas para atraer al viajero deportivo"}]},{"@type":"WebSite","@id":"https:\/\/torredonjimenoactualidad.com\/#website","url":"https:\/\/torredonjimenoactualidad.com\/","name":"Torredonjimeno Actualidad","description":"","publisher":{"@id":"https:\/\/torredonjimenoactualidad.com\/#organization"},"potentialAction":[{"@type":"SearchAction","target":{"@type":"EntryPoint","urlTemplate":"https:\/\/torredonjimenoactualidad.com\/?s={search_term_string}"},"query-input":"required name=search_term_string"}],"inLanguage":"es"},{"@type":"Organization","@id":"https:\/\/torredonjimenoactualidad.com\/#organization","name":"Torredonjimeno Actualidad","url":"https:\/\/torredonjimenoactualidad.com\/","logo":{"@type":"ImageObject","inLanguage":"es","@id":"https:\/\/torredonjimenoactualidad.com\/#\/schema\/logo\/image\/","url":"https:\/\/torredonjimenoactualidad.com\/wp-content\/uploads\/2023\/02\/logo-torredonjimeno-544x180-1.png","contentUrl":"https:\/\/torredonjimenoactualidad.com\/wp-content\/uploads\/2023\/02\/logo-torredonjimeno-544x180-1.png","width":545,"height":112,"caption":"Torredonjimeno Actualidad"},"image":{"@id":"https:\/\/torredonjimenoactualidad.com\/#\/schema\/logo\/image\/"}},{"@type":"Person","@id":"https:\/\/torredonjimenoactualidad.com\/#\/schema\/person\/84de5f233e783ef2c75151a532b54977","name":"Alba Mar\u00eda Torres","image":{"@type":"ImageObject","inLanguage":"es","@id":"https:\/\/torredonjimenoactualidad.com\/#\/schema\/person\/image\/","url":"https:\/\/secure.gravatar.com\/avatar\/f9371f188c71501b4475a9ba2a71595850ec72967f800a2ed8e3e2102859ed65?s=96&d=mm&r=g","contentUrl":"https:\/\/secure.gravatar.com\/avatar\/f9371f188c71501b4475a9ba2a71595850ec72967f800a2ed8e3e2102859ed65?s=96&d=mm&r=g","caption":"Alba Mar\u00eda Torres"},"url":"https:\/\/torredonjimenoactualidad.com\/index.php\/author\/alba-torres\/"}]}},"_links":{"self":[{"href":"https:\/\/torredonjimenoactualidad.com\/index.php\/wp-json\/wp\/v2\/posts\/4578","targetHints":{"allow":["GET"]}}],"collection":[{"href":"https:\/\/torredonjimenoactualidad.com\/index.php\/wp-json\/wp\/v2\/posts"}],"about":[{"href":"https:\/\/torredonjimenoactualidad.com\/index.php\/wp-json\/wp\/v2\/types\/post"}],"author":[{"embeddable":true,"href":"https:\/\/torredonjimenoactualidad.com\/index.php\/wp-json\/wp\/v2\/users\/2"}],"replies":[{"embeddable":true,"href":"https:\/\/torredonjimenoactualidad.com\/index.php\/wp-json\/wp\/v2\/comments?post=4578"}],"version-history":[{"count":1,"href":"https:\/\/torredonjimenoactualidad.com\/index.php\/wp-json\/wp\/v2\/posts\/4578\/revisions"}],"predecessor-version":[{"id":4580,"href":"https:\/\/torredonjimenoactualidad.com\/index.php\/wp-json\/wp\/v2\/posts\/4578\/revisions\/4580"}],"wp:featuredmedia":[{"embeddable":true,"href":"https:\/\/torredonjimenoactualidad.com\/index.php\/wp-json\/wp\/v2\/media\/4579"}],"wp:attachment":[{"href":"https:\/\/torredonjimenoactualidad.com\/index.php\/wp-json\/wp\/v2\/media?parent=4578"}],"wp:term":[{"taxonomy":"category","embeddable":true,"href":"https:\/\/torredonjimenoactualidad.com\/index.php\/wp-json\/wp\/v2\/categories?post=4578"},{"taxonomy":"post_tag","embeddable":true,"href":"https:\/\/torredonjimenoactualidad.com\/index.php\/wp-json\/wp\/v2\/tags?post=4578"}],"curies":[{"name":"wp","href":"https:\/\/api.w.org\/{rel}","templated":true}]}}