{"id":4346,"date":"2026-01-11T13:44:39","date_gmt":"2026-01-11T13:44:39","guid":{"rendered":"https:\/\/torredonjimenoactualidad.com\/?p=4346"},"modified":"2026-01-11T13:44:40","modified_gmt":"2026-01-11T13:44:40","slug":"martos-avanza-hacia-un-nuevo-referente-del-oleoturismo-con-la-rehabilitacion-de-su-antigua-estacion-de-ferrocarril","status":"publish","type":"post","link":"https:\/\/torredonjimenoactualidad.com\/index.php\/2026\/01\/11\/martos-avanza-hacia-un-nuevo-referente-del-oleoturismo-con-la-rehabilitacion-de-su-antigua-estacion-de-ferrocarril\/","title":{"rendered":"Martos avanza hacia un nuevo referente del oleoturismo con la rehabilitaci\u00f3n de su antigua estaci\u00f3n de ferrocarril"},"content":{"rendered":"\n<p>Las obras para transformar la antigua estaci\u00f3n de ferrocarril de&nbsp;<strong>Martos<\/strong>&nbsp;en un espacio de referencia vinculado al oleoturismo avanzan \u201ca buen ritmo\u201d y con el objetivo de estar concluidas el pr\u00f3ximo mes de junio. El proyecto, impulsado por el Ayuntamiento, se enmarca en el Plan de Sostenibilidad Tur\u00edstica en Destino (PSTD)&nbsp;<em>Martos: Naturaleza, gastronom\u00eda y aceite<\/em>.<\/p>\n\n\n\n<p>La actuaci\u00f3n contempla la rehabilitaci\u00f3n del edificio principal para acoger un centro de hosteler\u00eda y la oficina de turismo de la V\u00eda Verde del Aceite y de la propia estaci\u00f3n, convirtiendo este enclave hist\u00f3rico en un nuevo polo de atracci\u00f3n tur\u00edstica. El concejal de Urbanismo,&nbsp;<strong>Juan Carlos Canalejo<\/strong>, ha subrayado en declaraciones a&nbsp;<strong>Europa Press<\/strong>&nbsp;que los trabajos se est\u00e1n desarrollando conforme a la planificaci\u00f3n prevista.<\/p>\n\n\n\n<p>\u201cLas obras llevan buen ritmo. Se han planificado con tiempo, adjudicado en tiempo y forma, y las empresas est\u00e1n trabajando sin ning\u00fan problema\u201d, ha se\u00f1alado Canalejo. Adem\u00e1s, ha destacado que la intervenci\u00f3n respeta el car\u00e1cter hist\u00f3rico del inmueble, conservando elementos originales como pavimentos, vigas y la est\u00e9tica exterior del antiguo edificio de&nbsp;<strong>Renfe<\/strong>.<\/p>\n\n\n\n<p>El proyecto persigue ampliar y diversificar la oferta tur\u00edstica de Martos, con especial atenci\u00f3n al olivar y a la V\u00eda Verde del Aceite. Junto a la rehabilitaci\u00f3n del edificio, se est\u00e1 adecuando el entorno con el denominado Paseo de Sombra, que incluir\u00e1 zonas verdes y espacios pensados para el disfrute de visitantes y residentes.<\/p>\n\n\n\n<p>A estas actuaciones municipales se suma la intervenci\u00f3n promovida por la&nbsp;<strong>Diputaci\u00f3n de Ja\u00e9n<\/strong>&nbsp;dentro del PSTD Oleotour Ja\u00e9n, que permitir\u00e1 transformar el antiguo muelle de carga de la estaci\u00f3n en un espacio polivalente destinado a exposiciones y actividades culturales y tur\u00edsticas.<\/p>\n\n\n\n<p>En t\u00e9rminos de inversi\u00f3n, el Ayuntamiento destina alrededor de 700.000 euros a la recuperaci\u00f3n del edificio principal, m\u00e1s de 250.000 euros al Paseo de Sombra y unos 400.000 euros de fondos propios para la urbanizaci\u00f3n del entorno. Por su parte, la Diputaci\u00f3n gestiona una inversi\u00f3n cercana a los 300.000 euros en el muelle de carga.<\/p>\n\n\n\n<p>Canalejo ha recordado que el plan fija como fecha l\u00edmite de ejecuci\u00f3n el pr\u00f3ximo mes de junio, por lo que Martos \u201ccontar\u00e1 este a\u00f1o con todas las instalaciones a pleno rendimiento\u201d, consolidando as\u00ed un nuevo espacio estrat\u00e9gico para el desarrollo tur\u00edstico y econ\u00f3mico del municipio.<\/p>\n","protected":false},"excerpt":{"rendered":"<p>Las obras para transformar la antigua estaci\u00f3n de ferrocarril de&nbsp;Martos&nbsp;en un espacio de referencia vinculado al oleoturismo avanzan \u201ca buen ritmo\u201d y con el objetivo de estar concluidas el pr\u00f3ximo mes de junio. El proyecto, impulsado por el Ayuntamiento, se enmarca en el Plan de Sostenibilidad Tur\u00edstica en Destino (PSTD)&nbsp;Martos: Naturaleza, gastronom\u00eda y aceite. La &hellip;<\/p>\n<p class=\"read-more\"> <a class=\"\" href=\"https:\/\/torredonjimenoactualidad.com\/index.php\/2026\/01\/11\/martos-avanza-hacia-un-nuevo-referente-del-oleoturismo-con-la-rehabilitacion-de-su-antigua-estacion-de-ferrocarril\/\"> <span class=\"screen-reader-text\">Martos avanza hacia un nuevo referente del oleoturismo con la rehabilitaci\u00f3n de su antigua estaci\u00f3n de ferrocarril<\/span> Leer m\u00e1s &raquo;<\/a><\/p>\n","protected":false},"author":2,"featured_media":4347,"comment_status":"closed","ping_status":"open","sticky":false,"template":"","format":"standard","meta":{"site-sidebar-layout":"default","site-content-layout":"default","ast-global-header-display":"","ast-main-header-display":"","ast-hfb-above-header-display":"","ast-hfb-below-header-display":"","ast-hfb-mobile-header-display":"","site-post-title":"","ast-breadcrumbs-content":"","ast-featured-img":"","footer-sml-layout":"","theme-transparent-header-meta":"","adv-header-id-meta":"","stick-header-meta":"","header-above-stick-meta":"","header-main-stick-meta":"","header-below-stick-meta":"","footnotes":""},"categories":[8],"tags":[],"class_list":["post-4346","post","type-post","status-publish","format-standard","has-post-thumbnail","hentry","category-provincia"],"yoast_head":"<!-- This site is optimized with the Yoast SEO plugin v20.8 - https:\/\/yoast.com\/wordpress\/plugins\/seo\/ -->\n<title>Martos avanza hacia un nuevo referente del oleoturismo con la rehabilitaci\u00f3n de su antigua estaci\u00f3n de ferrocarril - Torredonjimeno Actualidad<\/title>\n<meta name=\"robots\" content=\"index, follow, max-snippet:-1, max-image-preview:large, max-video-preview:-1\" \/>\n<link rel=\"canonical\" href=\"https:\/\/torredonjimenoactualidad.com\/index.php\/2026\/01\/11\/martos-avanza-hacia-un-nuevo-referente-del-oleoturismo-con-la-rehabilitacion-de-su-antigua-estacion-de-ferrocarril\/\" \/>\n<meta property=\"og:locale\" content=\"es_ES\" \/>\n<meta property=\"og:type\" content=\"article\" \/>\n<meta property=\"og:title\" content=\"Martos avanza hacia un nuevo referente del oleoturismo con la rehabilitaci\u00f3n de su antigua estaci\u00f3n de ferrocarril - Torredonjimeno Actualidad\" \/>\n<meta property=\"og:description\" content=\"Las obras para transformar la antigua estaci\u00f3n de ferrocarril de&nbsp;Martos&nbsp;en un espacio de referencia vinculado al oleoturismo avanzan \u201ca buen ritmo\u201d y con el objetivo de estar concluidas el pr\u00f3ximo mes de junio. El proyecto, impulsado por el Ayuntamiento, se enmarca en el Plan de Sostenibilidad Tur\u00edstica en Destino (PSTD)&nbsp;Martos: Naturaleza, gastronom\u00eda y aceite. La &hellip; Martos avanza hacia un nuevo referente del oleoturismo con la rehabilitaci\u00f3n de su antigua estaci\u00f3n de ferrocarril Leer m\u00e1s &raquo;\" \/>\n<meta property=\"og:url\" content=\"https:\/\/torredonjimenoactualidad.com\/index.php\/2026\/01\/11\/martos-avanza-hacia-un-nuevo-referente-del-oleoturismo-con-la-rehabilitacion-de-su-antigua-estacion-de-ferrocarril\/\" \/>\n<meta property=\"og:site_name\" content=\"Torredonjimeno Actualidad\" \/>\n<meta property=\"article:published_time\" content=\"2026-01-11T13:44:39+00:00\" \/>\n<meta property=\"article:modified_time\" content=\"2026-01-11T13:44:40+00:00\" \/>\n<meta property=\"og:image\" content=\"https:\/\/torredonjimenoactualidad.com\/wp-content\/uploads\/2026\/01\/fotonoticia_20260111125849_1920-2-scaled.jpg\" \/>\n\t<meta property=\"og:image:width\" content=\"2560\" \/>\n\t<meta property=\"og:image:height\" content=\"1463\" \/>\n\t<meta property=\"og:image:type\" content=\"image\/jpeg\" \/>\n<meta name=\"author\" content=\"Alba Mar\u00eda Torres\" \/>\n<meta name=\"twitter:card\" content=\"summary_large_image\" \/>\n<meta name=\"twitter:label1\" content=\"Escrito por\" \/>\n\t<meta name=\"twitter:data1\" content=\"Alba Mar\u00eda Torres\" \/>\n\t<meta name=\"twitter:label2\" content=\"Tiempo de lectura\" \/>\n\t<meta name=\"twitter:data2\" content=\"2 minutos\" \/>\n<script type=\"application\/ld+json\" class=\"yoast-schema-graph\">{\"@context\":\"https:\/\/schema.org\",\"@graph\":[{\"@type\":\"Article\",\"@id\":\"https:\/\/torredonjimenoactualidad.com\/index.php\/2026\/01\/11\/martos-avanza-hacia-un-nuevo-referente-del-oleoturismo-con-la-rehabilitacion-de-su-antigua-estacion-de-ferrocarril\/#article\",\"isPartOf\":{\"@id\":\"https:\/\/torredonjimenoactualidad.com\/index.php\/2026\/01\/11\/martos-avanza-hacia-un-nuevo-referente-del-oleoturismo-con-la-rehabilitacion-de-su-antigua-estacion-de-ferrocarril\/\"},\"author\":{\"name\":\"Alba Mar\u00eda Torres\",\"@id\":\"https:\/\/torredonjimenoactualidad.com\/#\/schema\/person\/84de5f233e783ef2c75151a532b54977\"},\"headline\":\"Martos avanza hacia un nuevo referente del oleoturismo con la rehabilitaci\u00f3n de su antigua estaci\u00f3n de ferrocarril\",\"datePublished\":\"2026-01-11T13:44:39+00:00\",\"dateModified\":\"2026-01-11T13:44:40+00:00\",\"mainEntityOfPage\":{\"@id\":\"https:\/\/torredonjimenoactualidad.com\/index.php\/2026\/01\/11\/martos-avanza-hacia-un-nuevo-referente-del-oleoturismo-con-la-rehabilitacion-de-su-antigua-estacion-de-ferrocarril\/\"},\"wordCount\":442,\"publisher\":{\"@id\":\"https:\/\/torredonjimenoactualidad.com\/#organization\"},\"articleSection\":[\"provincia\"],\"inLanguage\":\"es\"},{\"@type\":\"WebPage\",\"@id\":\"https:\/\/torredonjimenoactualidad.com\/index.php\/2026\/01\/11\/martos-avanza-hacia-un-nuevo-referente-del-oleoturismo-con-la-rehabilitacion-de-su-antigua-estacion-de-ferrocarril\/\",\"url\":\"https:\/\/torredonjimenoactualidad.com\/index.php\/2026\/01\/11\/martos-avanza-hacia-un-nuevo-referente-del-oleoturismo-con-la-rehabilitacion-de-su-antigua-estacion-de-ferrocarril\/\",\"name\":\"Martos avanza hacia un nuevo referente del oleoturismo con la rehabilitaci\u00f3n de su antigua estaci\u00f3n de ferrocarril - Torredonjimeno Actualidad\",\"isPartOf\":{\"@id\":\"https:\/\/torredonjimenoactualidad.com\/#website\"},\"datePublished\":\"2026-01-11T13:44:39+00:00\",\"dateModified\":\"2026-01-11T13:44:40+00:00\",\"breadcrumb\":{\"@id\":\"https:\/\/torredonjimenoactualidad.com\/index.php\/2026\/01\/11\/martos-avanza-hacia-un-nuevo-referente-del-oleoturismo-con-la-rehabilitacion-de-su-antigua-estacion-de-ferrocarril\/#breadcrumb\"},\"inLanguage\":\"es\",\"potentialAction\":[{\"@type\":\"ReadAction\",\"target\":[\"https:\/\/torredonjimenoactualidad.com\/index.php\/2026\/01\/11\/martos-avanza-hacia-un-nuevo-referente-del-oleoturismo-con-la-rehabilitacion-de-su-antigua-estacion-de-ferrocarril\/\"]}]},{\"@type\":\"BreadcrumbList\",\"@id\":\"https:\/\/torredonjimenoactualidad.com\/index.php\/2026\/01\/11\/martos-avanza-hacia-un-nuevo-referente-del-oleoturismo-con-la-rehabilitacion-de-su-antigua-estacion-de-ferrocarril\/#breadcrumb\",\"itemListElement\":[{\"@type\":\"ListItem\",\"position\":1,\"name\":\"Portada\",\"item\":\"https:\/\/torredonjimenoactualidad.com\/\"},{\"@type\":\"ListItem\",\"position\":2,\"name\":\"Martos avanza hacia un nuevo referente del oleoturismo con la rehabilitaci\u00f3n de su antigua estaci\u00f3n de ferrocarril\"}]},{\"@type\":\"WebSite\",\"@id\":\"https:\/\/torredonjimenoactualidad.com\/#website\",\"url\":\"https:\/\/torredonjimenoactualidad.com\/\",\"name\":\"Torredonjimeno Actualidad\",\"description\":\"\",\"publisher\":{\"@id\":\"https:\/\/torredonjimenoactualidad.com\/#organization\"},\"potentialAction\":[{\"@type\":\"SearchAction\",\"target\":{\"@type\":\"EntryPoint\",\"urlTemplate\":\"https:\/\/torredonjimenoactualidad.com\/?s={search_term_string}\"},\"query-input\":\"required name=search_term_string\"}],\"inLanguage\":\"es\"},{\"@type\":\"Organization\",\"@id\":\"https:\/\/torredonjimenoactualidad.com\/#organization\",\"name\":\"Torredonjimeno Actualidad\",\"url\":\"https:\/\/torredonjimenoactualidad.com\/\",\"logo\":{\"@type\":\"ImageObject\",\"inLanguage\":\"es\",\"@id\":\"https:\/\/torredonjimenoactualidad.com\/#\/schema\/logo\/image\/\",\"url\":\"https:\/\/torredonjimenoactualidad.com\/wp-content\/uploads\/2023\/02\/logo-torredonjimeno-544x180-1.png\",\"contentUrl\":\"https:\/\/torredonjimenoactualidad.com\/wp-content\/uploads\/2023\/02\/logo-torredonjimeno-544x180-1.png\",\"width\":545,\"height\":112,\"caption\":\"Torredonjimeno Actualidad\"},\"image\":{\"@id\":\"https:\/\/torredonjimenoactualidad.com\/#\/schema\/logo\/image\/\"}},{\"@type\":\"Person\",\"@id\":\"https:\/\/torredonjimenoactualidad.com\/#\/schema\/person\/84de5f233e783ef2c75151a532b54977\",\"name\":\"Alba Mar\u00eda Torres\",\"image\":{\"@type\":\"ImageObject\",\"inLanguage\":\"es\",\"@id\":\"https:\/\/torredonjimenoactualidad.com\/#\/schema\/person\/image\/\",\"url\":\"https:\/\/secure.gravatar.com\/avatar\/f9371f188c71501b4475a9ba2a71595850ec72967f800a2ed8e3e2102859ed65?s=96&d=mm&r=g\",\"contentUrl\":\"https:\/\/secure.gravatar.com\/avatar\/f9371f188c71501b4475a9ba2a71595850ec72967f800a2ed8e3e2102859ed65?s=96&d=mm&r=g\",\"caption\":\"Alba Mar\u00eda Torres\"},\"url\":\"https:\/\/torredonjimenoactualidad.com\/index.php\/author\/alba-torres\/\"}]}<\/script>\n<!-- \/ Yoast SEO plugin. -->","yoast_head_json":{"title":"Martos avanza hacia un nuevo referente del oleoturismo con la rehabilitaci\u00f3n de su antigua estaci\u00f3n de ferrocarril - Torredonjimeno Actualidad","robots":{"index":"index","follow":"follow","max-snippet":"max-snippet:-1","max-image-preview":"max-image-preview:large","max-video-preview":"max-video-preview:-1"},"canonical":"https:\/\/torredonjimenoactualidad.com\/index.php\/2026\/01\/11\/martos-avanza-hacia-un-nuevo-referente-del-oleoturismo-con-la-rehabilitacion-de-su-antigua-estacion-de-ferrocarril\/","og_locale":"es_ES","og_type":"article","og_title":"Martos avanza hacia un nuevo referente del oleoturismo con la rehabilitaci\u00f3n de su antigua estaci\u00f3n de ferrocarril - Torredonjimeno Actualidad","og_description":"Las obras para transformar la antigua estaci\u00f3n de ferrocarril de&nbsp;Martos&nbsp;en un espacio de referencia vinculado al oleoturismo avanzan \u201ca buen ritmo\u201d y con el objetivo de estar concluidas el pr\u00f3ximo mes de junio. El proyecto, impulsado por el Ayuntamiento, se enmarca en el Plan de Sostenibilidad Tur\u00edstica en Destino (PSTD)&nbsp;Martos: Naturaleza, gastronom\u00eda y aceite. La &hellip; Martos avanza hacia un nuevo referente del oleoturismo con la rehabilitaci\u00f3n de su antigua estaci\u00f3n de ferrocarril Leer m\u00e1s &raquo;","og_url":"https:\/\/torredonjimenoactualidad.com\/index.php\/2026\/01\/11\/martos-avanza-hacia-un-nuevo-referente-del-oleoturismo-con-la-rehabilitacion-de-su-antigua-estacion-de-ferrocarril\/","og_site_name":"Torredonjimeno Actualidad","article_published_time":"2026-01-11T13:44:39+00:00","article_modified_time":"2026-01-11T13:44:40+00:00","og_image":[{"width":2560,"height":1463,"url":"https:\/\/torredonjimenoactualidad.com\/wp-content\/uploads\/2026\/01\/fotonoticia_20260111125849_1920-2-scaled.jpg","type":"image\/jpeg"}],"author":"Alba Mar\u00eda Torres","twitter_card":"summary_large_image","twitter_misc":{"Escrito por":"Alba Mar\u00eda Torres","Tiempo de lectura":"2 minutos"},"schema":{"@context":"https:\/\/schema.org","@graph":[{"@type":"Article","@id":"https:\/\/torredonjimenoactualidad.com\/index.php\/2026\/01\/11\/martos-avanza-hacia-un-nuevo-referente-del-oleoturismo-con-la-rehabilitacion-de-su-antigua-estacion-de-ferrocarril\/#article","isPartOf":{"@id":"https:\/\/torredonjimenoactualidad.com\/index.php\/2026\/01\/11\/martos-avanza-hacia-un-nuevo-referente-del-oleoturismo-con-la-rehabilitacion-de-su-antigua-estacion-de-ferrocarril\/"},"author":{"name":"Alba Mar\u00eda Torres","@id":"https:\/\/torredonjimenoactualidad.com\/#\/schema\/person\/84de5f233e783ef2c75151a532b54977"},"headline":"Martos avanza hacia un nuevo referente del oleoturismo con la rehabilitaci\u00f3n de su antigua estaci\u00f3n de ferrocarril","datePublished":"2026-01-11T13:44:39+00:00","dateModified":"2026-01-11T13:44:40+00:00","mainEntityOfPage":{"@id":"https:\/\/torredonjimenoactualidad.com\/index.php\/2026\/01\/11\/martos-avanza-hacia-un-nuevo-referente-del-oleoturismo-con-la-rehabilitacion-de-su-antigua-estacion-de-ferrocarril\/"},"wordCount":442,"publisher":{"@id":"https:\/\/torredonjimenoactualidad.com\/#organization"},"articleSection":["provincia"],"inLanguage":"es"},{"@type":"WebPage","@id":"https:\/\/torredonjimenoactualidad.com\/index.php\/2026\/01\/11\/martos-avanza-hacia-un-nuevo-referente-del-oleoturismo-con-la-rehabilitacion-de-su-antigua-estacion-de-ferrocarril\/","url":"https:\/\/torredonjimenoactualidad.com\/index.php\/2026\/01\/11\/martos-avanza-hacia-un-nuevo-referente-del-oleoturismo-con-la-rehabilitacion-de-su-antigua-estacion-de-ferrocarril\/","name":"Martos avanza hacia un nuevo referente del oleoturismo con la rehabilitaci\u00f3n de su antigua estaci\u00f3n de ferrocarril - Torredonjimeno Actualidad","isPartOf":{"@id":"https:\/\/torredonjimenoactualidad.com\/#website"},"datePublished":"2026-01-11T13:44:39+00:00","dateModified":"2026-01-11T13:44:40+00:00","breadcrumb":{"@id":"https:\/\/torredonjimenoactualidad.com\/index.php\/2026\/01\/11\/martos-avanza-hacia-un-nuevo-referente-del-oleoturismo-con-la-rehabilitacion-de-su-antigua-estacion-de-ferrocarril\/#breadcrumb"},"inLanguage":"es","potentialAction":[{"@type":"ReadAction","target":["https:\/\/torredonjimenoactualidad.com\/index.php\/2026\/01\/11\/martos-avanza-hacia-un-nuevo-referente-del-oleoturismo-con-la-rehabilitacion-de-su-antigua-estacion-de-ferrocarril\/"]}]},{"@type":"BreadcrumbList","@id":"https:\/\/torredonjimenoactualidad.com\/index.php\/2026\/01\/11\/martos-avanza-hacia-un-nuevo-referente-del-oleoturismo-con-la-rehabilitacion-de-su-antigua-estacion-de-ferrocarril\/#breadcrumb","itemListElement":[{"@type":"ListItem","position":1,"name":"Portada","item":"https:\/\/torredonjimenoactualidad.com\/"},{"@type":"ListItem","position":2,"name":"Martos avanza hacia un nuevo referente del oleoturismo con la rehabilitaci\u00f3n de su antigua estaci\u00f3n de ferrocarril"}]},{"@type":"WebSite","@id":"https:\/\/torredonjimenoactualidad.com\/#website","url":"https:\/\/torredonjimenoactualidad.com\/","name":"Torredonjimeno Actualidad","description":"","publisher":{"@id":"https:\/\/torredonjimenoactualidad.com\/#organization"},"potentialAction":[{"@type":"SearchAction","target":{"@type":"EntryPoint","urlTemplate":"https:\/\/torredonjimenoactualidad.com\/?s={search_term_string}"},"query-input":"required name=search_term_string"}],"inLanguage":"es"},{"@type":"Organization","@id":"https:\/\/torredonjimenoactualidad.com\/#organization","name":"Torredonjimeno Actualidad","url":"https:\/\/torredonjimenoactualidad.com\/","logo":{"@type":"ImageObject","inLanguage":"es","@id":"https:\/\/torredonjimenoactualidad.com\/#\/schema\/logo\/image\/","url":"https:\/\/torredonjimenoactualidad.com\/wp-content\/uploads\/2023\/02\/logo-torredonjimeno-544x180-1.png","contentUrl":"https:\/\/torredonjimenoactualidad.com\/wp-content\/uploads\/2023\/02\/logo-torredonjimeno-544x180-1.png","width":545,"height":112,"caption":"Torredonjimeno Actualidad"},"image":{"@id":"https:\/\/torredonjimenoactualidad.com\/#\/schema\/logo\/image\/"}},{"@type":"Person","@id":"https:\/\/torredonjimenoactualidad.com\/#\/schema\/person\/84de5f233e783ef2c75151a532b54977","name":"Alba Mar\u00eda Torres","image":{"@type":"ImageObject","inLanguage":"es","@id":"https:\/\/torredonjimenoactualidad.com\/#\/schema\/person\/image\/","url":"https:\/\/secure.gravatar.com\/avatar\/f9371f188c71501b4475a9ba2a71595850ec72967f800a2ed8e3e2102859ed65?s=96&d=mm&r=g","contentUrl":"https:\/\/secure.gravatar.com\/avatar\/f9371f188c71501b4475a9ba2a71595850ec72967f800a2ed8e3e2102859ed65?s=96&d=mm&r=g","caption":"Alba Mar\u00eda Torres"},"url":"https:\/\/torredonjimenoactualidad.com\/index.php\/author\/alba-torres\/"}]}},"_links":{"self":[{"href":"https:\/\/torredonjimenoactualidad.com\/index.php\/wp-json\/wp\/v2\/posts\/4346","targetHints":{"allow":["GET"]}}],"collection":[{"href":"https:\/\/torredonjimenoactualidad.com\/index.php\/wp-json\/wp\/v2\/posts"}],"about":[{"href":"https:\/\/torredonjimenoactualidad.com\/index.php\/wp-json\/wp\/v2\/types\/post"}],"author":[{"embeddable":true,"href":"https:\/\/torredonjimenoactualidad.com\/index.php\/wp-json\/wp\/v2\/users\/2"}],"replies":[{"embeddable":true,"href":"https:\/\/torredonjimenoactualidad.com\/index.php\/wp-json\/wp\/v2\/comments?post=4346"}],"version-history":[{"count":1,"href":"https:\/\/torredonjimenoactualidad.com\/index.php\/wp-json\/wp\/v2\/posts\/4346\/revisions"}],"predecessor-version":[{"id":4348,"href":"https:\/\/torredonjimenoactualidad.com\/index.php\/wp-json\/wp\/v2\/posts\/4346\/revisions\/4348"}],"wp:featuredmedia":[{"embeddable":true,"href":"https:\/\/torredonjimenoactualidad.com\/index.php\/wp-json\/wp\/v2\/media\/4347"}],"wp:attachment":[{"href":"https:\/\/torredonjimenoactualidad.com\/index.php\/wp-json\/wp\/v2\/media?parent=4346"}],"wp:term":[{"taxonomy":"category","embeddable":true,"href":"https:\/\/torredonjimenoactualidad.com\/index.php\/wp-json\/wp\/v2\/categories?post=4346"},{"taxonomy":"post_tag","embeddable":true,"href":"https:\/\/torredonjimenoactualidad.com\/index.php\/wp-json\/wp\/v2\/tags?post=4346"}],"curies":[{"name":"wp","href":"https:\/\/api.w.org\/{rel}","templated":true}]}}