{"id":4335,"date":"2026-01-07T18:45:13","date_gmt":"2026-01-07T18:45:13","guid":{"rendered":"https:\/\/torredonjimenoactualidad.com\/?p=4335"},"modified":"2026-01-07T20:42:10","modified_gmt":"2026-01-07T20:42:10","slug":"reconocimiento-del-ministerio-del-interior-a-cuatro-policias-locales-de-torredonjimeno-por-su-labor-durante-la-dana-de-2024-en-valencia","status":"publish","type":"post","link":"https:\/\/torredonjimenoactualidad.com\/index.php\/2026\/01\/07\/reconocimiento-del-ministerio-del-interior-a-cuatro-policias-locales-de-torredonjimeno-por-su-labor-durante-la-dana-de-2024-en-valencia\/","title":{"rendered":"Reconocimiento del Ministerio del Interior a cuatro polic\u00edas locales de Torredonjimeno por su labor durante la dana de 2024 en Valencia"},"content":{"rendered":"\n<p><em>Torredonjimeno vuelve a situarse como ejemplo de compromiso y servicio p\u00fablico. Cuatro agentes de su Polic\u00eda Local figuran entre los 191 efectivos de la provincia de Ja\u00e9n que recibir\u00e1n una distinci\u00f3n honor\u00edfica del Ministerio del Interior por su destacada participaci\u00f3n en los dispositivos de seguridad y emergencia activados durante la dana de 2024.<\/em><\/p>\n\n\n\n<p>El Ministerio del Interior ha resuelto conceder este reconocimiento a&nbsp;<strong>polic\u00edas locales, bomberos y voluntarios de Protecci\u00f3n Civil<\/strong>&nbsp;que intervinieron en uno de los episodios meteorol\u00f3gicos m\u00e1s graves de los \u00faltimos a\u00f1os, cuyas devastadoras consecuencias afectaron a numerosos municipios de la Comunidad Valenciana, Castilla-La Mancha y tambi\u00e9n a Andaluc\u00eda.<\/p>\n\n\n\n<p>La informaci\u00f3n ha sido dada a conocer este mi\u00e9rcoles por el subdelegado del Gobierno en Ja\u00e9n,&nbsp;<strong>Manuel Fern\u00e1ndez<\/strong>, quien ha subrayado que la intervenci\u00f3n desplegada \u201cconstituy\u00f3 una actuaci\u00f3n sin precedentes hasta la fecha, compleja y extensa\u201d, tanto por la magnitud de los da\u00f1os como por la coordinaci\u00f3n exigida entre administraciones y cuerpos de emergencia.<\/p>\n\n\n\n<p>En el caso de&nbsp;<strong>Torredonjimeno<\/strong>, ser\u00e1n&nbsp;<strong>cuatro los polic\u00edas locales distinguidos<\/strong>, un reconocimiento que pone en valor la entrega, profesionalidad y vocaci\u00f3n de servicio de los agentes tosirianos, que participaron activamente en las labores de apoyo, seguridad y asistencia en una situaci\u00f3n de extrema dificultad.<\/p>\n\n\n\n<p>En el conjunto de la provincia de Ja\u00e9n, las distinciones alcanzan a&nbsp;<strong>ocho polic\u00edas locales de Alcaudete<\/strong>,&nbsp;<strong>dos de J\u00f3dar<\/strong>,&nbsp;<strong>siete de Linares<\/strong>,&nbsp;<strong>uno de B\u00e9lmez de la Moraleda<\/strong>,&nbsp;<strong>cuatro de Torredelcampo<\/strong>,&nbsp;<strong>cuatro de Torredonjimeno<\/strong>,&nbsp;<strong>dos de Fuensanta de Martos<\/strong>,&nbsp;<strong>22 de And\u00fajar<\/strong>,&nbsp;<strong>siete de Bail\u00e9n<\/strong>,&nbsp;<strong>uno de Villanueva de la Reina<\/strong>,&nbsp;<strong>15 de Martos<\/strong>,&nbsp;<strong>39 de Ja\u00e9n<\/strong>,&nbsp;<strong>uno de Villacarrillo<\/strong>,&nbsp;<strong>siete de \u00dabeda<\/strong>&nbsp;y&nbsp;<strong>dos de Villanueva del Arzobispo<\/strong>.<\/p>\n\n\n\n<p>Tambi\u00e9n se reconoce la labor de&nbsp;<strong>seis voluntarios de Protecci\u00f3n Civil de B\u00e9lmez de la Moraleda<\/strong>,&nbsp;<strong>23 de la Agrupaci\u00f3n de Protecci\u00f3n Civil del Ayuntamiento de Ja\u00e9n<\/strong>&nbsp;y&nbsp;<strong>40 bomberos del Servicio de Extinci\u00f3n de Incendios de la capital<\/strong>, adem\u00e1s de otros miembros de las Fuerzas y Cuerpos de Seguridad distinguidos por distintas v\u00edas.<\/p>\n\n\n\n<p>Estas distinciones se conceden al amparo de la&nbsp;<strong>Orden INT\/392\/2025, de 24 de abril<\/strong>, por la que se crea el distintivo honor\u00edfico de participaci\u00f3n en los dispositivos de emergencia y seguridad por la dana de 2024, una medida con la que el Ministerio del Interior reconoce oficialmente la respuesta ejemplar de quienes estuvieron en primera l\u00ednea cuando m\u00e1s se les necesitaba.<\/p>\n\n\n\n<p><\/p>\n","protected":false},"excerpt":{"rendered":"<p>Torredonjimeno vuelve a situarse como ejemplo de compromiso y servicio p\u00fablico. Cuatro agentes de su Polic\u00eda Local figuran entre los 191 efectivos de la provincia de Ja\u00e9n que recibir\u00e1n una distinci\u00f3n honor\u00edfica del Ministerio del Interior por su destacada participaci\u00f3n en los dispositivos de seguridad y emergencia activados durante la dana de 2024. El Ministerio &hellip;<\/p>\n<p class=\"read-more\"> <a class=\"\" href=\"https:\/\/torredonjimenoactualidad.com\/index.php\/2026\/01\/07\/reconocimiento-del-ministerio-del-interior-a-cuatro-policias-locales-de-torredonjimeno-por-su-labor-durante-la-dana-de-2024-en-valencia\/\"> <span class=\"screen-reader-text\">Reconocimiento del Ministerio del Interior a cuatro polic\u00edas locales de Torredonjimeno por su labor durante la dana de 2024 en Valencia<\/span> Leer m\u00e1s &raquo;<\/a><\/p>\n","protected":false},"author":2,"featured_media":4336,"comment_status":"closed","ping_status":"open","sticky":false,"template":"","format":"standard","meta":{"site-sidebar-layout":"default","site-content-layout":"default","ast-global-header-display":"","ast-main-header-display":"","ast-hfb-above-header-display":"","ast-hfb-below-header-display":"","ast-hfb-mobile-header-display":"","site-post-title":"","ast-breadcrumbs-content":"","ast-featured-img":"","footer-sml-layout":"","theme-transparent-header-meta":"","adv-header-id-meta":"","stick-header-meta":"","header-above-stick-meta":"","header-main-stick-meta":"","header-below-stick-meta":"","footnotes":""},"categories":[7],"tags":[],"class_list":["post-4335","post","type-post","status-publish","format-standard","has-post-thumbnail","hentry","category-local"],"yoast_head":"<!-- This site is optimized with the Yoast SEO plugin v20.8 - https:\/\/yoast.com\/wordpress\/plugins\/seo\/ -->\n<title>Reconocimiento del Ministerio del Interior a cuatro polic\u00edas locales de Torredonjimeno por su labor durante la dana de 2024 en Valencia - Torredonjimeno Actualidad<\/title>\n<meta name=\"robots\" content=\"index, follow, max-snippet:-1, max-image-preview:large, max-video-preview:-1\" \/>\n<link rel=\"canonical\" href=\"https:\/\/torredonjimenoactualidad.com\/index.php\/2026\/01\/07\/reconocimiento-del-ministerio-del-interior-a-cuatro-policias-locales-de-torredonjimeno-por-su-labor-durante-la-dana-de-2024-en-valencia\/\" \/>\n<meta property=\"og:locale\" content=\"es_ES\" \/>\n<meta property=\"og:type\" content=\"article\" \/>\n<meta property=\"og:title\" content=\"Reconocimiento del Ministerio del Interior a cuatro polic\u00edas locales de Torredonjimeno por su labor durante la dana de 2024 en Valencia - Torredonjimeno Actualidad\" \/>\n<meta property=\"og:description\" content=\"Torredonjimeno vuelve a situarse como ejemplo de compromiso y servicio p\u00fablico. Cuatro agentes de su Polic\u00eda Local figuran entre los 191 efectivos de la provincia de Ja\u00e9n que recibir\u00e1n una distinci\u00f3n honor\u00edfica del Ministerio del Interior por su destacada participaci\u00f3n en los dispositivos de seguridad y emergencia activados durante la dana de 2024. El Ministerio &hellip; Reconocimiento del Ministerio del Interior a cuatro polic\u00edas locales de Torredonjimeno por su labor durante la dana de 2024 en Valencia Leer m\u00e1s &raquo;\" \/>\n<meta property=\"og:url\" content=\"https:\/\/torredonjimenoactualidad.com\/index.php\/2026\/01\/07\/reconocimiento-del-ministerio-del-interior-a-cuatro-policias-locales-de-torredonjimeno-por-su-labor-durante-la-dana-de-2024-en-valencia\/\" \/>\n<meta property=\"og:site_name\" content=\"Torredonjimeno Actualidad\" \/>\n<meta property=\"article:published_time\" content=\"2026-01-07T18:45:13+00:00\" \/>\n<meta property=\"article:modified_time\" content=\"2026-01-07T20:42:10+00:00\" \/>\n<meta property=\"og:image\" content=\"https:\/\/torredonjimenoactualidad.com\/wp-content\/uploads\/2026\/01\/493436784_1225723436230367_2255270267784704965_n.jpg\" \/>\n\t<meta property=\"og:image:width\" content=\"2016\" \/>\n\t<meta property=\"og:image:height\" content=\"1152\" \/>\n\t<meta property=\"og:image:type\" content=\"image\/jpeg\" \/>\n<meta name=\"author\" content=\"Alba Mar\u00eda Torres\" \/>\n<meta name=\"twitter:card\" content=\"summary_large_image\" \/>\n<meta name=\"twitter:label1\" content=\"Escrito por\" \/>\n\t<meta name=\"twitter:data1\" content=\"Alba Mar\u00eda Torres\" \/>\n\t<meta name=\"twitter:label2\" content=\"Tiempo de lectura\" \/>\n\t<meta name=\"twitter:data2\" content=\"2 minutos\" \/>\n<script type=\"application\/ld+json\" class=\"yoast-schema-graph\">{\"@context\":\"https:\/\/schema.org\",\"@graph\":[{\"@type\":\"Article\",\"@id\":\"https:\/\/torredonjimenoactualidad.com\/index.php\/2026\/01\/07\/reconocimiento-del-ministerio-del-interior-a-cuatro-policias-locales-de-torredonjimeno-por-su-labor-durante-la-dana-de-2024-en-valencia\/#article\",\"isPartOf\":{\"@id\":\"https:\/\/torredonjimenoactualidad.com\/index.php\/2026\/01\/07\/reconocimiento-del-ministerio-del-interior-a-cuatro-policias-locales-de-torredonjimeno-por-su-labor-durante-la-dana-de-2024-en-valencia\/\"},\"author\":{\"name\":\"Alba Mar\u00eda Torres\",\"@id\":\"https:\/\/torredonjimenoactualidad.com\/#\/schema\/person\/84de5f233e783ef2c75151a532b54977\"},\"headline\":\"Reconocimiento del Ministerio del Interior a cuatro polic\u00edas locales de Torredonjimeno por su labor durante la dana de 2024 en Valencia\",\"datePublished\":\"2026-01-07T18:45:13+00:00\",\"dateModified\":\"2026-01-07T20:42:10+00:00\",\"mainEntityOfPage\":{\"@id\":\"https:\/\/torredonjimenoactualidad.com\/index.php\/2026\/01\/07\/reconocimiento-del-ministerio-del-interior-a-cuatro-policias-locales-de-torredonjimeno-por-su-labor-durante-la-dana-de-2024-en-valencia\/\"},\"wordCount\":470,\"publisher\":{\"@id\":\"https:\/\/torredonjimenoactualidad.com\/#organization\"},\"articleSection\":[\"local\"],\"inLanguage\":\"es\"},{\"@type\":\"WebPage\",\"@id\":\"https:\/\/torredonjimenoactualidad.com\/index.php\/2026\/01\/07\/reconocimiento-del-ministerio-del-interior-a-cuatro-policias-locales-de-torredonjimeno-por-su-labor-durante-la-dana-de-2024-en-valencia\/\",\"url\":\"https:\/\/torredonjimenoactualidad.com\/index.php\/2026\/01\/07\/reconocimiento-del-ministerio-del-interior-a-cuatro-policias-locales-de-torredonjimeno-por-su-labor-durante-la-dana-de-2024-en-valencia\/\",\"name\":\"Reconocimiento del Ministerio del Interior a cuatro polic\u00edas locales de Torredonjimeno por su labor durante la dana de 2024 en Valencia - Torredonjimeno Actualidad\",\"isPartOf\":{\"@id\":\"https:\/\/torredonjimenoactualidad.com\/#website\"},\"datePublished\":\"2026-01-07T18:45:13+00:00\",\"dateModified\":\"2026-01-07T20:42:10+00:00\",\"breadcrumb\":{\"@id\":\"https:\/\/torredonjimenoactualidad.com\/index.php\/2026\/01\/07\/reconocimiento-del-ministerio-del-interior-a-cuatro-policias-locales-de-torredonjimeno-por-su-labor-durante-la-dana-de-2024-en-valencia\/#breadcrumb\"},\"inLanguage\":\"es\",\"potentialAction\":[{\"@type\":\"ReadAction\",\"target\":[\"https:\/\/torredonjimenoactualidad.com\/index.php\/2026\/01\/07\/reconocimiento-del-ministerio-del-interior-a-cuatro-policias-locales-de-torredonjimeno-por-su-labor-durante-la-dana-de-2024-en-valencia\/\"]}]},{\"@type\":\"BreadcrumbList\",\"@id\":\"https:\/\/torredonjimenoactualidad.com\/index.php\/2026\/01\/07\/reconocimiento-del-ministerio-del-interior-a-cuatro-policias-locales-de-torredonjimeno-por-su-labor-durante-la-dana-de-2024-en-valencia\/#breadcrumb\",\"itemListElement\":[{\"@type\":\"ListItem\",\"position\":1,\"name\":\"Portada\",\"item\":\"https:\/\/torredonjimenoactualidad.com\/\"},{\"@type\":\"ListItem\",\"position\":2,\"name\":\"Reconocimiento del Ministerio del Interior a cuatro polic\u00edas locales de Torredonjimeno por su labor durante la dana de 2024 en Valencia\"}]},{\"@type\":\"WebSite\",\"@id\":\"https:\/\/torredonjimenoactualidad.com\/#website\",\"url\":\"https:\/\/torredonjimenoactualidad.com\/\",\"name\":\"Torredonjimeno Actualidad\",\"description\":\"\",\"publisher\":{\"@id\":\"https:\/\/torredonjimenoactualidad.com\/#organization\"},\"potentialAction\":[{\"@type\":\"SearchAction\",\"target\":{\"@type\":\"EntryPoint\",\"urlTemplate\":\"https:\/\/torredonjimenoactualidad.com\/?s={search_term_string}\"},\"query-input\":\"required name=search_term_string\"}],\"inLanguage\":\"es\"},{\"@type\":\"Organization\",\"@id\":\"https:\/\/torredonjimenoactualidad.com\/#organization\",\"name\":\"Torredonjimeno Actualidad\",\"url\":\"https:\/\/torredonjimenoactualidad.com\/\",\"logo\":{\"@type\":\"ImageObject\",\"inLanguage\":\"es\",\"@id\":\"https:\/\/torredonjimenoactualidad.com\/#\/schema\/logo\/image\/\",\"url\":\"https:\/\/torredonjimenoactualidad.com\/wp-content\/uploads\/2023\/02\/logo-torredonjimeno-544x180-1.png\",\"contentUrl\":\"https:\/\/torredonjimenoactualidad.com\/wp-content\/uploads\/2023\/02\/logo-torredonjimeno-544x180-1.png\",\"width\":545,\"height\":112,\"caption\":\"Torredonjimeno Actualidad\"},\"image\":{\"@id\":\"https:\/\/torredonjimenoactualidad.com\/#\/schema\/logo\/image\/\"}},{\"@type\":\"Person\",\"@id\":\"https:\/\/torredonjimenoactualidad.com\/#\/schema\/person\/84de5f233e783ef2c75151a532b54977\",\"name\":\"Alba Mar\u00eda Torres\",\"image\":{\"@type\":\"ImageObject\",\"inLanguage\":\"es\",\"@id\":\"https:\/\/torredonjimenoactualidad.com\/#\/schema\/person\/image\/\",\"url\":\"https:\/\/secure.gravatar.com\/avatar\/f9371f188c71501b4475a9ba2a71595850ec72967f800a2ed8e3e2102859ed65?s=96&d=mm&r=g\",\"contentUrl\":\"https:\/\/secure.gravatar.com\/avatar\/f9371f188c71501b4475a9ba2a71595850ec72967f800a2ed8e3e2102859ed65?s=96&d=mm&r=g\",\"caption\":\"Alba Mar\u00eda Torres\"},\"url\":\"https:\/\/torredonjimenoactualidad.com\/index.php\/author\/alba-torres\/\"}]}<\/script>\n<!-- \/ Yoast SEO plugin. -->","yoast_head_json":{"title":"Reconocimiento del Ministerio del Interior a cuatro polic\u00edas locales de Torredonjimeno por su labor durante la dana de 2024 en Valencia - Torredonjimeno Actualidad","robots":{"index":"index","follow":"follow","max-snippet":"max-snippet:-1","max-image-preview":"max-image-preview:large","max-video-preview":"max-video-preview:-1"},"canonical":"https:\/\/torredonjimenoactualidad.com\/index.php\/2026\/01\/07\/reconocimiento-del-ministerio-del-interior-a-cuatro-policias-locales-de-torredonjimeno-por-su-labor-durante-la-dana-de-2024-en-valencia\/","og_locale":"es_ES","og_type":"article","og_title":"Reconocimiento del Ministerio del Interior a cuatro polic\u00edas locales de Torredonjimeno por su labor durante la dana de 2024 en Valencia - Torredonjimeno Actualidad","og_description":"Torredonjimeno vuelve a situarse como ejemplo de compromiso y servicio p\u00fablico. Cuatro agentes de su Polic\u00eda Local figuran entre los 191 efectivos de la provincia de Ja\u00e9n que recibir\u00e1n una distinci\u00f3n honor\u00edfica del Ministerio del Interior por su destacada participaci\u00f3n en los dispositivos de seguridad y emergencia activados durante la dana de 2024. El Ministerio &hellip; Reconocimiento del Ministerio del Interior a cuatro polic\u00edas locales de Torredonjimeno por su labor durante la dana de 2024 en Valencia Leer m\u00e1s &raquo;","og_url":"https:\/\/torredonjimenoactualidad.com\/index.php\/2026\/01\/07\/reconocimiento-del-ministerio-del-interior-a-cuatro-policias-locales-de-torredonjimeno-por-su-labor-durante-la-dana-de-2024-en-valencia\/","og_site_name":"Torredonjimeno Actualidad","article_published_time":"2026-01-07T18:45:13+00:00","article_modified_time":"2026-01-07T20:42:10+00:00","og_image":[{"width":2016,"height":1152,"url":"https:\/\/torredonjimenoactualidad.com\/wp-content\/uploads\/2026\/01\/493436784_1225723436230367_2255270267784704965_n.jpg","type":"image\/jpeg"}],"author":"Alba Mar\u00eda Torres","twitter_card":"summary_large_image","twitter_misc":{"Escrito por":"Alba Mar\u00eda Torres","Tiempo de lectura":"2 minutos"},"schema":{"@context":"https:\/\/schema.org","@graph":[{"@type":"Article","@id":"https:\/\/torredonjimenoactualidad.com\/index.php\/2026\/01\/07\/reconocimiento-del-ministerio-del-interior-a-cuatro-policias-locales-de-torredonjimeno-por-su-labor-durante-la-dana-de-2024-en-valencia\/#article","isPartOf":{"@id":"https:\/\/torredonjimenoactualidad.com\/index.php\/2026\/01\/07\/reconocimiento-del-ministerio-del-interior-a-cuatro-policias-locales-de-torredonjimeno-por-su-labor-durante-la-dana-de-2024-en-valencia\/"},"author":{"name":"Alba Mar\u00eda Torres","@id":"https:\/\/torredonjimenoactualidad.com\/#\/schema\/person\/84de5f233e783ef2c75151a532b54977"},"headline":"Reconocimiento del Ministerio del Interior a cuatro polic\u00edas locales de Torredonjimeno por su labor durante la dana de 2024 en Valencia","datePublished":"2026-01-07T18:45:13+00:00","dateModified":"2026-01-07T20:42:10+00:00","mainEntityOfPage":{"@id":"https:\/\/torredonjimenoactualidad.com\/index.php\/2026\/01\/07\/reconocimiento-del-ministerio-del-interior-a-cuatro-policias-locales-de-torredonjimeno-por-su-labor-durante-la-dana-de-2024-en-valencia\/"},"wordCount":470,"publisher":{"@id":"https:\/\/torredonjimenoactualidad.com\/#organization"},"articleSection":["local"],"inLanguage":"es"},{"@type":"WebPage","@id":"https:\/\/torredonjimenoactualidad.com\/index.php\/2026\/01\/07\/reconocimiento-del-ministerio-del-interior-a-cuatro-policias-locales-de-torredonjimeno-por-su-labor-durante-la-dana-de-2024-en-valencia\/","url":"https:\/\/torredonjimenoactualidad.com\/index.php\/2026\/01\/07\/reconocimiento-del-ministerio-del-interior-a-cuatro-policias-locales-de-torredonjimeno-por-su-labor-durante-la-dana-de-2024-en-valencia\/","name":"Reconocimiento del Ministerio del Interior a cuatro polic\u00edas locales de Torredonjimeno por su labor durante la dana de 2024 en Valencia - Torredonjimeno Actualidad","isPartOf":{"@id":"https:\/\/torredonjimenoactualidad.com\/#website"},"datePublished":"2026-01-07T18:45:13+00:00","dateModified":"2026-01-07T20:42:10+00:00","breadcrumb":{"@id":"https:\/\/torredonjimenoactualidad.com\/index.php\/2026\/01\/07\/reconocimiento-del-ministerio-del-interior-a-cuatro-policias-locales-de-torredonjimeno-por-su-labor-durante-la-dana-de-2024-en-valencia\/#breadcrumb"},"inLanguage":"es","potentialAction":[{"@type":"ReadAction","target":["https:\/\/torredonjimenoactualidad.com\/index.php\/2026\/01\/07\/reconocimiento-del-ministerio-del-interior-a-cuatro-policias-locales-de-torredonjimeno-por-su-labor-durante-la-dana-de-2024-en-valencia\/"]}]},{"@type":"BreadcrumbList","@id":"https:\/\/torredonjimenoactualidad.com\/index.php\/2026\/01\/07\/reconocimiento-del-ministerio-del-interior-a-cuatro-policias-locales-de-torredonjimeno-por-su-labor-durante-la-dana-de-2024-en-valencia\/#breadcrumb","itemListElement":[{"@type":"ListItem","position":1,"name":"Portada","item":"https:\/\/torredonjimenoactualidad.com\/"},{"@type":"ListItem","position":2,"name":"Reconocimiento del Ministerio del Interior a cuatro polic\u00edas locales de Torredonjimeno por su labor durante la dana de 2024 en Valencia"}]},{"@type":"WebSite","@id":"https:\/\/torredonjimenoactualidad.com\/#website","url":"https:\/\/torredonjimenoactualidad.com\/","name":"Torredonjimeno Actualidad","description":"","publisher":{"@id":"https:\/\/torredonjimenoactualidad.com\/#organization"},"potentialAction":[{"@type":"SearchAction","target":{"@type":"EntryPoint","urlTemplate":"https:\/\/torredonjimenoactualidad.com\/?s={search_term_string}"},"query-input":"required name=search_term_string"}],"inLanguage":"es"},{"@type":"Organization","@id":"https:\/\/torredonjimenoactualidad.com\/#organization","name":"Torredonjimeno Actualidad","url":"https:\/\/torredonjimenoactualidad.com\/","logo":{"@type":"ImageObject","inLanguage":"es","@id":"https:\/\/torredonjimenoactualidad.com\/#\/schema\/logo\/image\/","url":"https:\/\/torredonjimenoactualidad.com\/wp-content\/uploads\/2023\/02\/logo-torredonjimeno-544x180-1.png","contentUrl":"https:\/\/torredonjimenoactualidad.com\/wp-content\/uploads\/2023\/02\/logo-torredonjimeno-544x180-1.png","width":545,"height":112,"caption":"Torredonjimeno Actualidad"},"image":{"@id":"https:\/\/torredonjimenoactualidad.com\/#\/schema\/logo\/image\/"}},{"@type":"Person","@id":"https:\/\/torredonjimenoactualidad.com\/#\/schema\/person\/84de5f233e783ef2c75151a532b54977","name":"Alba Mar\u00eda Torres","image":{"@type":"ImageObject","inLanguage":"es","@id":"https:\/\/torredonjimenoactualidad.com\/#\/schema\/person\/image\/","url":"https:\/\/secure.gravatar.com\/avatar\/f9371f188c71501b4475a9ba2a71595850ec72967f800a2ed8e3e2102859ed65?s=96&d=mm&r=g","contentUrl":"https:\/\/secure.gravatar.com\/avatar\/f9371f188c71501b4475a9ba2a71595850ec72967f800a2ed8e3e2102859ed65?s=96&d=mm&r=g","caption":"Alba Mar\u00eda Torres"},"url":"https:\/\/torredonjimenoactualidad.com\/index.php\/author\/alba-torres\/"}]}},"_links":{"self":[{"href":"https:\/\/torredonjimenoactualidad.com\/index.php\/wp-json\/wp\/v2\/posts\/4335","targetHints":{"allow":["GET"]}}],"collection":[{"href":"https:\/\/torredonjimenoactualidad.com\/index.php\/wp-json\/wp\/v2\/posts"}],"about":[{"href":"https:\/\/torredonjimenoactualidad.com\/index.php\/wp-json\/wp\/v2\/types\/post"}],"author":[{"embeddable":true,"href":"https:\/\/torredonjimenoactualidad.com\/index.php\/wp-json\/wp\/v2\/users\/2"}],"replies":[{"embeddable":true,"href":"https:\/\/torredonjimenoactualidad.com\/index.php\/wp-json\/wp\/v2\/comments?post=4335"}],"version-history":[{"count":2,"href":"https:\/\/torredonjimenoactualidad.com\/index.php\/wp-json\/wp\/v2\/posts\/4335\/revisions"}],"predecessor-version":[{"id":4338,"href":"https:\/\/torredonjimenoactualidad.com\/index.php\/wp-json\/wp\/v2\/posts\/4335\/revisions\/4338"}],"wp:featuredmedia":[{"embeddable":true,"href":"https:\/\/torredonjimenoactualidad.com\/index.php\/wp-json\/wp\/v2\/media\/4336"}],"wp:attachment":[{"href":"https:\/\/torredonjimenoactualidad.com\/index.php\/wp-json\/wp\/v2\/media?parent=4335"}],"wp:term":[{"taxonomy":"category","embeddable":true,"href":"https:\/\/torredonjimenoactualidad.com\/index.php\/wp-json\/wp\/v2\/categories?post=4335"},{"taxonomy":"post_tag","embeddable":true,"href":"https:\/\/torredonjimenoactualidad.com\/index.php\/wp-json\/wp\/v2\/tags?post=4335"}],"curies":[{"name":"wp","href":"https:\/\/api.w.org\/{rel}","templated":true}]}}