{"id":4332,"date":"2026-01-07T18:36:47","date_gmt":"2026-01-07T18:36:47","guid":{"rendered":"https:\/\/torredonjimenoactualidad.com\/?p=4332"},"modified":"2026-01-07T18:36:48","modified_gmt":"2026-01-07T18:36:48","slug":"el-partido-popular-destaca-una-inversion-historica-de-la-junta-en-la-movilidad-metropolitana-de-jaen-con-seis-millones-para-el-consorcio-en-2026","status":"publish","type":"post","link":"https:\/\/torredonjimenoactualidad.com\/index.php\/2026\/01\/07\/el-partido-popular-destaca-una-inversion-historica-de-la-junta-en-la-movilidad-metropolitana-de-jaen-con-seis-millones-para-el-consorcio-en-2026\/","title":{"rendered":"El Partido Popular destaca una inversi\u00f3n hist\u00f3rica de la Junta en la movilidad metropolitana de Ja\u00e9n con seis millones para el Consorcio en 2026"},"content":{"rendered":"\n<p>El&nbsp;<strong>Partido Popular de Ja\u00e9n<\/strong>&nbsp;ha destacado este mi\u00e9rcoles el \u201cimpulso decisivo\u201d que la Junta de Andaluc\u00eda est\u00e1 dando a la movilidad metropolitana de la capital jiennense gracias a una \u201cinversi\u00f3n hist\u00f3rica\u201d en el Consorcio de Transportes Metropolitano, que contar\u00e1 en 2026 con un presupuesto de seis millones de euros.<\/p>\n\n\n\n<p>As\u00ed lo ha se\u00f1alado en una nota de prensa el parlamentario auton\u00f3mico&nbsp;<strong>Manuel Bonilla<\/strong>, quien ha subrayado que el Consorcio \u201cno solo dispondr\u00e1 de la mayor dotaci\u00f3n econ\u00f3mica desde su creaci\u00f3n, sino tambi\u00e9n de bonificaciones reforzadas para los usuarios y del presupuesto necesario para la puesta en marcha del tranv\u00eda\u201d.<\/p>\n\n\n\n<p>Bonilla ha precisado que los seis millones de euros previstos para 2026 suponen \u201cun crecimiento del 32 por ciento respecto al a\u00f1o anterior y del 167 por ciento desde 2023\u201d. En este sentido, ha remarcado que \u201cel salto con el Gobierno de&nbsp;<strong>Juanma Moreno<\/strong>&nbsp;es incontestable\u201d, ya que, en comparaci\u00f3n con el \u00faltimo presupuesto del&nbsp;<strong>PSOE<\/strong>&nbsp;en Andaluc\u00eda, \u201cla financiaci\u00f3n ha crecido un 216 por ciento\u201d.<\/p>\n\n\n\n<p>El parlamentario popular tambi\u00e9n ha puesto el acento en la \u201ceficiencia del modelo\u201d, al indicar que los gastos de estructura del Consorcio \u201capenas suponen un nueve por ciento del presupuesto\u201d. Esto permite, seg\u00fan ha explicado, que las transferencias de la Junta a los operadores superen los 2,3 millones de euros, lo que supone 520.000 euros m\u00e1s que el a\u00f1o anterior. \u201cEs una inyecci\u00f3n directa para mejorar el servicio y favorecer una movilidad accesible y sostenible en toda el \u00e1rea metropolitana\u201d, ha afirmado.<\/p>\n\n\n\n<p>A este esfuerzo inversor, Bonilla ha sumado el \u201cblindaje\u201d de las bonificaciones al transporte p\u00fablico. Andaluc\u00eda, ha se\u00f1alado, \u201cno solo aplicar\u00e1 las ayudas del Ministerio, sino que financiar\u00e1 de manera voluntaria un 20 por ciento de descuento adicional durante todo 2026\u201d. Gracias a ello, se garantiza la gratuidad total para los menores de 15 a\u00f1os, descuentos del 50 por ciento para j\u00f3venes de hasta 30 a\u00f1os y una bonificaci\u00f3n del 40 por ciento para el resto de abonos, con un 20 por ciento asumido \u00edntegramente por la Junta.<\/p>\n\n\n\n<p>\u201cEl Ejecutivo andaluz hace una apuesta clara por el transporte p\u00fablico como herramienta para aliviar la econom\u00eda de miles de familias jiennenses\u201d, ha subrayado Bonilla, quien ha lamentado que \u201cla Diputaci\u00f3n y los ayuntamientos gobernados por el PSOE no apoyaran un presupuesto que permite un ahorro importante a miles de vecinos de la provincia\u201d.<\/p>\n\n\n\n<p>En este contexto, ha se\u00f1alado directamente al presidente de la Diputaci\u00f3n,&nbsp;<strong>Francisco Reyes<\/strong>, al alcalde de Arjona,&nbsp;<strong>Juan Latorre<\/strong>, y a los regidores socialistas de municipios como Martos, Torredelcampo o Fuerte del Rey, a quienes ha pedido que \u201cexpliquen a sus vecinos por qu\u00e9 no apoyan unas cuentas que mejoran su movilidad diaria y les permiten un ahorro importante\u201d.<\/p>\n\n\n\n<p>\u201cEs incomprensible: han votado en contra de su propia gente. Prefieren el bloqueo y el castigo de las siglas antes que el beneficio de sus pueblos\u201d, ha concluido el parlamentario del PP jiennense.<\/p>\n","protected":false},"excerpt":{"rendered":"<p>El&nbsp;Partido Popular de Ja\u00e9n&nbsp;ha destacado este mi\u00e9rcoles el \u201cimpulso decisivo\u201d que la Junta de Andaluc\u00eda est\u00e1 dando a la movilidad metropolitana de la capital jiennense gracias a una \u201cinversi\u00f3n hist\u00f3rica\u201d en el Consorcio de Transportes Metropolitano, que contar\u00e1 en 2026 con un presupuesto de seis millones de euros. As\u00ed lo ha se\u00f1alado en una nota &hellip;<\/p>\n<p class=\"read-more\"> <a class=\"\" href=\"https:\/\/torredonjimenoactualidad.com\/index.php\/2026\/01\/07\/el-partido-popular-destaca-una-inversion-historica-de-la-junta-en-la-movilidad-metropolitana-de-jaen-con-seis-millones-para-el-consorcio-en-2026\/\"> <span class=\"screen-reader-text\">El Partido Popular destaca una inversi\u00f3n hist\u00f3rica de la Junta en la movilidad metropolitana de Ja\u00e9n con seis millones para el Consorcio en 2026<\/span> Leer m\u00e1s &raquo;<\/a><\/p>\n","protected":false},"author":2,"featured_media":4333,"comment_status":"closed","ping_status":"open","sticky":false,"template":"","format":"standard","meta":{"site-sidebar-layout":"default","site-content-layout":"default","ast-global-header-display":"","ast-main-header-display":"","ast-hfb-above-header-display":"","ast-hfb-below-header-display":"","ast-hfb-mobile-header-display":"","site-post-title":"","ast-breadcrumbs-content":"","ast-featured-img":"","footer-sml-layout":"","theme-transparent-header-meta":"","adv-header-id-meta":"","stick-header-meta":"","header-above-stick-meta":"","header-main-stick-meta":"","header-below-stick-meta":"","footnotes":""},"categories":[8],"tags":[],"class_list":["post-4332","post","type-post","status-publish","format-standard","has-post-thumbnail","hentry","category-provincia"],"yoast_head":"<!-- This site is optimized with the Yoast SEO plugin v20.8 - https:\/\/yoast.com\/wordpress\/plugins\/seo\/ -->\n<title>El Partido Popular destaca una inversi\u00f3n hist\u00f3rica de la Junta en la movilidad metropolitana de Ja\u00e9n con seis millones para el Consorcio en 2026 - Torredonjimeno Actualidad<\/title>\n<meta name=\"robots\" content=\"index, follow, max-snippet:-1, max-image-preview:large, max-video-preview:-1\" \/>\n<link rel=\"canonical\" href=\"https:\/\/torredonjimenoactualidad.com\/index.php\/2026\/01\/07\/el-partido-popular-destaca-una-inversion-historica-de-la-junta-en-la-movilidad-metropolitana-de-jaen-con-seis-millones-para-el-consorcio-en-2026\/\" \/>\n<meta property=\"og:locale\" content=\"es_ES\" \/>\n<meta property=\"og:type\" content=\"article\" \/>\n<meta property=\"og:title\" content=\"El Partido Popular destaca una inversi\u00f3n hist\u00f3rica de la Junta en la movilidad metropolitana de Ja\u00e9n con seis millones para el Consorcio en 2026 - Torredonjimeno Actualidad\" \/>\n<meta property=\"og:description\" content=\"El&nbsp;Partido Popular de Ja\u00e9n&nbsp;ha destacado este mi\u00e9rcoles el \u201cimpulso decisivo\u201d que la Junta de Andaluc\u00eda est\u00e1 dando a la movilidad metropolitana de la capital jiennense gracias a una \u201cinversi\u00f3n hist\u00f3rica\u201d en el Consorcio de Transportes Metropolitano, que contar\u00e1 en 2026 con un presupuesto de seis millones de euros. As\u00ed lo ha se\u00f1alado en una nota &hellip; El Partido Popular destaca una inversi\u00f3n hist\u00f3rica de la Junta en la movilidad metropolitana de Ja\u00e9n con seis millones para el Consorcio en 2026 Leer m\u00e1s &raquo;\" \/>\n<meta property=\"og:url\" content=\"https:\/\/torredonjimenoactualidad.com\/index.php\/2026\/01\/07\/el-partido-popular-destaca-una-inversion-historica-de-la-junta-en-la-movilidad-metropolitana-de-jaen-con-seis-millones-para-el-consorcio-en-2026\/\" \/>\n<meta property=\"og:site_name\" content=\"Torredonjimeno Actualidad\" \/>\n<meta property=\"article:published_time\" content=\"2026-01-07T18:36:47+00:00\" \/>\n<meta property=\"article:modified_time\" content=\"2026-01-07T18:36:48+00:00\" \/>\n<meta property=\"og:image\" content=\"https:\/\/torredonjimenoactualidad.com\/wp-content\/uploads\/2026\/01\/Bonilla.jpg\" \/>\n\t<meta property=\"og:image:width\" content=\"1910\" \/>\n\t<meta property=\"og:image:height\" content=\"1092\" \/>\n\t<meta property=\"og:image:type\" content=\"image\/jpeg\" \/>\n<meta name=\"author\" content=\"Alba Mar\u00eda Torres\" \/>\n<meta name=\"twitter:card\" content=\"summary_large_image\" \/>\n<meta name=\"twitter:label1\" content=\"Escrito por\" \/>\n\t<meta name=\"twitter:data1\" content=\"Alba Mar\u00eda Torres\" \/>\n\t<meta name=\"twitter:label2\" content=\"Tiempo de lectura\" \/>\n\t<meta name=\"twitter:data2\" content=\"3 minutos\" \/>\n<script type=\"application\/ld+json\" class=\"yoast-schema-graph\">{\"@context\":\"https:\/\/schema.org\",\"@graph\":[{\"@type\":\"Article\",\"@id\":\"https:\/\/torredonjimenoactualidad.com\/index.php\/2026\/01\/07\/el-partido-popular-destaca-una-inversion-historica-de-la-junta-en-la-movilidad-metropolitana-de-jaen-con-seis-millones-para-el-consorcio-en-2026\/#article\",\"isPartOf\":{\"@id\":\"https:\/\/torredonjimenoactualidad.com\/index.php\/2026\/01\/07\/el-partido-popular-destaca-una-inversion-historica-de-la-junta-en-la-movilidad-metropolitana-de-jaen-con-seis-millones-para-el-consorcio-en-2026\/\"},\"author\":{\"name\":\"Alba Mar\u00eda Torres\",\"@id\":\"https:\/\/torredonjimenoactualidad.com\/#\/schema\/person\/84de5f233e783ef2c75151a532b54977\"},\"headline\":\"El Partido Popular destaca una inversi\u00f3n hist\u00f3rica de la Junta en la movilidad metropolitana de Ja\u00e9n con seis millones para el Consorcio en 2026\",\"datePublished\":\"2026-01-07T18:36:47+00:00\",\"dateModified\":\"2026-01-07T18:36:48+00:00\",\"mainEntityOfPage\":{\"@id\":\"https:\/\/torredonjimenoactualidad.com\/index.php\/2026\/01\/07\/el-partido-popular-destaca-una-inversion-historica-de-la-junta-en-la-movilidad-metropolitana-de-jaen-con-seis-millones-para-el-consorcio-en-2026\/\"},\"wordCount\":535,\"publisher\":{\"@id\":\"https:\/\/torredonjimenoactualidad.com\/#organization\"},\"articleSection\":[\"provincia\"],\"inLanguage\":\"es\"},{\"@type\":\"WebPage\",\"@id\":\"https:\/\/torredonjimenoactualidad.com\/index.php\/2026\/01\/07\/el-partido-popular-destaca-una-inversion-historica-de-la-junta-en-la-movilidad-metropolitana-de-jaen-con-seis-millones-para-el-consorcio-en-2026\/\",\"url\":\"https:\/\/torredonjimenoactualidad.com\/index.php\/2026\/01\/07\/el-partido-popular-destaca-una-inversion-historica-de-la-junta-en-la-movilidad-metropolitana-de-jaen-con-seis-millones-para-el-consorcio-en-2026\/\",\"name\":\"El Partido Popular destaca una inversi\u00f3n hist\u00f3rica de la Junta en la movilidad metropolitana de Ja\u00e9n con seis millones para el Consorcio en 2026 - Torredonjimeno Actualidad\",\"isPartOf\":{\"@id\":\"https:\/\/torredonjimenoactualidad.com\/#website\"},\"datePublished\":\"2026-01-07T18:36:47+00:00\",\"dateModified\":\"2026-01-07T18:36:48+00:00\",\"breadcrumb\":{\"@id\":\"https:\/\/torredonjimenoactualidad.com\/index.php\/2026\/01\/07\/el-partido-popular-destaca-una-inversion-historica-de-la-junta-en-la-movilidad-metropolitana-de-jaen-con-seis-millones-para-el-consorcio-en-2026\/#breadcrumb\"},\"inLanguage\":\"es\",\"potentialAction\":[{\"@type\":\"ReadAction\",\"target\":[\"https:\/\/torredonjimenoactualidad.com\/index.php\/2026\/01\/07\/el-partido-popular-destaca-una-inversion-historica-de-la-junta-en-la-movilidad-metropolitana-de-jaen-con-seis-millones-para-el-consorcio-en-2026\/\"]}]},{\"@type\":\"BreadcrumbList\",\"@id\":\"https:\/\/torredonjimenoactualidad.com\/index.php\/2026\/01\/07\/el-partido-popular-destaca-una-inversion-historica-de-la-junta-en-la-movilidad-metropolitana-de-jaen-con-seis-millones-para-el-consorcio-en-2026\/#breadcrumb\",\"itemListElement\":[{\"@type\":\"ListItem\",\"position\":1,\"name\":\"Portada\",\"item\":\"https:\/\/torredonjimenoactualidad.com\/\"},{\"@type\":\"ListItem\",\"position\":2,\"name\":\"El Partido Popular destaca una inversi\u00f3n hist\u00f3rica de la Junta en la movilidad metropolitana de Ja\u00e9n con seis millones para el Consorcio en 2026\"}]},{\"@type\":\"WebSite\",\"@id\":\"https:\/\/torredonjimenoactualidad.com\/#website\",\"url\":\"https:\/\/torredonjimenoactualidad.com\/\",\"name\":\"Torredonjimeno Actualidad\",\"description\":\"\",\"publisher\":{\"@id\":\"https:\/\/torredonjimenoactualidad.com\/#organization\"},\"potentialAction\":[{\"@type\":\"SearchAction\",\"target\":{\"@type\":\"EntryPoint\",\"urlTemplate\":\"https:\/\/torredonjimenoactualidad.com\/?s={search_term_string}\"},\"query-input\":\"required name=search_term_string\"}],\"inLanguage\":\"es\"},{\"@type\":\"Organization\",\"@id\":\"https:\/\/torredonjimenoactualidad.com\/#organization\",\"name\":\"Torredonjimeno Actualidad\",\"url\":\"https:\/\/torredonjimenoactualidad.com\/\",\"logo\":{\"@type\":\"ImageObject\",\"inLanguage\":\"es\",\"@id\":\"https:\/\/torredonjimenoactualidad.com\/#\/schema\/logo\/image\/\",\"url\":\"https:\/\/torredonjimenoactualidad.com\/wp-content\/uploads\/2023\/02\/logo-torredonjimeno-544x180-1.png\",\"contentUrl\":\"https:\/\/torredonjimenoactualidad.com\/wp-content\/uploads\/2023\/02\/logo-torredonjimeno-544x180-1.png\",\"width\":545,\"height\":112,\"caption\":\"Torredonjimeno Actualidad\"},\"image\":{\"@id\":\"https:\/\/torredonjimenoactualidad.com\/#\/schema\/logo\/image\/\"}},{\"@type\":\"Person\",\"@id\":\"https:\/\/torredonjimenoactualidad.com\/#\/schema\/person\/84de5f233e783ef2c75151a532b54977\",\"name\":\"Alba Mar\u00eda Torres\",\"image\":{\"@type\":\"ImageObject\",\"inLanguage\":\"es\",\"@id\":\"https:\/\/torredonjimenoactualidad.com\/#\/schema\/person\/image\/\",\"url\":\"https:\/\/secure.gravatar.com\/avatar\/f9371f188c71501b4475a9ba2a71595850ec72967f800a2ed8e3e2102859ed65?s=96&d=mm&r=g\",\"contentUrl\":\"https:\/\/secure.gravatar.com\/avatar\/f9371f188c71501b4475a9ba2a71595850ec72967f800a2ed8e3e2102859ed65?s=96&d=mm&r=g\",\"caption\":\"Alba Mar\u00eda Torres\"},\"url\":\"https:\/\/torredonjimenoactualidad.com\/index.php\/author\/alba-torres\/\"}]}<\/script>\n<!-- \/ Yoast SEO plugin. -->","yoast_head_json":{"title":"El Partido Popular destaca una inversi\u00f3n hist\u00f3rica de la Junta en la movilidad metropolitana de Ja\u00e9n con seis millones para el Consorcio en 2026 - Torredonjimeno Actualidad","robots":{"index":"index","follow":"follow","max-snippet":"max-snippet:-1","max-image-preview":"max-image-preview:large","max-video-preview":"max-video-preview:-1"},"canonical":"https:\/\/torredonjimenoactualidad.com\/index.php\/2026\/01\/07\/el-partido-popular-destaca-una-inversion-historica-de-la-junta-en-la-movilidad-metropolitana-de-jaen-con-seis-millones-para-el-consorcio-en-2026\/","og_locale":"es_ES","og_type":"article","og_title":"El Partido Popular destaca una inversi\u00f3n hist\u00f3rica de la Junta en la movilidad metropolitana de Ja\u00e9n con seis millones para el Consorcio en 2026 - Torredonjimeno Actualidad","og_description":"El&nbsp;Partido Popular de Ja\u00e9n&nbsp;ha destacado este mi\u00e9rcoles el \u201cimpulso decisivo\u201d que la Junta de Andaluc\u00eda est\u00e1 dando a la movilidad metropolitana de la capital jiennense gracias a una \u201cinversi\u00f3n hist\u00f3rica\u201d en el Consorcio de Transportes Metropolitano, que contar\u00e1 en 2026 con un presupuesto de seis millones de euros. As\u00ed lo ha se\u00f1alado en una nota &hellip; El Partido Popular destaca una inversi\u00f3n hist\u00f3rica de la Junta en la movilidad metropolitana de Ja\u00e9n con seis millones para el Consorcio en 2026 Leer m\u00e1s &raquo;","og_url":"https:\/\/torredonjimenoactualidad.com\/index.php\/2026\/01\/07\/el-partido-popular-destaca-una-inversion-historica-de-la-junta-en-la-movilidad-metropolitana-de-jaen-con-seis-millones-para-el-consorcio-en-2026\/","og_site_name":"Torredonjimeno Actualidad","article_published_time":"2026-01-07T18:36:47+00:00","article_modified_time":"2026-01-07T18:36:48+00:00","og_image":[{"width":1910,"height":1092,"url":"https:\/\/torredonjimenoactualidad.com\/wp-content\/uploads\/2026\/01\/Bonilla.jpg","type":"image\/jpeg"}],"author":"Alba Mar\u00eda Torres","twitter_card":"summary_large_image","twitter_misc":{"Escrito por":"Alba Mar\u00eda Torres","Tiempo de lectura":"3 minutos"},"schema":{"@context":"https:\/\/schema.org","@graph":[{"@type":"Article","@id":"https:\/\/torredonjimenoactualidad.com\/index.php\/2026\/01\/07\/el-partido-popular-destaca-una-inversion-historica-de-la-junta-en-la-movilidad-metropolitana-de-jaen-con-seis-millones-para-el-consorcio-en-2026\/#article","isPartOf":{"@id":"https:\/\/torredonjimenoactualidad.com\/index.php\/2026\/01\/07\/el-partido-popular-destaca-una-inversion-historica-de-la-junta-en-la-movilidad-metropolitana-de-jaen-con-seis-millones-para-el-consorcio-en-2026\/"},"author":{"name":"Alba Mar\u00eda Torres","@id":"https:\/\/torredonjimenoactualidad.com\/#\/schema\/person\/84de5f233e783ef2c75151a532b54977"},"headline":"El Partido Popular destaca una inversi\u00f3n hist\u00f3rica de la Junta en la movilidad metropolitana de Ja\u00e9n con seis millones para el Consorcio en 2026","datePublished":"2026-01-07T18:36:47+00:00","dateModified":"2026-01-07T18:36:48+00:00","mainEntityOfPage":{"@id":"https:\/\/torredonjimenoactualidad.com\/index.php\/2026\/01\/07\/el-partido-popular-destaca-una-inversion-historica-de-la-junta-en-la-movilidad-metropolitana-de-jaen-con-seis-millones-para-el-consorcio-en-2026\/"},"wordCount":535,"publisher":{"@id":"https:\/\/torredonjimenoactualidad.com\/#organization"},"articleSection":["provincia"],"inLanguage":"es"},{"@type":"WebPage","@id":"https:\/\/torredonjimenoactualidad.com\/index.php\/2026\/01\/07\/el-partido-popular-destaca-una-inversion-historica-de-la-junta-en-la-movilidad-metropolitana-de-jaen-con-seis-millones-para-el-consorcio-en-2026\/","url":"https:\/\/torredonjimenoactualidad.com\/index.php\/2026\/01\/07\/el-partido-popular-destaca-una-inversion-historica-de-la-junta-en-la-movilidad-metropolitana-de-jaen-con-seis-millones-para-el-consorcio-en-2026\/","name":"El Partido Popular destaca una inversi\u00f3n hist\u00f3rica de la Junta en la movilidad metropolitana de Ja\u00e9n con seis millones para el Consorcio en 2026 - Torredonjimeno Actualidad","isPartOf":{"@id":"https:\/\/torredonjimenoactualidad.com\/#website"},"datePublished":"2026-01-07T18:36:47+00:00","dateModified":"2026-01-07T18:36:48+00:00","breadcrumb":{"@id":"https:\/\/torredonjimenoactualidad.com\/index.php\/2026\/01\/07\/el-partido-popular-destaca-una-inversion-historica-de-la-junta-en-la-movilidad-metropolitana-de-jaen-con-seis-millones-para-el-consorcio-en-2026\/#breadcrumb"},"inLanguage":"es","potentialAction":[{"@type":"ReadAction","target":["https:\/\/torredonjimenoactualidad.com\/index.php\/2026\/01\/07\/el-partido-popular-destaca-una-inversion-historica-de-la-junta-en-la-movilidad-metropolitana-de-jaen-con-seis-millones-para-el-consorcio-en-2026\/"]}]},{"@type":"BreadcrumbList","@id":"https:\/\/torredonjimenoactualidad.com\/index.php\/2026\/01\/07\/el-partido-popular-destaca-una-inversion-historica-de-la-junta-en-la-movilidad-metropolitana-de-jaen-con-seis-millones-para-el-consorcio-en-2026\/#breadcrumb","itemListElement":[{"@type":"ListItem","position":1,"name":"Portada","item":"https:\/\/torredonjimenoactualidad.com\/"},{"@type":"ListItem","position":2,"name":"El Partido Popular destaca una inversi\u00f3n hist\u00f3rica de la Junta en la movilidad metropolitana de Ja\u00e9n con seis millones para el Consorcio en 2026"}]},{"@type":"WebSite","@id":"https:\/\/torredonjimenoactualidad.com\/#website","url":"https:\/\/torredonjimenoactualidad.com\/","name":"Torredonjimeno Actualidad","description":"","publisher":{"@id":"https:\/\/torredonjimenoactualidad.com\/#organization"},"potentialAction":[{"@type":"SearchAction","target":{"@type":"EntryPoint","urlTemplate":"https:\/\/torredonjimenoactualidad.com\/?s={search_term_string}"},"query-input":"required name=search_term_string"}],"inLanguage":"es"},{"@type":"Organization","@id":"https:\/\/torredonjimenoactualidad.com\/#organization","name":"Torredonjimeno Actualidad","url":"https:\/\/torredonjimenoactualidad.com\/","logo":{"@type":"ImageObject","inLanguage":"es","@id":"https:\/\/torredonjimenoactualidad.com\/#\/schema\/logo\/image\/","url":"https:\/\/torredonjimenoactualidad.com\/wp-content\/uploads\/2023\/02\/logo-torredonjimeno-544x180-1.png","contentUrl":"https:\/\/torredonjimenoactualidad.com\/wp-content\/uploads\/2023\/02\/logo-torredonjimeno-544x180-1.png","width":545,"height":112,"caption":"Torredonjimeno Actualidad"},"image":{"@id":"https:\/\/torredonjimenoactualidad.com\/#\/schema\/logo\/image\/"}},{"@type":"Person","@id":"https:\/\/torredonjimenoactualidad.com\/#\/schema\/person\/84de5f233e783ef2c75151a532b54977","name":"Alba Mar\u00eda Torres","image":{"@type":"ImageObject","inLanguage":"es","@id":"https:\/\/torredonjimenoactualidad.com\/#\/schema\/person\/image\/","url":"https:\/\/secure.gravatar.com\/avatar\/f9371f188c71501b4475a9ba2a71595850ec72967f800a2ed8e3e2102859ed65?s=96&d=mm&r=g","contentUrl":"https:\/\/secure.gravatar.com\/avatar\/f9371f188c71501b4475a9ba2a71595850ec72967f800a2ed8e3e2102859ed65?s=96&d=mm&r=g","caption":"Alba Mar\u00eda Torres"},"url":"https:\/\/torredonjimenoactualidad.com\/index.php\/author\/alba-torres\/"}]}},"_links":{"self":[{"href":"https:\/\/torredonjimenoactualidad.com\/index.php\/wp-json\/wp\/v2\/posts\/4332","targetHints":{"allow":["GET"]}}],"collection":[{"href":"https:\/\/torredonjimenoactualidad.com\/index.php\/wp-json\/wp\/v2\/posts"}],"about":[{"href":"https:\/\/torredonjimenoactualidad.com\/index.php\/wp-json\/wp\/v2\/types\/post"}],"author":[{"embeddable":true,"href":"https:\/\/torredonjimenoactualidad.com\/index.php\/wp-json\/wp\/v2\/users\/2"}],"replies":[{"embeddable":true,"href":"https:\/\/torredonjimenoactualidad.com\/index.php\/wp-json\/wp\/v2\/comments?post=4332"}],"version-history":[{"count":1,"href":"https:\/\/torredonjimenoactualidad.com\/index.php\/wp-json\/wp\/v2\/posts\/4332\/revisions"}],"predecessor-version":[{"id":4334,"href":"https:\/\/torredonjimenoactualidad.com\/index.php\/wp-json\/wp\/v2\/posts\/4332\/revisions\/4334"}],"wp:featuredmedia":[{"embeddable":true,"href":"https:\/\/torredonjimenoactualidad.com\/index.php\/wp-json\/wp\/v2\/media\/4333"}],"wp:attachment":[{"href":"https:\/\/torredonjimenoactualidad.com\/index.php\/wp-json\/wp\/v2\/media?parent=4332"}],"wp:term":[{"taxonomy":"category","embeddable":true,"href":"https:\/\/torredonjimenoactualidad.com\/index.php\/wp-json\/wp\/v2\/categories?post=4332"},{"taxonomy":"post_tag","embeddable":true,"href":"https:\/\/torredonjimenoactualidad.com\/index.php\/wp-json\/wp\/v2\/tags?post=4332"}],"curies":[{"name":"wp","href":"https:\/\/api.w.org\/{rel}","templated":true}]}}