{"id":4329,"date":"2026-01-05T13:42:04","date_gmt":"2026-01-05T13:42:04","guid":{"rendered":"https:\/\/torredonjimenoactualidad.com\/?p=4329"},"modified":"2026-01-05T13:42:06","modified_gmt":"2026-01-05T13:42:06","slug":"el-psoe-presentara-iniciativas-en-el-parlamento-para-mejorar-la-situacion-del-profesorado-de-audicion-y-lenguaje","status":"publish","type":"post","link":"https:\/\/torredonjimenoactualidad.com\/index.php\/2026\/01\/05\/el-psoe-presentara-iniciativas-en-el-parlamento-para-mejorar-la-situacion-del-profesorado-de-audicion-y-lenguaje\/","title":{"rendered":"El PSOE presentar\u00e1 iniciativas en el Parlamento para mejorar la situaci\u00f3n del profesorado de Audici\u00f3n y Lenguaje"},"content":{"rendered":"\n<p>El PSOE de Ja\u00e9n llevar\u00e1 al Parlamento andaluz iniciativas en forma de preguntas y Proposiciones no de Ley (PNL) para recoger \u00ablas necesidades del profesorado de Audici\u00f3n y Lenguaje\u00bb que atiende al alumnado con necesidades educativas especiales.<\/p>\n\n\n\n<p>El parlamentario Jacinto Viedma ha denunciado la \u00abnefasta gesti\u00f3n\u00bb de la Junta de Andaluc\u00eda y de la Consejer\u00eda de Desarrollo Educativo respecto a este colectivo. Viedma ha hecho estas declaraciones tras mantener una reuni\u00f3n con la Plataforma de Profesores de Audici\u00f3n y Lenguaje de la provincia de Ja\u00e9n, donde han trasladado al Grupo Parlamentario \u00abla situaci\u00f3n que est\u00e1n sufriendo en los centros educativos\u00bb.<\/p>\n\n\n\n<p>Una de las representantes Isabel Segura ha explicado que la principal reivindicaci\u00f3n es la voluntariedad de los puestos de Audici\u00f3n y Lenguaje. \u00abNosotros adquirimos por concurso de traslado la plaza en un centro y despu\u00e9s se nos est\u00e1 obligando a atender dos, tres o equis centros, dejando alumnado sin atender o con los tiempos m\u00ednimos\u00bb, ha detallado.<\/p>\n\n\n\n<p>En este punto, ha reclamado \u00abtiempo y recursos\u00bb para poder ejercer sus funciones, tanto en materia de prevenci\u00f3n como de intervenci\u00f3n con alumnado de necesidades espec\u00edficas y educativas especiales. Por su parte, Isidoro Real ha apuntado que \u00e9ste es un colectivo que trabaja \u00abde manera vocacional\u00bb con un perfil de alumnado muy significativo, siendo conscientes de que \u00abfaltan recursos humanos\u00bb.<\/p>\n\n\n\n<p>\u00abS\u00f3lo hay que comparar la estad\u00edstica de maestros de Pedagog\u00eda Terap\u00e9utica y Audici\u00f3n y Lenguaje. Esperamos que con la ayuda de todos consigamos que este alumnado reciba la educaci\u00f3n que necesita de ambos \u00e1mbitos, de PT y de AL\u00bb, ha dicho.<\/p>\n\n\n\n<p>La profesora Carmen G\u00f3mez tambi\u00e9n ha advertido que los puestos espec\u00edficos, por ejemplo de lengua de signos, \u00abest\u00e1n como desactualizados\u00bb, porque hay muchas personas que est\u00e1n en ese perfil y sin embargo ya no hay alumnado con discapacidad auditiva. \u00abPedimos la revisi\u00f3n de esos puestos para sacarlas como vacantes si no tienen alumnado y que haya una buena selecci\u00f3n y asignaci\u00f3n de ese proceso de regulaci\u00f3n para entrar en esas bolsas tan espec\u00edficas\u00bb, ha concluido G\u00f3mez.<\/p>\n","protected":false},"excerpt":{"rendered":"<p>El PSOE de Ja\u00e9n llevar\u00e1 al Parlamento andaluz iniciativas en forma de preguntas y Proposiciones no de Ley (PNL) para recoger \u00ablas necesidades del profesorado de Audici\u00f3n y Lenguaje\u00bb que atiende al alumnado con necesidades educativas especiales. El parlamentario Jacinto Viedma ha denunciado la \u00abnefasta gesti\u00f3n\u00bb de la Junta de Andaluc\u00eda y de la Consejer\u00eda &hellip;<\/p>\n<p class=\"read-more\"> <a class=\"\" href=\"https:\/\/torredonjimenoactualidad.com\/index.php\/2026\/01\/05\/el-psoe-presentara-iniciativas-en-el-parlamento-para-mejorar-la-situacion-del-profesorado-de-audicion-y-lenguaje\/\"> <span class=\"screen-reader-text\">El PSOE presentar\u00e1 iniciativas en el Parlamento para mejorar la situaci\u00f3n del profesorado de Audici\u00f3n y Lenguaje<\/span> Leer m\u00e1s &raquo;<\/a><\/p>\n","protected":false},"author":3,"featured_media":4330,"comment_status":"closed","ping_status":"open","sticky":false,"template":"","format":"standard","meta":{"site-sidebar-layout":"default","site-content-layout":"default","ast-global-header-display":"","ast-main-header-display":"","ast-hfb-above-header-display":"","ast-hfb-below-header-display":"","ast-hfb-mobile-header-display":"","site-post-title":"","ast-breadcrumbs-content":"","ast-featured-img":"","footer-sml-layout":"","theme-transparent-header-meta":"","adv-header-id-meta":"","stick-header-meta":"","header-above-stick-meta":"","header-main-stick-meta":"","header-below-stick-meta":"","footnotes":""},"categories":[8],"tags":[],"class_list":["post-4329","post","type-post","status-publish","format-standard","has-post-thumbnail","hentry","category-provincia"],"yoast_head":"<!-- This site is optimized with the Yoast SEO plugin v20.8 - https:\/\/yoast.com\/wordpress\/plugins\/seo\/ -->\n<title>El PSOE presentar\u00e1 iniciativas en el Parlamento para mejorar la situaci\u00f3n del profesorado de Audici\u00f3n y Lenguaje - Torredonjimeno Actualidad<\/title>\n<meta name=\"robots\" content=\"index, follow, max-snippet:-1, max-image-preview:large, max-video-preview:-1\" \/>\n<link rel=\"canonical\" href=\"https:\/\/torredonjimenoactualidad.com\/index.php\/2026\/01\/05\/el-psoe-presentara-iniciativas-en-el-parlamento-para-mejorar-la-situacion-del-profesorado-de-audicion-y-lenguaje\/\" \/>\n<meta property=\"og:locale\" content=\"es_ES\" \/>\n<meta property=\"og:type\" content=\"article\" \/>\n<meta property=\"og:title\" content=\"El PSOE presentar\u00e1 iniciativas en el Parlamento para mejorar la situaci\u00f3n del profesorado de Audici\u00f3n y Lenguaje - Torredonjimeno Actualidad\" \/>\n<meta property=\"og:description\" content=\"El PSOE de Ja\u00e9n llevar\u00e1 al Parlamento andaluz iniciativas en forma de preguntas y Proposiciones no de Ley (PNL) para recoger \u00ablas necesidades del profesorado de Audici\u00f3n y Lenguaje\u00bb que atiende al alumnado con necesidades educativas especiales. El parlamentario Jacinto Viedma ha denunciado la \u00abnefasta gesti\u00f3n\u00bb de la Junta de Andaluc\u00eda y de la Consejer\u00eda &hellip; El PSOE presentar\u00e1 iniciativas en el Parlamento para mejorar la situaci\u00f3n del profesorado de Audici\u00f3n y Lenguaje Leer m\u00e1s &raquo;\" \/>\n<meta property=\"og:url\" content=\"https:\/\/torredonjimenoactualidad.com\/index.php\/2026\/01\/05\/el-psoe-presentara-iniciativas-en-el-parlamento-para-mejorar-la-situacion-del-profesorado-de-audicion-y-lenguaje\/\" \/>\n<meta property=\"og:site_name\" content=\"Torredonjimeno Actualidad\" \/>\n<meta property=\"article:published_time\" content=\"2026-01-05T13:42:04+00:00\" \/>\n<meta property=\"article:modified_time\" content=\"2026-01-05T13:42:06+00:00\" \/>\n<meta property=\"og:image\" content=\"https:\/\/torredonjimenoactualidad.com\/wp-content\/uploads\/2026\/01\/fotonoticia_20260105142610_1920.jpg\" \/>\n\t<meta property=\"og:image:width\" content=\"1920\" \/>\n\t<meta property=\"og:image:height\" content=\"1097\" \/>\n\t<meta property=\"og:image:type\" content=\"image\/jpeg\" \/>\n<meta name=\"author\" content=\"Redaccion\" \/>\n<meta name=\"twitter:card\" content=\"summary_large_image\" \/>\n<meta name=\"twitter:label1\" content=\"Escrito por\" \/>\n\t<meta name=\"twitter:data1\" content=\"Redaccion\" \/>\n\t<meta name=\"twitter:label2\" content=\"Tiempo de lectura\" \/>\n\t<meta name=\"twitter:data2\" content=\"2 minutos\" \/>\n<script type=\"application\/ld+json\" class=\"yoast-schema-graph\">{\"@context\":\"https:\/\/schema.org\",\"@graph\":[{\"@type\":\"Article\",\"@id\":\"https:\/\/torredonjimenoactualidad.com\/index.php\/2026\/01\/05\/el-psoe-presentara-iniciativas-en-el-parlamento-para-mejorar-la-situacion-del-profesorado-de-audicion-y-lenguaje\/#article\",\"isPartOf\":{\"@id\":\"https:\/\/torredonjimenoactualidad.com\/index.php\/2026\/01\/05\/el-psoe-presentara-iniciativas-en-el-parlamento-para-mejorar-la-situacion-del-profesorado-de-audicion-y-lenguaje\/\"},\"author\":{\"name\":\"Redaccion\",\"@id\":\"https:\/\/torredonjimenoactualidad.com\/#\/schema\/person\/11f05803cdf40dbeb7f4fbf2365c9ac5\"},\"headline\":\"El PSOE presentar\u00e1 iniciativas en el Parlamento para mejorar la situaci\u00f3n del profesorado de Audici\u00f3n y Lenguaje\",\"datePublished\":\"2026-01-05T13:42:04+00:00\",\"dateModified\":\"2026-01-05T13:42:06+00:00\",\"mainEntityOfPage\":{\"@id\":\"https:\/\/torredonjimenoactualidad.com\/index.php\/2026\/01\/05\/el-psoe-presentara-iniciativas-en-el-parlamento-para-mejorar-la-situacion-del-profesorado-de-audicion-y-lenguaje\/\"},\"wordCount\":387,\"publisher\":{\"@id\":\"https:\/\/torredonjimenoactualidad.com\/#organization\"},\"articleSection\":[\"provincia\"],\"inLanguage\":\"es\"},{\"@type\":\"WebPage\",\"@id\":\"https:\/\/torredonjimenoactualidad.com\/index.php\/2026\/01\/05\/el-psoe-presentara-iniciativas-en-el-parlamento-para-mejorar-la-situacion-del-profesorado-de-audicion-y-lenguaje\/\",\"url\":\"https:\/\/torredonjimenoactualidad.com\/index.php\/2026\/01\/05\/el-psoe-presentara-iniciativas-en-el-parlamento-para-mejorar-la-situacion-del-profesorado-de-audicion-y-lenguaje\/\",\"name\":\"El PSOE presentar\u00e1 iniciativas en el Parlamento para mejorar la situaci\u00f3n del profesorado de Audici\u00f3n y Lenguaje - Torredonjimeno Actualidad\",\"isPartOf\":{\"@id\":\"https:\/\/torredonjimenoactualidad.com\/#website\"},\"datePublished\":\"2026-01-05T13:42:04+00:00\",\"dateModified\":\"2026-01-05T13:42:06+00:00\",\"breadcrumb\":{\"@id\":\"https:\/\/torredonjimenoactualidad.com\/index.php\/2026\/01\/05\/el-psoe-presentara-iniciativas-en-el-parlamento-para-mejorar-la-situacion-del-profesorado-de-audicion-y-lenguaje\/#breadcrumb\"},\"inLanguage\":\"es\",\"potentialAction\":[{\"@type\":\"ReadAction\",\"target\":[\"https:\/\/torredonjimenoactualidad.com\/index.php\/2026\/01\/05\/el-psoe-presentara-iniciativas-en-el-parlamento-para-mejorar-la-situacion-del-profesorado-de-audicion-y-lenguaje\/\"]}]},{\"@type\":\"BreadcrumbList\",\"@id\":\"https:\/\/torredonjimenoactualidad.com\/index.php\/2026\/01\/05\/el-psoe-presentara-iniciativas-en-el-parlamento-para-mejorar-la-situacion-del-profesorado-de-audicion-y-lenguaje\/#breadcrumb\",\"itemListElement\":[{\"@type\":\"ListItem\",\"position\":1,\"name\":\"Portada\",\"item\":\"https:\/\/torredonjimenoactualidad.com\/\"},{\"@type\":\"ListItem\",\"position\":2,\"name\":\"El PSOE presentar\u00e1 iniciativas en el Parlamento para mejorar la situaci\u00f3n del profesorado de Audici\u00f3n y Lenguaje\"}]},{\"@type\":\"WebSite\",\"@id\":\"https:\/\/torredonjimenoactualidad.com\/#website\",\"url\":\"https:\/\/torredonjimenoactualidad.com\/\",\"name\":\"Torredonjimeno Actualidad\",\"description\":\"\",\"publisher\":{\"@id\":\"https:\/\/torredonjimenoactualidad.com\/#organization\"},\"potentialAction\":[{\"@type\":\"SearchAction\",\"target\":{\"@type\":\"EntryPoint\",\"urlTemplate\":\"https:\/\/torredonjimenoactualidad.com\/?s={search_term_string}\"},\"query-input\":\"required name=search_term_string\"}],\"inLanguage\":\"es\"},{\"@type\":\"Organization\",\"@id\":\"https:\/\/torredonjimenoactualidad.com\/#organization\",\"name\":\"Torredonjimeno Actualidad\",\"url\":\"https:\/\/torredonjimenoactualidad.com\/\",\"logo\":{\"@type\":\"ImageObject\",\"inLanguage\":\"es\",\"@id\":\"https:\/\/torredonjimenoactualidad.com\/#\/schema\/logo\/image\/\",\"url\":\"https:\/\/torredonjimenoactualidad.com\/wp-content\/uploads\/2023\/02\/logo-torredonjimeno-544x180-1.png\",\"contentUrl\":\"https:\/\/torredonjimenoactualidad.com\/wp-content\/uploads\/2023\/02\/logo-torredonjimeno-544x180-1.png\",\"width\":545,\"height\":112,\"caption\":\"Torredonjimeno Actualidad\"},\"image\":{\"@id\":\"https:\/\/torredonjimenoactualidad.com\/#\/schema\/logo\/image\/\"}},{\"@type\":\"Person\",\"@id\":\"https:\/\/torredonjimenoactualidad.com\/#\/schema\/person\/11f05803cdf40dbeb7f4fbf2365c9ac5\",\"name\":\"Redaccion\",\"image\":{\"@type\":\"ImageObject\",\"inLanguage\":\"es\",\"@id\":\"https:\/\/torredonjimenoactualidad.com\/#\/schema\/person\/image\/\",\"url\":\"https:\/\/secure.gravatar.com\/avatar\/5917bab7eff43e17746fd29b509939469470810b6b989b7cc2f89e3188399bf3?s=96&d=mm&r=g\",\"contentUrl\":\"https:\/\/secure.gravatar.com\/avatar\/5917bab7eff43e17746fd29b509939469470810b6b989b7cc2f89e3188399bf3?s=96&d=mm&r=g\",\"caption\":\"Redaccion\"},\"url\":\"https:\/\/torredonjimenoactualidad.com\/index.php\/author\/jose-bueno\/\"}]}<\/script>\n<!-- \/ Yoast SEO plugin. -->","yoast_head_json":{"title":"El PSOE presentar\u00e1 iniciativas en el Parlamento para mejorar la situaci\u00f3n del profesorado de Audici\u00f3n y Lenguaje - Torredonjimeno Actualidad","robots":{"index":"index","follow":"follow","max-snippet":"max-snippet:-1","max-image-preview":"max-image-preview:large","max-video-preview":"max-video-preview:-1"},"canonical":"https:\/\/torredonjimenoactualidad.com\/index.php\/2026\/01\/05\/el-psoe-presentara-iniciativas-en-el-parlamento-para-mejorar-la-situacion-del-profesorado-de-audicion-y-lenguaje\/","og_locale":"es_ES","og_type":"article","og_title":"El PSOE presentar\u00e1 iniciativas en el Parlamento para mejorar la situaci\u00f3n del profesorado de Audici\u00f3n y Lenguaje - Torredonjimeno Actualidad","og_description":"El PSOE de Ja\u00e9n llevar\u00e1 al Parlamento andaluz iniciativas en forma de preguntas y Proposiciones no de Ley (PNL) para recoger \u00ablas necesidades del profesorado de Audici\u00f3n y Lenguaje\u00bb que atiende al alumnado con necesidades educativas especiales. El parlamentario Jacinto Viedma ha denunciado la \u00abnefasta gesti\u00f3n\u00bb de la Junta de Andaluc\u00eda y de la Consejer\u00eda &hellip; El PSOE presentar\u00e1 iniciativas en el Parlamento para mejorar la situaci\u00f3n del profesorado de Audici\u00f3n y Lenguaje Leer m\u00e1s &raquo;","og_url":"https:\/\/torredonjimenoactualidad.com\/index.php\/2026\/01\/05\/el-psoe-presentara-iniciativas-en-el-parlamento-para-mejorar-la-situacion-del-profesorado-de-audicion-y-lenguaje\/","og_site_name":"Torredonjimeno Actualidad","article_published_time":"2026-01-05T13:42:04+00:00","article_modified_time":"2026-01-05T13:42:06+00:00","og_image":[{"width":1920,"height":1097,"url":"https:\/\/torredonjimenoactualidad.com\/wp-content\/uploads\/2026\/01\/fotonoticia_20260105142610_1920.jpg","type":"image\/jpeg"}],"author":"Redaccion","twitter_card":"summary_large_image","twitter_misc":{"Escrito por":"Redaccion","Tiempo de lectura":"2 minutos"},"schema":{"@context":"https:\/\/schema.org","@graph":[{"@type":"Article","@id":"https:\/\/torredonjimenoactualidad.com\/index.php\/2026\/01\/05\/el-psoe-presentara-iniciativas-en-el-parlamento-para-mejorar-la-situacion-del-profesorado-de-audicion-y-lenguaje\/#article","isPartOf":{"@id":"https:\/\/torredonjimenoactualidad.com\/index.php\/2026\/01\/05\/el-psoe-presentara-iniciativas-en-el-parlamento-para-mejorar-la-situacion-del-profesorado-de-audicion-y-lenguaje\/"},"author":{"name":"Redaccion","@id":"https:\/\/torredonjimenoactualidad.com\/#\/schema\/person\/11f05803cdf40dbeb7f4fbf2365c9ac5"},"headline":"El PSOE presentar\u00e1 iniciativas en el Parlamento para mejorar la situaci\u00f3n del profesorado de Audici\u00f3n y Lenguaje","datePublished":"2026-01-05T13:42:04+00:00","dateModified":"2026-01-05T13:42:06+00:00","mainEntityOfPage":{"@id":"https:\/\/torredonjimenoactualidad.com\/index.php\/2026\/01\/05\/el-psoe-presentara-iniciativas-en-el-parlamento-para-mejorar-la-situacion-del-profesorado-de-audicion-y-lenguaje\/"},"wordCount":387,"publisher":{"@id":"https:\/\/torredonjimenoactualidad.com\/#organization"},"articleSection":["provincia"],"inLanguage":"es"},{"@type":"WebPage","@id":"https:\/\/torredonjimenoactualidad.com\/index.php\/2026\/01\/05\/el-psoe-presentara-iniciativas-en-el-parlamento-para-mejorar-la-situacion-del-profesorado-de-audicion-y-lenguaje\/","url":"https:\/\/torredonjimenoactualidad.com\/index.php\/2026\/01\/05\/el-psoe-presentara-iniciativas-en-el-parlamento-para-mejorar-la-situacion-del-profesorado-de-audicion-y-lenguaje\/","name":"El PSOE presentar\u00e1 iniciativas en el Parlamento para mejorar la situaci\u00f3n del profesorado de Audici\u00f3n y Lenguaje - Torredonjimeno Actualidad","isPartOf":{"@id":"https:\/\/torredonjimenoactualidad.com\/#website"},"datePublished":"2026-01-05T13:42:04+00:00","dateModified":"2026-01-05T13:42:06+00:00","breadcrumb":{"@id":"https:\/\/torredonjimenoactualidad.com\/index.php\/2026\/01\/05\/el-psoe-presentara-iniciativas-en-el-parlamento-para-mejorar-la-situacion-del-profesorado-de-audicion-y-lenguaje\/#breadcrumb"},"inLanguage":"es","potentialAction":[{"@type":"ReadAction","target":["https:\/\/torredonjimenoactualidad.com\/index.php\/2026\/01\/05\/el-psoe-presentara-iniciativas-en-el-parlamento-para-mejorar-la-situacion-del-profesorado-de-audicion-y-lenguaje\/"]}]},{"@type":"BreadcrumbList","@id":"https:\/\/torredonjimenoactualidad.com\/index.php\/2026\/01\/05\/el-psoe-presentara-iniciativas-en-el-parlamento-para-mejorar-la-situacion-del-profesorado-de-audicion-y-lenguaje\/#breadcrumb","itemListElement":[{"@type":"ListItem","position":1,"name":"Portada","item":"https:\/\/torredonjimenoactualidad.com\/"},{"@type":"ListItem","position":2,"name":"El PSOE presentar\u00e1 iniciativas en el Parlamento para mejorar la situaci\u00f3n del profesorado de Audici\u00f3n y Lenguaje"}]},{"@type":"WebSite","@id":"https:\/\/torredonjimenoactualidad.com\/#website","url":"https:\/\/torredonjimenoactualidad.com\/","name":"Torredonjimeno Actualidad","description":"","publisher":{"@id":"https:\/\/torredonjimenoactualidad.com\/#organization"},"potentialAction":[{"@type":"SearchAction","target":{"@type":"EntryPoint","urlTemplate":"https:\/\/torredonjimenoactualidad.com\/?s={search_term_string}"},"query-input":"required name=search_term_string"}],"inLanguage":"es"},{"@type":"Organization","@id":"https:\/\/torredonjimenoactualidad.com\/#organization","name":"Torredonjimeno Actualidad","url":"https:\/\/torredonjimenoactualidad.com\/","logo":{"@type":"ImageObject","inLanguage":"es","@id":"https:\/\/torredonjimenoactualidad.com\/#\/schema\/logo\/image\/","url":"https:\/\/torredonjimenoactualidad.com\/wp-content\/uploads\/2023\/02\/logo-torredonjimeno-544x180-1.png","contentUrl":"https:\/\/torredonjimenoactualidad.com\/wp-content\/uploads\/2023\/02\/logo-torredonjimeno-544x180-1.png","width":545,"height":112,"caption":"Torredonjimeno Actualidad"},"image":{"@id":"https:\/\/torredonjimenoactualidad.com\/#\/schema\/logo\/image\/"}},{"@type":"Person","@id":"https:\/\/torredonjimenoactualidad.com\/#\/schema\/person\/11f05803cdf40dbeb7f4fbf2365c9ac5","name":"Redaccion","image":{"@type":"ImageObject","inLanguage":"es","@id":"https:\/\/torredonjimenoactualidad.com\/#\/schema\/person\/image\/","url":"https:\/\/secure.gravatar.com\/avatar\/5917bab7eff43e17746fd29b509939469470810b6b989b7cc2f89e3188399bf3?s=96&d=mm&r=g","contentUrl":"https:\/\/secure.gravatar.com\/avatar\/5917bab7eff43e17746fd29b509939469470810b6b989b7cc2f89e3188399bf3?s=96&d=mm&r=g","caption":"Redaccion"},"url":"https:\/\/torredonjimenoactualidad.com\/index.php\/author\/jose-bueno\/"}]}},"_links":{"self":[{"href":"https:\/\/torredonjimenoactualidad.com\/index.php\/wp-json\/wp\/v2\/posts\/4329","targetHints":{"allow":["GET"]}}],"collection":[{"href":"https:\/\/torredonjimenoactualidad.com\/index.php\/wp-json\/wp\/v2\/posts"}],"about":[{"href":"https:\/\/torredonjimenoactualidad.com\/index.php\/wp-json\/wp\/v2\/types\/post"}],"author":[{"embeddable":true,"href":"https:\/\/torredonjimenoactualidad.com\/index.php\/wp-json\/wp\/v2\/users\/3"}],"replies":[{"embeddable":true,"href":"https:\/\/torredonjimenoactualidad.com\/index.php\/wp-json\/wp\/v2\/comments?post=4329"}],"version-history":[{"count":1,"href":"https:\/\/torredonjimenoactualidad.com\/index.php\/wp-json\/wp\/v2\/posts\/4329\/revisions"}],"predecessor-version":[{"id":4331,"href":"https:\/\/torredonjimenoactualidad.com\/index.php\/wp-json\/wp\/v2\/posts\/4329\/revisions\/4331"}],"wp:featuredmedia":[{"embeddable":true,"href":"https:\/\/torredonjimenoactualidad.com\/index.php\/wp-json\/wp\/v2\/media\/4330"}],"wp:attachment":[{"href":"https:\/\/torredonjimenoactualidad.com\/index.php\/wp-json\/wp\/v2\/media?parent=4329"}],"wp:term":[{"taxonomy":"category","embeddable":true,"href":"https:\/\/torredonjimenoactualidad.com\/index.php\/wp-json\/wp\/v2\/categories?post=4329"},{"taxonomy":"post_tag","embeddable":true,"href":"https:\/\/torredonjimenoactualidad.com\/index.php\/wp-json\/wp\/v2\/tags?post=4329"}],"curies":[{"name":"wp","href":"https:\/\/api.w.org\/{rel}","templated":true}]}}