{"id":4305,"date":"2026-01-01T10:26:27","date_gmt":"2026-01-01T10:26:27","guid":{"rendered":"https:\/\/torredonjimenoactualidad.com\/?p=4305"},"modified":"2026-01-01T10:26:28","modified_gmt":"2026-01-01T10:26:28","slug":"torredonjimeno-despide-el-ano-sin-incidencias-destacables-y-jaen-registra-el-menor-numero-de-emergencias-de-andalucia","status":"publish","type":"post","link":"https:\/\/torredonjimenoactualidad.com\/index.php\/2026\/01\/01\/torredonjimeno-despide-el-ano-sin-incidencias-destacables-y-jaen-registra-el-menor-numero-de-emergencias-de-andalucia\/","title":{"rendered":"Torredonjimeno despide el a\u00f1o sin incidencias destacables y Ja\u00e9n registra el menor n\u00famero de emergencias de Andaluc\u00eda"},"content":{"rendered":"\n<p>La Nochevieja ha transcurrido con total normalidad en&nbsp;<strong>Torredonjimeno<\/strong>, donde no se han producido incidencias rese\u00f1ables durante la \u00faltima noche del a\u00f1o, seg\u00fan el balance del servicio de emergencias 1-1-2. Un dato que se enmarca en una tendencia positiva a nivel provincial, ya que&nbsp;<strong>Ja\u00e9n<\/strong>&nbsp;ha sido la provincia andaluza con menor n\u00famero de emergencias registradas, con tan solo 140 avisos coordinados.<\/p>\n\n\n\n<p>El&nbsp;<strong>1-1-2<\/strong>, perteneciente a la&nbsp;Agencia de Emergencias de Andaluc\u00eda&nbsp;y adscrito a la Consejer\u00eda de Sanidad, Presidencia y Emergencias de la&nbsp;Junta de Andaluc\u00eda, ha coordinado un total de 2.141 emergencias durante la Nochevieja y las primeras horas del A\u00f1o Nuevo en Andaluc\u00eda. El periodo analizado comprende desde las 15:00 horas del 31 de diciembre hasta las 06:00 horas del 1 de enero, lo que supone un incremento del 4,03 % respecto al a\u00f1o anterior, cuando se gestionaron 2.058 incidencias. Este aumento vuelve a poner de manifiesto la confianza de la ciudadan\u00eda en este servicio p\u00fablico para la atenci\u00f3n y coordinaci\u00f3n de situaciones de urgencia y emergencia.<\/p>\n\n\n\n<p>Por tipolog\u00eda, los avisos m\u00e1s numerosos han estado relacionados con asistencias sanitarias, con 694 llamadas, seguidas de los casos de seguridad ciudadana, que alcanzaron las 524. A continuaci\u00f3n se situaron los incendios (168), las incidencias de tr\u00e1fico (141), los avisos relacionados con animales (86) y los accidentes de circulaci\u00f3n (74). El resto de emergencias correspondieron a solicitudes de servicios sociales, rescates y salvamentos y anomal\u00edas en servicios b\u00e1sicos, entre otros.<\/p>\n\n\n\n<p>En el reparto por provincias, Sevilla encabez\u00f3 el n\u00famero de incidencias con 537 emergencias, seguida de M\u00e1laga (507), C\u00e1diz (266) y Granada (258). En el grupo con menor actividad se situaron Almer\u00eda (149), C\u00f3rdoba (143), Huelva (141) y Ja\u00e9n (140), confirmando a esta \u00faltima como la provincia con menos avisos registrados durante la Nochevieja.<\/p>\n\n\n\n<p>En cuanto a las capitales de provincia, Sevilla volvi\u00f3 a liderar el recuento con 260 avisos al 1-1-2, por delante de M\u00e1laga (182), Granada (78), C\u00f3rdoba (77), Huelva (42), Almer\u00eda (35), C\u00e1diz (26) y Ja\u00e9n (22).<\/p>\n\n\n\n<p>La franja horaria de mayor actividad en las salas del 1-1-2 se concentr\u00f3 entre las 00:00 y la 01:00 horas, momento en el que se llegaron a coordinar hasta 190 emergencias en toda la comunidad aut\u00f3noma.<\/p>\n\n\n\n<p><strong>Un a\u00f1o del tel\u00e9fono \u00fanico europeo en Andaluc\u00eda<\/strong><\/p>\n\n\n\n<p>Este 1 de enero se cumple el primer aniversario de la puesta en marcha de la Agencia de Emergencias de Andaluc\u00eda, considerada la m\u00e1s grande de Espa\u00f1a en medios, recursos y capacidades. En ella se integra el 1-1-2, un servicio p\u00fablico, gratuito y multiling\u00fce al que la ciudadan\u00eda puede recurrir ante cualquier emergencia sanitaria, de extinci\u00f3n de incendios y salvamento, seguridad ciudadana o protecci\u00f3n civil.<\/p>\n\n\n\n<p>Con una sola llamada a este n\u00famero, vigente en todo el territorio europeo, se puede acceder a la ayuda necesaria las 24 horas del d\u00eda, los 365 d\u00edas del a\u00f1o. El servicio ofrece atenci\u00f3n en espa\u00f1ol, ingl\u00e9s, franc\u00e9s, alem\u00e1n, \u00e1rabe y ucraniano, garantizando as\u00ed la cobertura de las emergencias con independencia del origen o el idioma de la persona que solicita asistencia.<\/p>\n","protected":false},"excerpt":{"rendered":"<p>La Nochevieja ha transcurrido con total normalidad en&nbsp;Torredonjimeno, donde no se han producido incidencias rese\u00f1ables durante la \u00faltima noche del a\u00f1o, seg\u00fan el balance del servicio de emergencias 1-1-2. Un dato que se enmarca en una tendencia positiva a nivel provincial, ya que&nbsp;Ja\u00e9n&nbsp;ha sido la provincia andaluza con menor n\u00famero de emergencias registradas, con tan &hellip;<\/p>\n<p class=\"read-more\"> <a class=\"\" href=\"https:\/\/torredonjimenoactualidad.com\/index.php\/2026\/01\/01\/torredonjimeno-despide-el-ano-sin-incidencias-destacables-y-jaen-registra-el-menor-numero-de-emergencias-de-andalucia\/\"> <span class=\"screen-reader-text\">Torredonjimeno despide el a\u00f1o sin incidencias destacables y Ja\u00e9n registra el menor n\u00famero de emergencias de Andaluc\u00eda<\/span> Leer m\u00e1s &raquo;<\/a><\/p>\n","protected":false},"author":2,"featured_media":4306,"comment_status":"closed","ping_status":"open","sticky":false,"template":"","format":"standard","meta":{"site-sidebar-layout":"default","site-content-layout":"default","ast-global-header-display":"","ast-main-header-display":"","ast-hfb-above-header-display":"","ast-hfb-below-header-display":"","ast-hfb-mobile-header-display":"","site-post-title":"","ast-breadcrumbs-content":"","ast-featured-img":"","footer-sml-layout":"","theme-transparent-header-meta":"","adv-header-id-meta":"","stick-header-meta":"","header-above-stick-meta":"","header-main-stick-meta":"","header-below-stick-meta":"","footnotes":""},"categories":[1],"tags":[],"class_list":["post-4305","post","type-post","status-publish","format-standard","has-post-thumbnail","hentry","category-sin-categoria"],"yoast_head":"<!-- This site is optimized with the Yoast SEO plugin v20.8 - https:\/\/yoast.com\/wordpress\/plugins\/seo\/ -->\n<title>Torredonjimeno despide el a\u00f1o sin incidencias destacables y Ja\u00e9n registra el menor n\u00famero de emergencias de Andaluc\u00eda - Torredonjimeno Actualidad<\/title>\n<meta name=\"robots\" content=\"index, follow, max-snippet:-1, max-image-preview:large, max-video-preview:-1\" \/>\n<link rel=\"canonical\" href=\"https:\/\/torredonjimenoactualidad.com\/index.php\/2026\/01\/01\/torredonjimeno-despide-el-ano-sin-incidencias-destacables-y-jaen-registra-el-menor-numero-de-emergencias-de-andalucia\/\" \/>\n<meta property=\"og:locale\" content=\"es_ES\" \/>\n<meta property=\"og:type\" content=\"article\" \/>\n<meta property=\"og:title\" content=\"Torredonjimeno despide el a\u00f1o sin incidencias destacables y Ja\u00e9n registra el menor n\u00famero de emergencias de Andaluc\u00eda - Torredonjimeno Actualidad\" \/>\n<meta property=\"og:description\" content=\"La Nochevieja ha transcurrido con total normalidad en&nbsp;Torredonjimeno, donde no se han producido incidencias rese\u00f1ables durante la \u00faltima noche del a\u00f1o, seg\u00fan el balance del servicio de emergencias 1-1-2. Un dato que se enmarca en una tendencia positiva a nivel provincial, ya que&nbsp;Ja\u00e9n&nbsp;ha sido la provincia andaluza con menor n\u00famero de emergencias registradas, con tan &hellip; Torredonjimeno despide el a\u00f1o sin incidencias destacables y Ja\u00e9n registra el menor n\u00famero de emergencias de Andaluc\u00eda Leer m\u00e1s &raquo;\" \/>\n<meta property=\"og:url\" content=\"https:\/\/torredonjimenoactualidad.com\/index.php\/2026\/01\/01\/torredonjimeno-despide-el-ano-sin-incidencias-destacables-y-jaen-registra-el-menor-numero-de-emergencias-de-andalucia\/\" \/>\n<meta property=\"og:site_name\" content=\"Torredonjimeno Actualidad\" \/>\n<meta property=\"article:published_time\" content=\"2026-01-01T10:26:27+00:00\" \/>\n<meta property=\"article:modified_time\" content=\"2026-01-01T10:26:28+00:00\" \/>\n<meta property=\"og:image\" content=\"https:\/\/torredonjimenoactualidad.com\/wp-content\/uploads\/2026\/01\/1595527687467Anfumu.jpg\" \/>\n\t<meta property=\"og:image:width\" content=\"930\" \/>\n\t<meta property=\"og:image:height\" content=\"532\" \/>\n\t<meta property=\"og:image:type\" content=\"image\/jpeg\" \/>\n<meta name=\"author\" content=\"Alba Mar\u00eda Torres\" \/>\n<meta name=\"twitter:card\" content=\"summary_large_image\" \/>\n<meta name=\"twitter:label1\" content=\"Escrito por\" \/>\n\t<meta name=\"twitter:data1\" content=\"Alba Mar\u00eda Torres\" \/>\n\t<meta name=\"twitter:label2\" content=\"Tiempo de lectura\" \/>\n\t<meta name=\"twitter:data2\" content=\"3 minutos\" \/>\n<script type=\"application\/ld+json\" class=\"yoast-schema-graph\">{\"@context\":\"https:\/\/schema.org\",\"@graph\":[{\"@type\":\"Article\",\"@id\":\"https:\/\/torredonjimenoactualidad.com\/index.php\/2026\/01\/01\/torredonjimeno-despide-el-ano-sin-incidencias-destacables-y-jaen-registra-el-menor-numero-de-emergencias-de-andalucia\/#article\",\"isPartOf\":{\"@id\":\"https:\/\/torredonjimenoactualidad.com\/index.php\/2026\/01\/01\/torredonjimeno-despide-el-ano-sin-incidencias-destacables-y-jaen-registra-el-menor-numero-de-emergencias-de-andalucia\/\"},\"author\":{\"name\":\"Alba Mar\u00eda Torres\",\"@id\":\"https:\/\/torredonjimenoactualidad.com\/#\/schema\/person\/84de5f233e783ef2c75151a532b54977\"},\"headline\":\"Torredonjimeno despide el a\u00f1o sin incidencias destacables y Ja\u00e9n registra el menor n\u00famero de emergencias de Andaluc\u00eda\",\"datePublished\":\"2026-01-01T10:26:27+00:00\",\"dateModified\":\"2026-01-01T10:26:28+00:00\",\"mainEntityOfPage\":{\"@id\":\"https:\/\/torredonjimenoactualidad.com\/index.php\/2026\/01\/01\/torredonjimeno-despide-el-ano-sin-incidencias-destacables-y-jaen-registra-el-menor-numero-de-emergencias-de-andalucia\/\"},\"wordCount\":551,\"publisher\":{\"@id\":\"https:\/\/torredonjimenoactualidad.com\/#organization\"},\"inLanguage\":\"es\"},{\"@type\":\"WebPage\",\"@id\":\"https:\/\/torredonjimenoactualidad.com\/index.php\/2026\/01\/01\/torredonjimeno-despide-el-ano-sin-incidencias-destacables-y-jaen-registra-el-menor-numero-de-emergencias-de-andalucia\/\",\"url\":\"https:\/\/torredonjimenoactualidad.com\/index.php\/2026\/01\/01\/torredonjimeno-despide-el-ano-sin-incidencias-destacables-y-jaen-registra-el-menor-numero-de-emergencias-de-andalucia\/\",\"name\":\"Torredonjimeno despide el a\u00f1o sin incidencias destacables y Ja\u00e9n registra el menor n\u00famero de emergencias de Andaluc\u00eda - Torredonjimeno Actualidad\",\"isPartOf\":{\"@id\":\"https:\/\/torredonjimenoactualidad.com\/#website\"},\"datePublished\":\"2026-01-01T10:26:27+00:00\",\"dateModified\":\"2026-01-01T10:26:28+00:00\",\"breadcrumb\":{\"@id\":\"https:\/\/torredonjimenoactualidad.com\/index.php\/2026\/01\/01\/torredonjimeno-despide-el-ano-sin-incidencias-destacables-y-jaen-registra-el-menor-numero-de-emergencias-de-andalucia\/#breadcrumb\"},\"inLanguage\":\"es\",\"potentialAction\":[{\"@type\":\"ReadAction\",\"target\":[\"https:\/\/torredonjimenoactualidad.com\/index.php\/2026\/01\/01\/torredonjimeno-despide-el-ano-sin-incidencias-destacables-y-jaen-registra-el-menor-numero-de-emergencias-de-andalucia\/\"]}]},{\"@type\":\"BreadcrumbList\",\"@id\":\"https:\/\/torredonjimenoactualidad.com\/index.php\/2026\/01\/01\/torredonjimeno-despide-el-ano-sin-incidencias-destacables-y-jaen-registra-el-menor-numero-de-emergencias-de-andalucia\/#breadcrumb\",\"itemListElement\":[{\"@type\":\"ListItem\",\"position\":1,\"name\":\"Portada\",\"item\":\"https:\/\/torredonjimenoactualidad.com\/\"},{\"@type\":\"ListItem\",\"position\":2,\"name\":\"Torredonjimeno despide el a\u00f1o sin incidencias destacables y Ja\u00e9n registra el menor n\u00famero de emergencias de Andaluc\u00eda\"}]},{\"@type\":\"WebSite\",\"@id\":\"https:\/\/torredonjimenoactualidad.com\/#website\",\"url\":\"https:\/\/torredonjimenoactualidad.com\/\",\"name\":\"Torredonjimeno Actualidad\",\"description\":\"\",\"publisher\":{\"@id\":\"https:\/\/torredonjimenoactualidad.com\/#organization\"},\"potentialAction\":[{\"@type\":\"SearchAction\",\"target\":{\"@type\":\"EntryPoint\",\"urlTemplate\":\"https:\/\/torredonjimenoactualidad.com\/?s={search_term_string}\"},\"query-input\":\"required name=search_term_string\"}],\"inLanguage\":\"es\"},{\"@type\":\"Organization\",\"@id\":\"https:\/\/torredonjimenoactualidad.com\/#organization\",\"name\":\"Torredonjimeno Actualidad\",\"url\":\"https:\/\/torredonjimenoactualidad.com\/\",\"logo\":{\"@type\":\"ImageObject\",\"inLanguage\":\"es\",\"@id\":\"https:\/\/torredonjimenoactualidad.com\/#\/schema\/logo\/image\/\",\"url\":\"https:\/\/torredonjimenoactualidad.com\/wp-content\/uploads\/2023\/02\/logo-torredonjimeno-544x180-1.png\",\"contentUrl\":\"https:\/\/torredonjimenoactualidad.com\/wp-content\/uploads\/2023\/02\/logo-torredonjimeno-544x180-1.png\",\"width\":545,\"height\":112,\"caption\":\"Torredonjimeno Actualidad\"},\"image\":{\"@id\":\"https:\/\/torredonjimenoactualidad.com\/#\/schema\/logo\/image\/\"}},{\"@type\":\"Person\",\"@id\":\"https:\/\/torredonjimenoactualidad.com\/#\/schema\/person\/84de5f233e783ef2c75151a532b54977\",\"name\":\"Alba Mar\u00eda Torres\",\"image\":{\"@type\":\"ImageObject\",\"inLanguage\":\"es\",\"@id\":\"https:\/\/torredonjimenoactualidad.com\/#\/schema\/person\/image\/\",\"url\":\"https:\/\/secure.gravatar.com\/avatar\/f9371f188c71501b4475a9ba2a71595850ec72967f800a2ed8e3e2102859ed65?s=96&d=mm&r=g\",\"contentUrl\":\"https:\/\/secure.gravatar.com\/avatar\/f9371f188c71501b4475a9ba2a71595850ec72967f800a2ed8e3e2102859ed65?s=96&d=mm&r=g\",\"caption\":\"Alba Mar\u00eda Torres\"},\"url\":\"https:\/\/torredonjimenoactualidad.com\/index.php\/author\/alba-torres\/\"}]}<\/script>\n<!-- \/ Yoast SEO plugin. -->","yoast_head_json":{"title":"Torredonjimeno despide el a\u00f1o sin incidencias destacables y Ja\u00e9n registra el menor n\u00famero de emergencias de Andaluc\u00eda - Torredonjimeno Actualidad","robots":{"index":"index","follow":"follow","max-snippet":"max-snippet:-1","max-image-preview":"max-image-preview:large","max-video-preview":"max-video-preview:-1"},"canonical":"https:\/\/torredonjimenoactualidad.com\/index.php\/2026\/01\/01\/torredonjimeno-despide-el-ano-sin-incidencias-destacables-y-jaen-registra-el-menor-numero-de-emergencias-de-andalucia\/","og_locale":"es_ES","og_type":"article","og_title":"Torredonjimeno despide el a\u00f1o sin incidencias destacables y Ja\u00e9n registra el menor n\u00famero de emergencias de Andaluc\u00eda - Torredonjimeno Actualidad","og_description":"La Nochevieja ha transcurrido con total normalidad en&nbsp;Torredonjimeno, donde no se han producido incidencias rese\u00f1ables durante la \u00faltima noche del a\u00f1o, seg\u00fan el balance del servicio de emergencias 1-1-2. Un dato que se enmarca en una tendencia positiva a nivel provincial, ya que&nbsp;Ja\u00e9n&nbsp;ha sido la provincia andaluza con menor n\u00famero de emergencias registradas, con tan &hellip; Torredonjimeno despide el a\u00f1o sin incidencias destacables y Ja\u00e9n registra el menor n\u00famero de emergencias de Andaluc\u00eda Leer m\u00e1s &raquo;","og_url":"https:\/\/torredonjimenoactualidad.com\/index.php\/2026\/01\/01\/torredonjimeno-despide-el-ano-sin-incidencias-destacables-y-jaen-registra-el-menor-numero-de-emergencias-de-andalucia\/","og_site_name":"Torredonjimeno Actualidad","article_published_time":"2026-01-01T10:26:27+00:00","article_modified_time":"2026-01-01T10:26:28+00:00","og_image":[{"width":930,"height":532,"url":"https:\/\/torredonjimenoactualidad.com\/wp-content\/uploads\/2026\/01\/1595527687467Anfumu.jpg","type":"image\/jpeg"}],"author":"Alba Mar\u00eda Torres","twitter_card":"summary_large_image","twitter_misc":{"Escrito por":"Alba Mar\u00eda Torres","Tiempo de lectura":"3 minutos"},"schema":{"@context":"https:\/\/schema.org","@graph":[{"@type":"Article","@id":"https:\/\/torredonjimenoactualidad.com\/index.php\/2026\/01\/01\/torredonjimeno-despide-el-ano-sin-incidencias-destacables-y-jaen-registra-el-menor-numero-de-emergencias-de-andalucia\/#article","isPartOf":{"@id":"https:\/\/torredonjimenoactualidad.com\/index.php\/2026\/01\/01\/torredonjimeno-despide-el-ano-sin-incidencias-destacables-y-jaen-registra-el-menor-numero-de-emergencias-de-andalucia\/"},"author":{"name":"Alba Mar\u00eda Torres","@id":"https:\/\/torredonjimenoactualidad.com\/#\/schema\/person\/84de5f233e783ef2c75151a532b54977"},"headline":"Torredonjimeno despide el a\u00f1o sin incidencias destacables y Ja\u00e9n registra el menor n\u00famero de emergencias de Andaluc\u00eda","datePublished":"2026-01-01T10:26:27+00:00","dateModified":"2026-01-01T10:26:28+00:00","mainEntityOfPage":{"@id":"https:\/\/torredonjimenoactualidad.com\/index.php\/2026\/01\/01\/torredonjimeno-despide-el-ano-sin-incidencias-destacables-y-jaen-registra-el-menor-numero-de-emergencias-de-andalucia\/"},"wordCount":551,"publisher":{"@id":"https:\/\/torredonjimenoactualidad.com\/#organization"},"inLanguage":"es"},{"@type":"WebPage","@id":"https:\/\/torredonjimenoactualidad.com\/index.php\/2026\/01\/01\/torredonjimeno-despide-el-ano-sin-incidencias-destacables-y-jaen-registra-el-menor-numero-de-emergencias-de-andalucia\/","url":"https:\/\/torredonjimenoactualidad.com\/index.php\/2026\/01\/01\/torredonjimeno-despide-el-ano-sin-incidencias-destacables-y-jaen-registra-el-menor-numero-de-emergencias-de-andalucia\/","name":"Torredonjimeno despide el a\u00f1o sin incidencias destacables y Ja\u00e9n registra el menor n\u00famero de emergencias de Andaluc\u00eda - Torredonjimeno Actualidad","isPartOf":{"@id":"https:\/\/torredonjimenoactualidad.com\/#website"},"datePublished":"2026-01-01T10:26:27+00:00","dateModified":"2026-01-01T10:26:28+00:00","breadcrumb":{"@id":"https:\/\/torredonjimenoactualidad.com\/index.php\/2026\/01\/01\/torredonjimeno-despide-el-ano-sin-incidencias-destacables-y-jaen-registra-el-menor-numero-de-emergencias-de-andalucia\/#breadcrumb"},"inLanguage":"es","potentialAction":[{"@type":"ReadAction","target":["https:\/\/torredonjimenoactualidad.com\/index.php\/2026\/01\/01\/torredonjimeno-despide-el-ano-sin-incidencias-destacables-y-jaen-registra-el-menor-numero-de-emergencias-de-andalucia\/"]}]},{"@type":"BreadcrumbList","@id":"https:\/\/torredonjimenoactualidad.com\/index.php\/2026\/01\/01\/torredonjimeno-despide-el-ano-sin-incidencias-destacables-y-jaen-registra-el-menor-numero-de-emergencias-de-andalucia\/#breadcrumb","itemListElement":[{"@type":"ListItem","position":1,"name":"Portada","item":"https:\/\/torredonjimenoactualidad.com\/"},{"@type":"ListItem","position":2,"name":"Torredonjimeno despide el a\u00f1o sin incidencias destacables y Ja\u00e9n registra el menor n\u00famero de emergencias de Andaluc\u00eda"}]},{"@type":"WebSite","@id":"https:\/\/torredonjimenoactualidad.com\/#website","url":"https:\/\/torredonjimenoactualidad.com\/","name":"Torredonjimeno Actualidad","description":"","publisher":{"@id":"https:\/\/torredonjimenoactualidad.com\/#organization"},"potentialAction":[{"@type":"SearchAction","target":{"@type":"EntryPoint","urlTemplate":"https:\/\/torredonjimenoactualidad.com\/?s={search_term_string}"},"query-input":"required name=search_term_string"}],"inLanguage":"es"},{"@type":"Organization","@id":"https:\/\/torredonjimenoactualidad.com\/#organization","name":"Torredonjimeno Actualidad","url":"https:\/\/torredonjimenoactualidad.com\/","logo":{"@type":"ImageObject","inLanguage":"es","@id":"https:\/\/torredonjimenoactualidad.com\/#\/schema\/logo\/image\/","url":"https:\/\/torredonjimenoactualidad.com\/wp-content\/uploads\/2023\/02\/logo-torredonjimeno-544x180-1.png","contentUrl":"https:\/\/torredonjimenoactualidad.com\/wp-content\/uploads\/2023\/02\/logo-torredonjimeno-544x180-1.png","width":545,"height":112,"caption":"Torredonjimeno Actualidad"},"image":{"@id":"https:\/\/torredonjimenoactualidad.com\/#\/schema\/logo\/image\/"}},{"@type":"Person","@id":"https:\/\/torredonjimenoactualidad.com\/#\/schema\/person\/84de5f233e783ef2c75151a532b54977","name":"Alba Mar\u00eda Torres","image":{"@type":"ImageObject","inLanguage":"es","@id":"https:\/\/torredonjimenoactualidad.com\/#\/schema\/person\/image\/","url":"https:\/\/secure.gravatar.com\/avatar\/f9371f188c71501b4475a9ba2a71595850ec72967f800a2ed8e3e2102859ed65?s=96&d=mm&r=g","contentUrl":"https:\/\/secure.gravatar.com\/avatar\/f9371f188c71501b4475a9ba2a71595850ec72967f800a2ed8e3e2102859ed65?s=96&d=mm&r=g","caption":"Alba Mar\u00eda Torres"},"url":"https:\/\/torredonjimenoactualidad.com\/index.php\/author\/alba-torres\/"}]}},"_links":{"self":[{"href":"https:\/\/torredonjimenoactualidad.com\/index.php\/wp-json\/wp\/v2\/posts\/4305","targetHints":{"allow":["GET"]}}],"collection":[{"href":"https:\/\/torredonjimenoactualidad.com\/index.php\/wp-json\/wp\/v2\/posts"}],"about":[{"href":"https:\/\/torredonjimenoactualidad.com\/index.php\/wp-json\/wp\/v2\/types\/post"}],"author":[{"embeddable":true,"href":"https:\/\/torredonjimenoactualidad.com\/index.php\/wp-json\/wp\/v2\/users\/2"}],"replies":[{"embeddable":true,"href":"https:\/\/torredonjimenoactualidad.com\/index.php\/wp-json\/wp\/v2\/comments?post=4305"}],"version-history":[{"count":1,"href":"https:\/\/torredonjimenoactualidad.com\/index.php\/wp-json\/wp\/v2\/posts\/4305\/revisions"}],"predecessor-version":[{"id":4307,"href":"https:\/\/torredonjimenoactualidad.com\/index.php\/wp-json\/wp\/v2\/posts\/4305\/revisions\/4307"}],"wp:featuredmedia":[{"embeddable":true,"href":"https:\/\/torredonjimenoactualidad.com\/index.php\/wp-json\/wp\/v2\/media\/4306"}],"wp:attachment":[{"href":"https:\/\/torredonjimenoactualidad.com\/index.php\/wp-json\/wp\/v2\/media?parent=4305"}],"wp:term":[{"taxonomy":"category","embeddable":true,"href":"https:\/\/torredonjimenoactualidad.com\/index.php\/wp-json\/wp\/v2\/categories?post=4305"},{"taxonomy":"post_tag","embeddable":true,"href":"https:\/\/torredonjimenoactualidad.com\/index.php\/wp-json\/wp\/v2\/tags?post=4305"}],"curies":[{"name":"wp","href":"https:\/\/api.w.org\/{rel}","templated":true}]}}