{"id":4300,"date":"2026-01-01T09:36:25","date_gmt":"2026-01-01T09:36:25","guid":{"rendered":"https:\/\/torredonjimenoactualidad.com\/?p=4300"},"modified":"2026-01-01T09:58:23","modified_gmt":"2026-01-01T09:58:23","slug":"torredonjimeno-mantiene-su-albergue-mantiene-abierto-el-albergue-de-temporeros-tras-el-cierre-de-mas-de-la-mitad-en-la-provincia-de-jaen","status":"publish","type":"post","link":"https:\/\/torredonjimenoactualidad.com\/index.php\/2026\/01\/01\/torredonjimeno-mantiene-su-albergue-mantiene-abierto-el-albergue-de-temporeros-tras-el-cierre-de-mas-de-la-mitad-en-la-provincia-de-jaen\/","title":{"rendered":"Torredonjimeno mantiene abierto el albergue de temporeros tras el cierre de m\u00e1s de la mitad en la provincia de Ja\u00e9n"},"content":{"rendered":"\n<p><strong>Torredonjimeno<\/strong>&nbsp;vuelve a situarse en primera l\u00ednea de la atenci\u00f3n a los trabajadores temporeros en la provincia de Ja\u00e9n, al mantener su albergue&nbsp;<strong>con todas las plazas ocupadas<\/strong>&nbsp;en un contexto marcado por el cierre de m\u00e1s de la mitad de los centros habilitados para esta campa\u00f1a de recogida de la aceituna.<\/p>\n\n\n\n<p>Seg\u00fan los datos facilitados por la Junta de Andaluc\u00eda a Europa Press,&nbsp;<strong>ocho de los 14 albergues para temporeros han dejado de estar operativos<\/strong>, quedando abiertos \u00fanicamente seis, que suman&nbsp;<strong>178 plazas<\/strong>. En la \u00faltima noche registrada, la ocupaci\u00f3n media de estos recursos alcanz\u00f3 el&nbsp;<strong>74,7 por ciento<\/strong>, aunque con importantes diferencias entre municipios.<\/p>\n\n\n\n<p>Junto a Torredonjimeno, contin\u00faan abiertos los albergues de&nbsp;<strong>Alcal\u00e1 la Real<\/strong>,&nbsp;<strong>Martos<\/strong>,&nbsp;<strong>Porcuna<\/strong>,&nbsp;<strong>Torredelcampo<\/strong>&nbsp;y&nbsp;<strong>Villanueva del Arzobispo<\/strong>. Los albergues de&nbsp;<strong>Torredonjimeno y Torredelcampo<\/strong>&nbsp;fueron los \u00fanicos que&nbsp;<strong>completaron todas sus plazas<\/strong>, confirmando su papel como puntos de referencia para los temporeros.<\/p>\n\n\n\n<p>En el caso de Alcal\u00e1 la Real, solo qued\u00f3 libre una de las 18 plazas disponibles, mientras que Villanueva del Arzobispo registr\u00f3 cuatro vacantes de un total de 38. Una situaci\u00f3n m\u00e1s holgada se dio en&nbsp;<strong>Porcuna<\/strong>, con seis plazas ocupadas de 22, y especialmente en&nbsp;<strong>Martos<\/strong>, donde \u00fanicamente se utilizaron cuatro de las 29 plazas ofertadas.<\/p>\n\n\n\n<p>El proceso de cierres comenz\u00f3 el pasado&nbsp;<strong>17 de diciembre<\/strong>, cuando dej\u00f3 de funcionar el albergue de&nbsp;<strong>Alcaudete<\/strong>, al que siguieron los de&nbsp;<strong>Villatorres<\/strong>,&nbsp;<strong>Ja\u00e9n<\/strong>,&nbsp;<strong>Baeza<\/strong>,&nbsp;<strong>Villacarrillo<\/strong>,&nbsp;<strong>And\u00fajar<\/strong>,&nbsp;<strong>Mancha Real<\/strong>&nbsp;y&nbsp;<strong>\u00dabeda<\/strong>.<\/p>\n\n\n\n<p>Los temporeros pueden permanecer&nbsp;<strong>cinco d\u00edas y cuatro noches<\/strong>&nbsp;en cada albergue, una limitaci\u00f3n dise\u00f1ada para favorecer la rotaci\u00f3n y la movilidad durante la b\u00fasqueda de empleo en la campa\u00f1a olivarera.<\/p>\n\n\n\n<p>En total, esta temporada se activaron&nbsp;<strong>14 albergues en la provincia<\/strong>, con&nbsp;<strong>565 plazas<\/strong>, a las que se suman las&nbsp;<strong>60 plazas adicionales del dispositivo de emergencia<\/strong>&nbsp;habilitado en la capital por el Ayuntamiento de Ja\u00e9n y Cruz Roja desde el pasado 13 de noviembre.<\/p>\n\n\n\n<p><\/p>\n","protected":false},"excerpt":{"rendered":"<p>Torredonjimeno&nbsp;vuelve a situarse en primera l\u00ednea de la atenci\u00f3n a los trabajadores temporeros en la provincia de Ja\u00e9n, al mantener su albergue&nbsp;con todas las plazas ocupadas&nbsp;en un contexto marcado por el cierre de m\u00e1s de la mitad de los centros habilitados para esta campa\u00f1a de recogida de la aceituna. Seg\u00fan los datos facilitados por la &hellip;<\/p>\n<p class=\"read-more\"> <a class=\"\" href=\"https:\/\/torredonjimenoactualidad.com\/index.php\/2026\/01\/01\/torredonjimeno-mantiene-su-albergue-mantiene-abierto-el-albergue-de-temporeros-tras-el-cierre-de-mas-de-la-mitad-en-la-provincia-de-jaen\/\"> <span class=\"screen-reader-text\">Torredonjimeno mantiene abierto el albergue de temporeros tras el cierre de m\u00e1s de la mitad en la provincia de Ja\u00e9n<\/span> Leer m\u00e1s &raquo;<\/a><\/p>\n","protected":false},"author":3,"featured_media":4301,"comment_status":"closed","ping_status":"open","sticky":false,"template":"","format":"standard","meta":{"site-sidebar-layout":"default","site-content-layout":"default","ast-global-header-display":"","ast-main-header-display":"","ast-hfb-above-header-display":"","ast-hfb-below-header-display":"","ast-hfb-mobile-header-display":"","site-post-title":"","ast-breadcrumbs-content":"","ast-featured-img":"","footer-sml-layout":"","theme-transparent-header-meta":"","adv-header-id-meta":"","stick-header-meta":"","header-above-stick-meta":"","header-main-stick-meta":"","header-below-stick-meta":"","footnotes":""},"categories":[7],"tags":[],"class_list":["post-4300","post","type-post","status-publish","format-standard","has-post-thumbnail","hentry","category-local"],"yoast_head":"<!-- This site is optimized with the Yoast SEO plugin v20.8 - https:\/\/yoast.com\/wordpress\/plugins\/seo\/ -->\n<title>Torredonjimeno mantiene abierto el albergue de temporeros tras el cierre de m\u00e1s de la mitad en la provincia de Ja\u00e9n - Torredonjimeno Actualidad<\/title>\n<meta name=\"robots\" content=\"index, follow, max-snippet:-1, max-image-preview:large, max-video-preview:-1\" \/>\n<link rel=\"canonical\" href=\"https:\/\/torredonjimenoactualidad.com\/index.php\/2026\/01\/01\/torredonjimeno-mantiene-su-albergue-mantiene-abierto-el-albergue-de-temporeros-tras-el-cierre-de-mas-de-la-mitad-en-la-provincia-de-jaen\/\" \/>\n<meta property=\"og:locale\" content=\"es_ES\" \/>\n<meta property=\"og:type\" content=\"article\" \/>\n<meta property=\"og:title\" content=\"Torredonjimeno mantiene abierto el albergue de temporeros tras el cierre de m\u00e1s de la mitad en la provincia de Ja\u00e9n - Torredonjimeno Actualidad\" \/>\n<meta property=\"og:description\" content=\"Torredonjimeno&nbsp;vuelve a situarse en primera l\u00ednea de la atenci\u00f3n a los trabajadores temporeros en la provincia de Ja\u00e9n, al mantener su albergue&nbsp;con todas las plazas ocupadas&nbsp;en un contexto marcado por el cierre de m\u00e1s de la mitad de los centros habilitados para esta campa\u00f1a de recogida de la aceituna. Seg\u00fan los datos facilitados por la &hellip; Torredonjimeno mantiene abierto el albergue de temporeros tras el cierre de m\u00e1s de la mitad en la provincia de Ja\u00e9n Leer m\u00e1s &raquo;\" \/>\n<meta property=\"og:url\" content=\"https:\/\/torredonjimenoactualidad.com\/index.php\/2026\/01\/01\/torredonjimeno-mantiene-su-albergue-mantiene-abierto-el-albergue-de-temporeros-tras-el-cierre-de-mas-de-la-mitad-en-la-provincia-de-jaen\/\" \/>\n<meta property=\"og:site_name\" content=\"Torredonjimeno Actualidad\" \/>\n<meta property=\"article:published_time\" content=\"2026-01-01T09:36:25+00:00\" \/>\n<meta property=\"article:modified_time\" content=\"2026-01-01T09:58:23+00:00\" \/>\n<meta property=\"og:image\" content=\"https:\/\/torredonjimenoactualidad.com\/wp-content\/uploads\/2026\/01\/IMG_4531-scaled.jpg\" \/>\n\t<meta property=\"og:image:width\" content=\"2560\" \/>\n\t<meta property=\"og:image:height\" content=\"1463\" \/>\n\t<meta property=\"og:image:type\" content=\"image\/jpeg\" \/>\n<meta name=\"author\" content=\"Redaccion\" \/>\n<meta name=\"twitter:card\" content=\"summary_large_image\" \/>\n<meta name=\"twitter:label1\" content=\"Escrito por\" \/>\n\t<meta name=\"twitter:data1\" content=\"Redaccion\" \/>\n<script type=\"application\/ld+json\" class=\"yoast-schema-graph\">{\"@context\":\"https:\/\/schema.org\",\"@graph\":[{\"@type\":\"Article\",\"@id\":\"https:\/\/torredonjimenoactualidad.com\/index.php\/2026\/01\/01\/torredonjimeno-mantiene-su-albergue-mantiene-abierto-el-albergue-de-temporeros-tras-el-cierre-de-mas-de-la-mitad-en-la-provincia-de-jaen\/#article\",\"isPartOf\":{\"@id\":\"https:\/\/torredonjimenoactualidad.com\/index.php\/2026\/01\/01\/torredonjimeno-mantiene-su-albergue-mantiene-abierto-el-albergue-de-temporeros-tras-el-cierre-de-mas-de-la-mitad-en-la-provincia-de-jaen\/\"},\"author\":{\"name\":\"Redaccion\",\"@id\":\"https:\/\/torredonjimenoactualidad.com\/#\/schema\/person\/11f05803cdf40dbeb7f4fbf2365c9ac5\"},\"headline\":\"Torredonjimeno mantiene abierto el albergue de temporeros tras el cierre de m\u00e1s de la mitad en la provincia de Ja\u00e9n\",\"datePublished\":\"2026-01-01T09:36:25+00:00\",\"dateModified\":\"2026-01-01T09:58:23+00:00\",\"mainEntityOfPage\":{\"@id\":\"https:\/\/torredonjimenoactualidad.com\/index.php\/2026\/01\/01\/torredonjimeno-mantiene-su-albergue-mantiene-abierto-el-albergue-de-temporeros-tras-el-cierre-de-mas-de-la-mitad-en-la-provincia-de-jaen\/\"},\"wordCount\":376,\"publisher\":{\"@id\":\"https:\/\/torredonjimenoactualidad.com\/#organization\"},\"articleSection\":[\"local\"],\"inLanguage\":\"es\"},{\"@type\":\"WebPage\",\"@id\":\"https:\/\/torredonjimenoactualidad.com\/index.php\/2026\/01\/01\/torredonjimeno-mantiene-su-albergue-mantiene-abierto-el-albergue-de-temporeros-tras-el-cierre-de-mas-de-la-mitad-en-la-provincia-de-jaen\/\",\"url\":\"https:\/\/torredonjimenoactualidad.com\/index.php\/2026\/01\/01\/torredonjimeno-mantiene-su-albergue-mantiene-abierto-el-albergue-de-temporeros-tras-el-cierre-de-mas-de-la-mitad-en-la-provincia-de-jaen\/\",\"name\":\"Torredonjimeno mantiene abierto el albergue de temporeros tras el cierre de m\u00e1s de la mitad en la provincia de Ja\u00e9n - Torredonjimeno Actualidad\",\"isPartOf\":{\"@id\":\"https:\/\/torredonjimenoactualidad.com\/#website\"},\"datePublished\":\"2026-01-01T09:36:25+00:00\",\"dateModified\":\"2026-01-01T09:58:23+00:00\",\"breadcrumb\":{\"@id\":\"https:\/\/torredonjimenoactualidad.com\/index.php\/2026\/01\/01\/torredonjimeno-mantiene-su-albergue-mantiene-abierto-el-albergue-de-temporeros-tras-el-cierre-de-mas-de-la-mitad-en-la-provincia-de-jaen\/#breadcrumb\"},\"inLanguage\":\"es\",\"potentialAction\":[{\"@type\":\"ReadAction\",\"target\":[\"https:\/\/torredonjimenoactualidad.com\/index.php\/2026\/01\/01\/torredonjimeno-mantiene-su-albergue-mantiene-abierto-el-albergue-de-temporeros-tras-el-cierre-de-mas-de-la-mitad-en-la-provincia-de-jaen\/\"]}]},{\"@type\":\"BreadcrumbList\",\"@id\":\"https:\/\/torredonjimenoactualidad.com\/index.php\/2026\/01\/01\/torredonjimeno-mantiene-su-albergue-mantiene-abierto-el-albergue-de-temporeros-tras-el-cierre-de-mas-de-la-mitad-en-la-provincia-de-jaen\/#breadcrumb\",\"itemListElement\":[{\"@type\":\"ListItem\",\"position\":1,\"name\":\"Portada\",\"item\":\"https:\/\/torredonjimenoactualidad.com\/\"},{\"@type\":\"ListItem\",\"position\":2,\"name\":\"Torredonjimeno mantiene abierto el albergue de temporeros tras el cierre de m\u00e1s de la mitad en la provincia de Ja\u00e9n\"}]},{\"@type\":\"WebSite\",\"@id\":\"https:\/\/torredonjimenoactualidad.com\/#website\",\"url\":\"https:\/\/torredonjimenoactualidad.com\/\",\"name\":\"Torredonjimeno Actualidad\",\"description\":\"\",\"publisher\":{\"@id\":\"https:\/\/torredonjimenoactualidad.com\/#organization\"},\"potentialAction\":[{\"@type\":\"SearchAction\",\"target\":{\"@type\":\"EntryPoint\",\"urlTemplate\":\"https:\/\/torredonjimenoactualidad.com\/?s={search_term_string}\"},\"query-input\":\"required name=search_term_string\"}],\"inLanguage\":\"es\"},{\"@type\":\"Organization\",\"@id\":\"https:\/\/torredonjimenoactualidad.com\/#organization\",\"name\":\"Torredonjimeno Actualidad\",\"url\":\"https:\/\/torredonjimenoactualidad.com\/\",\"logo\":{\"@type\":\"ImageObject\",\"inLanguage\":\"es\",\"@id\":\"https:\/\/torredonjimenoactualidad.com\/#\/schema\/logo\/image\/\",\"url\":\"https:\/\/torredonjimenoactualidad.com\/wp-content\/uploads\/2023\/02\/logo-torredonjimeno-544x180-1.png\",\"contentUrl\":\"https:\/\/torredonjimenoactualidad.com\/wp-content\/uploads\/2023\/02\/logo-torredonjimeno-544x180-1.png\",\"width\":545,\"height\":112,\"caption\":\"Torredonjimeno Actualidad\"},\"image\":{\"@id\":\"https:\/\/torredonjimenoactualidad.com\/#\/schema\/logo\/image\/\"}},{\"@type\":\"Person\",\"@id\":\"https:\/\/torredonjimenoactualidad.com\/#\/schema\/person\/11f05803cdf40dbeb7f4fbf2365c9ac5\",\"name\":\"Redaccion\",\"image\":{\"@type\":\"ImageObject\",\"inLanguage\":\"es\",\"@id\":\"https:\/\/torredonjimenoactualidad.com\/#\/schema\/person\/image\/\",\"url\":\"https:\/\/secure.gravatar.com\/avatar\/5917bab7eff43e17746fd29b509939469470810b6b989b7cc2f89e3188399bf3?s=96&d=mm&r=g\",\"contentUrl\":\"https:\/\/secure.gravatar.com\/avatar\/5917bab7eff43e17746fd29b509939469470810b6b989b7cc2f89e3188399bf3?s=96&d=mm&r=g\",\"caption\":\"Redaccion\"},\"url\":\"https:\/\/torredonjimenoactualidad.com\/index.php\/author\/jose-bueno\/\"}]}<\/script>\n<!-- \/ Yoast SEO plugin. -->","yoast_head_json":{"title":"Torredonjimeno mantiene abierto el albergue de temporeros tras el cierre de m\u00e1s de la mitad en la provincia de Ja\u00e9n - Torredonjimeno Actualidad","robots":{"index":"index","follow":"follow","max-snippet":"max-snippet:-1","max-image-preview":"max-image-preview:large","max-video-preview":"max-video-preview:-1"},"canonical":"https:\/\/torredonjimenoactualidad.com\/index.php\/2026\/01\/01\/torredonjimeno-mantiene-su-albergue-mantiene-abierto-el-albergue-de-temporeros-tras-el-cierre-de-mas-de-la-mitad-en-la-provincia-de-jaen\/","og_locale":"es_ES","og_type":"article","og_title":"Torredonjimeno mantiene abierto el albergue de temporeros tras el cierre de m\u00e1s de la mitad en la provincia de Ja\u00e9n - Torredonjimeno Actualidad","og_description":"Torredonjimeno&nbsp;vuelve a situarse en primera l\u00ednea de la atenci\u00f3n a los trabajadores temporeros en la provincia de Ja\u00e9n, al mantener su albergue&nbsp;con todas las plazas ocupadas&nbsp;en un contexto marcado por el cierre de m\u00e1s de la mitad de los centros habilitados para esta campa\u00f1a de recogida de la aceituna. Seg\u00fan los datos facilitados por la &hellip; Torredonjimeno mantiene abierto el albergue de temporeros tras el cierre de m\u00e1s de la mitad en la provincia de Ja\u00e9n Leer m\u00e1s &raquo;","og_url":"https:\/\/torredonjimenoactualidad.com\/index.php\/2026\/01\/01\/torredonjimeno-mantiene-su-albergue-mantiene-abierto-el-albergue-de-temporeros-tras-el-cierre-de-mas-de-la-mitad-en-la-provincia-de-jaen\/","og_site_name":"Torredonjimeno Actualidad","article_published_time":"2026-01-01T09:36:25+00:00","article_modified_time":"2026-01-01T09:58:23+00:00","og_image":[{"width":2560,"height":1463,"url":"https:\/\/torredonjimenoactualidad.com\/wp-content\/uploads\/2026\/01\/IMG_4531-scaled.jpg","type":"image\/jpeg"}],"author":"Redaccion","twitter_card":"summary_large_image","twitter_misc":{"Escrito por":"Redaccion"},"schema":{"@context":"https:\/\/schema.org","@graph":[{"@type":"Article","@id":"https:\/\/torredonjimenoactualidad.com\/index.php\/2026\/01\/01\/torredonjimeno-mantiene-su-albergue-mantiene-abierto-el-albergue-de-temporeros-tras-el-cierre-de-mas-de-la-mitad-en-la-provincia-de-jaen\/#article","isPartOf":{"@id":"https:\/\/torredonjimenoactualidad.com\/index.php\/2026\/01\/01\/torredonjimeno-mantiene-su-albergue-mantiene-abierto-el-albergue-de-temporeros-tras-el-cierre-de-mas-de-la-mitad-en-la-provincia-de-jaen\/"},"author":{"name":"Redaccion","@id":"https:\/\/torredonjimenoactualidad.com\/#\/schema\/person\/11f05803cdf40dbeb7f4fbf2365c9ac5"},"headline":"Torredonjimeno mantiene abierto el albergue de temporeros tras el cierre de m\u00e1s de la mitad en la provincia de Ja\u00e9n","datePublished":"2026-01-01T09:36:25+00:00","dateModified":"2026-01-01T09:58:23+00:00","mainEntityOfPage":{"@id":"https:\/\/torredonjimenoactualidad.com\/index.php\/2026\/01\/01\/torredonjimeno-mantiene-su-albergue-mantiene-abierto-el-albergue-de-temporeros-tras-el-cierre-de-mas-de-la-mitad-en-la-provincia-de-jaen\/"},"wordCount":376,"publisher":{"@id":"https:\/\/torredonjimenoactualidad.com\/#organization"},"articleSection":["local"],"inLanguage":"es"},{"@type":"WebPage","@id":"https:\/\/torredonjimenoactualidad.com\/index.php\/2026\/01\/01\/torredonjimeno-mantiene-su-albergue-mantiene-abierto-el-albergue-de-temporeros-tras-el-cierre-de-mas-de-la-mitad-en-la-provincia-de-jaen\/","url":"https:\/\/torredonjimenoactualidad.com\/index.php\/2026\/01\/01\/torredonjimeno-mantiene-su-albergue-mantiene-abierto-el-albergue-de-temporeros-tras-el-cierre-de-mas-de-la-mitad-en-la-provincia-de-jaen\/","name":"Torredonjimeno mantiene abierto el albergue de temporeros tras el cierre de m\u00e1s de la mitad en la provincia de Ja\u00e9n - Torredonjimeno Actualidad","isPartOf":{"@id":"https:\/\/torredonjimenoactualidad.com\/#website"},"datePublished":"2026-01-01T09:36:25+00:00","dateModified":"2026-01-01T09:58:23+00:00","breadcrumb":{"@id":"https:\/\/torredonjimenoactualidad.com\/index.php\/2026\/01\/01\/torredonjimeno-mantiene-su-albergue-mantiene-abierto-el-albergue-de-temporeros-tras-el-cierre-de-mas-de-la-mitad-en-la-provincia-de-jaen\/#breadcrumb"},"inLanguage":"es","potentialAction":[{"@type":"ReadAction","target":["https:\/\/torredonjimenoactualidad.com\/index.php\/2026\/01\/01\/torredonjimeno-mantiene-su-albergue-mantiene-abierto-el-albergue-de-temporeros-tras-el-cierre-de-mas-de-la-mitad-en-la-provincia-de-jaen\/"]}]},{"@type":"BreadcrumbList","@id":"https:\/\/torredonjimenoactualidad.com\/index.php\/2026\/01\/01\/torredonjimeno-mantiene-su-albergue-mantiene-abierto-el-albergue-de-temporeros-tras-el-cierre-de-mas-de-la-mitad-en-la-provincia-de-jaen\/#breadcrumb","itemListElement":[{"@type":"ListItem","position":1,"name":"Portada","item":"https:\/\/torredonjimenoactualidad.com\/"},{"@type":"ListItem","position":2,"name":"Torredonjimeno mantiene abierto el albergue de temporeros tras el cierre de m\u00e1s de la mitad en la provincia de Ja\u00e9n"}]},{"@type":"WebSite","@id":"https:\/\/torredonjimenoactualidad.com\/#website","url":"https:\/\/torredonjimenoactualidad.com\/","name":"Torredonjimeno Actualidad","description":"","publisher":{"@id":"https:\/\/torredonjimenoactualidad.com\/#organization"},"potentialAction":[{"@type":"SearchAction","target":{"@type":"EntryPoint","urlTemplate":"https:\/\/torredonjimenoactualidad.com\/?s={search_term_string}"},"query-input":"required name=search_term_string"}],"inLanguage":"es"},{"@type":"Organization","@id":"https:\/\/torredonjimenoactualidad.com\/#organization","name":"Torredonjimeno Actualidad","url":"https:\/\/torredonjimenoactualidad.com\/","logo":{"@type":"ImageObject","inLanguage":"es","@id":"https:\/\/torredonjimenoactualidad.com\/#\/schema\/logo\/image\/","url":"https:\/\/torredonjimenoactualidad.com\/wp-content\/uploads\/2023\/02\/logo-torredonjimeno-544x180-1.png","contentUrl":"https:\/\/torredonjimenoactualidad.com\/wp-content\/uploads\/2023\/02\/logo-torredonjimeno-544x180-1.png","width":545,"height":112,"caption":"Torredonjimeno Actualidad"},"image":{"@id":"https:\/\/torredonjimenoactualidad.com\/#\/schema\/logo\/image\/"}},{"@type":"Person","@id":"https:\/\/torredonjimenoactualidad.com\/#\/schema\/person\/11f05803cdf40dbeb7f4fbf2365c9ac5","name":"Redaccion","image":{"@type":"ImageObject","inLanguage":"es","@id":"https:\/\/torredonjimenoactualidad.com\/#\/schema\/person\/image\/","url":"https:\/\/secure.gravatar.com\/avatar\/5917bab7eff43e17746fd29b509939469470810b6b989b7cc2f89e3188399bf3?s=96&d=mm&r=g","contentUrl":"https:\/\/secure.gravatar.com\/avatar\/5917bab7eff43e17746fd29b509939469470810b6b989b7cc2f89e3188399bf3?s=96&d=mm&r=g","caption":"Redaccion"},"url":"https:\/\/torredonjimenoactualidad.com\/index.php\/author\/jose-bueno\/"}]}},"_links":{"self":[{"href":"https:\/\/torredonjimenoactualidad.com\/index.php\/wp-json\/wp\/v2\/posts\/4300","targetHints":{"allow":["GET"]}}],"collection":[{"href":"https:\/\/torredonjimenoactualidad.com\/index.php\/wp-json\/wp\/v2\/posts"}],"about":[{"href":"https:\/\/torredonjimenoactualidad.com\/index.php\/wp-json\/wp\/v2\/types\/post"}],"author":[{"embeddable":true,"href":"https:\/\/torredonjimenoactualidad.com\/index.php\/wp-json\/wp\/v2\/users\/3"}],"replies":[{"embeddable":true,"href":"https:\/\/torredonjimenoactualidad.com\/index.php\/wp-json\/wp\/v2\/comments?post=4300"}],"version-history":[{"count":3,"href":"https:\/\/torredonjimenoactualidad.com\/index.php\/wp-json\/wp\/v2\/posts\/4300\/revisions"}],"predecessor-version":[{"id":4304,"href":"https:\/\/torredonjimenoactualidad.com\/index.php\/wp-json\/wp\/v2\/posts\/4300\/revisions\/4304"}],"wp:featuredmedia":[{"embeddable":true,"href":"https:\/\/torredonjimenoactualidad.com\/index.php\/wp-json\/wp\/v2\/media\/4301"}],"wp:attachment":[{"href":"https:\/\/torredonjimenoactualidad.com\/index.php\/wp-json\/wp\/v2\/media?parent=4300"}],"wp:term":[{"taxonomy":"category","embeddable":true,"href":"https:\/\/torredonjimenoactualidad.com\/index.php\/wp-json\/wp\/v2\/categories?post=4300"},{"taxonomy":"post_tag","embeddable":true,"href":"https:\/\/torredonjimenoactualidad.com\/index.php\/wp-json\/wp\/v2\/tags?post=4300"}],"curies":[{"name":"wp","href":"https:\/\/api.w.org\/{rel}","templated":true}]}}