{"id":4296,"date":"2025-12-30T18:44:40","date_gmt":"2025-12-30T18:44:40","guid":{"rendered":"https:\/\/torredonjimenoactualidad.com\/?p=4296"},"modified":"2025-12-30T18:44:41","modified_gmt":"2025-12-30T18:44:41","slug":"la-junta-movilizara-31-millones-en-2026-para-mejorar-la-empleabilidad-en-la-provincia","status":"publish","type":"post","link":"https:\/\/torredonjimenoactualidad.com\/index.php\/2025\/12\/30\/la-junta-movilizara-31-millones-en-2026-para-mejorar-la-empleabilidad-en-la-provincia\/","title":{"rendered":"La Junta movilizar\u00e1 31 millones en 2026 para mejorar la empleabilidad en la provincia"},"content":{"rendered":"\n<p>La Junta de Andaluc\u00eda tiene previsto movilizar 31 millones de euros en 2026 para la mejora de la empleabilidad de los jiennenses a trav\u00e9s de tres planes y programas &#8211;Impulsa-T Ja\u00e9n, dotado con siete millones de euros; el Activa-T, con 12,9 millones de euros; y el Empleo y Formaci\u00f3n, dotado con 11,1 millones&#8211;.<\/p>\n\n\n\n<p>El delegado de la Junta de Andaluc\u00eda en Ja\u00e9n, Jes\u00fas Estrella, ha defendido que \u00ablas pol\u00edticas de empleo son una prioridad para el Gobierno de Juanma Moreno\u00bb. As\u00ed, ha apuntado que la provincia de Ja\u00e9n ha sido beneficiaria de seis planes de empleo en los \u00faltimos tres a\u00f1os y medio que \u00abhan permitido no s\u00f3lo invertir en la provincia de Ja\u00e9n, sino hacerlo para dinamizar el mercado laboral y crear oportunidades que contribuyen a fijar la poblaci\u00f3n al territorio\u00bb.<\/p>\n\n\n\n<p>Han sido seis programas y planes, dotados con hasta 73,1 millones de euros, que han beneficiado a cerca de 7.000 jiennenses. El programa Impulsa-T Ja\u00e9n, anunciado por el presidente del Gobierno andaluz, Juanma Moreno, es una iniciativa espec\u00edfica para la provincia jiennense, \u00abun plan de choque para el fomento territorial del empleo y la inserci\u00f3n laboral de nuestros municipios\u00bb, como ha explicado Jes\u00fas Estrella.<\/p>\n\n\n\n<p>La convocatoria de este plan, que se publicar\u00e1 en los primeros meses de 2026, estar\u00e1 dotada con siete millones de euros para dar respuesta a la situaci\u00f3n socioecon\u00f3mica de la provincia. Por otro lado, Ja\u00e9n suma algo m\u00e1s de 12,9 millones de euros con el programa Activa-T Joven, que contempla ayudas para promover el acceso al mercado laboral de j\u00f3venes desempleados de entre 18 y 29 a\u00f1os, que se incorporar\u00e1n durante un periodo de seis meses a jornada completa a proyectos dise\u00f1ados por los propios entes locales.<\/p>\n\n\n\n<p>Adem\u00e1s, el programa Empleo y Formaci\u00f3n, conocido como las antiguas escuelas taller, cuenta con 11,1 millones de cr\u00e9dito para la provincia jiennense que se distribuir\u00e1n en 31 proyectos que ser\u00e1n ejecutados por 20 ayuntamientos y una entidad.<\/p>\n\n\n\n<p>Estrella ha destacado la recuperaci\u00f3n de este programa \u00abcon ayudas que desaparecieron con los anteriores gobiernos socialistas de la Junta y que con el Gobierno de Juanma Moreno han supuesto una inversi\u00f3n global de 50,7 millones de euros para m\u00e1s de 1.900 alumnos\u00bb.<\/p>\n","protected":false},"excerpt":{"rendered":"<p>La Junta de Andaluc\u00eda tiene previsto movilizar 31 millones de euros en 2026 para la mejora de la empleabilidad de los jiennenses a trav\u00e9s de tres planes y programas &#8211;Impulsa-T Ja\u00e9n, dotado con siete millones de euros; el Activa-T, con 12,9 millones de euros; y el Empleo y Formaci\u00f3n, dotado con 11,1 millones&#8211;. El delegado &hellip;<\/p>\n<p class=\"read-more\"> <a class=\"\" href=\"https:\/\/torredonjimenoactualidad.com\/index.php\/2025\/12\/30\/la-junta-movilizara-31-millones-en-2026-para-mejorar-la-empleabilidad-en-la-provincia\/\"> <span class=\"screen-reader-text\">La Junta movilizar\u00e1 31 millones en 2026 para mejorar la empleabilidad en la provincia<\/span> Leer m\u00e1s &raquo;<\/a><\/p>\n","protected":false},"author":2,"featured_media":4297,"comment_status":"closed","ping_status":"open","sticky":false,"template":"","format":"standard","meta":{"site-sidebar-layout":"default","site-content-layout":"default","ast-global-header-display":"","ast-main-header-display":"","ast-hfb-above-header-display":"","ast-hfb-below-header-display":"","ast-hfb-mobile-header-display":"","site-post-title":"","ast-breadcrumbs-content":"","ast-featured-img":"","footer-sml-layout":"","theme-transparent-header-meta":"","adv-header-id-meta":"","stick-header-meta":"","header-above-stick-meta":"","header-main-stick-meta":"","header-below-stick-meta":"","footnotes":""},"categories":[8],"tags":[],"class_list":["post-4296","post","type-post","status-publish","format-standard","has-post-thumbnail","hentry","category-provincia"],"yoast_head":"<!-- This site is optimized with the Yoast SEO plugin v20.8 - https:\/\/yoast.com\/wordpress\/plugins\/seo\/ -->\n<title>La Junta movilizar\u00e1 31 millones en 2026 para mejorar la empleabilidad en la provincia - Torredonjimeno Actualidad<\/title>\n<meta name=\"robots\" content=\"index, follow, max-snippet:-1, max-image-preview:large, max-video-preview:-1\" \/>\n<link rel=\"canonical\" href=\"https:\/\/torredonjimenoactualidad.com\/index.php\/2025\/12\/30\/la-junta-movilizara-31-millones-en-2026-para-mejorar-la-empleabilidad-en-la-provincia\/\" \/>\n<meta property=\"og:locale\" content=\"es_ES\" \/>\n<meta property=\"og:type\" content=\"article\" \/>\n<meta property=\"og:title\" content=\"La Junta movilizar\u00e1 31 millones en 2026 para mejorar la empleabilidad en la provincia - Torredonjimeno Actualidad\" \/>\n<meta property=\"og:description\" content=\"La Junta de Andaluc\u00eda tiene previsto movilizar 31 millones de euros en 2026 para la mejora de la empleabilidad de los jiennenses a trav\u00e9s de tres planes y programas &#8211;Impulsa-T Ja\u00e9n, dotado con siete millones de euros; el Activa-T, con 12,9 millones de euros; y el Empleo y Formaci\u00f3n, dotado con 11,1 millones&#8211;. El delegado &hellip; La Junta movilizar\u00e1 31 millones en 2026 para mejorar la empleabilidad en la provincia Leer m\u00e1s &raquo;\" \/>\n<meta property=\"og:url\" content=\"https:\/\/torredonjimenoactualidad.com\/index.php\/2025\/12\/30\/la-junta-movilizara-31-millones-en-2026-para-mejorar-la-empleabilidad-en-la-provincia\/\" \/>\n<meta property=\"og:site_name\" content=\"Torredonjimeno Actualidad\" \/>\n<meta property=\"article:published_time\" content=\"2025-12-30T18:44:40+00:00\" \/>\n<meta property=\"article:modified_time\" content=\"2025-12-30T18:44:41+00:00\" \/>\n<meta property=\"og:image\" content=\"https:\/\/torredonjimenoactualidad.com\/wp-content\/uploads\/2025\/12\/JESUS-scaled.jpg\" \/>\n\t<meta property=\"og:image:width\" content=\"2560\" \/>\n\t<meta property=\"og:image:height\" content=\"1463\" \/>\n\t<meta property=\"og:image:type\" content=\"image\/jpeg\" \/>\n<meta name=\"author\" content=\"Alba Mar\u00eda Torres\" \/>\n<meta name=\"twitter:card\" content=\"summary_large_image\" \/>\n<meta name=\"twitter:label1\" content=\"Escrito por\" \/>\n\t<meta name=\"twitter:data1\" content=\"Alba Mar\u00eda Torres\" \/>\n\t<meta name=\"twitter:label2\" content=\"Tiempo de lectura\" \/>\n\t<meta name=\"twitter:data2\" content=\"2 minutos\" \/>\n<script type=\"application\/ld+json\" class=\"yoast-schema-graph\">{\"@context\":\"https:\/\/schema.org\",\"@graph\":[{\"@type\":\"Article\",\"@id\":\"https:\/\/torredonjimenoactualidad.com\/index.php\/2025\/12\/30\/la-junta-movilizara-31-millones-en-2026-para-mejorar-la-empleabilidad-en-la-provincia\/#article\",\"isPartOf\":{\"@id\":\"https:\/\/torredonjimenoactualidad.com\/index.php\/2025\/12\/30\/la-junta-movilizara-31-millones-en-2026-para-mejorar-la-empleabilidad-en-la-provincia\/\"},\"author\":{\"name\":\"Alba Mar\u00eda Torres\",\"@id\":\"https:\/\/torredonjimenoactualidad.com\/#\/schema\/person\/84de5f233e783ef2c75151a532b54977\"},\"headline\":\"La Junta movilizar\u00e1 31 millones en 2026 para mejorar la empleabilidad en la provincia\",\"datePublished\":\"2025-12-30T18:44:40+00:00\",\"dateModified\":\"2025-12-30T18:44:41+00:00\",\"mainEntityOfPage\":{\"@id\":\"https:\/\/torredonjimenoactualidad.com\/index.php\/2025\/12\/30\/la-junta-movilizara-31-millones-en-2026-para-mejorar-la-empleabilidad-en-la-provincia\/\"},\"wordCount\":393,\"publisher\":{\"@id\":\"https:\/\/torredonjimenoactualidad.com\/#organization\"},\"articleSection\":[\"provincia\"],\"inLanguage\":\"es\"},{\"@type\":\"WebPage\",\"@id\":\"https:\/\/torredonjimenoactualidad.com\/index.php\/2025\/12\/30\/la-junta-movilizara-31-millones-en-2026-para-mejorar-la-empleabilidad-en-la-provincia\/\",\"url\":\"https:\/\/torredonjimenoactualidad.com\/index.php\/2025\/12\/30\/la-junta-movilizara-31-millones-en-2026-para-mejorar-la-empleabilidad-en-la-provincia\/\",\"name\":\"La Junta movilizar\u00e1 31 millones en 2026 para mejorar la empleabilidad en la provincia - Torredonjimeno Actualidad\",\"isPartOf\":{\"@id\":\"https:\/\/torredonjimenoactualidad.com\/#website\"},\"datePublished\":\"2025-12-30T18:44:40+00:00\",\"dateModified\":\"2025-12-30T18:44:41+00:00\",\"breadcrumb\":{\"@id\":\"https:\/\/torredonjimenoactualidad.com\/index.php\/2025\/12\/30\/la-junta-movilizara-31-millones-en-2026-para-mejorar-la-empleabilidad-en-la-provincia\/#breadcrumb\"},\"inLanguage\":\"es\",\"potentialAction\":[{\"@type\":\"ReadAction\",\"target\":[\"https:\/\/torredonjimenoactualidad.com\/index.php\/2025\/12\/30\/la-junta-movilizara-31-millones-en-2026-para-mejorar-la-empleabilidad-en-la-provincia\/\"]}]},{\"@type\":\"BreadcrumbList\",\"@id\":\"https:\/\/torredonjimenoactualidad.com\/index.php\/2025\/12\/30\/la-junta-movilizara-31-millones-en-2026-para-mejorar-la-empleabilidad-en-la-provincia\/#breadcrumb\",\"itemListElement\":[{\"@type\":\"ListItem\",\"position\":1,\"name\":\"Portada\",\"item\":\"https:\/\/torredonjimenoactualidad.com\/\"},{\"@type\":\"ListItem\",\"position\":2,\"name\":\"La Junta movilizar\u00e1 31 millones en 2026 para mejorar la empleabilidad en la provincia\"}]},{\"@type\":\"WebSite\",\"@id\":\"https:\/\/torredonjimenoactualidad.com\/#website\",\"url\":\"https:\/\/torredonjimenoactualidad.com\/\",\"name\":\"Torredonjimeno Actualidad\",\"description\":\"\",\"publisher\":{\"@id\":\"https:\/\/torredonjimenoactualidad.com\/#organization\"},\"potentialAction\":[{\"@type\":\"SearchAction\",\"target\":{\"@type\":\"EntryPoint\",\"urlTemplate\":\"https:\/\/torredonjimenoactualidad.com\/?s={search_term_string}\"},\"query-input\":\"required name=search_term_string\"}],\"inLanguage\":\"es\"},{\"@type\":\"Organization\",\"@id\":\"https:\/\/torredonjimenoactualidad.com\/#organization\",\"name\":\"Torredonjimeno Actualidad\",\"url\":\"https:\/\/torredonjimenoactualidad.com\/\",\"logo\":{\"@type\":\"ImageObject\",\"inLanguage\":\"es\",\"@id\":\"https:\/\/torredonjimenoactualidad.com\/#\/schema\/logo\/image\/\",\"url\":\"https:\/\/torredonjimenoactualidad.com\/wp-content\/uploads\/2023\/02\/logo-torredonjimeno-544x180-1.png\",\"contentUrl\":\"https:\/\/torredonjimenoactualidad.com\/wp-content\/uploads\/2023\/02\/logo-torredonjimeno-544x180-1.png\",\"width\":545,\"height\":112,\"caption\":\"Torredonjimeno Actualidad\"},\"image\":{\"@id\":\"https:\/\/torredonjimenoactualidad.com\/#\/schema\/logo\/image\/\"}},{\"@type\":\"Person\",\"@id\":\"https:\/\/torredonjimenoactualidad.com\/#\/schema\/person\/84de5f233e783ef2c75151a532b54977\",\"name\":\"Alba Mar\u00eda Torres\",\"image\":{\"@type\":\"ImageObject\",\"inLanguage\":\"es\",\"@id\":\"https:\/\/torredonjimenoactualidad.com\/#\/schema\/person\/image\/\",\"url\":\"https:\/\/secure.gravatar.com\/avatar\/f9371f188c71501b4475a9ba2a71595850ec72967f800a2ed8e3e2102859ed65?s=96&d=mm&r=g\",\"contentUrl\":\"https:\/\/secure.gravatar.com\/avatar\/f9371f188c71501b4475a9ba2a71595850ec72967f800a2ed8e3e2102859ed65?s=96&d=mm&r=g\",\"caption\":\"Alba Mar\u00eda Torres\"},\"url\":\"https:\/\/torredonjimenoactualidad.com\/index.php\/author\/alba-torres\/\"}]}<\/script>\n<!-- \/ Yoast SEO plugin. -->","yoast_head_json":{"title":"La Junta movilizar\u00e1 31 millones en 2026 para mejorar la empleabilidad en la provincia - Torredonjimeno Actualidad","robots":{"index":"index","follow":"follow","max-snippet":"max-snippet:-1","max-image-preview":"max-image-preview:large","max-video-preview":"max-video-preview:-1"},"canonical":"https:\/\/torredonjimenoactualidad.com\/index.php\/2025\/12\/30\/la-junta-movilizara-31-millones-en-2026-para-mejorar-la-empleabilidad-en-la-provincia\/","og_locale":"es_ES","og_type":"article","og_title":"La Junta movilizar\u00e1 31 millones en 2026 para mejorar la empleabilidad en la provincia - Torredonjimeno Actualidad","og_description":"La Junta de Andaluc\u00eda tiene previsto movilizar 31 millones de euros en 2026 para la mejora de la empleabilidad de los jiennenses a trav\u00e9s de tres planes y programas &#8211;Impulsa-T Ja\u00e9n, dotado con siete millones de euros; el Activa-T, con 12,9 millones de euros; y el Empleo y Formaci\u00f3n, dotado con 11,1 millones&#8211;. El delegado &hellip; La Junta movilizar\u00e1 31 millones en 2026 para mejorar la empleabilidad en la provincia Leer m\u00e1s &raquo;","og_url":"https:\/\/torredonjimenoactualidad.com\/index.php\/2025\/12\/30\/la-junta-movilizara-31-millones-en-2026-para-mejorar-la-empleabilidad-en-la-provincia\/","og_site_name":"Torredonjimeno Actualidad","article_published_time":"2025-12-30T18:44:40+00:00","article_modified_time":"2025-12-30T18:44:41+00:00","og_image":[{"width":2560,"height":1463,"url":"https:\/\/torredonjimenoactualidad.com\/wp-content\/uploads\/2025\/12\/JESUS-scaled.jpg","type":"image\/jpeg"}],"author":"Alba Mar\u00eda Torres","twitter_card":"summary_large_image","twitter_misc":{"Escrito por":"Alba Mar\u00eda Torres","Tiempo de lectura":"2 minutos"},"schema":{"@context":"https:\/\/schema.org","@graph":[{"@type":"Article","@id":"https:\/\/torredonjimenoactualidad.com\/index.php\/2025\/12\/30\/la-junta-movilizara-31-millones-en-2026-para-mejorar-la-empleabilidad-en-la-provincia\/#article","isPartOf":{"@id":"https:\/\/torredonjimenoactualidad.com\/index.php\/2025\/12\/30\/la-junta-movilizara-31-millones-en-2026-para-mejorar-la-empleabilidad-en-la-provincia\/"},"author":{"name":"Alba Mar\u00eda Torres","@id":"https:\/\/torredonjimenoactualidad.com\/#\/schema\/person\/84de5f233e783ef2c75151a532b54977"},"headline":"La Junta movilizar\u00e1 31 millones en 2026 para mejorar la empleabilidad en la provincia","datePublished":"2025-12-30T18:44:40+00:00","dateModified":"2025-12-30T18:44:41+00:00","mainEntityOfPage":{"@id":"https:\/\/torredonjimenoactualidad.com\/index.php\/2025\/12\/30\/la-junta-movilizara-31-millones-en-2026-para-mejorar-la-empleabilidad-en-la-provincia\/"},"wordCount":393,"publisher":{"@id":"https:\/\/torredonjimenoactualidad.com\/#organization"},"articleSection":["provincia"],"inLanguage":"es"},{"@type":"WebPage","@id":"https:\/\/torredonjimenoactualidad.com\/index.php\/2025\/12\/30\/la-junta-movilizara-31-millones-en-2026-para-mejorar-la-empleabilidad-en-la-provincia\/","url":"https:\/\/torredonjimenoactualidad.com\/index.php\/2025\/12\/30\/la-junta-movilizara-31-millones-en-2026-para-mejorar-la-empleabilidad-en-la-provincia\/","name":"La Junta movilizar\u00e1 31 millones en 2026 para mejorar la empleabilidad en la provincia - Torredonjimeno Actualidad","isPartOf":{"@id":"https:\/\/torredonjimenoactualidad.com\/#website"},"datePublished":"2025-12-30T18:44:40+00:00","dateModified":"2025-12-30T18:44:41+00:00","breadcrumb":{"@id":"https:\/\/torredonjimenoactualidad.com\/index.php\/2025\/12\/30\/la-junta-movilizara-31-millones-en-2026-para-mejorar-la-empleabilidad-en-la-provincia\/#breadcrumb"},"inLanguage":"es","potentialAction":[{"@type":"ReadAction","target":["https:\/\/torredonjimenoactualidad.com\/index.php\/2025\/12\/30\/la-junta-movilizara-31-millones-en-2026-para-mejorar-la-empleabilidad-en-la-provincia\/"]}]},{"@type":"BreadcrumbList","@id":"https:\/\/torredonjimenoactualidad.com\/index.php\/2025\/12\/30\/la-junta-movilizara-31-millones-en-2026-para-mejorar-la-empleabilidad-en-la-provincia\/#breadcrumb","itemListElement":[{"@type":"ListItem","position":1,"name":"Portada","item":"https:\/\/torredonjimenoactualidad.com\/"},{"@type":"ListItem","position":2,"name":"La Junta movilizar\u00e1 31 millones en 2026 para mejorar la empleabilidad en la provincia"}]},{"@type":"WebSite","@id":"https:\/\/torredonjimenoactualidad.com\/#website","url":"https:\/\/torredonjimenoactualidad.com\/","name":"Torredonjimeno Actualidad","description":"","publisher":{"@id":"https:\/\/torredonjimenoactualidad.com\/#organization"},"potentialAction":[{"@type":"SearchAction","target":{"@type":"EntryPoint","urlTemplate":"https:\/\/torredonjimenoactualidad.com\/?s={search_term_string}"},"query-input":"required name=search_term_string"}],"inLanguage":"es"},{"@type":"Organization","@id":"https:\/\/torredonjimenoactualidad.com\/#organization","name":"Torredonjimeno Actualidad","url":"https:\/\/torredonjimenoactualidad.com\/","logo":{"@type":"ImageObject","inLanguage":"es","@id":"https:\/\/torredonjimenoactualidad.com\/#\/schema\/logo\/image\/","url":"https:\/\/torredonjimenoactualidad.com\/wp-content\/uploads\/2023\/02\/logo-torredonjimeno-544x180-1.png","contentUrl":"https:\/\/torredonjimenoactualidad.com\/wp-content\/uploads\/2023\/02\/logo-torredonjimeno-544x180-1.png","width":545,"height":112,"caption":"Torredonjimeno Actualidad"},"image":{"@id":"https:\/\/torredonjimenoactualidad.com\/#\/schema\/logo\/image\/"}},{"@type":"Person","@id":"https:\/\/torredonjimenoactualidad.com\/#\/schema\/person\/84de5f233e783ef2c75151a532b54977","name":"Alba Mar\u00eda Torres","image":{"@type":"ImageObject","inLanguage":"es","@id":"https:\/\/torredonjimenoactualidad.com\/#\/schema\/person\/image\/","url":"https:\/\/secure.gravatar.com\/avatar\/f9371f188c71501b4475a9ba2a71595850ec72967f800a2ed8e3e2102859ed65?s=96&d=mm&r=g","contentUrl":"https:\/\/secure.gravatar.com\/avatar\/f9371f188c71501b4475a9ba2a71595850ec72967f800a2ed8e3e2102859ed65?s=96&d=mm&r=g","caption":"Alba Mar\u00eda Torres"},"url":"https:\/\/torredonjimenoactualidad.com\/index.php\/author\/alba-torres\/"}]}},"_links":{"self":[{"href":"https:\/\/torredonjimenoactualidad.com\/index.php\/wp-json\/wp\/v2\/posts\/4296","targetHints":{"allow":["GET"]}}],"collection":[{"href":"https:\/\/torredonjimenoactualidad.com\/index.php\/wp-json\/wp\/v2\/posts"}],"about":[{"href":"https:\/\/torredonjimenoactualidad.com\/index.php\/wp-json\/wp\/v2\/types\/post"}],"author":[{"embeddable":true,"href":"https:\/\/torredonjimenoactualidad.com\/index.php\/wp-json\/wp\/v2\/users\/2"}],"replies":[{"embeddable":true,"href":"https:\/\/torredonjimenoactualidad.com\/index.php\/wp-json\/wp\/v2\/comments?post=4296"}],"version-history":[{"count":1,"href":"https:\/\/torredonjimenoactualidad.com\/index.php\/wp-json\/wp\/v2\/posts\/4296\/revisions"}],"predecessor-version":[{"id":4298,"href":"https:\/\/torredonjimenoactualidad.com\/index.php\/wp-json\/wp\/v2\/posts\/4296\/revisions\/4298"}],"wp:featuredmedia":[{"embeddable":true,"href":"https:\/\/torredonjimenoactualidad.com\/index.php\/wp-json\/wp\/v2\/media\/4297"}],"wp:attachment":[{"href":"https:\/\/torredonjimenoactualidad.com\/index.php\/wp-json\/wp\/v2\/media?parent=4296"}],"wp:term":[{"taxonomy":"category","embeddable":true,"href":"https:\/\/torredonjimenoactualidad.com\/index.php\/wp-json\/wp\/v2\/categories?post=4296"},{"taxonomy":"post_tag","embeddable":true,"href":"https:\/\/torredonjimenoactualidad.com\/index.php\/wp-json\/wp\/v2\/tags?post=4296"}],"curies":[{"name":"wp","href":"https:\/\/api.w.org\/{rel}","templated":true}]}}