{"id":4286,"date":"2025-12-29T17:13:50","date_gmt":"2025-12-29T17:13:50","guid":{"rendered":"https:\/\/torredonjimenoactualidad.com\/?p=4286"},"modified":"2025-12-29T17:13:52","modified_gmt":"2025-12-29T17:13:52","slug":"la-tosiriana-maribel-lozano-gana-peso-en-el-pp-andaluz-al-asumir-la-secretaria-de-coordinacion-parlamentaria","status":"publish","type":"post","link":"https:\/\/torredonjimenoactualidad.com\/index.php\/2025\/12\/29\/la-tosiriana-maribel-lozano-gana-peso-en-el-pp-andaluz-al-asumir-la-secretaria-de-coordinacion-parlamentaria\/","title":{"rendered":"La tosiriana\u00a0Maribel Lozano\u00a0gana peso en el PP andaluz al asumir la Secretar\u00eda de Coordinaci\u00f3n Parlamentaria"},"content":{"rendered":"\n<p>El Partido Popular de Ja\u00e9n refuerza su peso en la estructura regional del PP andaluz tras los nuevos nombramientos realizados en el Comit\u00e9 Ejecutivo del PP de Andaluc\u00eda. El presidente provincial,&nbsp;<strong>Erik Dom\u00ednguez<\/strong>, y la secretaria general,&nbsp;<strong>Elena Gonz\u00e1lez<\/strong>, han trasladado su felicitaci\u00f3n a todos los militantes jiennenses que pasan a formar parte de este \u00f3rgano de direcci\u00f3n.<\/p>\n\n\n\n<p>Entre los nombramientos destaca de manera especial la tosiriana&nbsp;<strong>Maribel Lozano<\/strong>, que asume la Secretar\u00eda de Coordinaci\u00f3n Parlamentaria, consolidando as\u00ed la presencia de Torredonjimeno en los espacios clave de decisi\u00f3n del partido a nivel auton\u00f3mico. Junto a ella, Miguel Contreras ha sido designado coordinador de Iniciativas Municipales; Yolanda S\u00e1ez, coordinadora de Movilizaci\u00f3n; Jes\u00fas Estrella, coordinador provincial Partido-Gobierno; Luis Mariano Camacho, coordinador de la Secci\u00f3n de Empresas; Javier M\u00e1rquez, secretario de Exposiciones y Nuevos Mercados; Francisco Miralles, secretario de Industria Cineg\u00e9tica; Agust\u00edn Moral, secretario de Desarrollo Rural; Pedro Cabrera, secretario de Turismo Cultural; Auxi del Olmo, secretaria de Nuevos Desarrollos Industriales; Mar\u00eda del Mar D\u00e1vila, secretaria de Gesti\u00f3n Cineg\u00e9tica; y Marino Aguilera, secretario de Acci\u00f3n con los Docentes.<\/p>\n\n\n\n<p>Estos nombramientos se suman a los ya conocidos de las vicesecretar\u00edas regionales que ostentan Ana Bel\u00e9n Mata y Soledad Aranda; la presidencia regional de Nuevas Generaciones, a cargo de Mar\u00eda Jos\u00e9 Carmona; as\u00ed como la presencia de Erik Dom\u00ednguez y Elena Gonz\u00e1lez como presidente provincial \u2014y vocal\u2014 y secretaria general, respectivamente. Completan la representaci\u00f3n jiennense Gabino Puche como vocal y Juan Bravo y Juan Diego Requena, en su condici\u00f3n de miembros del Comit\u00e9 Ejecutivo Nacional.<\/p>\n\n\n\n<p>Para Erik Dom\u00ednguez, esta amplia n\u00f3mina de cargos \u201ces una gran representaci\u00f3n jiennense que evidencia la apuesta de&nbsp;<strong>Juanma Moreno<\/strong>&nbsp;por nuestra provincia, porque es estando cerca y conociendo sus carencias y demandas como se pueden sacar adelante grandes proyectos\u201d. Un respaldo que, seg\u00fan subraya la direcci\u00f3n provincial, refuerza la voz de Ja\u00e9n y de municipios como Torredonjimeno en el proyecto pol\u00edtico del PP andaluz.<\/p>\n\n\n\n<figure class=\"wp-block-image aligncenter size-large\"><img loading=\"lazy\" decoding=\"async\" width=\"1024\" height=\"585\" src=\"https:\/\/torredonjimenoactualidad.com\/wp-content\/uploads\/2025\/12\/PP-1024x585.jpg\" alt=\"\" class=\"wp-image-4287\" srcset=\"https:\/\/torredonjimenoactualidad.com\/wp-content\/uploads\/2025\/12\/PP-1024x585.jpg 1024w, https:\/\/torredonjimenoactualidad.com\/wp-content\/uploads\/2025\/12\/PP-300x171.jpg 300w, https:\/\/torredonjimenoactualidad.com\/wp-content\/uploads\/2025\/12\/PP-768x439.jpg 768w, https:\/\/torredonjimenoactualidad.com\/wp-content\/uploads\/2025\/12\/PP-1536x877.jpg 1536w, https:\/\/torredonjimenoactualidad.com\/wp-content\/uploads\/2025\/12\/PP.jpg 1998w\" sizes=\"auto, (max-width: 1024px) 100vw, 1024px\" \/><\/figure>\n\n\n\n<p><\/p>\n","protected":false},"excerpt":{"rendered":"<p>El Partido Popular de Ja\u00e9n refuerza su peso en la estructura regional del PP andaluz tras los nuevos nombramientos realizados en el Comit\u00e9 Ejecutivo del PP de Andaluc\u00eda. El presidente provincial,&nbsp;Erik Dom\u00ednguez, y la secretaria general,&nbsp;Elena Gonz\u00e1lez, han trasladado su felicitaci\u00f3n a todos los militantes jiennenses que pasan a formar parte de este \u00f3rgano de &hellip;<\/p>\n<p class=\"read-more\"> <a class=\"\" href=\"https:\/\/torredonjimenoactualidad.com\/index.php\/2025\/12\/29\/la-tosiriana-maribel-lozano-gana-peso-en-el-pp-andaluz-al-asumir-la-secretaria-de-coordinacion-parlamentaria\/\"> <span class=\"screen-reader-text\">La tosiriana\u00a0Maribel Lozano\u00a0gana peso en el PP andaluz al asumir la Secretar\u00eda de Coordinaci\u00f3n Parlamentaria<\/span> Leer m\u00e1s &raquo;<\/a><\/p>\n","protected":false},"author":2,"featured_media":4288,"comment_status":"closed","ping_status":"open","sticky":false,"template":"","format":"standard","meta":{"site-sidebar-layout":"default","site-content-layout":"default","ast-global-header-display":"","ast-main-header-display":"","ast-hfb-above-header-display":"","ast-hfb-below-header-display":"","ast-hfb-mobile-header-display":"","site-post-title":"","ast-breadcrumbs-content":"","ast-featured-img":"","footer-sml-layout":"","theme-transparent-header-meta":"","adv-header-id-meta":"","stick-header-meta":"","header-above-stick-meta":"","header-main-stick-meta":"","header-below-stick-meta":"","footnotes":""},"categories":[7],"tags":[],"class_list":["post-4286","post","type-post","status-publish","format-standard","has-post-thumbnail","hentry","category-local"],"yoast_head":"<!-- This site is optimized with the Yoast SEO plugin v20.8 - https:\/\/yoast.com\/wordpress\/plugins\/seo\/ -->\n<title>La tosiriana\u00a0Maribel Lozano\u00a0gana peso en el PP andaluz al asumir la Secretar\u00eda de Coordinaci\u00f3n Parlamentaria - Torredonjimeno Actualidad<\/title>\n<meta name=\"robots\" content=\"index, follow, max-snippet:-1, max-image-preview:large, max-video-preview:-1\" \/>\n<link rel=\"canonical\" href=\"https:\/\/torredonjimenoactualidad.com\/index.php\/2025\/12\/29\/la-tosiriana-maribel-lozano-gana-peso-en-el-pp-andaluz-al-asumir-la-secretaria-de-coordinacion-parlamentaria\/\" \/>\n<meta property=\"og:locale\" content=\"es_ES\" \/>\n<meta property=\"og:type\" content=\"article\" \/>\n<meta property=\"og:title\" content=\"La tosiriana\u00a0Maribel Lozano\u00a0gana peso en el PP andaluz al asumir la Secretar\u00eda de Coordinaci\u00f3n Parlamentaria - Torredonjimeno Actualidad\" \/>\n<meta property=\"og:description\" content=\"El Partido Popular de Ja\u00e9n refuerza su peso en la estructura regional del PP andaluz tras los nuevos nombramientos realizados en el Comit\u00e9 Ejecutivo del PP de Andaluc\u00eda. El presidente provincial,&nbsp;Erik Dom\u00ednguez, y la secretaria general,&nbsp;Elena Gonz\u00e1lez, han trasladado su felicitaci\u00f3n a todos los militantes jiennenses que pasan a formar parte de este \u00f3rgano de &hellip; La tosiriana\u00a0Maribel Lozano\u00a0gana peso en el PP andaluz al asumir la Secretar\u00eda de Coordinaci\u00f3n Parlamentaria Leer m\u00e1s &raquo;\" \/>\n<meta property=\"og:url\" content=\"https:\/\/torredonjimenoactualidad.com\/index.php\/2025\/12\/29\/la-tosiriana-maribel-lozano-gana-peso-en-el-pp-andaluz-al-asumir-la-secretaria-de-coordinacion-parlamentaria\/\" \/>\n<meta property=\"og:site_name\" content=\"Torredonjimeno Actualidad\" \/>\n<meta property=\"article:published_time\" content=\"2025-12-29T17:13:50+00:00\" \/>\n<meta property=\"article:modified_time\" content=\"2025-12-29T17:13:52+00:00\" \/>\n<meta property=\"og:image\" content=\"https:\/\/torredonjimenoactualidad.com\/wp-content\/uploads\/2025\/12\/577865943_1401782511957791_5284527802628069443_n.jpg\" \/>\n\t<meta property=\"og:image:width\" content=\"1500\" \/>\n\t<meta property=\"og:image:height\" content=\"857\" \/>\n\t<meta property=\"og:image:type\" content=\"image\/jpeg\" \/>\n<meta name=\"author\" content=\"Alba Mar\u00eda Torres\" \/>\n<meta name=\"twitter:card\" content=\"summary_large_image\" \/>\n<meta name=\"twitter:label1\" content=\"Escrito por\" \/>\n\t<meta name=\"twitter:data1\" content=\"Alba Mar\u00eda Torres\" \/>\n\t<meta name=\"twitter:label2\" content=\"Tiempo de lectura\" \/>\n\t<meta name=\"twitter:data2\" content=\"2 minutos\" \/>\n<script type=\"application\/ld+json\" class=\"yoast-schema-graph\">{\"@context\":\"https:\/\/schema.org\",\"@graph\":[{\"@type\":\"Article\",\"@id\":\"https:\/\/torredonjimenoactualidad.com\/index.php\/2025\/12\/29\/la-tosiriana-maribel-lozano-gana-peso-en-el-pp-andaluz-al-asumir-la-secretaria-de-coordinacion-parlamentaria\/#article\",\"isPartOf\":{\"@id\":\"https:\/\/torredonjimenoactualidad.com\/index.php\/2025\/12\/29\/la-tosiriana-maribel-lozano-gana-peso-en-el-pp-andaluz-al-asumir-la-secretaria-de-coordinacion-parlamentaria\/\"},\"author\":{\"name\":\"Alba Mar\u00eda Torres\",\"@id\":\"https:\/\/torredonjimenoactualidad.com\/#\/schema\/person\/84de5f233e783ef2c75151a532b54977\"},\"headline\":\"La tosiriana\u00a0Maribel Lozano\u00a0gana peso en el PP andaluz al asumir la Secretar\u00eda de Coordinaci\u00f3n Parlamentaria\",\"datePublished\":\"2025-12-29T17:13:50+00:00\",\"dateModified\":\"2025-12-29T17:13:52+00:00\",\"mainEntityOfPage\":{\"@id\":\"https:\/\/torredonjimenoactualidad.com\/index.php\/2025\/12\/29\/la-tosiriana-maribel-lozano-gana-peso-en-el-pp-andaluz-al-asumir-la-secretaria-de-coordinacion-parlamentaria\/\"},\"wordCount\":375,\"publisher\":{\"@id\":\"https:\/\/torredonjimenoactualidad.com\/#organization\"},\"articleSection\":[\"local\"],\"inLanguage\":\"es\"},{\"@type\":\"WebPage\",\"@id\":\"https:\/\/torredonjimenoactualidad.com\/index.php\/2025\/12\/29\/la-tosiriana-maribel-lozano-gana-peso-en-el-pp-andaluz-al-asumir-la-secretaria-de-coordinacion-parlamentaria\/\",\"url\":\"https:\/\/torredonjimenoactualidad.com\/index.php\/2025\/12\/29\/la-tosiriana-maribel-lozano-gana-peso-en-el-pp-andaluz-al-asumir-la-secretaria-de-coordinacion-parlamentaria\/\",\"name\":\"La tosiriana\u00a0Maribel Lozano\u00a0gana peso en el PP andaluz al asumir la Secretar\u00eda de Coordinaci\u00f3n Parlamentaria - Torredonjimeno Actualidad\",\"isPartOf\":{\"@id\":\"https:\/\/torredonjimenoactualidad.com\/#website\"},\"datePublished\":\"2025-12-29T17:13:50+00:00\",\"dateModified\":\"2025-12-29T17:13:52+00:00\",\"breadcrumb\":{\"@id\":\"https:\/\/torredonjimenoactualidad.com\/index.php\/2025\/12\/29\/la-tosiriana-maribel-lozano-gana-peso-en-el-pp-andaluz-al-asumir-la-secretaria-de-coordinacion-parlamentaria\/#breadcrumb\"},\"inLanguage\":\"es\",\"potentialAction\":[{\"@type\":\"ReadAction\",\"target\":[\"https:\/\/torredonjimenoactualidad.com\/index.php\/2025\/12\/29\/la-tosiriana-maribel-lozano-gana-peso-en-el-pp-andaluz-al-asumir-la-secretaria-de-coordinacion-parlamentaria\/\"]}]},{\"@type\":\"BreadcrumbList\",\"@id\":\"https:\/\/torredonjimenoactualidad.com\/index.php\/2025\/12\/29\/la-tosiriana-maribel-lozano-gana-peso-en-el-pp-andaluz-al-asumir-la-secretaria-de-coordinacion-parlamentaria\/#breadcrumb\",\"itemListElement\":[{\"@type\":\"ListItem\",\"position\":1,\"name\":\"Portada\",\"item\":\"https:\/\/torredonjimenoactualidad.com\/\"},{\"@type\":\"ListItem\",\"position\":2,\"name\":\"La tosiriana\u00a0Maribel Lozano\u00a0gana peso en el PP andaluz al asumir la Secretar\u00eda de Coordinaci\u00f3n Parlamentaria\"}]},{\"@type\":\"WebSite\",\"@id\":\"https:\/\/torredonjimenoactualidad.com\/#website\",\"url\":\"https:\/\/torredonjimenoactualidad.com\/\",\"name\":\"Torredonjimeno Actualidad\",\"description\":\"\",\"publisher\":{\"@id\":\"https:\/\/torredonjimenoactualidad.com\/#organization\"},\"potentialAction\":[{\"@type\":\"SearchAction\",\"target\":{\"@type\":\"EntryPoint\",\"urlTemplate\":\"https:\/\/torredonjimenoactualidad.com\/?s={search_term_string}\"},\"query-input\":\"required name=search_term_string\"}],\"inLanguage\":\"es\"},{\"@type\":\"Organization\",\"@id\":\"https:\/\/torredonjimenoactualidad.com\/#organization\",\"name\":\"Torredonjimeno Actualidad\",\"url\":\"https:\/\/torredonjimenoactualidad.com\/\",\"logo\":{\"@type\":\"ImageObject\",\"inLanguage\":\"es\",\"@id\":\"https:\/\/torredonjimenoactualidad.com\/#\/schema\/logo\/image\/\",\"url\":\"https:\/\/torredonjimenoactualidad.com\/wp-content\/uploads\/2023\/02\/logo-torredonjimeno-544x180-1.png\",\"contentUrl\":\"https:\/\/torredonjimenoactualidad.com\/wp-content\/uploads\/2023\/02\/logo-torredonjimeno-544x180-1.png\",\"width\":545,\"height\":112,\"caption\":\"Torredonjimeno Actualidad\"},\"image\":{\"@id\":\"https:\/\/torredonjimenoactualidad.com\/#\/schema\/logo\/image\/\"}},{\"@type\":\"Person\",\"@id\":\"https:\/\/torredonjimenoactualidad.com\/#\/schema\/person\/84de5f233e783ef2c75151a532b54977\",\"name\":\"Alba Mar\u00eda Torres\",\"image\":{\"@type\":\"ImageObject\",\"inLanguage\":\"es\",\"@id\":\"https:\/\/torredonjimenoactualidad.com\/#\/schema\/person\/image\/\",\"url\":\"https:\/\/secure.gravatar.com\/avatar\/f9371f188c71501b4475a9ba2a71595850ec72967f800a2ed8e3e2102859ed65?s=96&d=mm&r=g\",\"contentUrl\":\"https:\/\/secure.gravatar.com\/avatar\/f9371f188c71501b4475a9ba2a71595850ec72967f800a2ed8e3e2102859ed65?s=96&d=mm&r=g\",\"caption\":\"Alba Mar\u00eda Torres\"},\"url\":\"https:\/\/torredonjimenoactualidad.com\/index.php\/author\/alba-torres\/\"}]}<\/script>\n<!-- \/ Yoast SEO plugin. -->","yoast_head_json":{"title":"La tosiriana\u00a0Maribel Lozano\u00a0gana peso en el PP andaluz al asumir la Secretar\u00eda de Coordinaci\u00f3n Parlamentaria - Torredonjimeno Actualidad","robots":{"index":"index","follow":"follow","max-snippet":"max-snippet:-1","max-image-preview":"max-image-preview:large","max-video-preview":"max-video-preview:-1"},"canonical":"https:\/\/torredonjimenoactualidad.com\/index.php\/2025\/12\/29\/la-tosiriana-maribel-lozano-gana-peso-en-el-pp-andaluz-al-asumir-la-secretaria-de-coordinacion-parlamentaria\/","og_locale":"es_ES","og_type":"article","og_title":"La tosiriana\u00a0Maribel Lozano\u00a0gana peso en el PP andaluz al asumir la Secretar\u00eda de Coordinaci\u00f3n Parlamentaria - Torredonjimeno Actualidad","og_description":"El Partido Popular de Ja\u00e9n refuerza su peso en la estructura regional del PP andaluz tras los nuevos nombramientos realizados en el Comit\u00e9 Ejecutivo del PP de Andaluc\u00eda. El presidente provincial,&nbsp;Erik Dom\u00ednguez, y la secretaria general,&nbsp;Elena Gonz\u00e1lez, han trasladado su felicitaci\u00f3n a todos los militantes jiennenses que pasan a formar parte de este \u00f3rgano de &hellip; La tosiriana\u00a0Maribel Lozano\u00a0gana peso en el PP andaluz al asumir la Secretar\u00eda de Coordinaci\u00f3n Parlamentaria Leer m\u00e1s &raquo;","og_url":"https:\/\/torredonjimenoactualidad.com\/index.php\/2025\/12\/29\/la-tosiriana-maribel-lozano-gana-peso-en-el-pp-andaluz-al-asumir-la-secretaria-de-coordinacion-parlamentaria\/","og_site_name":"Torredonjimeno Actualidad","article_published_time":"2025-12-29T17:13:50+00:00","article_modified_time":"2025-12-29T17:13:52+00:00","og_image":[{"width":1500,"height":857,"url":"https:\/\/torredonjimenoactualidad.com\/wp-content\/uploads\/2025\/12\/577865943_1401782511957791_5284527802628069443_n.jpg","type":"image\/jpeg"}],"author":"Alba Mar\u00eda Torres","twitter_card":"summary_large_image","twitter_misc":{"Escrito por":"Alba Mar\u00eda Torres","Tiempo de lectura":"2 minutos"},"schema":{"@context":"https:\/\/schema.org","@graph":[{"@type":"Article","@id":"https:\/\/torredonjimenoactualidad.com\/index.php\/2025\/12\/29\/la-tosiriana-maribel-lozano-gana-peso-en-el-pp-andaluz-al-asumir-la-secretaria-de-coordinacion-parlamentaria\/#article","isPartOf":{"@id":"https:\/\/torredonjimenoactualidad.com\/index.php\/2025\/12\/29\/la-tosiriana-maribel-lozano-gana-peso-en-el-pp-andaluz-al-asumir-la-secretaria-de-coordinacion-parlamentaria\/"},"author":{"name":"Alba Mar\u00eda Torres","@id":"https:\/\/torredonjimenoactualidad.com\/#\/schema\/person\/84de5f233e783ef2c75151a532b54977"},"headline":"La tosiriana\u00a0Maribel Lozano\u00a0gana peso en el PP andaluz al asumir la Secretar\u00eda de Coordinaci\u00f3n Parlamentaria","datePublished":"2025-12-29T17:13:50+00:00","dateModified":"2025-12-29T17:13:52+00:00","mainEntityOfPage":{"@id":"https:\/\/torredonjimenoactualidad.com\/index.php\/2025\/12\/29\/la-tosiriana-maribel-lozano-gana-peso-en-el-pp-andaluz-al-asumir-la-secretaria-de-coordinacion-parlamentaria\/"},"wordCount":375,"publisher":{"@id":"https:\/\/torredonjimenoactualidad.com\/#organization"},"articleSection":["local"],"inLanguage":"es"},{"@type":"WebPage","@id":"https:\/\/torredonjimenoactualidad.com\/index.php\/2025\/12\/29\/la-tosiriana-maribel-lozano-gana-peso-en-el-pp-andaluz-al-asumir-la-secretaria-de-coordinacion-parlamentaria\/","url":"https:\/\/torredonjimenoactualidad.com\/index.php\/2025\/12\/29\/la-tosiriana-maribel-lozano-gana-peso-en-el-pp-andaluz-al-asumir-la-secretaria-de-coordinacion-parlamentaria\/","name":"La tosiriana\u00a0Maribel Lozano\u00a0gana peso en el PP andaluz al asumir la Secretar\u00eda de Coordinaci\u00f3n Parlamentaria - Torredonjimeno Actualidad","isPartOf":{"@id":"https:\/\/torredonjimenoactualidad.com\/#website"},"datePublished":"2025-12-29T17:13:50+00:00","dateModified":"2025-12-29T17:13:52+00:00","breadcrumb":{"@id":"https:\/\/torredonjimenoactualidad.com\/index.php\/2025\/12\/29\/la-tosiriana-maribel-lozano-gana-peso-en-el-pp-andaluz-al-asumir-la-secretaria-de-coordinacion-parlamentaria\/#breadcrumb"},"inLanguage":"es","potentialAction":[{"@type":"ReadAction","target":["https:\/\/torredonjimenoactualidad.com\/index.php\/2025\/12\/29\/la-tosiriana-maribel-lozano-gana-peso-en-el-pp-andaluz-al-asumir-la-secretaria-de-coordinacion-parlamentaria\/"]}]},{"@type":"BreadcrumbList","@id":"https:\/\/torredonjimenoactualidad.com\/index.php\/2025\/12\/29\/la-tosiriana-maribel-lozano-gana-peso-en-el-pp-andaluz-al-asumir-la-secretaria-de-coordinacion-parlamentaria\/#breadcrumb","itemListElement":[{"@type":"ListItem","position":1,"name":"Portada","item":"https:\/\/torredonjimenoactualidad.com\/"},{"@type":"ListItem","position":2,"name":"La tosiriana\u00a0Maribel Lozano\u00a0gana peso en el PP andaluz al asumir la Secretar\u00eda de Coordinaci\u00f3n Parlamentaria"}]},{"@type":"WebSite","@id":"https:\/\/torredonjimenoactualidad.com\/#website","url":"https:\/\/torredonjimenoactualidad.com\/","name":"Torredonjimeno Actualidad","description":"","publisher":{"@id":"https:\/\/torredonjimenoactualidad.com\/#organization"},"potentialAction":[{"@type":"SearchAction","target":{"@type":"EntryPoint","urlTemplate":"https:\/\/torredonjimenoactualidad.com\/?s={search_term_string}"},"query-input":"required name=search_term_string"}],"inLanguage":"es"},{"@type":"Organization","@id":"https:\/\/torredonjimenoactualidad.com\/#organization","name":"Torredonjimeno Actualidad","url":"https:\/\/torredonjimenoactualidad.com\/","logo":{"@type":"ImageObject","inLanguage":"es","@id":"https:\/\/torredonjimenoactualidad.com\/#\/schema\/logo\/image\/","url":"https:\/\/torredonjimenoactualidad.com\/wp-content\/uploads\/2023\/02\/logo-torredonjimeno-544x180-1.png","contentUrl":"https:\/\/torredonjimenoactualidad.com\/wp-content\/uploads\/2023\/02\/logo-torredonjimeno-544x180-1.png","width":545,"height":112,"caption":"Torredonjimeno Actualidad"},"image":{"@id":"https:\/\/torredonjimenoactualidad.com\/#\/schema\/logo\/image\/"}},{"@type":"Person","@id":"https:\/\/torredonjimenoactualidad.com\/#\/schema\/person\/84de5f233e783ef2c75151a532b54977","name":"Alba Mar\u00eda Torres","image":{"@type":"ImageObject","inLanguage":"es","@id":"https:\/\/torredonjimenoactualidad.com\/#\/schema\/person\/image\/","url":"https:\/\/secure.gravatar.com\/avatar\/f9371f188c71501b4475a9ba2a71595850ec72967f800a2ed8e3e2102859ed65?s=96&d=mm&r=g","contentUrl":"https:\/\/secure.gravatar.com\/avatar\/f9371f188c71501b4475a9ba2a71595850ec72967f800a2ed8e3e2102859ed65?s=96&d=mm&r=g","caption":"Alba Mar\u00eda Torres"},"url":"https:\/\/torredonjimenoactualidad.com\/index.php\/author\/alba-torres\/"}]}},"_links":{"self":[{"href":"https:\/\/torredonjimenoactualidad.com\/index.php\/wp-json\/wp\/v2\/posts\/4286","targetHints":{"allow":["GET"]}}],"collection":[{"href":"https:\/\/torredonjimenoactualidad.com\/index.php\/wp-json\/wp\/v2\/posts"}],"about":[{"href":"https:\/\/torredonjimenoactualidad.com\/index.php\/wp-json\/wp\/v2\/types\/post"}],"author":[{"embeddable":true,"href":"https:\/\/torredonjimenoactualidad.com\/index.php\/wp-json\/wp\/v2\/users\/2"}],"replies":[{"embeddable":true,"href":"https:\/\/torredonjimenoactualidad.com\/index.php\/wp-json\/wp\/v2\/comments?post=4286"}],"version-history":[{"count":1,"href":"https:\/\/torredonjimenoactualidad.com\/index.php\/wp-json\/wp\/v2\/posts\/4286\/revisions"}],"predecessor-version":[{"id":4289,"href":"https:\/\/torredonjimenoactualidad.com\/index.php\/wp-json\/wp\/v2\/posts\/4286\/revisions\/4289"}],"wp:featuredmedia":[{"embeddable":true,"href":"https:\/\/torredonjimenoactualidad.com\/index.php\/wp-json\/wp\/v2\/media\/4288"}],"wp:attachment":[{"href":"https:\/\/torredonjimenoactualidad.com\/index.php\/wp-json\/wp\/v2\/media?parent=4286"}],"wp:term":[{"taxonomy":"category","embeddable":true,"href":"https:\/\/torredonjimenoactualidad.com\/index.php\/wp-json\/wp\/v2\/categories?post=4286"},{"taxonomy":"post_tag","embeddable":true,"href":"https:\/\/torredonjimenoactualidad.com\/index.php\/wp-json\/wp\/v2\/tags?post=4286"}],"curies":[{"name":"wp","href":"https:\/\/api.w.org\/{rel}","templated":true}]}}