{"id":4283,"date":"2025-12-29T14:56:50","date_gmt":"2025-12-29T14:56:50","guid":{"rendered":"https:\/\/torredonjimenoactualidad.com\/?p=4283"},"modified":"2025-12-29T14:56:51","modified_gmt":"2025-12-29T14:56:51","slug":"el-cetedex-genera-mas-de-50-puestos-de-trabajo-en-sus-primeras-convocatorias-de-empleo-publico","status":"publish","type":"post","link":"https:\/\/torredonjimenoactualidad.com\/index.php\/2025\/12\/29\/el-cetedex-genera-mas-de-50-puestos-de-trabajo-en-sus-primeras-convocatorias-de-empleo-publico\/","title":{"rendered":"El Cetedex genera m\u00e1s de 50 puestos de trabajo en sus primeras convocatorias de empleo p\u00fablico"},"content":{"rendered":"\n<p>El Centro Tecnol\u00f3gico de Desarrollo y Experimentaci\u00f3n (Cetedex) que el Ministerio de Defensa est\u00e1 construyendo en la capital jiennense, va a generar m\u00e1s de 50 puestos de trabajo en sus primeras convocatorias de empleo p\u00fablico.<\/p>\n\n\n\n<p>As\u00ed lo ha indicado el presidente de la Diputaci\u00f3n de Ja\u00e9n, Francisco Reyes, que ha comparecido junto el director general del Instituto Nacional de T\u00e9cnica Aeroespacial (INTA), el teniente general Enrique Campo, para informar sobre la reciente publicaci\u00f3n de las primeras convocatorias de plazas para el Cetedex, que seg\u00fan se ha anunciado ha adelantado sus plazos de construcci\u00f3n y se prev\u00e9 que entre en funcionamiento en septiembre de 2028.<\/p>\n\n\n\n<p>En este acto, en el que tambi\u00e9n han estado presentes el subdelegado del Gobierno, Manuel Fern\u00e1ndez, y el subdelegado de Defensa, Evaristo Guti\u00e9rrez, el m\u00e1ximo responsable de la Diputaci\u00f3n ha subrayado \u00abla relevancia de esta convocatoria, que supone el principio del que es uno de los pilares fundamentales de este centro, el capital humano del Cetedex\u00bb.<\/p>\n\n\n\n<p>Al respecto, ha enfatizado que \u00abaunque es importante la inversi\u00f3n, es fundamental el componente humano, los trabajadores y trabajadoras del propio centro\u00bb. En este sentido, Reyes ha se\u00f1alado que este anuncio \u00absupone dar un paso importante de cara al funcionamiento de este centro tecnol\u00f3gico\u00bb que \u00abva a marcar un antes y un despu\u00e9s en la provincia de Ja\u00e9n\u00bb.<\/p>\n\n\n\n<p>Entre los puestos convocados est\u00e1n \u00ablas primeras treinta plazas de la escala de cient\u00edficos superiores de la Defensa, perfiles de alta cualificaci\u00f3n, que es una de las claves del Cetedex, la generaci\u00f3n de empleo cualificado\u00bb.<\/p>\n\n\n\n<p>De esta forma, ha a\u00f1adido, \u00abse avanza en materia de personal, a la par que se avanza en la construcci\u00f3n del centro y en el cumplimiento del compromiso anunciado por la ministra de Defensa y por la secretaria de Estado en su \u00faltima visita a la provincia de Ja\u00e9n, de que a finales del a\u00f1o pr\u00f3ximo el campus principal estar\u00e1 operativo, junto con el inicio del campo de pruebas avanzadas\u00bb.<\/p>\n\n\n\n<p>Por ello, Reyes ha vuelto a \u00abagradecer una vez m\u00e1s al INTA y al Gobierno de Espa\u00f1a su apuesta por el Cetedex, que sigue a buen ritmo y va por buen camino para convertirse, y convertir con ello a la provincia de Ja\u00e9n, en una referencia en el \u00e1mbito de la defensa, especialmente en lo relacionado con la lucha antidrones, los veh\u00edculos aut\u00f3nomos y la inteligencia artificial ligada a la defensa\u00bb.<\/p>\n\n\n\n<p>Sobre esta cuesti\u00f3n, el presidente de la Diputaci\u00f3n ha reivindicado \u00ablos frutos de este centro, que est\u00e1 suponiendo, tal y como dijo en su d\u00eda el presidente del Gobierno, la creaci\u00f3n de un ecosistema empresarial en torno al Cetedex\u00bb. De hecho, ha remarcado que \u00abhay empresas que ya han hecho importantes inversiones y que han empezado su actividad\u00bb.<\/p>\n\n\n\n<p>En esta l\u00ednea, se ha referido a FMG, en Linares, que, tras una inversi\u00f3n superior a los 16 millones de euros en el antiguo polvor\u00edn de Linares donde \u00aben un periodo de tiempo no muy largo se pueda llegar hasta los 200 trabajadores\u00bb.<\/p>\n\n\n\n<p>\u00abTambi\u00e9n podemos hablar de Escribano, que est\u00e1 ejecutando actuaciones en Linares, en las naves de Santana, o tambi\u00e9n las inversiones que est\u00e1 realizando en Bedmar, que van a permitir que en el mes de febrero o marzo est\u00e9n ya operativas estas instalaciones\u00bb, ha agregado Reyes, que se ha referido igualmente a la instalaci\u00f3n de SAPA Placencia en la capital jiennense para justificar \u00abel papel fundamental que este centro tecnol\u00f3gico est\u00e1 jugando en la reactivaci\u00f3n y diversificaci\u00f3n de la industria en nuestra provincia\u00bb.<\/p>\n\n\n\n<p>De esta forma, el Cetedex contar\u00e1 el pr\u00f3ximo a\u00f1o con sus 56 primeros trabajadores, que ser\u00e1n cient\u00edficos superiores de Defensa y ayudantes de investigaci\u00f3n. Queda pendiente otra convocatoria de 14 plazas m\u00e1s.<\/p>\n\n\n\n<p>Con esta plantilla, seg\u00fan ha recalcado Enrique Campo, \u00ablas previsiones para alcanzar la plena operatividad del centro no ser\u00e1n en 2029, como hab\u00edamos previsto inicialmente, sino que estar\u00e1 en septiembre de 2028, por lo que hemos ganado a\u00f1o y pico\u00bb.<\/p>\n\n\n\n<p>En esta l\u00ednea, el director general del INTA ha enfatizado que \u00abeste proyecto la verdad es que lleva un ritmo impresionante\u00bb. Sobre los plazos anunciados, Campo ha expuesto que el objetivo es que \u00abel centro ya pueda echar a andar en diciembre de 2026. Seis meses despu\u00e9s esperemos que el campus principal est\u00e9 completamente terminado y un a\u00f1o despu\u00e9s, es decir, en septiembre de 2028, que el campo de pruebas avanzado est\u00e9 finalizado y todo el personal incorporado\u00bb.<\/p>\n\n\n\n<p>En concreto, ha aclarado que \u00abla idea es contratar directamente a unas 250 personas, de las cuales 137 van a ser personal del Ministerio de Defensa y el resto van a ser servicios derivados de la vida y funcionamiento del centro\u00bb.<\/p>\n\n\n\n<p>Lo fundamental de este centro \u00abes que va a constituir un efecto tractor para toda la industria de defensa, que demanda el conocimiento generado y los servicios tecnol\u00f3gicos que no van a poder obtener en otro lado, y eso hace que las industrias se instalen en las proximidades del Cetedex, como ocurre en el resto de centros de ensayo que tiene el INTA por todo el territorio nacional\u00bb.<\/p>\n\n\n\n<p>Al respecto, ha puntualizado que \u00abcuando el Cetedex todav\u00eda es un proyecto, ya hay empresas que se han instalado y que van a generar empleo, talento y personal t\u00e9cnico, adem\u00e1s de que tambi\u00e9n van a necesitar industria auxiliar y cadena de suministro\u00bb.<\/p>\n\n\n\n<p>Eso hace que las estimaciones que se hacen en el Ministerio de Defensa es que, aparte de esos 250 empleos directos que van a trabajar en este centro tecnol\u00f3gico, se generen, \u00abentre empleo directo, indirecto e inducido, diez veces m\u00e1s, es decir, en torno a los 2.500 empleos, aunque lo principal es que hay que tener en cuenta que la actividad que genera el centro es de alto valor, que va a atraer tambi\u00e9n a una industria de alto valor\u00bb.<\/p>\n\n\n\n<p>Este anuncio de los avances en las obras y la contrataci\u00f3n de personal para el Cetedex ha sido, a juicio de Reyes, \u00abuna de las grandes noticias para la provincia de Ja\u00e9n en este a\u00f1o\u00bb.<\/p>\n\n\n\n<p>A esta se han sumado otras, entre las que ha citado \u00abel anuncio del estudio de viabilidad positiva del enlace de Ja\u00e9n con la alta de velocidad por Montoro y la adjudicaci\u00f3n del estudio informativo de la misma; o la firma del convenio con el Ministerio para la Transici\u00f3n Ecol\u00f3gica, por importe de 206 millones de euros, para obras hidr\u00e1ulicas.<\/p>\n\n\n\n<p>Tambi\u00e9n ha hecho referencia a la incorporaci\u00f3n al Plan Nacional de Electricidad de una l\u00ednea que va de Baza a \u00dabeda y \u00dabeda-Manzanares, que permitir\u00e1 dar suministro a una parte del desierto el\u00e9ctrico de la provincia de Ja\u00e9n; o el anunciado inicio de la obra de la reapertura de la Academia de la Guardia Civil de \u00dabeda, que \u00aben el mes de febrero recibir\u00e1 a los primeros oficiales de la Guardia Civil que se formar\u00e1n all\u00ed\u00bb.<\/p>\n","protected":false},"excerpt":{"rendered":"<p>El Centro Tecnol\u00f3gico de Desarrollo y Experimentaci\u00f3n (Cetedex) que el Ministerio de Defensa est\u00e1 construyendo en la capital jiennense, va a generar m\u00e1s de 50 puestos de trabajo en sus primeras convocatorias de empleo p\u00fablico. As\u00ed lo ha indicado el presidente de la Diputaci\u00f3n de Ja\u00e9n, Francisco Reyes, que ha comparecido junto el director general &hellip;<\/p>\n<p class=\"read-more\"> <a class=\"\" href=\"https:\/\/torredonjimenoactualidad.com\/index.php\/2025\/12\/29\/el-cetedex-genera-mas-de-50-puestos-de-trabajo-en-sus-primeras-convocatorias-de-empleo-publico\/\"> <span class=\"screen-reader-text\">El Cetedex genera m\u00e1s de 50 puestos de trabajo en sus primeras convocatorias de empleo p\u00fablico<\/span> Leer m\u00e1s &raquo;<\/a><\/p>\n","protected":false},"author":3,"featured_media":4284,"comment_status":"closed","ping_status":"open","sticky":false,"template":"","format":"standard","meta":{"site-sidebar-layout":"default","site-content-layout":"default","ast-global-header-display":"","ast-main-header-display":"","ast-hfb-above-header-display":"","ast-hfb-below-header-display":"","ast-hfb-mobile-header-display":"","site-post-title":"","ast-breadcrumbs-content":"","ast-featured-img":"","footer-sml-layout":"","theme-transparent-header-meta":"","adv-header-id-meta":"","stick-header-meta":"","header-above-stick-meta":"","header-main-stick-meta":"","header-below-stick-meta":"","footnotes":""},"categories":[8],"tags":[],"class_list":["post-4283","post","type-post","status-publish","format-standard","has-post-thumbnail","hentry","category-provincia"],"yoast_head":"<!-- This site is optimized with the Yoast SEO plugin v20.8 - https:\/\/yoast.com\/wordpress\/plugins\/seo\/ -->\n<title>El Cetedex genera m\u00e1s de 50 puestos de trabajo en sus primeras convocatorias de empleo p\u00fablico - Torredonjimeno Actualidad<\/title>\n<meta name=\"robots\" content=\"index, follow, max-snippet:-1, max-image-preview:large, max-video-preview:-1\" \/>\n<link rel=\"canonical\" href=\"https:\/\/torredonjimenoactualidad.com\/index.php\/2025\/12\/29\/el-cetedex-genera-mas-de-50-puestos-de-trabajo-en-sus-primeras-convocatorias-de-empleo-publico\/\" \/>\n<meta property=\"og:locale\" content=\"es_ES\" \/>\n<meta property=\"og:type\" content=\"article\" \/>\n<meta property=\"og:title\" content=\"El Cetedex genera m\u00e1s de 50 puestos de trabajo en sus primeras convocatorias de empleo p\u00fablico - Torredonjimeno Actualidad\" \/>\n<meta property=\"og:description\" content=\"El Centro Tecnol\u00f3gico de Desarrollo y Experimentaci\u00f3n (Cetedex) que el Ministerio de Defensa est\u00e1 construyendo en la capital jiennense, va a generar m\u00e1s de 50 puestos de trabajo en sus primeras convocatorias de empleo p\u00fablico. As\u00ed lo ha indicado el presidente de la Diputaci\u00f3n de Ja\u00e9n, Francisco Reyes, que ha comparecido junto el director general &hellip; El Cetedex genera m\u00e1s de 50 puestos de trabajo en sus primeras convocatorias de empleo p\u00fablico Leer m\u00e1s &raquo;\" \/>\n<meta property=\"og:url\" content=\"https:\/\/torredonjimenoactualidad.com\/index.php\/2025\/12\/29\/el-cetedex-genera-mas-de-50-puestos-de-trabajo-en-sus-primeras-convocatorias-de-empleo-publico\/\" \/>\n<meta property=\"og:site_name\" content=\"Torredonjimeno Actualidad\" \/>\n<meta property=\"article:published_time\" content=\"2025-12-29T14:56:50+00:00\" \/>\n<meta property=\"article:modified_time\" content=\"2025-12-29T14:56:51+00:00\" \/>\n<meta property=\"og:image\" content=\"https:\/\/torredonjimenoactualidad.com\/wp-content\/uploads\/2025\/12\/20251229_RP_oferta_empleo_pxblico_CETEDEX-1-scaled.jpeg\" \/>\n\t<meta property=\"og:image:width\" content=\"2560\" \/>\n\t<meta property=\"og:image:height\" content=\"1463\" \/>\n\t<meta property=\"og:image:type\" content=\"image\/jpeg\" \/>\n<meta name=\"author\" content=\"Redaccion\" \/>\n<meta name=\"twitter:card\" content=\"summary_large_image\" \/>\n<meta name=\"twitter:label1\" content=\"Escrito por\" \/>\n\t<meta name=\"twitter:data1\" content=\"Redaccion\" \/>\n\t<meta name=\"twitter:label2\" content=\"Tiempo de lectura\" \/>\n\t<meta name=\"twitter:data2\" content=\"6 minutos\" \/>\n<script type=\"application\/ld+json\" class=\"yoast-schema-graph\">{\"@context\":\"https:\/\/schema.org\",\"@graph\":[{\"@type\":\"Article\",\"@id\":\"https:\/\/torredonjimenoactualidad.com\/index.php\/2025\/12\/29\/el-cetedex-genera-mas-de-50-puestos-de-trabajo-en-sus-primeras-convocatorias-de-empleo-publico\/#article\",\"isPartOf\":{\"@id\":\"https:\/\/torredonjimenoactualidad.com\/index.php\/2025\/12\/29\/el-cetedex-genera-mas-de-50-puestos-de-trabajo-en-sus-primeras-convocatorias-de-empleo-publico\/\"},\"author\":{\"name\":\"Redaccion\",\"@id\":\"https:\/\/torredonjimenoactualidad.com\/#\/schema\/person\/11f05803cdf40dbeb7f4fbf2365c9ac5\"},\"headline\":\"El Cetedex genera m\u00e1s de 50 puestos de trabajo en sus primeras convocatorias de empleo p\u00fablico\",\"datePublished\":\"2025-12-29T14:56:50+00:00\",\"dateModified\":\"2025-12-29T14:56:51+00:00\",\"mainEntityOfPage\":{\"@id\":\"https:\/\/torredonjimenoactualidad.com\/index.php\/2025\/12\/29\/el-cetedex-genera-mas-de-50-puestos-de-trabajo-en-sus-primeras-convocatorias-de-empleo-publico\/\"},\"wordCount\":1215,\"publisher\":{\"@id\":\"https:\/\/torredonjimenoactualidad.com\/#organization\"},\"articleSection\":[\"provincia\"],\"inLanguage\":\"es\"},{\"@type\":\"WebPage\",\"@id\":\"https:\/\/torredonjimenoactualidad.com\/index.php\/2025\/12\/29\/el-cetedex-genera-mas-de-50-puestos-de-trabajo-en-sus-primeras-convocatorias-de-empleo-publico\/\",\"url\":\"https:\/\/torredonjimenoactualidad.com\/index.php\/2025\/12\/29\/el-cetedex-genera-mas-de-50-puestos-de-trabajo-en-sus-primeras-convocatorias-de-empleo-publico\/\",\"name\":\"El Cetedex genera m\u00e1s de 50 puestos de trabajo en sus primeras convocatorias de empleo p\u00fablico - Torredonjimeno Actualidad\",\"isPartOf\":{\"@id\":\"https:\/\/torredonjimenoactualidad.com\/#website\"},\"datePublished\":\"2025-12-29T14:56:50+00:00\",\"dateModified\":\"2025-12-29T14:56:51+00:00\",\"breadcrumb\":{\"@id\":\"https:\/\/torredonjimenoactualidad.com\/index.php\/2025\/12\/29\/el-cetedex-genera-mas-de-50-puestos-de-trabajo-en-sus-primeras-convocatorias-de-empleo-publico\/#breadcrumb\"},\"inLanguage\":\"es\",\"potentialAction\":[{\"@type\":\"ReadAction\",\"target\":[\"https:\/\/torredonjimenoactualidad.com\/index.php\/2025\/12\/29\/el-cetedex-genera-mas-de-50-puestos-de-trabajo-en-sus-primeras-convocatorias-de-empleo-publico\/\"]}]},{\"@type\":\"BreadcrumbList\",\"@id\":\"https:\/\/torredonjimenoactualidad.com\/index.php\/2025\/12\/29\/el-cetedex-genera-mas-de-50-puestos-de-trabajo-en-sus-primeras-convocatorias-de-empleo-publico\/#breadcrumb\",\"itemListElement\":[{\"@type\":\"ListItem\",\"position\":1,\"name\":\"Portada\",\"item\":\"https:\/\/torredonjimenoactualidad.com\/\"},{\"@type\":\"ListItem\",\"position\":2,\"name\":\"El Cetedex genera m\u00e1s de 50 puestos de trabajo en sus primeras convocatorias de empleo p\u00fablico\"}]},{\"@type\":\"WebSite\",\"@id\":\"https:\/\/torredonjimenoactualidad.com\/#website\",\"url\":\"https:\/\/torredonjimenoactualidad.com\/\",\"name\":\"Torredonjimeno Actualidad\",\"description\":\"\",\"publisher\":{\"@id\":\"https:\/\/torredonjimenoactualidad.com\/#organization\"},\"potentialAction\":[{\"@type\":\"SearchAction\",\"target\":{\"@type\":\"EntryPoint\",\"urlTemplate\":\"https:\/\/torredonjimenoactualidad.com\/?s={search_term_string}\"},\"query-input\":\"required name=search_term_string\"}],\"inLanguage\":\"es\"},{\"@type\":\"Organization\",\"@id\":\"https:\/\/torredonjimenoactualidad.com\/#organization\",\"name\":\"Torredonjimeno Actualidad\",\"url\":\"https:\/\/torredonjimenoactualidad.com\/\",\"logo\":{\"@type\":\"ImageObject\",\"inLanguage\":\"es\",\"@id\":\"https:\/\/torredonjimenoactualidad.com\/#\/schema\/logo\/image\/\",\"url\":\"https:\/\/torredonjimenoactualidad.com\/wp-content\/uploads\/2023\/02\/logo-torredonjimeno-544x180-1.png\",\"contentUrl\":\"https:\/\/torredonjimenoactualidad.com\/wp-content\/uploads\/2023\/02\/logo-torredonjimeno-544x180-1.png\",\"width\":545,\"height\":112,\"caption\":\"Torredonjimeno Actualidad\"},\"image\":{\"@id\":\"https:\/\/torredonjimenoactualidad.com\/#\/schema\/logo\/image\/\"}},{\"@type\":\"Person\",\"@id\":\"https:\/\/torredonjimenoactualidad.com\/#\/schema\/person\/11f05803cdf40dbeb7f4fbf2365c9ac5\",\"name\":\"Redaccion\",\"image\":{\"@type\":\"ImageObject\",\"inLanguage\":\"es\",\"@id\":\"https:\/\/torredonjimenoactualidad.com\/#\/schema\/person\/image\/\",\"url\":\"https:\/\/secure.gravatar.com\/avatar\/5917bab7eff43e17746fd29b509939469470810b6b989b7cc2f89e3188399bf3?s=96&d=mm&r=g\",\"contentUrl\":\"https:\/\/secure.gravatar.com\/avatar\/5917bab7eff43e17746fd29b509939469470810b6b989b7cc2f89e3188399bf3?s=96&d=mm&r=g\",\"caption\":\"Redaccion\"},\"url\":\"https:\/\/torredonjimenoactualidad.com\/index.php\/author\/jose-bueno\/\"}]}<\/script>\n<!-- \/ Yoast SEO plugin. -->","yoast_head_json":{"title":"El Cetedex genera m\u00e1s de 50 puestos de trabajo en sus primeras convocatorias de empleo p\u00fablico - Torredonjimeno Actualidad","robots":{"index":"index","follow":"follow","max-snippet":"max-snippet:-1","max-image-preview":"max-image-preview:large","max-video-preview":"max-video-preview:-1"},"canonical":"https:\/\/torredonjimenoactualidad.com\/index.php\/2025\/12\/29\/el-cetedex-genera-mas-de-50-puestos-de-trabajo-en-sus-primeras-convocatorias-de-empleo-publico\/","og_locale":"es_ES","og_type":"article","og_title":"El Cetedex genera m\u00e1s de 50 puestos de trabajo en sus primeras convocatorias de empleo p\u00fablico - Torredonjimeno Actualidad","og_description":"El Centro Tecnol\u00f3gico de Desarrollo y Experimentaci\u00f3n (Cetedex) que el Ministerio de Defensa est\u00e1 construyendo en la capital jiennense, va a generar m\u00e1s de 50 puestos de trabajo en sus primeras convocatorias de empleo p\u00fablico. As\u00ed lo ha indicado el presidente de la Diputaci\u00f3n de Ja\u00e9n, Francisco Reyes, que ha comparecido junto el director general &hellip; El Cetedex genera m\u00e1s de 50 puestos de trabajo en sus primeras convocatorias de empleo p\u00fablico Leer m\u00e1s &raquo;","og_url":"https:\/\/torredonjimenoactualidad.com\/index.php\/2025\/12\/29\/el-cetedex-genera-mas-de-50-puestos-de-trabajo-en-sus-primeras-convocatorias-de-empleo-publico\/","og_site_name":"Torredonjimeno Actualidad","article_published_time":"2025-12-29T14:56:50+00:00","article_modified_time":"2025-12-29T14:56:51+00:00","og_image":[{"width":2560,"height":1463,"url":"https:\/\/torredonjimenoactualidad.com\/wp-content\/uploads\/2025\/12\/20251229_RP_oferta_empleo_pxblico_CETEDEX-1-scaled.jpeg","type":"image\/jpeg"}],"author":"Redaccion","twitter_card":"summary_large_image","twitter_misc":{"Escrito por":"Redaccion","Tiempo de lectura":"6 minutos"},"schema":{"@context":"https:\/\/schema.org","@graph":[{"@type":"Article","@id":"https:\/\/torredonjimenoactualidad.com\/index.php\/2025\/12\/29\/el-cetedex-genera-mas-de-50-puestos-de-trabajo-en-sus-primeras-convocatorias-de-empleo-publico\/#article","isPartOf":{"@id":"https:\/\/torredonjimenoactualidad.com\/index.php\/2025\/12\/29\/el-cetedex-genera-mas-de-50-puestos-de-trabajo-en-sus-primeras-convocatorias-de-empleo-publico\/"},"author":{"name":"Redaccion","@id":"https:\/\/torredonjimenoactualidad.com\/#\/schema\/person\/11f05803cdf40dbeb7f4fbf2365c9ac5"},"headline":"El Cetedex genera m\u00e1s de 50 puestos de trabajo en sus primeras convocatorias de empleo p\u00fablico","datePublished":"2025-12-29T14:56:50+00:00","dateModified":"2025-12-29T14:56:51+00:00","mainEntityOfPage":{"@id":"https:\/\/torredonjimenoactualidad.com\/index.php\/2025\/12\/29\/el-cetedex-genera-mas-de-50-puestos-de-trabajo-en-sus-primeras-convocatorias-de-empleo-publico\/"},"wordCount":1215,"publisher":{"@id":"https:\/\/torredonjimenoactualidad.com\/#organization"},"articleSection":["provincia"],"inLanguage":"es"},{"@type":"WebPage","@id":"https:\/\/torredonjimenoactualidad.com\/index.php\/2025\/12\/29\/el-cetedex-genera-mas-de-50-puestos-de-trabajo-en-sus-primeras-convocatorias-de-empleo-publico\/","url":"https:\/\/torredonjimenoactualidad.com\/index.php\/2025\/12\/29\/el-cetedex-genera-mas-de-50-puestos-de-trabajo-en-sus-primeras-convocatorias-de-empleo-publico\/","name":"El Cetedex genera m\u00e1s de 50 puestos de trabajo en sus primeras convocatorias de empleo p\u00fablico - Torredonjimeno Actualidad","isPartOf":{"@id":"https:\/\/torredonjimenoactualidad.com\/#website"},"datePublished":"2025-12-29T14:56:50+00:00","dateModified":"2025-12-29T14:56:51+00:00","breadcrumb":{"@id":"https:\/\/torredonjimenoactualidad.com\/index.php\/2025\/12\/29\/el-cetedex-genera-mas-de-50-puestos-de-trabajo-en-sus-primeras-convocatorias-de-empleo-publico\/#breadcrumb"},"inLanguage":"es","potentialAction":[{"@type":"ReadAction","target":["https:\/\/torredonjimenoactualidad.com\/index.php\/2025\/12\/29\/el-cetedex-genera-mas-de-50-puestos-de-trabajo-en-sus-primeras-convocatorias-de-empleo-publico\/"]}]},{"@type":"BreadcrumbList","@id":"https:\/\/torredonjimenoactualidad.com\/index.php\/2025\/12\/29\/el-cetedex-genera-mas-de-50-puestos-de-trabajo-en-sus-primeras-convocatorias-de-empleo-publico\/#breadcrumb","itemListElement":[{"@type":"ListItem","position":1,"name":"Portada","item":"https:\/\/torredonjimenoactualidad.com\/"},{"@type":"ListItem","position":2,"name":"El Cetedex genera m\u00e1s de 50 puestos de trabajo en sus primeras convocatorias de empleo p\u00fablico"}]},{"@type":"WebSite","@id":"https:\/\/torredonjimenoactualidad.com\/#website","url":"https:\/\/torredonjimenoactualidad.com\/","name":"Torredonjimeno Actualidad","description":"","publisher":{"@id":"https:\/\/torredonjimenoactualidad.com\/#organization"},"potentialAction":[{"@type":"SearchAction","target":{"@type":"EntryPoint","urlTemplate":"https:\/\/torredonjimenoactualidad.com\/?s={search_term_string}"},"query-input":"required name=search_term_string"}],"inLanguage":"es"},{"@type":"Organization","@id":"https:\/\/torredonjimenoactualidad.com\/#organization","name":"Torredonjimeno Actualidad","url":"https:\/\/torredonjimenoactualidad.com\/","logo":{"@type":"ImageObject","inLanguage":"es","@id":"https:\/\/torredonjimenoactualidad.com\/#\/schema\/logo\/image\/","url":"https:\/\/torredonjimenoactualidad.com\/wp-content\/uploads\/2023\/02\/logo-torredonjimeno-544x180-1.png","contentUrl":"https:\/\/torredonjimenoactualidad.com\/wp-content\/uploads\/2023\/02\/logo-torredonjimeno-544x180-1.png","width":545,"height":112,"caption":"Torredonjimeno Actualidad"},"image":{"@id":"https:\/\/torredonjimenoactualidad.com\/#\/schema\/logo\/image\/"}},{"@type":"Person","@id":"https:\/\/torredonjimenoactualidad.com\/#\/schema\/person\/11f05803cdf40dbeb7f4fbf2365c9ac5","name":"Redaccion","image":{"@type":"ImageObject","inLanguage":"es","@id":"https:\/\/torredonjimenoactualidad.com\/#\/schema\/person\/image\/","url":"https:\/\/secure.gravatar.com\/avatar\/5917bab7eff43e17746fd29b509939469470810b6b989b7cc2f89e3188399bf3?s=96&d=mm&r=g","contentUrl":"https:\/\/secure.gravatar.com\/avatar\/5917bab7eff43e17746fd29b509939469470810b6b989b7cc2f89e3188399bf3?s=96&d=mm&r=g","caption":"Redaccion"},"url":"https:\/\/torredonjimenoactualidad.com\/index.php\/author\/jose-bueno\/"}]}},"_links":{"self":[{"href":"https:\/\/torredonjimenoactualidad.com\/index.php\/wp-json\/wp\/v2\/posts\/4283","targetHints":{"allow":["GET"]}}],"collection":[{"href":"https:\/\/torredonjimenoactualidad.com\/index.php\/wp-json\/wp\/v2\/posts"}],"about":[{"href":"https:\/\/torredonjimenoactualidad.com\/index.php\/wp-json\/wp\/v2\/types\/post"}],"author":[{"embeddable":true,"href":"https:\/\/torredonjimenoactualidad.com\/index.php\/wp-json\/wp\/v2\/users\/3"}],"replies":[{"embeddable":true,"href":"https:\/\/torredonjimenoactualidad.com\/index.php\/wp-json\/wp\/v2\/comments?post=4283"}],"version-history":[{"count":1,"href":"https:\/\/torredonjimenoactualidad.com\/index.php\/wp-json\/wp\/v2\/posts\/4283\/revisions"}],"predecessor-version":[{"id":4285,"href":"https:\/\/torredonjimenoactualidad.com\/index.php\/wp-json\/wp\/v2\/posts\/4283\/revisions\/4285"}],"wp:featuredmedia":[{"embeddable":true,"href":"https:\/\/torredonjimenoactualidad.com\/index.php\/wp-json\/wp\/v2\/media\/4284"}],"wp:attachment":[{"href":"https:\/\/torredonjimenoactualidad.com\/index.php\/wp-json\/wp\/v2\/media?parent=4283"}],"wp:term":[{"taxonomy":"category","embeddable":true,"href":"https:\/\/torredonjimenoactualidad.com\/index.php\/wp-json\/wp\/v2\/categories?post=4283"},{"taxonomy":"post_tag","embeddable":true,"href":"https:\/\/torredonjimenoactualidad.com\/index.php\/wp-json\/wp\/v2\/tags?post=4283"}],"curies":[{"name":"wp","href":"https:\/\/api.w.org\/{rel}","templated":true}]}}