{"id":4280,"date":"2025-12-29T07:54:18","date_gmt":"2025-12-29T07:54:18","guid":{"rendered":"https:\/\/torredonjimenoactualidad.com\/?p=4280"},"modified":"2025-12-29T07:54:19","modified_gmt":"2025-12-29T07:54:19","slug":"el-ayuntamiento-de-torredonjimeno-convoca-el-concurso-del-cartel-anunciador-del-carnaval-2026","status":"publish","type":"post","link":"https:\/\/torredonjimenoactualidad.com\/index.php\/2025\/12\/29\/el-ayuntamiento-de-torredonjimeno-convoca-el-concurso-del-cartel-anunciador-del-carnaval-2026\/","title":{"rendered":"El Ayuntamiento de Torredonjimeno convoca el concurso del cartel anunciador del Carnaval 2026"},"content":{"rendered":"\n<p>El Ayuntamiento de Torredonjimeno, a trav\u00e9s de la Concejal\u00eda de Festejos, ha hecho p\u00fablicas las bases del concurso para la elecci\u00f3n del cartel anunciador del&nbsp;<strong>Carnaval 2026<\/strong>, una de las celebraciones m\u00e1s esperadas del calendario festivo local.<\/p>\n\n\n\n<p>El certamen est\u00e1 abierto a la participaci\u00f3n de todas las personas mayores de 18 a\u00f1os que lo deseen. Los trabajos deber\u00e1n presentarse en formato&nbsp;<strong>50 x 70 cent\u00edmetros<\/strong>, con tem\u00e1tica obligatoriamente relacionada con el Carnaval, siendo la t\u00e9cnica completamente libre. Las obras deber\u00e1n ser&nbsp;<strong>originales e in\u00e9ditas<\/strong>, no haber sido premiadas anteriormente ni incurrir en plagio total o parcial de trabajos propios o ajenos.<\/p>\n\n\n\n<p>Los carteles deber\u00e1n entregarse tanto en&nbsp;<strong>formato f\u00edsico<\/strong>&nbsp;como en&nbsp;<strong>formato digital de alta resoluci\u00f3n<\/strong>, con el fin de facilitar su posterior impresi\u00f3n en caso de resultar premiados. Adem\u00e1s, deber\u00e1n presentarse bajo un sistema de plica: el sobre exterior contendr\u00e1 \u00fanicamente un seud\u00f3nimo y el t\u00edtulo de la obra, mientras que en el interior se incluir\u00e1n los datos personales del autor o autora (nombre y apellidos, direcci\u00f3n, correo electr\u00f3nico, tel\u00e9fono y fotocopia del DNI).<\/p>\n\n\n\n<p>En cuanto a la rotulaci\u00f3n, los carteles deber\u00e1n incluir de forma obligatoria la leyenda:<br><strong>\u201cCarnaval 2026 \/ Torredonjimeno \/ Del 13 al 15 de febrero\u201d<\/strong>.<\/p>\n\n\n\n<p>El plazo de presentaci\u00f3n de los trabajos finaliza el&nbsp;<strong>20 de enero de 2026, a las 14:00 horas<\/strong>. Las obras deber\u00e1n entregarse en la&nbsp;<strong>Casa Municipal de Cultura de Torredonjimeno<\/strong>, situada en la Plaza de la Victoria, n\u00famero 2.<\/p>\n\n\n\n<p>El cartel ganador recibir\u00e1 un&nbsp;<strong>premio de 299 euros<\/strong>, cantidad que podr\u00e1 estar sujeta a la correspondiente retenci\u00f3n de IRPF. El Ayuntamiento adquirir\u00e1 la propiedad de la obra premiada y se reserva el derecho de realizar modificaciones t\u00e9cnicas si fueran necesarias para su correcta impresi\u00f3n o para la incorporaci\u00f3n de textos o logotipos institucionales.<\/p>\n\n\n\n<p>El jurado podr\u00e1 declarar el premio desierto si as\u00ed lo considera oportuno. Por su parte, los trabajos no premiados podr\u00e1n retirarse en el plazo de un mes tras el fallo del concurso; transcurrido ese tiempo, quedar\u00e1n a disposici\u00f3n del Ayuntamiento.<\/p>\n\n\n\n<p>Las obras enviadas por mensajer\u00eda, tanto en el env\u00edo como en la devoluci\u00f3n, correr\u00e1n por cuenta del autor o autora. Para m\u00e1s informaci\u00f3n, las personas interesadas pueden contactar con la Casa Municipal de Cultura en los tel\u00e9fonos&nbsp;<strong>953 57 22 02<\/strong>&nbsp;y&nbsp;<strong>953 57 30 51<\/strong>, o a trav\u00e9s del correo electr\u00f3nico&nbsp;<strong><a>cultura@tosiria.com<\/a><\/strong>.<\/p>\n","protected":false},"excerpt":{"rendered":"<p>El Ayuntamiento de Torredonjimeno, a trav\u00e9s de la Concejal\u00eda de Festejos, ha hecho p\u00fablicas las bases del concurso para la elecci\u00f3n del cartel anunciador del&nbsp;Carnaval 2026, una de las celebraciones m\u00e1s esperadas del calendario festivo local. El certamen est\u00e1 abierto a la participaci\u00f3n de todas las personas mayores de 18 a\u00f1os que lo deseen. Los &hellip;<\/p>\n<p class=\"read-more\"> <a class=\"\" href=\"https:\/\/torredonjimenoactualidad.com\/index.php\/2025\/12\/29\/el-ayuntamiento-de-torredonjimeno-convoca-el-concurso-del-cartel-anunciador-del-carnaval-2026\/\"> <span class=\"screen-reader-text\">El Ayuntamiento de Torredonjimeno convoca el concurso del cartel anunciador del Carnaval 2026<\/span> Leer m\u00e1s &raquo;<\/a><\/p>\n","protected":false},"author":2,"featured_media":4281,"comment_status":"closed","ping_status":"open","sticky":false,"template":"","format":"standard","meta":{"site-sidebar-layout":"default","site-content-layout":"default","ast-global-header-display":"","ast-main-header-display":"","ast-hfb-above-header-display":"","ast-hfb-below-header-display":"","ast-hfb-mobile-header-display":"","site-post-title":"","ast-breadcrumbs-content":"","ast-featured-img":"","footer-sml-layout":"","theme-transparent-header-meta":"","adv-header-id-meta":"","stick-header-meta":"","header-above-stick-meta":"","header-main-stick-meta":"","header-below-stick-meta":"","footnotes":""},"categories":[7],"tags":[],"class_list":["post-4280","post","type-post","status-publish","format-standard","has-post-thumbnail","hentry","category-local"],"yoast_head":"<!-- This site is optimized with the Yoast SEO plugin v20.8 - https:\/\/yoast.com\/wordpress\/plugins\/seo\/ -->\n<title>El Ayuntamiento de Torredonjimeno convoca el concurso del cartel anunciador del Carnaval 2026 - Torredonjimeno Actualidad<\/title>\n<meta name=\"robots\" content=\"index, follow, max-snippet:-1, max-image-preview:large, max-video-preview:-1\" \/>\n<link rel=\"canonical\" href=\"https:\/\/torredonjimenoactualidad.com\/index.php\/2025\/12\/29\/el-ayuntamiento-de-torredonjimeno-convoca-el-concurso-del-cartel-anunciador-del-carnaval-2026\/\" \/>\n<meta property=\"og:locale\" content=\"es_ES\" \/>\n<meta property=\"og:type\" content=\"article\" \/>\n<meta property=\"og:title\" content=\"El Ayuntamiento de Torredonjimeno convoca el concurso del cartel anunciador del Carnaval 2026 - Torredonjimeno Actualidad\" \/>\n<meta property=\"og:description\" content=\"El Ayuntamiento de Torredonjimeno, a trav\u00e9s de la Concejal\u00eda de Festejos, ha hecho p\u00fablicas las bases del concurso para la elecci\u00f3n del cartel anunciador del&nbsp;Carnaval 2026, una de las celebraciones m\u00e1s esperadas del calendario festivo local. El certamen est\u00e1 abierto a la participaci\u00f3n de todas las personas mayores de 18 a\u00f1os que lo deseen. Los &hellip; El Ayuntamiento de Torredonjimeno convoca el concurso del cartel anunciador del Carnaval 2026 Leer m\u00e1s &raquo;\" \/>\n<meta property=\"og:url\" content=\"https:\/\/torredonjimenoactualidad.com\/index.php\/2025\/12\/29\/el-ayuntamiento-de-torredonjimeno-convoca-el-concurso-del-cartel-anunciador-del-carnaval-2026\/\" \/>\n<meta property=\"og:site_name\" content=\"Torredonjimeno Actualidad\" \/>\n<meta property=\"article:published_time\" content=\"2025-12-29T07:54:18+00:00\" \/>\n<meta property=\"article:modified_time\" content=\"2025-12-29T07:54:19+00:00\" \/>\n<meta property=\"og:image\" content=\"https:\/\/torredonjimenoactualidad.com\/wp-content\/uploads\/2025\/12\/hoy.jpg\" \/>\n\t<meta property=\"og:image:width\" content=\"2048\" \/>\n\t<meta property=\"og:image:height\" content=\"1171\" \/>\n\t<meta property=\"og:image:type\" content=\"image\/jpeg\" \/>\n<meta name=\"author\" content=\"Alba Mar\u00eda Torres\" \/>\n<meta name=\"twitter:card\" content=\"summary_large_image\" \/>\n<meta name=\"twitter:label1\" content=\"Escrito por\" \/>\n\t<meta name=\"twitter:data1\" content=\"Alba Mar\u00eda Torres\" \/>\n\t<meta name=\"twitter:label2\" content=\"Tiempo de lectura\" \/>\n\t<meta name=\"twitter:data2\" content=\"2 minutos\" \/>\n<script type=\"application\/ld+json\" class=\"yoast-schema-graph\">{\"@context\":\"https:\/\/schema.org\",\"@graph\":[{\"@type\":\"Article\",\"@id\":\"https:\/\/torredonjimenoactualidad.com\/index.php\/2025\/12\/29\/el-ayuntamiento-de-torredonjimeno-convoca-el-concurso-del-cartel-anunciador-del-carnaval-2026\/#article\",\"isPartOf\":{\"@id\":\"https:\/\/torredonjimenoactualidad.com\/index.php\/2025\/12\/29\/el-ayuntamiento-de-torredonjimeno-convoca-el-concurso-del-cartel-anunciador-del-carnaval-2026\/\"},\"author\":{\"name\":\"Alba Mar\u00eda Torres\",\"@id\":\"https:\/\/torredonjimenoactualidad.com\/#\/schema\/person\/84de5f233e783ef2c75151a532b54977\"},\"headline\":\"El Ayuntamiento de Torredonjimeno convoca el concurso del cartel anunciador del Carnaval 2026\",\"datePublished\":\"2025-12-29T07:54:18+00:00\",\"dateModified\":\"2025-12-29T07:54:19+00:00\",\"mainEntityOfPage\":{\"@id\":\"https:\/\/torredonjimenoactualidad.com\/index.php\/2025\/12\/29\/el-ayuntamiento-de-torredonjimeno-convoca-el-concurso-del-cartel-anunciador-del-carnaval-2026\/\"},\"wordCount\":437,\"publisher\":{\"@id\":\"https:\/\/torredonjimenoactualidad.com\/#organization\"},\"articleSection\":[\"local\"],\"inLanguage\":\"es\"},{\"@type\":\"WebPage\",\"@id\":\"https:\/\/torredonjimenoactualidad.com\/index.php\/2025\/12\/29\/el-ayuntamiento-de-torredonjimeno-convoca-el-concurso-del-cartel-anunciador-del-carnaval-2026\/\",\"url\":\"https:\/\/torredonjimenoactualidad.com\/index.php\/2025\/12\/29\/el-ayuntamiento-de-torredonjimeno-convoca-el-concurso-del-cartel-anunciador-del-carnaval-2026\/\",\"name\":\"El Ayuntamiento de Torredonjimeno convoca el concurso del cartel anunciador del Carnaval 2026 - Torredonjimeno Actualidad\",\"isPartOf\":{\"@id\":\"https:\/\/torredonjimenoactualidad.com\/#website\"},\"datePublished\":\"2025-12-29T07:54:18+00:00\",\"dateModified\":\"2025-12-29T07:54:19+00:00\",\"breadcrumb\":{\"@id\":\"https:\/\/torredonjimenoactualidad.com\/index.php\/2025\/12\/29\/el-ayuntamiento-de-torredonjimeno-convoca-el-concurso-del-cartel-anunciador-del-carnaval-2026\/#breadcrumb\"},\"inLanguage\":\"es\",\"potentialAction\":[{\"@type\":\"ReadAction\",\"target\":[\"https:\/\/torredonjimenoactualidad.com\/index.php\/2025\/12\/29\/el-ayuntamiento-de-torredonjimeno-convoca-el-concurso-del-cartel-anunciador-del-carnaval-2026\/\"]}]},{\"@type\":\"BreadcrumbList\",\"@id\":\"https:\/\/torredonjimenoactualidad.com\/index.php\/2025\/12\/29\/el-ayuntamiento-de-torredonjimeno-convoca-el-concurso-del-cartel-anunciador-del-carnaval-2026\/#breadcrumb\",\"itemListElement\":[{\"@type\":\"ListItem\",\"position\":1,\"name\":\"Portada\",\"item\":\"https:\/\/torredonjimenoactualidad.com\/\"},{\"@type\":\"ListItem\",\"position\":2,\"name\":\"El Ayuntamiento de Torredonjimeno convoca el concurso del cartel anunciador del Carnaval 2026\"}]},{\"@type\":\"WebSite\",\"@id\":\"https:\/\/torredonjimenoactualidad.com\/#website\",\"url\":\"https:\/\/torredonjimenoactualidad.com\/\",\"name\":\"Torredonjimeno Actualidad\",\"description\":\"\",\"publisher\":{\"@id\":\"https:\/\/torredonjimenoactualidad.com\/#organization\"},\"potentialAction\":[{\"@type\":\"SearchAction\",\"target\":{\"@type\":\"EntryPoint\",\"urlTemplate\":\"https:\/\/torredonjimenoactualidad.com\/?s={search_term_string}\"},\"query-input\":\"required name=search_term_string\"}],\"inLanguage\":\"es\"},{\"@type\":\"Organization\",\"@id\":\"https:\/\/torredonjimenoactualidad.com\/#organization\",\"name\":\"Torredonjimeno Actualidad\",\"url\":\"https:\/\/torredonjimenoactualidad.com\/\",\"logo\":{\"@type\":\"ImageObject\",\"inLanguage\":\"es\",\"@id\":\"https:\/\/torredonjimenoactualidad.com\/#\/schema\/logo\/image\/\",\"url\":\"https:\/\/torredonjimenoactualidad.com\/wp-content\/uploads\/2023\/02\/logo-torredonjimeno-544x180-1.png\",\"contentUrl\":\"https:\/\/torredonjimenoactualidad.com\/wp-content\/uploads\/2023\/02\/logo-torredonjimeno-544x180-1.png\",\"width\":545,\"height\":112,\"caption\":\"Torredonjimeno Actualidad\"},\"image\":{\"@id\":\"https:\/\/torredonjimenoactualidad.com\/#\/schema\/logo\/image\/\"}},{\"@type\":\"Person\",\"@id\":\"https:\/\/torredonjimenoactualidad.com\/#\/schema\/person\/84de5f233e783ef2c75151a532b54977\",\"name\":\"Alba Mar\u00eda Torres\",\"image\":{\"@type\":\"ImageObject\",\"inLanguage\":\"es\",\"@id\":\"https:\/\/torredonjimenoactualidad.com\/#\/schema\/person\/image\/\",\"url\":\"https:\/\/secure.gravatar.com\/avatar\/f9371f188c71501b4475a9ba2a71595850ec72967f800a2ed8e3e2102859ed65?s=96&d=mm&r=g\",\"contentUrl\":\"https:\/\/secure.gravatar.com\/avatar\/f9371f188c71501b4475a9ba2a71595850ec72967f800a2ed8e3e2102859ed65?s=96&d=mm&r=g\",\"caption\":\"Alba Mar\u00eda Torres\"},\"url\":\"https:\/\/torredonjimenoactualidad.com\/index.php\/author\/alba-torres\/\"}]}<\/script>\n<!-- \/ Yoast SEO plugin. -->","yoast_head_json":{"title":"El Ayuntamiento de Torredonjimeno convoca el concurso del cartel anunciador del Carnaval 2026 - Torredonjimeno Actualidad","robots":{"index":"index","follow":"follow","max-snippet":"max-snippet:-1","max-image-preview":"max-image-preview:large","max-video-preview":"max-video-preview:-1"},"canonical":"https:\/\/torredonjimenoactualidad.com\/index.php\/2025\/12\/29\/el-ayuntamiento-de-torredonjimeno-convoca-el-concurso-del-cartel-anunciador-del-carnaval-2026\/","og_locale":"es_ES","og_type":"article","og_title":"El Ayuntamiento de Torredonjimeno convoca el concurso del cartel anunciador del Carnaval 2026 - Torredonjimeno Actualidad","og_description":"El Ayuntamiento de Torredonjimeno, a trav\u00e9s de la Concejal\u00eda de Festejos, ha hecho p\u00fablicas las bases del concurso para la elecci\u00f3n del cartel anunciador del&nbsp;Carnaval 2026, una de las celebraciones m\u00e1s esperadas del calendario festivo local. El certamen est\u00e1 abierto a la participaci\u00f3n de todas las personas mayores de 18 a\u00f1os que lo deseen. Los &hellip; El Ayuntamiento de Torredonjimeno convoca el concurso del cartel anunciador del Carnaval 2026 Leer m\u00e1s &raquo;","og_url":"https:\/\/torredonjimenoactualidad.com\/index.php\/2025\/12\/29\/el-ayuntamiento-de-torredonjimeno-convoca-el-concurso-del-cartel-anunciador-del-carnaval-2026\/","og_site_name":"Torredonjimeno Actualidad","article_published_time":"2025-12-29T07:54:18+00:00","article_modified_time":"2025-12-29T07:54:19+00:00","og_image":[{"width":2048,"height":1171,"url":"https:\/\/torredonjimenoactualidad.com\/wp-content\/uploads\/2025\/12\/hoy.jpg","type":"image\/jpeg"}],"author":"Alba Mar\u00eda Torres","twitter_card":"summary_large_image","twitter_misc":{"Escrito por":"Alba Mar\u00eda Torres","Tiempo de lectura":"2 minutos"},"schema":{"@context":"https:\/\/schema.org","@graph":[{"@type":"Article","@id":"https:\/\/torredonjimenoactualidad.com\/index.php\/2025\/12\/29\/el-ayuntamiento-de-torredonjimeno-convoca-el-concurso-del-cartel-anunciador-del-carnaval-2026\/#article","isPartOf":{"@id":"https:\/\/torredonjimenoactualidad.com\/index.php\/2025\/12\/29\/el-ayuntamiento-de-torredonjimeno-convoca-el-concurso-del-cartel-anunciador-del-carnaval-2026\/"},"author":{"name":"Alba Mar\u00eda Torres","@id":"https:\/\/torredonjimenoactualidad.com\/#\/schema\/person\/84de5f233e783ef2c75151a532b54977"},"headline":"El Ayuntamiento de Torredonjimeno convoca el concurso del cartel anunciador del Carnaval 2026","datePublished":"2025-12-29T07:54:18+00:00","dateModified":"2025-12-29T07:54:19+00:00","mainEntityOfPage":{"@id":"https:\/\/torredonjimenoactualidad.com\/index.php\/2025\/12\/29\/el-ayuntamiento-de-torredonjimeno-convoca-el-concurso-del-cartel-anunciador-del-carnaval-2026\/"},"wordCount":437,"publisher":{"@id":"https:\/\/torredonjimenoactualidad.com\/#organization"},"articleSection":["local"],"inLanguage":"es"},{"@type":"WebPage","@id":"https:\/\/torredonjimenoactualidad.com\/index.php\/2025\/12\/29\/el-ayuntamiento-de-torredonjimeno-convoca-el-concurso-del-cartel-anunciador-del-carnaval-2026\/","url":"https:\/\/torredonjimenoactualidad.com\/index.php\/2025\/12\/29\/el-ayuntamiento-de-torredonjimeno-convoca-el-concurso-del-cartel-anunciador-del-carnaval-2026\/","name":"El Ayuntamiento de Torredonjimeno convoca el concurso del cartel anunciador del Carnaval 2026 - Torredonjimeno Actualidad","isPartOf":{"@id":"https:\/\/torredonjimenoactualidad.com\/#website"},"datePublished":"2025-12-29T07:54:18+00:00","dateModified":"2025-12-29T07:54:19+00:00","breadcrumb":{"@id":"https:\/\/torredonjimenoactualidad.com\/index.php\/2025\/12\/29\/el-ayuntamiento-de-torredonjimeno-convoca-el-concurso-del-cartel-anunciador-del-carnaval-2026\/#breadcrumb"},"inLanguage":"es","potentialAction":[{"@type":"ReadAction","target":["https:\/\/torredonjimenoactualidad.com\/index.php\/2025\/12\/29\/el-ayuntamiento-de-torredonjimeno-convoca-el-concurso-del-cartel-anunciador-del-carnaval-2026\/"]}]},{"@type":"BreadcrumbList","@id":"https:\/\/torredonjimenoactualidad.com\/index.php\/2025\/12\/29\/el-ayuntamiento-de-torredonjimeno-convoca-el-concurso-del-cartel-anunciador-del-carnaval-2026\/#breadcrumb","itemListElement":[{"@type":"ListItem","position":1,"name":"Portada","item":"https:\/\/torredonjimenoactualidad.com\/"},{"@type":"ListItem","position":2,"name":"El Ayuntamiento de Torredonjimeno convoca el concurso del cartel anunciador del Carnaval 2026"}]},{"@type":"WebSite","@id":"https:\/\/torredonjimenoactualidad.com\/#website","url":"https:\/\/torredonjimenoactualidad.com\/","name":"Torredonjimeno Actualidad","description":"","publisher":{"@id":"https:\/\/torredonjimenoactualidad.com\/#organization"},"potentialAction":[{"@type":"SearchAction","target":{"@type":"EntryPoint","urlTemplate":"https:\/\/torredonjimenoactualidad.com\/?s={search_term_string}"},"query-input":"required name=search_term_string"}],"inLanguage":"es"},{"@type":"Organization","@id":"https:\/\/torredonjimenoactualidad.com\/#organization","name":"Torredonjimeno Actualidad","url":"https:\/\/torredonjimenoactualidad.com\/","logo":{"@type":"ImageObject","inLanguage":"es","@id":"https:\/\/torredonjimenoactualidad.com\/#\/schema\/logo\/image\/","url":"https:\/\/torredonjimenoactualidad.com\/wp-content\/uploads\/2023\/02\/logo-torredonjimeno-544x180-1.png","contentUrl":"https:\/\/torredonjimenoactualidad.com\/wp-content\/uploads\/2023\/02\/logo-torredonjimeno-544x180-1.png","width":545,"height":112,"caption":"Torredonjimeno Actualidad"},"image":{"@id":"https:\/\/torredonjimenoactualidad.com\/#\/schema\/logo\/image\/"}},{"@type":"Person","@id":"https:\/\/torredonjimenoactualidad.com\/#\/schema\/person\/84de5f233e783ef2c75151a532b54977","name":"Alba Mar\u00eda Torres","image":{"@type":"ImageObject","inLanguage":"es","@id":"https:\/\/torredonjimenoactualidad.com\/#\/schema\/person\/image\/","url":"https:\/\/secure.gravatar.com\/avatar\/f9371f188c71501b4475a9ba2a71595850ec72967f800a2ed8e3e2102859ed65?s=96&d=mm&r=g","contentUrl":"https:\/\/secure.gravatar.com\/avatar\/f9371f188c71501b4475a9ba2a71595850ec72967f800a2ed8e3e2102859ed65?s=96&d=mm&r=g","caption":"Alba Mar\u00eda Torres"},"url":"https:\/\/torredonjimenoactualidad.com\/index.php\/author\/alba-torres\/"}]}},"_links":{"self":[{"href":"https:\/\/torredonjimenoactualidad.com\/index.php\/wp-json\/wp\/v2\/posts\/4280","targetHints":{"allow":["GET"]}}],"collection":[{"href":"https:\/\/torredonjimenoactualidad.com\/index.php\/wp-json\/wp\/v2\/posts"}],"about":[{"href":"https:\/\/torredonjimenoactualidad.com\/index.php\/wp-json\/wp\/v2\/types\/post"}],"author":[{"embeddable":true,"href":"https:\/\/torredonjimenoactualidad.com\/index.php\/wp-json\/wp\/v2\/users\/2"}],"replies":[{"embeddable":true,"href":"https:\/\/torredonjimenoactualidad.com\/index.php\/wp-json\/wp\/v2\/comments?post=4280"}],"version-history":[{"count":1,"href":"https:\/\/torredonjimenoactualidad.com\/index.php\/wp-json\/wp\/v2\/posts\/4280\/revisions"}],"predecessor-version":[{"id":4282,"href":"https:\/\/torredonjimenoactualidad.com\/index.php\/wp-json\/wp\/v2\/posts\/4280\/revisions\/4282"}],"wp:featuredmedia":[{"embeddable":true,"href":"https:\/\/torredonjimenoactualidad.com\/index.php\/wp-json\/wp\/v2\/media\/4281"}],"wp:attachment":[{"href":"https:\/\/torredonjimenoactualidad.com\/index.php\/wp-json\/wp\/v2\/media?parent=4280"}],"wp:term":[{"taxonomy":"category","embeddable":true,"href":"https:\/\/torredonjimenoactualidad.com\/index.php\/wp-json\/wp\/v2\/categories?post=4280"},{"taxonomy":"post_tag","embeddable":true,"href":"https:\/\/torredonjimenoactualidad.com\/index.php\/wp-json\/wp\/v2\/tags?post=4280"}],"curies":[{"name":"wp","href":"https:\/\/api.w.org\/{rel}","templated":true}]}}