{"id":4276,"date":"2025-12-25T11:22:16","date_gmt":"2025-12-25T11:22:16","guid":{"rendered":"https:\/\/torredonjimenoactualidad.com\/?p=4276"},"modified":"2025-12-25T11:24:39","modified_gmt":"2025-12-25T11:24:39","slug":"el-pp-de-jaen-defiende-el-dialogo-del-gobierno-andaluz-como-clave-para-garantizar-lo-mejor-para-la-universidad-de-jaen","status":"publish","type":"post","link":"https:\/\/torredonjimenoactualidad.com\/index.php\/2025\/12\/25\/el-pp-de-jaen-defiende-el-dialogo-del-gobierno-andaluz-como-clave-para-garantizar-lo-mejor-para-la-universidad-de-jaen\/","title":{"rendered":"El PP de Ja\u00e9n defiende el di\u00e1logo del Gobierno andaluz como clave para garantizar \u201clo mejor\u201d para la Universidad de Ja\u00e9n"},"content":{"rendered":"\n<p>El&nbsp;<strong>Partido Popular de Ja\u00e9n<\/strong>&nbsp;ha defendido que \u201clo mejor\u201d para la&nbsp;<strong>Universidad de Ja\u00e9n&nbsp;(UJA)<\/strong>&nbsp;pasa por mantener una actitud de di\u00e1logo y negociaci\u00f3n como la que, a su juicio, practica el&nbsp;<strong>Gobierno andaluz<\/strong>&nbsp;presidido por&nbsp;<strong>Juanma Moreno<\/strong>.<\/p>\n\n\n\n<p>As\u00ed lo ha afirmado la secretaria general del PP de Ja\u00e9n,&nbsp;<strong>Elena Gonz\u00e1lez<\/strong>, quien ha subrayado que el Ejecutivo auton\u00f3mico \u201cha ofrecido siempre y seguir\u00e1 manteniendo un di\u00e1logo abierto, constante y negociador con las universidades p\u00fablicas y con la UJA\u201d. En este sentido, ha recalcado que la b\u00fasqueda de acuerdos \u201ces la \u00fanica manera que entendemos de gobernar\u201d, alej\u00e1ndose \u2014ha dicho\u2014 \u201cde la polarizaci\u00f3n, de las pancartas vac\u00edas y de la guerra pol\u00edtica\u201d.<\/p>\n\n\n\n<p>Gonz\u00e1lez ha recordado que la Universidad de Ja\u00e9n contar\u00e1 en 2026 con una financiaci\u00f3n cercana a los\u00a0<strong>110 millones de euros<\/strong>, lo que supone un\u00a0<strong>incremento del 4,9 %<\/strong>\u00a0respecto al a\u00f1o anterior y\u00a0<strong>5,12 millones de euros m\u00e1s<\/strong>\u00a0para la instituci\u00f3n universitaria jiennense. \u201c\u00bfD\u00f3nde hay aqu\u00ed un \u00e1pice de abandono a la UJA?\u201d, se ha preguntado, destacando adem\u00e1s que el\u00a0<strong>99,2 % de la financiaci\u00f3n<\/strong>\u00a0que reclaman los rectores est\u00e1 ya cubierta.<\/p>\n\n\n\n<p>En este punto, la dirigente popular ha se\u00f1alado que el debate se centra en un&nbsp;<strong>0,8 % pendiente<\/strong>, que en t\u00e9rminos globales supone&nbsp;<strong>14 millones de euros sobre un total de 1.775 millones<\/strong>, y ha recalcado que el Gobierno andaluz ya ha mostrado su disposici\u00f3n a incorporar ese porcentaje en&nbsp;<strong>2026<\/strong>. \u201cEl resto no son m\u00e1s que escenarios ficticios para seguir polarizando a la sociedad\u201d, ha afirmado.<\/p>\n\n\n\n<p>Asimismo, Gonz\u00e1lez ha defendido que&nbsp;<strong>Andaluc\u00eda es la comunidad que mejor financia a sus universidades p\u00fablicas<\/strong>, no solo porque ya se supera el&nbsp;<strong>1 % del PIB<\/strong>, sino porque \u2014seg\u00fan ha insistido\u2014 el Ejecutivo auton\u00f3mico es el que realiza \u201cel mayor esfuerzo presupuestario\u201d, pese a que \u201calgunos no lo quieran reconocer\u201d.<\/p>\n\n\n\n<p>Por \u00faltimo, ha pedido \u201cdejarse de juegos y de guerras\u201d si realmente preocupa el futuro de la Universidad de Ja\u00e9n y apostar por el di\u00e1logo para alcanzar acuerdos. \u201cAl PP de Ja\u00e9n s\u00ed le preocupa la UJA y s\u00ed apuesta por la universidad p\u00fablica. Nadie ha apostado tanto por la educaci\u00f3n p\u00fablica como el Gobierno de Juanma Moreno. Es momento de doblar las pancartas y trabajar desde la negociaci\u00f3n para lograr lo mejor para nuestra universidad\u201d, ha concluido.<\/p>\n","protected":false},"excerpt":{"rendered":"<p>El&nbsp;Partido Popular de Ja\u00e9n&nbsp;ha defendido que \u201clo mejor\u201d para la&nbsp;Universidad de Ja\u00e9n&nbsp;(UJA)&nbsp;pasa por mantener una actitud de di\u00e1logo y negociaci\u00f3n como la que, a su juicio, practica el&nbsp;Gobierno andaluz&nbsp;presidido por&nbsp;Juanma Moreno. As\u00ed lo ha afirmado la secretaria general del PP de Ja\u00e9n,&nbsp;Elena Gonz\u00e1lez, quien ha subrayado que el Ejecutivo auton\u00f3mico \u201cha ofrecido siempre y seguir\u00e1 &hellip;<\/p>\n<p class=\"read-more\"> <a class=\"\" href=\"https:\/\/torredonjimenoactualidad.com\/index.php\/2025\/12\/25\/el-pp-de-jaen-defiende-el-dialogo-del-gobierno-andaluz-como-clave-para-garantizar-lo-mejor-para-la-universidad-de-jaen\/\"> <span class=\"screen-reader-text\">El PP de Ja\u00e9n defiende el di\u00e1logo del Gobierno andaluz como clave para garantizar \u201clo mejor\u201d para la Universidad de Ja\u00e9n<\/span> Leer m\u00e1s &raquo;<\/a><\/p>\n","protected":false},"author":2,"featured_media":4277,"comment_status":"closed","ping_status":"open","sticky":false,"template":"","format":"standard","meta":{"site-sidebar-layout":"default","site-content-layout":"default","ast-global-header-display":"","ast-main-header-display":"","ast-hfb-above-header-display":"","ast-hfb-below-header-display":"","ast-hfb-mobile-header-display":"","site-post-title":"","ast-breadcrumbs-content":"","ast-featured-img":"","footer-sml-layout":"","theme-transparent-header-meta":"","adv-header-id-meta":"","stick-header-meta":"","header-above-stick-meta":"","header-main-stick-meta":"","header-below-stick-meta":"","footnotes":""},"categories":[8],"tags":[],"class_list":["post-4276","post","type-post","status-publish","format-standard","has-post-thumbnail","hentry","category-provincia"],"yoast_head":"<!-- This site is optimized with the Yoast SEO plugin v20.8 - https:\/\/yoast.com\/wordpress\/plugins\/seo\/ -->\n<title>El PP de Ja\u00e9n defiende el di\u00e1logo del Gobierno andaluz como clave para garantizar \u201clo mejor\u201d para la Universidad de Ja\u00e9n - Torredonjimeno Actualidad<\/title>\n<meta name=\"robots\" content=\"index, follow, max-snippet:-1, max-image-preview:large, max-video-preview:-1\" \/>\n<link rel=\"canonical\" href=\"https:\/\/torredonjimenoactualidad.com\/index.php\/2025\/12\/25\/el-pp-de-jaen-defiende-el-dialogo-del-gobierno-andaluz-como-clave-para-garantizar-lo-mejor-para-la-universidad-de-jaen\/\" \/>\n<meta property=\"og:locale\" content=\"es_ES\" \/>\n<meta property=\"og:type\" content=\"article\" \/>\n<meta property=\"og:title\" content=\"El PP de Ja\u00e9n defiende el di\u00e1logo del Gobierno andaluz como clave para garantizar \u201clo mejor\u201d para la Universidad de Ja\u00e9n - Torredonjimeno Actualidad\" \/>\n<meta property=\"og:description\" content=\"El&nbsp;Partido Popular de Ja\u00e9n&nbsp;ha defendido que \u201clo mejor\u201d para la&nbsp;Universidad de Ja\u00e9n&nbsp;(UJA)&nbsp;pasa por mantener una actitud de di\u00e1logo y negociaci\u00f3n como la que, a su juicio, practica el&nbsp;Gobierno andaluz&nbsp;presidido por&nbsp;Juanma Moreno. As\u00ed lo ha afirmado la secretaria general del PP de Ja\u00e9n,&nbsp;Elena Gonz\u00e1lez, quien ha subrayado que el Ejecutivo auton\u00f3mico \u201cha ofrecido siempre y seguir\u00e1 &hellip; El PP de Ja\u00e9n defiende el di\u00e1logo del Gobierno andaluz como clave para garantizar \u201clo mejor\u201d para la Universidad de Ja\u00e9n Leer m\u00e1s &raquo;\" \/>\n<meta property=\"og:url\" content=\"https:\/\/torredonjimenoactualidad.com\/index.php\/2025\/12\/25\/el-pp-de-jaen-defiende-el-dialogo-del-gobierno-andaluz-como-clave-para-garantizar-lo-mejor-para-la-universidad-de-jaen\/\" \/>\n<meta property=\"og:site_name\" content=\"Torredonjimeno Actualidad\" \/>\n<meta property=\"article:published_time\" content=\"2025-12-25T11:22:16+00:00\" \/>\n<meta property=\"article:modified_time\" content=\"2025-12-25T11:24:39+00:00\" \/>\n<meta property=\"og:image\" content=\"https:\/\/torredonjimenoactualidad.com\/wp-content\/uploads\/2025\/12\/whatsapp-image-2025-12-23-at-12.08.07-251223120922.jpg\" \/>\n\t<meta property=\"og:image:width\" content=\"800\" \/>\n\t<meta property=\"og:image:height\" content=\"457\" \/>\n\t<meta property=\"og:image:type\" content=\"image\/jpeg\" \/>\n<meta name=\"author\" content=\"Alba Mar\u00eda Torres\" \/>\n<meta name=\"twitter:card\" content=\"summary_large_image\" \/>\n<meta name=\"twitter:label1\" content=\"Escrito por\" \/>\n\t<meta name=\"twitter:data1\" content=\"Alba Mar\u00eda Torres\" \/>\n\t<meta name=\"twitter:label2\" content=\"Tiempo de lectura\" \/>\n\t<meta name=\"twitter:data2\" content=\"2 minutos\" \/>\n<script type=\"application\/ld+json\" class=\"yoast-schema-graph\">{\"@context\":\"https:\/\/schema.org\",\"@graph\":[{\"@type\":\"Article\",\"@id\":\"https:\/\/torredonjimenoactualidad.com\/index.php\/2025\/12\/25\/el-pp-de-jaen-defiende-el-dialogo-del-gobierno-andaluz-como-clave-para-garantizar-lo-mejor-para-la-universidad-de-jaen\/#article\",\"isPartOf\":{\"@id\":\"https:\/\/torredonjimenoactualidad.com\/index.php\/2025\/12\/25\/el-pp-de-jaen-defiende-el-dialogo-del-gobierno-andaluz-como-clave-para-garantizar-lo-mejor-para-la-universidad-de-jaen\/\"},\"author\":{\"name\":\"Alba Mar\u00eda Torres\",\"@id\":\"https:\/\/torredonjimenoactualidad.com\/#\/schema\/person\/84de5f233e783ef2c75151a532b54977\"},\"headline\":\"El PP de Ja\u00e9n defiende el di\u00e1logo del Gobierno andaluz como clave para garantizar \u201clo mejor\u201d para la Universidad de Ja\u00e9n\",\"datePublished\":\"2025-12-25T11:22:16+00:00\",\"dateModified\":\"2025-12-25T11:24:39+00:00\",\"mainEntityOfPage\":{\"@id\":\"https:\/\/torredonjimenoactualidad.com\/index.php\/2025\/12\/25\/el-pp-de-jaen-defiende-el-dialogo-del-gobierno-andaluz-como-clave-para-garantizar-lo-mejor-para-la-universidad-de-jaen\/\"},\"wordCount\":444,\"publisher\":{\"@id\":\"https:\/\/torredonjimenoactualidad.com\/#organization\"},\"articleSection\":[\"provincia\"],\"inLanguage\":\"es\"},{\"@type\":\"WebPage\",\"@id\":\"https:\/\/torredonjimenoactualidad.com\/index.php\/2025\/12\/25\/el-pp-de-jaen-defiende-el-dialogo-del-gobierno-andaluz-como-clave-para-garantizar-lo-mejor-para-la-universidad-de-jaen\/\",\"url\":\"https:\/\/torredonjimenoactualidad.com\/index.php\/2025\/12\/25\/el-pp-de-jaen-defiende-el-dialogo-del-gobierno-andaluz-como-clave-para-garantizar-lo-mejor-para-la-universidad-de-jaen\/\",\"name\":\"El PP de Ja\u00e9n defiende el di\u00e1logo del Gobierno andaluz como clave para garantizar \u201clo mejor\u201d para la Universidad de Ja\u00e9n - Torredonjimeno Actualidad\",\"isPartOf\":{\"@id\":\"https:\/\/torredonjimenoactualidad.com\/#website\"},\"datePublished\":\"2025-12-25T11:22:16+00:00\",\"dateModified\":\"2025-12-25T11:24:39+00:00\",\"breadcrumb\":{\"@id\":\"https:\/\/torredonjimenoactualidad.com\/index.php\/2025\/12\/25\/el-pp-de-jaen-defiende-el-dialogo-del-gobierno-andaluz-como-clave-para-garantizar-lo-mejor-para-la-universidad-de-jaen\/#breadcrumb\"},\"inLanguage\":\"es\",\"potentialAction\":[{\"@type\":\"ReadAction\",\"target\":[\"https:\/\/torredonjimenoactualidad.com\/index.php\/2025\/12\/25\/el-pp-de-jaen-defiende-el-dialogo-del-gobierno-andaluz-como-clave-para-garantizar-lo-mejor-para-la-universidad-de-jaen\/\"]}]},{\"@type\":\"BreadcrumbList\",\"@id\":\"https:\/\/torredonjimenoactualidad.com\/index.php\/2025\/12\/25\/el-pp-de-jaen-defiende-el-dialogo-del-gobierno-andaluz-como-clave-para-garantizar-lo-mejor-para-la-universidad-de-jaen\/#breadcrumb\",\"itemListElement\":[{\"@type\":\"ListItem\",\"position\":1,\"name\":\"Portada\",\"item\":\"https:\/\/torredonjimenoactualidad.com\/\"},{\"@type\":\"ListItem\",\"position\":2,\"name\":\"El PP de Ja\u00e9n defiende el di\u00e1logo del Gobierno andaluz como clave para garantizar \u201clo mejor\u201d para la Universidad de Ja\u00e9n\"}]},{\"@type\":\"WebSite\",\"@id\":\"https:\/\/torredonjimenoactualidad.com\/#website\",\"url\":\"https:\/\/torredonjimenoactualidad.com\/\",\"name\":\"Torredonjimeno Actualidad\",\"description\":\"\",\"publisher\":{\"@id\":\"https:\/\/torredonjimenoactualidad.com\/#organization\"},\"potentialAction\":[{\"@type\":\"SearchAction\",\"target\":{\"@type\":\"EntryPoint\",\"urlTemplate\":\"https:\/\/torredonjimenoactualidad.com\/?s={search_term_string}\"},\"query-input\":\"required name=search_term_string\"}],\"inLanguage\":\"es\"},{\"@type\":\"Organization\",\"@id\":\"https:\/\/torredonjimenoactualidad.com\/#organization\",\"name\":\"Torredonjimeno Actualidad\",\"url\":\"https:\/\/torredonjimenoactualidad.com\/\",\"logo\":{\"@type\":\"ImageObject\",\"inLanguage\":\"es\",\"@id\":\"https:\/\/torredonjimenoactualidad.com\/#\/schema\/logo\/image\/\",\"url\":\"https:\/\/torredonjimenoactualidad.com\/wp-content\/uploads\/2023\/02\/logo-torredonjimeno-544x180-1.png\",\"contentUrl\":\"https:\/\/torredonjimenoactualidad.com\/wp-content\/uploads\/2023\/02\/logo-torredonjimeno-544x180-1.png\",\"width\":545,\"height\":112,\"caption\":\"Torredonjimeno Actualidad\"},\"image\":{\"@id\":\"https:\/\/torredonjimenoactualidad.com\/#\/schema\/logo\/image\/\"}},{\"@type\":\"Person\",\"@id\":\"https:\/\/torredonjimenoactualidad.com\/#\/schema\/person\/84de5f233e783ef2c75151a532b54977\",\"name\":\"Alba Mar\u00eda Torres\",\"image\":{\"@type\":\"ImageObject\",\"inLanguage\":\"es\",\"@id\":\"https:\/\/torredonjimenoactualidad.com\/#\/schema\/person\/image\/\",\"url\":\"https:\/\/secure.gravatar.com\/avatar\/f9371f188c71501b4475a9ba2a71595850ec72967f800a2ed8e3e2102859ed65?s=96&d=mm&r=g\",\"contentUrl\":\"https:\/\/secure.gravatar.com\/avatar\/f9371f188c71501b4475a9ba2a71595850ec72967f800a2ed8e3e2102859ed65?s=96&d=mm&r=g\",\"caption\":\"Alba Mar\u00eda Torres\"},\"url\":\"https:\/\/torredonjimenoactualidad.com\/index.php\/author\/alba-torres\/\"}]}<\/script>\n<!-- \/ Yoast SEO plugin. -->","yoast_head_json":{"title":"El PP de Ja\u00e9n defiende el di\u00e1logo del Gobierno andaluz como clave para garantizar \u201clo mejor\u201d para la Universidad de Ja\u00e9n - Torredonjimeno Actualidad","robots":{"index":"index","follow":"follow","max-snippet":"max-snippet:-1","max-image-preview":"max-image-preview:large","max-video-preview":"max-video-preview:-1"},"canonical":"https:\/\/torredonjimenoactualidad.com\/index.php\/2025\/12\/25\/el-pp-de-jaen-defiende-el-dialogo-del-gobierno-andaluz-como-clave-para-garantizar-lo-mejor-para-la-universidad-de-jaen\/","og_locale":"es_ES","og_type":"article","og_title":"El PP de Ja\u00e9n defiende el di\u00e1logo del Gobierno andaluz como clave para garantizar \u201clo mejor\u201d para la Universidad de Ja\u00e9n - Torredonjimeno Actualidad","og_description":"El&nbsp;Partido Popular de Ja\u00e9n&nbsp;ha defendido que \u201clo mejor\u201d para la&nbsp;Universidad de Ja\u00e9n&nbsp;(UJA)&nbsp;pasa por mantener una actitud de di\u00e1logo y negociaci\u00f3n como la que, a su juicio, practica el&nbsp;Gobierno andaluz&nbsp;presidido por&nbsp;Juanma Moreno. As\u00ed lo ha afirmado la secretaria general del PP de Ja\u00e9n,&nbsp;Elena Gonz\u00e1lez, quien ha subrayado que el Ejecutivo auton\u00f3mico \u201cha ofrecido siempre y seguir\u00e1 &hellip; El PP de Ja\u00e9n defiende el di\u00e1logo del Gobierno andaluz como clave para garantizar \u201clo mejor\u201d para la Universidad de Ja\u00e9n Leer m\u00e1s &raquo;","og_url":"https:\/\/torredonjimenoactualidad.com\/index.php\/2025\/12\/25\/el-pp-de-jaen-defiende-el-dialogo-del-gobierno-andaluz-como-clave-para-garantizar-lo-mejor-para-la-universidad-de-jaen\/","og_site_name":"Torredonjimeno Actualidad","article_published_time":"2025-12-25T11:22:16+00:00","article_modified_time":"2025-12-25T11:24:39+00:00","og_image":[{"width":800,"height":457,"url":"https:\/\/torredonjimenoactualidad.com\/wp-content\/uploads\/2025\/12\/whatsapp-image-2025-12-23-at-12.08.07-251223120922.jpg","type":"image\/jpeg"}],"author":"Alba Mar\u00eda Torres","twitter_card":"summary_large_image","twitter_misc":{"Escrito por":"Alba Mar\u00eda Torres","Tiempo de lectura":"2 minutos"},"schema":{"@context":"https:\/\/schema.org","@graph":[{"@type":"Article","@id":"https:\/\/torredonjimenoactualidad.com\/index.php\/2025\/12\/25\/el-pp-de-jaen-defiende-el-dialogo-del-gobierno-andaluz-como-clave-para-garantizar-lo-mejor-para-la-universidad-de-jaen\/#article","isPartOf":{"@id":"https:\/\/torredonjimenoactualidad.com\/index.php\/2025\/12\/25\/el-pp-de-jaen-defiende-el-dialogo-del-gobierno-andaluz-como-clave-para-garantizar-lo-mejor-para-la-universidad-de-jaen\/"},"author":{"name":"Alba Mar\u00eda Torres","@id":"https:\/\/torredonjimenoactualidad.com\/#\/schema\/person\/84de5f233e783ef2c75151a532b54977"},"headline":"El PP de Ja\u00e9n defiende el di\u00e1logo del Gobierno andaluz como clave para garantizar \u201clo mejor\u201d para la Universidad de Ja\u00e9n","datePublished":"2025-12-25T11:22:16+00:00","dateModified":"2025-12-25T11:24:39+00:00","mainEntityOfPage":{"@id":"https:\/\/torredonjimenoactualidad.com\/index.php\/2025\/12\/25\/el-pp-de-jaen-defiende-el-dialogo-del-gobierno-andaluz-como-clave-para-garantizar-lo-mejor-para-la-universidad-de-jaen\/"},"wordCount":444,"publisher":{"@id":"https:\/\/torredonjimenoactualidad.com\/#organization"},"articleSection":["provincia"],"inLanguage":"es"},{"@type":"WebPage","@id":"https:\/\/torredonjimenoactualidad.com\/index.php\/2025\/12\/25\/el-pp-de-jaen-defiende-el-dialogo-del-gobierno-andaluz-como-clave-para-garantizar-lo-mejor-para-la-universidad-de-jaen\/","url":"https:\/\/torredonjimenoactualidad.com\/index.php\/2025\/12\/25\/el-pp-de-jaen-defiende-el-dialogo-del-gobierno-andaluz-como-clave-para-garantizar-lo-mejor-para-la-universidad-de-jaen\/","name":"El PP de Ja\u00e9n defiende el di\u00e1logo del Gobierno andaluz como clave para garantizar \u201clo mejor\u201d para la Universidad de Ja\u00e9n - Torredonjimeno Actualidad","isPartOf":{"@id":"https:\/\/torredonjimenoactualidad.com\/#website"},"datePublished":"2025-12-25T11:22:16+00:00","dateModified":"2025-12-25T11:24:39+00:00","breadcrumb":{"@id":"https:\/\/torredonjimenoactualidad.com\/index.php\/2025\/12\/25\/el-pp-de-jaen-defiende-el-dialogo-del-gobierno-andaluz-como-clave-para-garantizar-lo-mejor-para-la-universidad-de-jaen\/#breadcrumb"},"inLanguage":"es","potentialAction":[{"@type":"ReadAction","target":["https:\/\/torredonjimenoactualidad.com\/index.php\/2025\/12\/25\/el-pp-de-jaen-defiende-el-dialogo-del-gobierno-andaluz-como-clave-para-garantizar-lo-mejor-para-la-universidad-de-jaen\/"]}]},{"@type":"BreadcrumbList","@id":"https:\/\/torredonjimenoactualidad.com\/index.php\/2025\/12\/25\/el-pp-de-jaen-defiende-el-dialogo-del-gobierno-andaluz-como-clave-para-garantizar-lo-mejor-para-la-universidad-de-jaen\/#breadcrumb","itemListElement":[{"@type":"ListItem","position":1,"name":"Portada","item":"https:\/\/torredonjimenoactualidad.com\/"},{"@type":"ListItem","position":2,"name":"El PP de Ja\u00e9n defiende el di\u00e1logo del Gobierno andaluz como clave para garantizar \u201clo mejor\u201d para la Universidad de Ja\u00e9n"}]},{"@type":"WebSite","@id":"https:\/\/torredonjimenoactualidad.com\/#website","url":"https:\/\/torredonjimenoactualidad.com\/","name":"Torredonjimeno Actualidad","description":"","publisher":{"@id":"https:\/\/torredonjimenoactualidad.com\/#organization"},"potentialAction":[{"@type":"SearchAction","target":{"@type":"EntryPoint","urlTemplate":"https:\/\/torredonjimenoactualidad.com\/?s={search_term_string}"},"query-input":"required name=search_term_string"}],"inLanguage":"es"},{"@type":"Organization","@id":"https:\/\/torredonjimenoactualidad.com\/#organization","name":"Torredonjimeno Actualidad","url":"https:\/\/torredonjimenoactualidad.com\/","logo":{"@type":"ImageObject","inLanguage":"es","@id":"https:\/\/torredonjimenoactualidad.com\/#\/schema\/logo\/image\/","url":"https:\/\/torredonjimenoactualidad.com\/wp-content\/uploads\/2023\/02\/logo-torredonjimeno-544x180-1.png","contentUrl":"https:\/\/torredonjimenoactualidad.com\/wp-content\/uploads\/2023\/02\/logo-torredonjimeno-544x180-1.png","width":545,"height":112,"caption":"Torredonjimeno Actualidad"},"image":{"@id":"https:\/\/torredonjimenoactualidad.com\/#\/schema\/logo\/image\/"}},{"@type":"Person","@id":"https:\/\/torredonjimenoactualidad.com\/#\/schema\/person\/84de5f233e783ef2c75151a532b54977","name":"Alba Mar\u00eda Torres","image":{"@type":"ImageObject","inLanguage":"es","@id":"https:\/\/torredonjimenoactualidad.com\/#\/schema\/person\/image\/","url":"https:\/\/secure.gravatar.com\/avatar\/f9371f188c71501b4475a9ba2a71595850ec72967f800a2ed8e3e2102859ed65?s=96&d=mm&r=g","contentUrl":"https:\/\/secure.gravatar.com\/avatar\/f9371f188c71501b4475a9ba2a71595850ec72967f800a2ed8e3e2102859ed65?s=96&d=mm&r=g","caption":"Alba Mar\u00eda Torres"},"url":"https:\/\/torredonjimenoactualidad.com\/index.php\/author\/alba-torres\/"}]}},"_links":{"self":[{"href":"https:\/\/torredonjimenoactualidad.com\/index.php\/wp-json\/wp\/v2\/posts\/4276","targetHints":{"allow":["GET"]}}],"collection":[{"href":"https:\/\/torredonjimenoactualidad.com\/index.php\/wp-json\/wp\/v2\/posts"}],"about":[{"href":"https:\/\/torredonjimenoactualidad.com\/index.php\/wp-json\/wp\/v2\/types\/post"}],"author":[{"embeddable":true,"href":"https:\/\/torredonjimenoactualidad.com\/index.php\/wp-json\/wp\/v2\/users\/2"}],"replies":[{"embeddable":true,"href":"https:\/\/torredonjimenoactualidad.com\/index.php\/wp-json\/wp\/v2\/comments?post=4276"}],"version-history":[{"count":2,"href":"https:\/\/torredonjimenoactualidad.com\/index.php\/wp-json\/wp\/v2\/posts\/4276\/revisions"}],"predecessor-version":[{"id":4279,"href":"https:\/\/torredonjimenoactualidad.com\/index.php\/wp-json\/wp\/v2\/posts\/4276\/revisions\/4279"}],"wp:featuredmedia":[{"embeddable":true,"href":"https:\/\/torredonjimenoactualidad.com\/index.php\/wp-json\/wp\/v2\/media\/4277"}],"wp:attachment":[{"href":"https:\/\/torredonjimenoactualidad.com\/index.php\/wp-json\/wp\/v2\/media?parent=4276"}],"wp:term":[{"taxonomy":"category","embeddable":true,"href":"https:\/\/torredonjimenoactualidad.com\/index.php\/wp-json\/wp\/v2\/categories?post=4276"},{"taxonomy":"post_tag","embeddable":true,"href":"https:\/\/torredonjimenoactualidad.com\/index.php\/wp-json\/wp\/v2\/tags?post=4276"}],"curies":[{"name":"wp","href":"https:\/\/api.w.org\/{rel}","templated":true}]}}