{"id":4270,"date":"2025-12-23T18:19:00","date_gmt":"2025-12-23T18:19:00","guid":{"rendered":"https:\/\/torredonjimenoactualidad.com\/?p=4270"},"modified":"2025-12-23T18:19:02","modified_gmt":"2025-12-23T18:19:02","slug":"la-cej-senala-el-empuje-del-sector-empresarial-de-la-provincia-en-su-balance-del-ano","status":"publish","type":"post","link":"https:\/\/torredonjimenoactualidad.com\/index.php\/2025\/12\/23\/la-cej-senala-el-empuje-del-sector-empresarial-de-la-provincia-en-su-balance-del-ano\/","title":{"rendered":"La CEJ se\u00f1ala el \u00abempuje\u00bb del sector empresarial de la provincia en su balance del a\u00f1o"},"content":{"rendered":"\n<p>La Confederaci\u00f3n de Empresarios de Ja\u00e9n (CEJ) ha se\u00f1alado el \u00abempuje\u00bb del sector empresarial de la provincia, de manera que \u00abha logrado cerrar con datos positivos en la mayor\u00eda de indicadores\u00bb.<\/p>\n\n\n\n<p>As\u00ed lo ha indicado el presidente de la patronal, Bartolom\u00e9 Gonz\u00e1lez, tras la \u00faltima reuni\u00f3n de junta directiva del a\u00f1o, en la que se realiz\u00f3 un an\u00e1lisis detallado sobre la situaci\u00f3n de los principales sectores productivos.<\/p>\n\n\n\n<p>En su informe, ha valorado el comportamiento del tejido empresarial, \u00abpese a la inestabilidad y la incertidumbre jur\u00eddica que han caracterizado el contexto pol\u00edtico este a\u00f1o\u00bb, seg\u00fan ha informado este martes en una nota la CEJ.<\/p>\n\n\n\n<p>En este sentido, Gonz\u00e1lez ha aludido a los datos consignados en exportaci\u00f3n, donde se han superado los 1.400 millones de euros, pasando de las 690 empresas exportadoras a las 1.367. Tambi\u00e9n ha destacado el crecimiento sostenido del PIB industrial, as\u00ed como el descenso del paro en la provincia.<\/p>\n\n\n\n<p>A pesar de todo, ha lamentado que 2025 haya sido un nuevo ejercicio de resistencia para las empresas, obligadas a afrontar \u00abuna sucesi\u00f3n de anuncios normativos y tr\u00e1mites que a\u00f1aden costes y m\u00e1s burocracia\u00bb. En este punto, ha insistido en la necesidad de \u00abpromover un di\u00e1logo social real que permita que las pol\u00edticas laborales y econ\u00f3micas se hagan contando con quienes deben aplicarlas y pagarlas\u00bb.<\/p>\n\n\n\n<p>Al respecto, Gonz\u00e1lez ha resaltado el \u00abbuen clima laboral\u00bb en la provincia apoy\u00e1ndose en los datos de negociaci\u00f3n colectiva: \u00abEn Ja\u00e9n contamos al cierre del a\u00f1o con 56 convenios colectivos en vigor, con un \u00e1mbito de afectaci\u00f3n de 169.400 trabajadores y 76.909 empresas con incremento salarial medio del 2,67 por ciento\u00bb, ha comentado.<\/p>\n\n\n\n<h2 class=\"wp-block-heading\">NUEVO MODELO<\/h2>\n\n\n\n<p>Por otra parte, el presidente de la CEJ ha hablado de \u00ablos pasos dados\u00bb por las empresas jiennenses hacia la consolidaci\u00f3n de un nuevo modelo productivo basado en la innovaci\u00f3n, la diversificaci\u00f3n y el desarrollo de proyectos estrat\u00e9gicos \u00abque marcar\u00e1n el futuro econ\u00f3mico de la provincia\u00bb.<\/p>\n\n\n\n<p>Se ha referido al reciente encuentro de una veintena de empresas de la provincia con el embajador de China con el objetivo de que \u00abempresas de Ja\u00e9n que han demostrado su amplio potencial puedan abrir mercado en el pa\u00eds asi\u00e1tico\u00bb. Al hilo, ha anunciado que est\u00e1 previsto que una delegaci\u00f3n de empresas de la provincia se desplace a Madrid pr\u00f3ximamente para mantener un encuentro institucional en la embajada de China.<\/p>\n\n\n\n<p>Igualmente, Gonz\u00e1lez ha resaltado el papel que el empresariado est\u00e1 asumiendo gracias al Centro Tecnol\u00f3gico de Desarrollo y Experimentaci\u00f3n (Cetedex) en el impulso de la industria de la defensa, un sector en el que Ja\u00e9n avanza con determinaci\u00f3n.<\/p>\n\n\n\n<h2 class=\"wp-block-heading\">INFRAESTRUCTURAS<\/h2>\n\n\n\n<p>En materia de infraestructuras, ha lamentado lo poco que se ha avanzado por solucionar las carencias de la provincia en el \u00e1mbito de las comunicaciones, la log\u00edstica y la conectividad.<\/p>\n\n\n\n<p>Por ello, este asunto seguir\u00e1 siendo una reivindicaci\u00f3n permanente del tejido empresarial \u00abcualesquiera que sean las siglas que est\u00e9n detr\u00e1s de las administraciones\u00bb. En este apartado, los \u00f3rganos de gobierno de la CEJ coincidieron en se\u00f1alar como prioritaria la conexi\u00f3n por autov\u00eda con C\u00f3rdoba a trav\u00e9s de la A-306 y la A-311.<\/p>\n\n\n\n<p>En el \u00e1mbito asociativo, el presidente ha se\u00f1alado el fortalecimiento de la CEJ en 2025 reflejado, en la incorporaci\u00f3n de ocho nuevas empresas de reconocida trayectoria. Una evoluci\u00f3n que \u00abanima a seguir trabajando en una organizaci\u00f3n abierta a la participaci\u00f3n y comprometida con cada sector y cada territorio\u00bb de la provincia.<\/p>\n\n\n\n<p>Finalmente, ha valorando el trabajo desarrollado por los departamentos internos de la CEJ en proyectos orientados a promover la sostenibilidad y la digitalizaci\u00f3n entre las empresas asociadas. \u00abIniciativas que han sido posibles gracias al apoyo de entidades como la Diputaci\u00f3n de Ja\u00e9n o la Caja Rural de Ja\u00e9n y a su compromiso con el desarrollo econ\u00f3mico de nuestra provincia\u00bb, ha concluido.<\/p>\n","protected":false},"excerpt":{"rendered":"<p>La Confederaci\u00f3n de Empresarios de Ja\u00e9n (CEJ) ha se\u00f1alado el \u00abempuje\u00bb del sector empresarial de la provincia, de manera que \u00abha logrado cerrar con datos positivos en la mayor\u00eda de indicadores\u00bb. As\u00ed lo ha indicado el presidente de la patronal, Bartolom\u00e9 Gonz\u00e1lez, tras la \u00faltima reuni\u00f3n de junta directiva del a\u00f1o, en la que se &hellip;<\/p>\n<p class=\"read-more\"> <a class=\"\" href=\"https:\/\/torredonjimenoactualidad.com\/index.php\/2025\/12\/23\/la-cej-senala-el-empuje-del-sector-empresarial-de-la-provincia-en-su-balance-del-ano\/\"> <span class=\"screen-reader-text\">La CEJ se\u00f1ala el \u00abempuje\u00bb del sector empresarial de la provincia en su balance del a\u00f1o<\/span> Leer m\u00e1s &raquo;<\/a><\/p>\n","protected":false},"author":2,"featured_media":4271,"comment_status":"closed","ping_status":"open","sticky":false,"template":"","format":"standard","meta":{"site-sidebar-layout":"default","site-content-layout":"default","ast-global-header-display":"","ast-main-header-display":"","ast-hfb-above-header-display":"","ast-hfb-below-header-display":"","ast-hfb-mobile-header-display":"","site-post-title":"","ast-breadcrumbs-content":"","ast-featured-img":"","footer-sml-layout":"","theme-transparent-header-meta":"","adv-header-id-meta":"","stick-header-meta":"","header-above-stick-meta":"","header-main-stick-meta":"","header-below-stick-meta":"","footnotes":""},"categories":[8],"tags":[],"class_list":["post-4270","post","type-post","status-publish","format-standard","has-post-thumbnail","hentry","category-provincia"],"yoast_head":"<!-- This site is optimized with the Yoast SEO plugin v20.8 - https:\/\/yoast.com\/wordpress\/plugins\/seo\/ -->\n<title>La CEJ se\u00f1ala el \u00abempuje\u00bb del sector empresarial de la provincia en su balance del a\u00f1o - Torredonjimeno Actualidad<\/title>\n<meta name=\"robots\" content=\"index, follow, max-snippet:-1, max-image-preview:large, max-video-preview:-1\" \/>\n<link rel=\"canonical\" href=\"https:\/\/torredonjimenoactualidad.com\/index.php\/2025\/12\/23\/la-cej-senala-el-empuje-del-sector-empresarial-de-la-provincia-en-su-balance-del-ano\/\" \/>\n<meta property=\"og:locale\" content=\"es_ES\" \/>\n<meta property=\"og:type\" content=\"article\" \/>\n<meta property=\"og:title\" content=\"La CEJ se\u00f1ala el \u00abempuje\u00bb del sector empresarial de la provincia en su balance del a\u00f1o - Torredonjimeno Actualidad\" \/>\n<meta property=\"og:description\" content=\"La Confederaci\u00f3n de Empresarios de Ja\u00e9n (CEJ) ha se\u00f1alado el \u00abempuje\u00bb del sector empresarial de la provincia, de manera que \u00abha logrado cerrar con datos positivos en la mayor\u00eda de indicadores\u00bb. As\u00ed lo ha indicado el presidente de la patronal, Bartolom\u00e9 Gonz\u00e1lez, tras la \u00faltima reuni\u00f3n de junta directiva del a\u00f1o, en la que se &hellip; La CEJ se\u00f1ala el \u00abempuje\u00bb del sector empresarial de la provincia en su balance del a\u00f1o Leer m\u00e1s &raquo;\" \/>\n<meta property=\"og:url\" content=\"https:\/\/torredonjimenoactualidad.com\/index.php\/2025\/12\/23\/la-cej-senala-el-empuje-del-sector-empresarial-de-la-provincia-en-su-balance-del-ano\/\" \/>\n<meta property=\"og:site_name\" content=\"Torredonjimeno Actualidad\" \/>\n<meta property=\"article:published_time\" content=\"2025-12-23T18:19:00+00:00\" \/>\n<meta property=\"article:modified_time\" content=\"2025-12-23T18:19:02+00:00\" \/>\n<meta property=\"og:image\" content=\"https:\/\/torredonjimenoactualidad.com\/wp-content\/uploads\/2025\/12\/fotonoticia_20251223185532_1920.jpg\" \/>\n\t<meta property=\"og:image:width\" content=\"1920\" \/>\n\t<meta property=\"og:image:height\" content=\"1097\" \/>\n\t<meta property=\"og:image:type\" content=\"image\/jpeg\" \/>\n<meta name=\"author\" content=\"Alba Mar\u00eda Torres\" \/>\n<meta name=\"twitter:card\" content=\"summary_large_image\" \/>\n<meta name=\"twitter:label1\" content=\"Escrito por\" \/>\n\t<meta name=\"twitter:data1\" content=\"Alba Mar\u00eda Torres\" \/>\n\t<meta name=\"twitter:label2\" content=\"Tiempo de lectura\" \/>\n\t<meta name=\"twitter:data2\" content=\"3 minutos\" \/>\n<script type=\"application\/ld+json\" class=\"yoast-schema-graph\">{\"@context\":\"https:\/\/schema.org\",\"@graph\":[{\"@type\":\"Article\",\"@id\":\"https:\/\/torredonjimenoactualidad.com\/index.php\/2025\/12\/23\/la-cej-senala-el-empuje-del-sector-empresarial-de-la-provincia-en-su-balance-del-ano\/#article\",\"isPartOf\":{\"@id\":\"https:\/\/torredonjimenoactualidad.com\/index.php\/2025\/12\/23\/la-cej-senala-el-empuje-del-sector-empresarial-de-la-provincia-en-su-balance-del-ano\/\"},\"author\":{\"name\":\"Alba Mar\u00eda Torres\",\"@id\":\"https:\/\/torredonjimenoactualidad.com\/#\/schema\/person\/84de5f233e783ef2c75151a532b54977\"},\"headline\":\"La CEJ se\u00f1ala el \u00abempuje\u00bb del sector empresarial de la provincia en su balance del a\u00f1o\",\"datePublished\":\"2025-12-23T18:19:00+00:00\",\"dateModified\":\"2025-12-23T18:19:02+00:00\",\"mainEntityOfPage\":{\"@id\":\"https:\/\/torredonjimenoactualidad.com\/index.php\/2025\/12\/23\/la-cej-senala-el-empuje-del-sector-empresarial-de-la-provincia-en-su-balance-del-ano\/\"},\"wordCount\":693,\"publisher\":{\"@id\":\"https:\/\/torredonjimenoactualidad.com\/#organization\"},\"articleSection\":[\"provincia\"],\"inLanguage\":\"es\"},{\"@type\":\"WebPage\",\"@id\":\"https:\/\/torredonjimenoactualidad.com\/index.php\/2025\/12\/23\/la-cej-senala-el-empuje-del-sector-empresarial-de-la-provincia-en-su-balance-del-ano\/\",\"url\":\"https:\/\/torredonjimenoactualidad.com\/index.php\/2025\/12\/23\/la-cej-senala-el-empuje-del-sector-empresarial-de-la-provincia-en-su-balance-del-ano\/\",\"name\":\"La CEJ se\u00f1ala el \u00abempuje\u00bb del sector empresarial de la provincia en su balance del a\u00f1o - Torredonjimeno Actualidad\",\"isPartOf\":{\"@id\":\"https:\/\/torredonjimenoactualidad.com\/#website\"},\"datePublished\":\"2025-12-23T18:19:00+00:00\",\"dateModified\":\"2025-12-23T18:19:02+00:00\",\"breadcrumb\":{\"@id\":\"https:\/\/torredonjimenoactualidad.com\/index.php\/2025\/12\/23\/la-cej-senala-el-empuje-del-sector-empresarial-de-la-provincia-en-su-balance-del-ano\/#breadcrumb\"},\"inLanguage\":\"es\",\"potentialAction\":[{\"@type\":\"ReadAction\",\"target\":[\"https:\/\/torredonjimenoactualidad.com\/index.php\/2025\/12\/23\/la-cej-senala-el-empuje-del-sector-empresarial-de-la-provincia-en-su-balance-del-ano\/\"]}]},{\"@type\":\"BreadcrumbList\",\"@id\":\"https:\/\/torredonjimenoactualidad.com\/index.php\/2025\/12\/23\/la-cej-senala-el-empuje-del-sector-empresarial-de-la-provincia-en-su-balance-del-ano\/#breadcrumb\",\"itemListElement\":[{\"@type\":\"ListItem\",\"position\":1,\"name\":\"Portada\",\"item\":\"https:\/\/torredonjimenoactualidad.com\/\"},{\"@type\":\"ListItem\",\"position\":2,\"name\":\"La CEJ se\u00f1ala el \u00abempuje\u00bb del sector empresarial de la provincia en su balance del a\u00f1o\"}]},{\"@type\":\"WebSite\",\"@id\":\"https:\/\/torredonjimenoactualidad.com\/#website\",\"url\":\"https:\/\/torredonjimenoactualidad.com\/\",\"name\":\"Torredonjimeno Actualidad\",\"description\":\"\",\"publisher\":{\"@id\":\"https:\/\/torredonjimenoactualidad.com\/#organization\"},\"potentialAction\":[{\"@type\":\"SearchAction\",\"target\":{\"@type\":\"EntryPoint\",\"urlTemplate\":\"https:\/\/torredonjimenoactualidad.com\/?s={search_term_string}\"},\"query-input\":\"required name=search_term_string\"}],\"inLanguage\":\"es\"},{\"@type\":\"Organization\",\"@id\":\"https:\/\/torredonjimenoactualidad.com\/#organization\",\"name\":\"Torredonjimeno Actualidad\",\"url\":\"https:\/\/torredonjimenoactualidad.com\/\",\"logo\":{\"@type\":\"ImageObject\",\"inLanguage\":\"es\",\"@id\":\"https:\/\/torredonjimenoactualidad.com\/#\/schema\/logo\/image\/\",\"url\":\"https:\/\/torredonjimenoactualidad.com\/wp-content\/uploads\/2023\/02\/logo-torredonjimeno-544x180-1.png\",\"contentUrl\":\"https:\/\/torredonjimenoactualidad.com\/wp-content\/uploads\/2023\/02\/logo-torredonjimeno-544x180-1.png\",\"width\":545,\"height\":112,\"caption\":\"Torredonjimeno Actualidad\"},\"image\":{\"@id\":\"https:\/\/torredonjimenoactualidad.com\/#\/schema\/logo\/image\/\"}},{\"@type\":\"Person\",\"@id\":\"https:\/\/torredonjimenoactualidad.com\/#\/schema\/person\/84de5f233e783ef2c75151a532b54977\",\"name\":\"Alba Mar\u00eda Torres\",\"image\":{\"@type\":\"ImageObject\",\"inLanguage\":\"es\",\"@id\":\"https:\/\/torredonjimenoactualidad.com\/#\/schema\/person\/image\/\",\"url\":\"https:\/\/secure.gravatar.com\/avatar\/f9371f188c71501b4475a9ba2a71595850ec72967f800a2ed8e3e2102859ed65?s=96&d=mm&r=g\",\"contentUrl\":\"https:\/\/secure.gravatar.com\/avatar\/f9371f188c71501b4475a9ba2a71595850ec72967f800a2ed8e3e2102859ed65?s=96&d=mm&r=g\",\"caption\":\"Alba Mar\u00eda Torres\"},\"url\":\"https:\/\/torredonjimenoactualidad.com\/index.php\/author\/alba-torres\/\"}]}<\/script>\n<!-- \/ Yoast SEO plugin. -->","yoast_head_json":{"title":"La CEJ se\u00f1ala el \u00abempuje\u00bb del sector empresarial de la provincia en su balance del a\u00f1o - Torredonjimeno Actualidad","robots":{"index":"index","follow":"follow","max-snippet":"max-snippet:-1","max-image-preview":"max-image-preview:large","max-video-preview":"max-video-preview:-1"},"canonical":"https:\/\/torredonjimenoactualidad.com\/index.php\/2025\/12\/23\/la-cej-senala-el-empuje-del-sector-empresarial-de-la-provincia-en-su-balance-del-ano\/","og_locale":"es_ES","og_type":"article","og_title":"La CEJ se\u00f1ala el \u00abempuje\u00bb del sector empresarial de la provincia en su balance del a\u00f1o - Torredonjimeno Actualidad","og_description":"La Confederaci\u00f3n de Empresarios de Ja\u00e9n (CEJ) ha se\u00f1alado el \u00abempuje\u00bb del sector empresarial de la provincia, de manera que \u00abha logrado cerrar con datos positivos en la mayor\u00eda de indicadores\u00bb. As\u00ed lo ha indicado el presidente de la patronal, Bartolom\u00e9 Gonz\u00e1lez, tras la \u00faltima reuni\u00f3n de junta directiva del a\u00f1o, en la que se &hellip; La CEJ se\u00f1ala el \u00abempuje\u00bb del sector empresarial de la provincia en su balance del a\u00f1o Leer m\u00e1s &raquo;","og_url":"https:\/\/torredonjimenoactualidad.com\/index.php\/2025\/12\/23\/la-cej-senala-el-empuje-del-sector-empresarial-de-la-provincia-en-su-balance-del-ano\/","og_site_name":"Torredonjimeno Actualidad","article_published_time":"2025-12-23T18:19:00+00:00","article_modified_time":"2025-12-23T18:19:02+00:00","og_image":[{"width":1920,"height":1097,"url":"https:\/\/torredonjimenoactualidad.com\/wp-content\/uploads\/2025\/12\/fotonoticia_20251223185532_1920.jpg","type":"image\/jpeg"}],"author":"Alba Mar\u00eda Torres","twitter_card":"summary_large_image","twitter_misc":{"Escrito por":"Alba Mar\u00eda Torres","Tiempo de lectura":"3 minutos"},"schema":{"@context":"https:\/\/schema.org","@graph":[{"@type":"Article","@id":"https:\/\/torredonjimenoactualidad.com\/index.php\/2025\/12\/23\/la-cej-senala-el-empuje-del-sector-empresarial-de-la-provincia-en-su-balance-del-ano\/#article","isPartOf":{"@id":"https:\/\/torredonjimenoactualidad.com\/index.php\/2025\/12\/23\/la-cej-senala-el-empuje-del-sector-empresarial-de-la-provincia-en-su-balance-del-ano\/"},"author":{"name":"Alba Mar\u00eda Torres","@id":"https:\/\/torredonjimenoactualidad.com\/#\/schema\/person\/84de5f233e783ef2c75151a532b54977"},"headline":"La CEJ se\u00f1ala el \u00abempuje\u00bb del sector empresarial de la provincia en su balance del a\u00f1o","datePublished":"2025-12-23T18:19:00+00:00","dateModified":"2025-12-23T18:19:02+00:00","mainEntityOfPage":{"@id":"https:\/\/torredonjimenoactualidad.com\/index.php\/2025\/12\/23\/la-cej-senala-el-empuje-del-sector-empresarial-de-la-provincia-en-su-balance-del-ano\/"},"wordCount":693,"publisher":{"@id":"https:\/\/torredonjimenoactualidad.com\/#organization"},"articleSection":["provincia"],"inLanguage":"es"},{"@type":"WebPage","@id":"https:\/\/torredonjimenoactualidad.com\/index.php\/2025\/12\/23\/la-cej-senala-el-empuje-del-sector-empresarial-de-la-provincia-en-su-balance-del-ano\/","url":"https:\/\/torredonjimenoactualidad.com\/index.php\/2025\/12\/23\/la-cej-senala-el-empuje-del-sector-empresarial-de-la-provincia-en-su-balance-del-ano\/","name":"La CEJ se\u00f1ala el \u00abempuje\u00bb del sector empresarial de la provincia en su balance del a\u00f1o - Torredonjimeno Actualidad","isPartOf":{"@id":"https:\/\/torredonjimenoactualidad.com\/#website"},"datePublished":"2025-12-23T18:19:00+00:00","dateModified":"2025-12-23T18:19:02+00:00","breadcrumb":{"@id":"https:\/\/torredonjimenoactualidad.com\/index.php\/2025\/12\/23\/la-cej-senala-el-empuje-del-sector-empresarial-de-la-provincia-en-su-balance-del-ano\/#breadcrumb"},"inLanguage":"es","potentialAction":[{"@type":"ReadAction","target":["https:\/\/torredonjimenoactualidad.com\/index.php\/2025\/12\/23\/la-cej-senala-el-empuje-del-sector-empresarial-de-la-provincia-en-su-balance-del-ano\/"]}]},{"@type":"BreadcrumbList","@id":"https:\/\/torredonjimenoactualidad.com\/index.php\/2025\/12\/23\/la-cej-senala-el-empuje-del-sector-empresarial-de-la-provincia-en-su-balance-del-ano\/#breadcrumb","itemListElement":[{"@type":"ListItem","position":1,"name":"Portada","item":"https:\/\/torredonjimenoactualidad.com\/"},{"@type":"ListItem","position":2,"name":"La CEJ se\u00f1ala el \u00abempuje\u00bb del sector empresarial de la provincia en su balance del a\u00f1o"}]},{"@type":"WebSite","@id":"https:\/\/torredonjimenoactualidad.com\/#website","url":"https:\/\/torredonjimenoactualidad.com\/","name":"Torredonjimeno Actualidad","description":"","publisher":{"@id":"https:\/\/torredonjimenoactualidad.com\/#organization"},"potentialAction":[{"@type":"SearchAction","target":{"@type":"EntryPoint","urlTemplate":"https:\/\/torredonjimenoactualidad.com\/?s={search_term_string}"},"query-input":"required name=search_term_string"}],"inLanguage":"es"},{"@type":"Organization","@id":"https:\/\/torredonjimenoactualidad.com\/#organization","name":"Torredonjimeno Actualidad","url":"https:\/\/torredonjimenoactualidad.com\/","logo":{"@type":"ImageObject","inLanguage":"es","@id":"https:\/\/torredonjimenoactualidad.com\/#\/schema\/logo\/image\/","url":"https:\/\/torredonjimenoactualidad.com\/wp-content\/uploads\/2023\/02\/logo-torredonjimeno-544x180-1.png","contentUrl":"https:\/\/torredonjimenoactualidad.com\/wp-content\/uploads\/2023\/02\/logo-torredonjimeno-544x180-1.png","width":545,"height":112,"caption":"Torredonjimeno Actualidad"},"image":{"@id":"https:\/\/torredonjimenoactualidad.com\/#\/schema\/logo\/image\/"}},{"@type":"Person","@id":"https:\/\/torredonjimenoactualidad.com\/#\/schema\/person\/84de5f233e783ef2c75151a532b54977","name":"Alba Mar\u00eda Torres","image":{"@type":"ImageObject","inLanguage":"es","@id":"https:\/\/torredonjimenoactualidad.com\/#\/schema\/person\/image\/","url":"https:\/\/secure.gravatar.com\/avatar\/f9371f188c71501b4475a9ba2a71595850ec72967f800a2ed8e3e2102859ed65?s=96&d=mm&r=g","contentUrl":"https:\/\/secure.gravatar.com\/avatar\/f9371f188c71501b4475a9ba2a71595850ec72967f800a2ed8e3e2102859ed65?s=96&d=mm&r=g","caption":"Alba Mar\u00eda Torres"},"url":"https:\/\/torredonjimenoactualidad.com\/index.php\/author\/alba-torres\/"}]}},"_links":{"self":[{"href":"https:\/\/torredonjimenoactualidad.com\/index.php\/wp-json\/wp\/v2\/posts\/4270","targetHints":{"allow":["GET"]}}],"collection":[{"href":"https:\/\/torredonjimenoactualidad.com\/index.php\/wp-json\/wp\/v2\/posts"}],"about":[{"href":"https:\/\/torredonjimenoactualidad.com\/index.php\/wp-json\/wp\/v2\/types\/post"}],"author":[{"embeddable":true,"href":"https:\/\/torredonjimenoactualidad.com\/index.php\/wp-json\/wp\/v2\/users\/2"}],"replies":[{"embeddable":true,"href":"https:\/\/torredonjimenoactualidad.com\/index.php\/wp-json\/wp\/v2\/comments?post=4270"}],"version-history":[{"count":1,"href":"https:\/\/torredonjimenoactualidad.com\/index.php\/wp-json\/wp\/v2\/posts\/4270\/revisions"}],"predecessor-version":[{"id":4272,"href":"https:\/\/torredonjimenoactualidad.com\/index.php\/wp-json\/wp\/v2\/posts\/4270\/revisions\/4272"}],"wp:featuredmedia":[{"embeddable":true,"href":"https:\/\/torredonjimenoactualidad.com\/index.php\/wp-json\/wp\/v2\/media\/4271"}],"wp:attachment":[{"href":"https:\/\/torredonjimenoactualidad.com\/index.php\/wp-json\/wp\/v2\/media?parent=4270"}],"wp:term":[{"taxonomy":"category","embeddable":true,"href":"https:\/\/torredonjimenoactualidad.com\/index.php\/wp-json\/wp\/v2\/categories?post=4270"},{"taxonomy":"post_tag","embeddable":true,"href":"https:\/\/torredonjimenoactualidad.com\/index.php\/wp-json\/wp\/v2\/tags?post=4270"}],"curies":[{"name":"wp","href":"https:\/\/api.w.org\/{rel}","templated":true}]}}