{"id":4258,"date":"2025-12-18T16:41:03","date_gmt":"2025-12-18T16:41:03","guid":{"rendered":"https:\/\/torredonjimenoactualidad.com\/?p=4258"},"modified":"2025-12-18T16:41:04","modified_gmt":"2025-12-18T16:41:04","slug":"la-43a-carrera-urbana-noche-de-san-anton-pone-a-disposicion-este-viernes-2-000-nuevos-dorsales","status":"publish","type":"post","link":"https:\/\/torredonjimenoactualidad.com\/index.php\/2025\/12\/18\/la-43a-carrera-urbana-noche-de-san-anton-pone-a-disposicion-este-viernes-2-000-nuevos-dorsales\/","title":{"rendered":"La 43\u00aa Carrera Urbana Noche de San Ant\u00f3n pone a disposici\u00f3n este viernes 2.000 nuevos dorsales"},"content":{"rendered":"\n<p>El Ayuntamiento de Ja\u00e9n pondr\u00e1 a disposici\u00f3n 2.000 nuevos dorsales para la prueba B (adultos) de la 43 Carrera Urbana Internacional Noche de San Ant\u00f3n del pr\u00f3ximo 17 de enero. Ser\u00e1 a partir de las 21,00 horas de este viernes, 19 de diciembre.<\/p>\n\n\n\n<p>Una cantidad a la que hay sumar los aproximadamente 400 que han quedado libres tras no ser confirmadas las prerreservas que ten\u00edan quienes completaron la \u00faltima edici\u00f3n de la Media Marat\u00f3n Ciudad de Ja\u00e9n y la Carrera por la Paz y la Integraci\u00f3n del IES Santa Catalina en el plazo fijado para ello, seg\u00fan ha informado este jueves el Consistorio.<\/p>\n\n\n\n<p>Todos los nuevos inscritos en la prueba \u2013prevista el 17 de enero\u2013 contar\u00e1n con la camiseta, la braga de cuello y los guantes conmemorativos a la hora de recoger su dorsal y tendr\u00e1n tambi\u00e9n la oportunidad de tener su bolsa deportiva, como el resto de participantes, pero en fechas posteriores.<\/p>\n\n\n\n<p>En este sentido, el Ayuntamiento ha se\u00f1alado el \u00abimportante esfuerzo\u00bb y las \u00abintensas reuniones de trabajo\u00bb para conseguir acompa\u00f1ar los dorsales de este material deportivo, teniendo en cuenta las fechas y las importantes cantidades de las que se trata, siendo \u00abdorsales, en todo caso, extraordinarios y no previstos inicialmente\u00bb.<\/p>\n\n\n\n<p>\u00abAtendiendo a las peticiones de las y los deportistas que se quedaron fuera el pasado d\u00eda 9 y de los clubes deportivos, la organizaci\u00f3n ha mantenido diferentes conversaciones t\u00e9cnicas con la empresa responsable de las inscripciones para evitar situaciones y molestias similares a las producidas en la primera fecha de apertura\u00bb, ha dicho en alusi\u00f3n a las incidencias t\u00e9cnicas fruto, seg\u00fan dijo entonces, de la \u00ababrumadora demanda\u00bb.<\/p>\n\n\n\n<p>El proceso ser\u00e1 id\u00e9ntico y los interesados en participar deber\u00e1n inscribirse en la web oficial de la carrera (<a target=\"_blank\" href=\"http:\/\/www.jaenciudaddelatletismo.es\/\" rel=\"noreferrer noopener\">www.jaenciudaddelatletismo.es<\/a>) en el bot\u00f3n \u2018Inscripciones\u2019. Una vez dentro de la plataforma, deber\u00e1n hacer clic en el apartado habilitado de manera especial para la ocasi\u00f3n: \u2018Nuevas inscripciones San Ant\u00f3n\u2019.<\/p>\n\n\n\n<p>El sistema funcionar\u00e1 pr\u00e1cticamente igual, pero la principal diferencia es que, una vez abiertas las inscripciones, quien no tenga la suerte de conseguir directamente alguno de los 2.400 dorsales disponibles ser\u00e1 enviado a una cola virtual en la que se le informar\u00e1 de sus posibilidades reales de conseguirlo. Todo ello, adem\u00e1s, con \u00abservidores reforzados para la ocasi\u00f3n\u00bb.<\/p>\n\n\n\n<p>As\u00ed las cosas, la edici\u00f3n n\u00famero 43 de la Carrera Urbana Internacional Noche de San Ant\u00f3n ser\u00e1 la m\u00e1s numerosa de la historia al contar por primera vez con 12.000 participantes en la prueba de adultos y no 10.000 como hasta ahora.<\/p>\n","protected":false},"excerpt":{"rendered":"<p>El Ayuntamiento de Ja\u00e9n pondr\u00e1 a disposici\u00f3n 2.000 nuevos dorsales para la prueba B (adultos) de la 43 Carrera Urbana Internacional Noche de San Ant\u00f3n del pr\u00f3ximo 17 de enero. Ser\u00e1 a partir de las 21,00 horas de este viernes, 19 de diciembre. Una cantidad a la que hay sumar los aproximadamente 400 que han &hellip;<\/p>\n<p class=\"read-more\"> <a class=\"\" href=\"https:\/\/torredonjimenoactualidad.com\/index.php\/2025\/12\/18\/la-43a-carrera-urbana-noche-de-san-anton-pone-a-disposicion-este-viernes-2-000-nuevos-dorsales\/\"> <span class=\"screen-reader-text\">La 43\u00aa Carrera Urbana Noche de San Ant\u00f3n pone a disposici\u00f3n este viernes 2.000 nuevos dorsales<\/span> Leer m\u00e1s &raquo;<\/a><\/p>\n","protected":false},"author":3,"featured_media":4259,"comment_status":"closed","ping_status":"open","sticky":false,"template":"","format":"standard","meta":{"site-sidebar-layout":"default","site-content-layout":"default","ast-global-header-display":"","ast-main-header-display":"","ast-hfb-above-header-display":"","ast-hfb-below-header-display":"","ast-hfb-mobile-header-display":"","site-post-title":"","ast-breadcrumbs-content":"","ast-featured-img":"","footer-sml-layout":"","theme-transparent-header-meta":"","adv-header-id-meta":"","stick-header-meta":"","header-above-stick-meta":"","header-main-stick-meta":"","header-below-stick-meta":"","footnotes":""},"categories":[8],"tags":[],"class_list":["post-4258","post","type-post","status-publish","format-standard","has-post-thumbnail","hentry","category-provincia"],"yoast_head":"<!-- This site is optimized with the Yoast SEO plugin v20.8 - https:\/\/yoast.com\/wordpress\/plugins\/seo\/ -->\n<title>La 43\u00aa Carrera Urbana Noche de San Ant\u00f3n pone a disposici\u00f3n este viernes 2.000 nuevos dorsales - Torredonjimeno Actualidad<\/title>\n<meta name=\"robots\" content=\"index, follow, max-snippet:-1, max-image-preview:large, max-video-preview:-1\" \/>\n<link rel=\"canonical\" href=\"https:\/\/torredonjimenoactualidad.com\/index.php\/2025\/12\/18\/la-43a-carrera-urbana-noche-de-san-anton-pone-a-disposicion-este-viernes-2-000-nuevos-dorsales\/\" \/>\n<meta property=\"og:locale\" content=\"es_ES\" \/>\n<meta property=\"og:type\" content=\"article\" \/>\n<meta property=\"og:title\" content=\"La 43\u00aa Carrera Urbana Noche de San Ant\u00f3n pone a disposici\u00f3n este viernes 2.000 nuevos dorsales - Torredonjimeno Actualidad\" \/>\n<meta property=\"og:description\" content=\"El Ayuntamiento de Ja\u00e9n pondr\u00e1 a disposici\u00f3n 2.000 nuevos dorsales para la prueba B (adultos) de la 43 Carrera Urbana Internacional Noche de San Ant\u00f3n del pr\u00f3ximo 17 de enero. Ser\u00e1 a partir de las 21,00 horas de este viernes, 19 de diciembre. Una cantidad a la que hay sumar los aproximadamente 400 que han &hellip; La 43\u00aa Carrera Urbana Noche de San Ant\u00f3n pone a disposici\u00f3n este viernes 2.000 nuevos dorsales Leer m\u00e1s &raquo;\" \/>\n<meta property=\"og:url\" content=\"https:\/\/torredonjimenoactualidad.com\/index.php\/2025\/12\/18\/la-43a-carrera-urbana-noche-de-san-anton-pone-a-disposicion-este-viernes-2-000-nuevos-dorsales\/\" \/>\n<meta property=\"og:site_name\" content=\"Torredonjimeno Actualidad\" \/>\n<meta property=\"article:published_time\" content=\"2025-12-18T16:41:03+00:00\" \/>\n<meta property=\"article:modified_time\" content=\"2025-12-18T16:41:04+00:00\" \/>\n<meta property=\"og:image\" content=\"https:\/\/torredonjimenoactualidad.com\/wp-content\/uploads\/2025\/12\/fotonoticia_20251218171210_1920.jpg\" \/>\n\t<meta property=\"og:image:width\" content=\"1920\" \/>\n\t<meta property=\"og:image:height\" content=\"1098\" \/>\n\t<meta property=\"og:image:type\" content=\"image\/jpeg\" \/>\n<meta name=\"author\" content=\"Redaccion\" \/>\n<meta name=\"twitter:card\" content=\"summary_large_image\" \/>\n<meta name=\"twitter:label1\" content=\"Escrito por\" \/>\n\t<meta name=\"twitter:data1\" content=\"Redaccion\" \/>\n\t<meta name=\"twitter:label2\" content=\"Tiempo de lectura\" \/>\n\t<meta name=\"twitter:data2\" content=\"2 minutos\" \/>\n<script type=\"application\/ld+json\" class=\"yoast-schema-graph\">{\"@context\":\"https:\/\/schema.org\",\"@graph\":[{\"@type\":\"Article\",\"@id\":\"https:\/\/torredonjimenoactualidad.com\/index.php\/2025\/12\/18\/la-43a-carrera-urbana-noche-de-san-anton-pone-a-disposicion-este-viernes-2-000-nuevos-dorsales\/#article\",\"isPartOf\":{\"@id\":\"https:\/\/torredonjimenoactualidad.com\/index.php\/2025\/12\/18\/la-43a-carrera-urbana-noche-de-san-anton-pone-a-disposicion-este-viernes-2-000-nuevos-dorsales\/\"},\"author\":{\"name\":\"Redaccion\",\"@id\":\"https:\/\/torredonjimenoactualidad.com\/#\/schema\/person\/11f05803cdf40dbeb7f4fbf2365c9ac5\"},\"headline\":\"La 43\u00aa Carrera Urbana Noche de San Ant\u00f3n pone a disposici\u00f3n este viernes 2.000 nuevos dorsales\",\"datePublished\":\"2025-12-18T16:41:03+00:00\",\"dateModified\":\"2025-12-18T16:41:04+00:00\",\"mainEntityOfPage\":{\"@id\":\"https:\/\/torredonjimenoactualidad.com\/index.php\/2025\/12\/18\/la-43a-carrera-urbana-noche-de-san-anton-pone-a-disposicion-este-viernes-2-000-nuevos-dorsales\/\"},\"wordCount\":454,\"publisher\":{\"@id\":\"https:\/\/torredonjimenoactualidad.com\/#organization\"},\"articleSection\":[\"provincia\"],\"inLanguage\":\"es\"},{\"@type\":\"WebPage\",\"@id\":\"https:\/\/torredonjimenoactualidad.com\/index.php\/2025\/12\/18\/la-43a-carrera-urbana-noche-de-san-anton-pone-a-disposicion-este-viernes-2-000-nuevos-dorsales\/\",\"url\":\"https:\/\/torredonjimenoactualidad.com\/index.php\/2025\/12\/18\/la-43a-carrera-urbana-noche-de-san-anton-pone-a-disposicion-este-viernes-2-000-nuevos-dorsales\/\",\"name\":\"La 43\u00aa Carrera Urbana Noche de San Ant\u00f3n pone a disposici\u00f3n este viernes 2.000 nuevos dorsales - Torredonjimeno Actualidad\",\"isPartOf\":{\"@id\":\"https:\/\/torredonjimenoactualidad.com\/#website\"},\"datePublished\":\"2025-12-18T16:41:03+00:00\",\"dateModified\":\"2025-12-18T16:41:04+00:00\",\"breadcrumb\":{\"@id\":\"https:\/\/torredonjimenoactualidad.com\/index.php\/2025\/12\/18\/la-43a-carrera-urbana-noche-de-san-anton-pone-a-disposicion-este-viernes-2-000-nuevos-dorsales\/#breadcrumb\"},\"inLanguage\":\"es\",\"potentialAction\":[{\"@type\":\"ReadAction\",\"target\":[\"https:\/\/torredonjimenoactualidad.com\/index.php\/2025\/12\/18\/la-43a-carrera-urbana-noche-de-san-anton-pone-a-disposicion-este-viernes-2-000-nuevos-dorsales\/\"]}]},{\"@type\":\"BreadcrumbList\",\"@id\":\"https:\/\/torredonjimenoactualidad.com\/index.php\/2025\/12\/18\/la-43a-carrera-urbana-noche-de-san-anton-pone-a-disposicion-este-viernes-2-000-nuevos-dorsales\/#breadcrumb\",\"itemListElement\":[{\"@type\":\"ListItem\",\"position\":1,\"name\":\"Portada\",\"item\":\"https:\/\/torredonjimenoactualidad.com\/\"},{\"@type\":\"ListItem\",\"position\":2,\"name\":\"La 43\u00aa Carrera Urbana Noche de San Ant\u00f3n pone a disposici\u00f3n este viernes 2.000 nuevos dorsales\"}]},{\"@type\":\"WebSite\",\"@id\":\"https:\/\/torredonjimenoactualidad.com\/#website\",\"url\":\"https:\/\/torredonjimenoactualidad.com\/\",\"name\":\"Torredonjimeno Actualidad\",\"description\":\"\",\"publisher\":{\"@id\":\"https:\/\/torredonjimenoactualidad.com\/#organization\"},\"potentialAction\":[{\"@type\":\"SearchAction\",\"target\":{\"@type\":\"EntryPoint\",\"urlTemplate\":\"https:\/\/torredonjimenoactualidad.com\/?s={search_term_string}\"},\"query-input\":\"required name=search_term_string\"}],\"inLanguage\":\"es\"},{\"@type\":\"Organization\",\"@id\":\"https:\/\/torredonjimenoactualidad.com\/#organization\",\"name\":\"Torredonjimeno Actualidad\",\"url\":\"https:\/\/torredonjimenoactualidad.com\/\",\"logo\":{\"@type\":\"ImageObject\",\"inLanguage\":\"es\",\"@id\":\"https:\/\/torredonjimenoactualidad.com\/#\/schema\/logo\/image\/\",\"url\":\"https:\/\/torredonjimenoactualidad.com\/wp-content\/uploads\/2023\/02\/logo-torredonjimeno-544x180-1.png\",\"contentUrl\":\"https:\/\/torredonjimenoactualidad.com\/wp-content\/uploads\/2023\/02\/logo-torredonjimeno-544x180-1.png\",\"width\":545,\"height\":112,\"caption\":\"Torredonjimeno Actualidad\"},\"image\":{\"@id\":\"https:\/\/torredonjimenoactualidad.com\/#\/schema\/logo\/image\/\"}},{\"@type\":\"Person\",\"@id\":\"https:\/\/torredonjimenoactualidad.com\/#\/schema\/person\/11f05803cdf40dbeb7f4fbf2365c9ac5\",\"name\":\"Redaccion\",\"image\":{\"@type\":\"ImageObject\",\"inLanguage\":\"es\",\"@id\":\"https:\/\/torredonjimenoactualidad.com\/#\/schema\/person\/image\/\",\"url\":\"https:\/\/secure.gravatar.com\/avatar\/5917bab7eff43e17746fd29b509939469470810b6b989b7cc2f89e3188399bf3?s=96&d=mm&r=g\",\"contentUrl\":\"https:\/\/secure.gravatar.com\/avatar\/5917bab7eff43e17746fd29b509939469470810b6b989b7cc2f89e3188399bf3?s=96&d=mm&r=g\",\"caption\":\"Redaccion\"},\"url\":\"https:\/\/torredonjimenoactualidad.com\/index.php\/author\/jose-bueno\/\"}]}<\/script>\n<!-- \/ Yoast SEO plugin. -->","yoast_head_json":{"title":"La 43\u00aa Carrera Urbana Noche de San Ant\u00f3n pone a disposici\u00f3n este viernes 2.000 nuevos dorsales - Torredonjimeno Actualidad","robots":{"index":"index","follow":"follow","max-snippet":"max-snippet:-1","max-image-preview":"max-image-preview:large","max-video-preview":"max-video-preview:-1"},"canonical":"https:\/\/torredonjimenoactualidad.com\/index.php\/2025\/12\/18\/la-43a-carrera-urbana-noche-de-san-anton-pone-a-disposicion-este-viernes-2-000-nuevos-dorsales\/","og_locale":"es_ES","og_type":"article","og_title":"La 43\u00aa Carrera Urbana Noche de San Ant\u00f3n pone a disposici\u00f3n este viernes 2.000 nuevos dorsales - Torredonjimeno Actualidad","og_description":"El Ayuntamiento de Ja\u00e9n pondr\u00e1 a disposici\u00f3n 2.000 nuevos dorsales para la prueba B (adultos) de la 43 Carrera Urbana Internacional Noche de San Ant\u00f3n del pr\u00f3ximo 17 de enero. Ser\u00e1 a partir de las 21,00 horas de este viernes, 19 de diciembre. Una cantidad a la que hay sumar los aproximadamente 400 que han &hellip; La 43\u00aa Carrera Urbana Noche de San Ant\u00f3n pone a disposici\u00f3n este viernes 2.000 nuevos dorsales Leer m\u00e1s &raquo;","og_url":"https:\/\/torredonjimenoactualidad.com\/index.php\/2025\/12\/18\/la-43a-carrera-urbana-noche-de-san-anton-pone-a-disposicion-este-viernes-2-000-nuevos-dorsales\/","og_site_name":"Torredonjimeno Actualidad","article_published_time":"2025-12-18T16:41:03+00:00","article_modified_time":"2025-12-18T16:41:04+00:00","og_image":[{"width":1920,"height":1098,"url":"https:\/\/torredonjimenoactualidad.com\/wp-content\/uploads\/2025\/12\/fotonoticia_20251218171210_1920.jpg","type":"image\/jpeg"}],"author":"Redaccion","twitter_card":"summary_large_image","twitter_misc":{"Escrito por":"Redaccion","Tiempo de lectura":"2 minutos"},"schema":{"@context":"https:\/\/schema.org","@graph":[{"@type":"Article","@id":"https:\/\/torredonjimenoactualidad.com\/index.php\/2025\/12\/18\/la-43a-carrera-urbana-noche-de-san-anton-pone-a-disposicion-este-viernes-2-000-nuevos-dorsales\/#article","isPartOf":{"@id":"https:\/\/torredonjimenoactualidad.com\/index.php\/2025\/12\/18\/la-43a-carrera-urbana-noche-de-san-anton-pone-a-disposicion-este-viernes-2-000-nuevos-dorsales\/"},"author":{"name":"Redaccion","@id":"https:\/\/torredonjimenoactualidad.com\/#\/schema\/person\/11f05803cdf40dbeb7f4fbf2365c9ac5"},"headline":"La 43\u00aa Carrera Urbana Noche de San Ant\u00f3n pone a disposici\u00f3n este viernes 2.000 nuevos dorsales","datePublished":"2025-12-18T16:41:03+00:00","dateModified":"2025-12-18T16:41:04+00:00","mainEntityOfPage":{"@id":"https:\/\/torredonjimenoactualidad.com\/index.php\/2025\/12\/18\/la-43a-carrera-urbana-noche-de-san-anton-pone-a-disposicion-este-viernes-2-000-nuevos-dorsales\/"},"wordCount":454,"publisher":{"@id":"https:\/\/torredonjimenoactualidad.com\/#organization"},"articleSection":["provincia"],"inLanguage":"es"},{"@type":"WebPage","@id":"https:\/\/torredonjimenoactualidad.com\/index.php\/2025\/12\/18\/la-43a-carrera-urbana-noche-de-san-anton-pone-a-disposicion-este-viernes-2-000-nuevos-dorsales\/","url":"https:\/\/torredonjimenoactualidad.com\/index.php\/2025\/12\/18\/la-43a-carrera-urbana-noche-de-san-anton-pone-a-disposicion-este-viernes-2-000-nuevos-dorsales\/","name":"La 43\u00aa Carrera Urbana Noche de San Ant\u00f3n pone a disposici\u00f3n este viernes 2.000 nuevos dorsales - Torredonjimeno Actualidad","isPartOf":{"@id":"https:\/\/torredonjimenoactualidad.com\/#website"},"datePublished":"2025-12-18T16:41:03+00:00","dateModified":"2025-12-18T16:41:04+00:00","breadcrumb":{"@id":"https:\/\/torredonjimenoactualidad.com\/index.php\/2025\/12\/18\/la-43a-carrera-urbana-noche-de-san-anton-pone-a-disposicion-este-viernes-2-000-nuevos-dorsales\/#breadcrumb"},"inLanguage":"es","potentialAction":[{"@type":"ReadAction","target":["https:\/\/torredonjimenoactualidad.com\/index.php\/2025\/12\/18\/la-43a-carrera-urbana-noche-de-san-anton-pone-a-disposicion-este-viernes-2-000-nuevos-dorsales\/"]}]},{"@type":"BreadcrumbList","@id":"https:\/\/torredonjimenoactualidad.com\/index.php\/2025\/12\/18\/la-43a-carrera-urbana-noche-de-san-anton-pone-a-disposicion-este-viernes-2-000-nuevos-dorsales\/#breadcrumb","itemListElement":[{"@type":"ListItem","position":1,"name":"Portada","item":"https:\/\/torredonjimenoactualidad.com\/"},{"@type":"ListItem","position":2,"name":"La 43\u00aa Carrera Urbana Noche de San Ant\u00f3n pone a disposici\u00f3n este viernes 2.000 nuevos dorsales"}]},{"@type":"WebSite","@id":"https:\/\/torredonjimenoactualidad.com\/#website","url":"https:\/\/torredonjimenoactualidad.com\/","name":"Torredonjimeno Actualidad","description":"","publisher":{"@id":"https:\/\/torredonjimenoactualidad.com\/#organization"},"potentialAction":[{"@type":"SearchAction","target":{"@type":"EntryPoint","urlTemplate":"https:\/\/torredonjimenoactualidad.com\/?s={search_term_string}"},"query-input":"required name=search_term_string"}],"inLanguage":"es"},{"@type":"Organization","@id":"https:\/\/torredonjimenoactualidad.com\/#organization","name":"Torredonjimeno Actualidad","url":"https:\/\/torredonjimenoactualidad.com\/","logo":{"@type":"ImageObject","inLanguage":"es","@id":"https:\/\/torredonjimenoactualidad.com\/#\/schema\/logo\/image\/","url":"https:\/\/torredonjimenoactualidad.com\/wp-content\/uploads\/2023\/02\/logo-torredonjimeno-544x180-1.png","contentUrl":"https:\/\/torredonjimenoactualidad.com\/wp-content\/uploads\/2023\/02\/logo-torredonjimeno-544x180-1.png","width":545,"height":112,"caption":"Torredonjimeno Actualidad"},"image":{"@id":"https:\/\/torredonjimenoactualidad.com\/#\/schema\/logo\/image\/"}},{"@type":"Person","@id":"https:\/\/torredonjimenoactualidad.com\/#\/schema\/person\/11f05803cdf40dbeb7f4fbf2365c9ac5","name":"Redaccion","image":{"@type":"ImageObject","inLanguage":"es","@id":"https:\/\/torredonjimenoactualidad.com\/#\/schema\/person\/image\/","url":"https:\/\/secure.gravatar.com\/avatar\/5917bab7eff43e17746fd29b509939469470810b6b989b7cc2f89e3188399bf3?s=96&d=mm&r=g","contentUrl":"https:\/\/secure.gravatar.com\/avatar\/5917bab7eff43e17746fd29b509939469470810b6b989b7cc2f89e3188399bf3?s=96&d=mm&r=g","caption":"Redaccion"},"url":"https:\/\/torredonjimenoactualidad.com\/index.php\/author\/jose-bueno\/"}]}},"_links":{"self":[{"href":"https:\/\/torredonjimenoactualidad.com\/index.php\/wp-json\/wp\/v2\/posts\/4258","targetHints":{"allow":["GET"]}}],"collection":[{"href":"https:\/\/torredonjimenoactualidad.com\/index.php\/wp-json\/wp\/v2\/posts"}],"about":[{"href":"https:\/\/torredonjimenoactualidad.com\/index.php\/wp-json\/wp\/v2\/types\/post"}],"author":[{"embeddable":true,"href":"https:\/\/torredonjimenoactualidad.com\/index.php\/wp-json\/wp\/v2\/users\/3"}],"replies":[{"embeddable":true,"href":"https:\/\/torredonjimenoactualidad.com\/index.php\/wp-json\/wp\/v2\/comments?post=4258"}],"version-history":[{"count":1,"href":"https:\/\/torredonjimenoactualidad.com\/index.php\/wp-json\/wp\/v2\/posts\/4258\/revisions"}],"predecessor-version":[{"id":4260,"href":"https:\/\/torredonjimenoactualidad.com\/index.php\/wp-json\/wp\/v2\/posts\/4258\/revisions\/4260"}],"wp:featuredmedia":[{"embeddable":true,"href":"https:\/\/torredonjimenoactualidad.com\/index.php\/wp-json\/wp\/v2\/media\/4259"}],"wp:attachment":[{"href":"https:\/\/torredonjimenoactualidad.com\/index.php\/wp-json\/wp\/v2\/media?parent=4258"}],"wp:term":[{"taxonomy":"category","embeddable":true,"href":"https:\/\/torredonjimenoactualidad.com\/index.php\/wp-json\/wp\/v2\/categories?post=4258"},{"taxonomy":"post_tag","embeddable":true,"href":"https:\/\/torredonjimenoactualidad.com\/index.php\/wp-json\/wp\/v2\/tags?post=4258"}],"curies":[{"name":"wp","href":"https:\/\/api.w.org\/{rel}","templated":true}]}}