{"id":4255,"date":"2025-12-18T16:20:09","date_gmt":"2025-12-18T16:20:09","guid":{"rendered":"https:\/\/torredonjimenoactualidad.com\/?p=4255"},"modified":"2025-12-18T16:20:10","modified_gmt":"2025-12-18T16:20:10","slug":"el-tosiriano-juan-carlos-rosa-navarro-primado-en-el-iv-concurso-de-las-vias-verdes-de-jaen","status":"publish","type":"post","link":"https:\/\/torredonjimenoactualidad.com\/index.php\/2025\/12\/18\/el-tosiriano-juan-carlos-rosa-navarro-primado-en-el-iv-concurso-de-las-vias-verdes-de-jaen\/","title":{"rendered":"El tosiriano\u00a0Juan Carlos Rosa Navarro, primado en el IV Concurso de las V\u00edas Verdes de Ja\u00e9n"},"content":{"rendered":"\n<p>El&nbsp;<strong>tosiriano Juan Carlos Rosa Navarro<\/strong>&nbsp;ha sido uno de los nombres destacados en el&nbsp;<strong>IV Concurso \u201cRecorriendo los Caminos Naturales V\u00edas Verdes de la provincia de Ja\u00e9n\u201d<\/strong>, cuya entrega de premios tuvo lugar en el&nbsp;<strong>Aula de Cultura del Palacio Provincial<\/strong>. Su trabajo ha sido reconocido con una&nbsp;<strong>menci\u00f3n especial en la categor\u00eda C, Biodiversidad y Geodiversidad<\/strong>, poniendo de relieve el talento fotogr\u00e1fico existente en&nbsp;<strong>Torredonjimeno<\/strong>&nbsp;y su capacidad para captar la riqueza natural de la provincia.<\/p>\n\n\n\n<p>Juan Carlos Rosa Navarro comparte protagonismo en esta edici\u00f3n con los&nbsp;<strong>torrecampe\u00f1os Juan Francisco Armenteros y Jorge Garc\u00eda Ruiz<\/strong>, que tambi\u00e9n han cosechado importantes reconocimientos. Armenteros se alz\u00f3 con el&nbsp;<strong>primer premio de la categor\u00eda C<\/strong>&nbsp;por la fotograf\u00eda&nbsp;<em>\u201cLagarto de Ja\u00e9n ocelado\u201d<\/em>&nbsp;y obtuvo adem\u00e1s una *<em>menci\u00f3n especial en la categor\u00eda D, Patrimonio Ferroviario<\/em>. Por su parte, Jorge Garc\u00eda Ruiz fue el ganador de la&nbsp;<strong>categor\u00eda B, Actividades<\/strong>, con la obra&nbsp;<em>\u201cGeometr\u00eda rural v\u00eda viva\u201d<\/em>.<\/p>\n\n\n\n<p>El concurso, organizado por la Diputaci\u00f3n Provincial con el objetivo de&nbsp;<strong>difundir y poner en valor los parajes naturales y el patrimonio de las v\u00edas verdes jiennenses<\/strong>, ha alcanzado este a\u00f1o una&nbsp;<strong>participaci\u00f3n r\u00e9cord<\/strong>, con&nbsp;<strong>161 fotograf\u00edas presentadas por 32 autores<\/strong>, lo que supone&nbsp;<strong>70 im\u00e1genes m\u00e1s que en la edici\u00f3n anterior<\/strong>. La entrega de premios cont\u00f3 con la presencia de la&nbsp;<strong>diputada de Medio Ambiente y Lucha contra el Cambio Clim\u00e1tico, Isabel Uceda<\/strong>, quien subray\u00f3 la calidad de los trabajos presentados y la consolidaci\u00f3n del certamen.<\/p>\n\n\n\n<p>En el resto del palmar\u00e9s,&nbsp;<strong>Antonio Francisco Vacas<\/strong>&nbsp;fue reconocido en la&nbsp;<strong>categor\u00eda A, Paisajes<\/strong>, por&nbsp;<em>\u201cCamino a las estrellas\u201d<\/em>, mientras que&nbsp;<strong>Jos\u00e9 Antonio de Acu\u00f1a<\/strong>&nbsp;obtuvo el primer premio en la&nbsp;<strong>categor\u00eda D, Patrimonio Ferroviario<\/strong>, con&nbsp;<em>\u201cSalvando el desnivel\u201d<\/em>. El certamen est\u00e1 dotado con&nbsp;<strong>1.200 euros en premios<\/strong>, repartidos entre las cuatro modalidades.<\/p>\n\n\n\n<p>Las&nbsp;<strong>menciones especiales<\/strong>&nbsp;se completaron con los reconocimientos a&nbsp;<strong>Francisco Javier Caravaca<\/strong>&nbsp;e&nbsp;<strong>Ignacio Alcal\u00e1<\/strong>&nbsp;en Paisajes;&nbsp;<strong>Tom\u00e1s Navarro<\/strong>&nbsp;y&nbsp;<strong>Jos\u00e9 Jim\u00e9nez<\/strong>&nbsp;en Actividades;&nbsp;<strong>Zulema Mar\u00eda del R\u00edo<\/strong>&nbsp;y&nbsp;<strong>Juan Carlos Rosa Navarro<\/strong>&nbsp;en Biodiversidad y Geodiversidad; y&nbsp;<strong>Juan Francisco Armenteros<\/strong>&nbsp;y&nbsp;<strong>Antonio Francisco Vacas<\/strong>&nbsp;en Patrimonio Ferroviario. Una edici\u00f3n que ha vuelto a evidenciar el&nbsp;<strong>alto nivel de la fotograf\u00eda local y provincial<\/strong>, con especial presencia de autores tosirianos y torrecampe\u00f1os.<\/p>\n","protected":false},"excerpt":{"rendered":"<p>El&nbsp;tosiriano Juan Carlos Rosa Navarro&nbsp;ha sido uno de los nombres destacados en el&nbsp;IV Concurso \u201cRecorriendo los Caminos Naturales V\u00edas Verdes de la provincia de Ja\u00e9n\u201d, cuya entrega de premios tuvo lugar en el&nbsp;Aula de Cultura del Palacio Provincial. Su trabajo ha sido reconocido con una&nbsp;menci\u00f3n especial en la categor\u00eda C, Biodiversidad y Geodiversidad, poniendo de &hellip;<\/p>\n<p class=\"read-more\"> <a class=\"\" href=\"https:\/\/torredonjimenoactualidad.com\/index.php\/2025\/12\/18\/el-tosiriano-juan-carlos-rosa-navarro-primado-en-el-iv-concurso-de-las-vias-verdes-de-jaen\/\"> <span class=\"screen-reader-text\">El tosiriano\u00a0Juan Carlos Rosa Navarro, primado en el IV Concurso de las V\u00edas Verdes de Ja\u00e9n<\/span> Leer m\u00e1s &raquo;<\/a><\/p>\n","protected":false},"author":2,"featured_media":4256,"comment_status":"closed","ping_status":"open","sticky":false,"template":"","format":"standard","meta":{"site-sidebar-layout":"default","site-content-layout":"default","ast-global-header-display":"","ast-main-header-display":"","ast-hfb-above-header-display":"","ast-hfb-below-header-display":"","ast-hfb-mobile-header-display":"","site-post-title":"","ast-breadcrumbs-content":"","ast-featured-img":"","footer-sml-layout":"","theme-transparent-header-meta":"","adv-header-id-meta":"","stick-header-meta":"","header-above-stick-meta":"","header-main-stick-meta":"","header-below-stick-meta":"","footnotes":""},"categories":[7],"tags":[],"class_list":["post-4255","post","type-post","status-publish","format-standard","has-post-thumbnail","hentry","category-local"],"yoast_head":"<!-- This site is optimized with the Yoast SEO plugin v20.8 - https:\/\/yoast.com\/wordpress\/plugins\/seo\/ -->\n<title>El tosiriano\u00a0Juan Carlos Rosa Navarro, primado en el IV Concurso de las V\u00edas Verdes de Ja\u00e9n - Torredonjimeno Actualidad<\/title>\n<meta name=\"robots\" content=\"index, follow, max-snippet:-1, max-image-preview:large, max-video-preview:-1\" \/>\n<link rel=\"canonical\" href=\"https:\/\/torredonjimenoactualidad.com\/index.php\/2025\/12\/18\/el-tosiriano-juan-carlos-rosa-navarro-primado-en-el-iv-concurso-de-las-vias-verdes-de-jaen\/\" \/>\n<meta property=\"og:locale\" content=\"es_ES\" \/>\n<meta property=\"og:type\" content=\"article\" \/>\n<meta property=\"og:title\" content=\"El tosiriano\u00a0Juan Carlos Rosa Navarro, primado en el IV Concurso de las V\u00edas Verdes de Ja\u00e9n - Torredonjimeno Actualidad\" \/>\n<meta property=\"og:description\" content=\"El&nbsp;tosiriano Juan Carlos Rosa Navarro&nbsp;ha sido uno de los nombres destacados en el&nbsp;IV Concurso \u201cRecorriendo los Caminos Naturales V\u00edas Verdes de la provincia de Ja\u00e9n\u201d, cuya entrega de premios tuvo lugar en el&nbsp;Aula de Cultura del Palacio Provincial. Su trabajo ha sido reconocido con una&nbsp;menci\u00f3n especial en la categor\u00eda C, Biodiversidad y Geodiversidad, poniendo de &hellip; El tosiriano\u00a0Juan Carlos Rosa Navarro, primado en el IV Concurso de las V\u00edas Verdes de Ja\u00e9n Leer m\u00e1s &raquo;\" \/>\n<meta property=\"og:url\" content=\"https:\/\/torredonjimenoactualidad.com\/index.php\/2025\/12\/18\/el-tosiriano-juan-carlos-rosa-navarro-primado-en-el-iv-concurso-de-las-vias-verdes-de-jaen\/\" \/>\n<meta property=\"og:site_name\" content=\"Torredonjimeno Actualidad\" \/>\n<meta property=\"article:published_time\" content=\"2025-12-18T16:20:09+00:00\" \/>\n<meta property=\"article:modified_time\" content=\"2025-12-18T16:20:10+00:00\" \/>\n<meta property=\"og:image\" content=\"https:\/\/torredonjimenoactualidad.com\/wp-content\/uploads\/2025\/12\/fotonoticia_20251218131604_1920.jpg\" \/>\n\t<meta property=\"og:image:width\" content=\"1854\" \/>\n\t<meta property=\"og:image:height\" content=\"1059\" \/>\n\t<meta property=\"og:image:type\" content=\"image\/jpeg\" \/>\n<meta name=\"author\" content=\"Alba Mar\u00eda Torres\" \/>\n<meta name=\"twitter:card\" content=\"summary_large_image\" \/>\n<meta name=\"twitter:label1\" content=\"Escrito por\" \/>\n\t<meta name=\"twitter:data1\" content=\"Alba Mar\u00eda Torres\" \/>\n\t<meta name=\"twitter:label2\" content=\"Tiempo de lectura\" \/>\n\t<meta name=\"twitter:data2\" content=\"2 minutos\" \/>\n<script type=\"application\/ld+json\" class=\"yoast-schema-graph\">{\"@context\":\"https:\/\/schema.org\",\"@graph\":[{\"@type\":\"Article\",\"@id\":\"https:\/\/torredonjimenoactualidad.com\/index.php\/2025\/12\/18\/el-tosiriano-juan-carlos-rosa-navarro-primado-en-el-iv-concurso-de-las-vias-verdes-de-jaen\/#article\",\"isPartOf\":{\"@id\":\"https:\/\/torredonjimenoactualidad.com\/index.php\/2025\/12\/18\/el-tosiriano-juan-carlos-rosa-navarro-primado-en-el-iv-concurso-de-las-vias-verdes-de-jaen\/\"},\"author\":{\"name\":\"Alba Mar\u00eda Torres\",\"@id\":\"https:\/\/torredonjimenoactualidad.com\/#\/schema\/person\/84de5f233e783ef2c75151a532b54977\"},\"headline\":\"El tosiriano\u00a0Juan Carlos Rosa Navarro, primado en el IV Concurso de las V\u00edas Verdes de Ja\u00e9n\",\"datePublished\":\"2025-12-18T16:20:09+00:00\",\"dateModified\":\"2025-12-18T16:20:10+00:00\",\"mainEntityOfPage\":{\"@id\":\"https:\/\/torredonjimenoactualidad.com\/index.php\/2025\/12\/18\/el-tosiriano-juan-carlos-rosa-navarro-primado-en-el-iv-concurso-de-las-vias-verdes-de-jaen\/\"},\"wordCount\":470,\"publisher\":{\"@id\":\"https:\/\/torredonjimenoactualidad.com\/#organization\"},\"articleSection\":[\"local\"],\"inLanguage\":\"es\"},{\"@type\":\"WebPage\",\"@id\":\"https:\/\/torredonjimenoactualidad.com\/index.php\/2025\/12\/18\/el-tosiriano-juan-carlos-rosa-navarro-primado-en-el-iv-concurso-de-las-vias-verdes-de-jaen\/\",\"url\":\"https:\/\/torredonjimenoactualidad.com\/index.php\/2025\/12\/18\/el-tosiriano-juan-carlos-rosa-navarro-primado-en-el-iv-concurso-de-las-vias-verdes-de-jaen\/\",\"name\":\"El tosiriano\u00a0Juan Carlos Rosa Navarro, primado en el IV Concurso de las V\u00edas Verdes de Ja\u00e9n - Torredonjimeno Actualidad\",\"isPartOf\":{\"@id\":\"https:\/\/torredonjimenoactualidad.com\/#website\"},\"datePublished\":\"2025-12-18T16:20:09+00:00\",\"dateModified\":\"2025-12-18T16:20:10+00:00\",\"breadcrumb\":{\"@id\":\"https:\/\/torredonjimenoactualidad.com\/index.php\/2025\/12\/18\/el-tosiriano-juan-carlos-rosa-navarro-primado-en-el-iv-concurso-de-las-vias-verdes-de-jaen\/#breadcrumb\"},\"inLanguage\":\"es\",\"potentialAction\":[{\"@type\":\"ReadAction\",\"target\":[\"https:\/\/torredonjimenoactualidad.com\/index.php\/2025\/12\/18\/el-tosiriano-juan-carlos-rosa-navarro-primado-en-el-iv-concurso-de-las-vias-verdes-de-jaen\/\"]}]},{\"@type\":\"BreadcrumbList\",\"@id\":\"https:\/\/torredonjimenoactualidad.com\/index.php\/2025\/12\/18\/el-tosiriano-juan-carlos-rosa-navarro-primado-en-el-iv-concurso-de-las-vias-verdes-de-jaen\/#breadcrumb\",\"itemListElement\":[{\"@type\":\"ListItem\",\"position\":1,\"name\":\"Portada\",\"item\":\"https:\/\/torredonjimenoactualidad.com\/\"},{\"@type\":\"ListItem\",\"position\":2,\"name\":\"El tosiriano\u00a0Juan Carlos Rosa Navarro, primado en el IV Concurso de las V\u00edas Verdes de Ja\u00e9n\"}]},{\"@type\":\"WebSite\",\"@id\":\"https:\/\/torredonjimenoactualidad.com\/#website\",\"url\":\"https:\/\/torredonjimenoactualidad.com\/\",\"name\":\"Torredonjimeno Actualidad\",\"description\":\"\",\"publisher\":{\"@id\":\"https:\/\/torredonjimenoactualidad.com\/#organization\"},\"potentialAction\":[{\"@type\":\"SearchAction\",\"target\":{\"@type\":\"EntryPoint\",\"urlTemplate\":\"https:\/\/torredonjimenoactualidad.com\/?s={search_term_string}\"},\"query-input\":\"required name=search_term_string\"}],\"inLanguage\":\"es\"},{\"@type\":\"Organization\",\"@id\":\"https:\/\/torredonjimenoactualidad.com\/#organization\",\"name\":\"Torredonjimeno Actualidad\",\"url\":\"https:\/\/torredonjimenoactualidad.com\/\",\"logo\":{\"@type\":\"ImageObject\",\"inLanguage\":\"es\",\"@id\":\"https:\/\/torredonjimenoactualidad.com\/#\/schema\/logo\/image\/\",\"url\":\"https:\/\/torredonjimenoactualidad.com\/wp-content\/uploads\/2023\/02\/logo-torredonjimeno-544x180-1.png\",\"contentUrl\":\"https:\/\/torredonjimenoactualidad.com\/wp-content\/uploads\/2023\/02\/logo-torredonjimeno-544x180-1.png\",\"width\":545,\"height\":112,\"caption\":\"Torredonjimeno Actualidad\"},\"image\":{\"@id\":\"https:\/\/torredonjimenoactualidad.com\/#\/schema\/logo\/image\/\"}},{\"@type\":\"Person\",\"@id\":\"https:\/\/torredonjimenoactualidad.com\/#\/schema\/person\/84de5f233e783ef2c75151a532b54977\",\"name\":\"Alba Mar\u00eda Torres\",\"image\":{\"@type\":\"ImageObject\",\"inLanguage\":\"es\",\"@id\":\"https:\/\/torredonjimenoactualidad.com\/#\/schema\/person\/image\/\",\"url\":\"https:\/\/secure.gravatar.com\/avatar\/f9371f188c71501b4475a9ba2a71595850ec72967f800a2ed8e3e2102859ed65?s=96&d=mm&r=g\",\"contentUrl\":\"https:\/\/secure.gravatar.com\/avatar\/f9371f188c71501b4475a9ba2a71595850ec72967f800a2ed8e3e2102859ed65?s=96&d=mm&r=g\",\"caption\":\"Alba Mar\u00eda Torres\"},\"url\":\"https:\/\/torredonjimenoactualidad.com\/index.php\/author\/alba-torres\/\"}]}<\/script>\n<!-- \/ Yoast SEO plugin. -->","yoast_head_json":{"title":"El tosiriano\u00a0Juan Carlos Rosa Navarro, primado en el IV Concurso de las V\u00edas Verdes de Ja\u00e9n - Torredonjimeno Actualidad","robots":{"index":"index","follow":"follow","max-snippet":"max-snippet:-1","max-image-preview":"max-image-preview:large","max-video-preview":"max-video-preview:-1"},"canonical":"https:\/\/torredonjimenoactualidad.com\/index.php\/2025\/12\/18\/el-tosiriano-juan-carlos-rosa-navarro-primado-en-el-iv-concurso-de-las-vias-verdes-de-jaen\/","og_locale":"es_ES","og_type":"article","og_title":"El tosiriano\u00a0Juan Carlos Rosa Navarro, primado en el IV Concurso de las V\u00edas Verdes de Ja\u00e9n - Torredonjimeno Actualidad","og_description":"El&nbsp;tosiriano Juan Carlos Rosa Navarro&nbsp;ha sido uno de los nombres destacados en el&nbsp;IV Concurso \u201cRecorriendo los Caminos Naturales V\u00edas Verdes de la provincia de Ja\u00e9n\u201d, cuya entrega de premios tuvo lugar en el&nbsp;Aula de Cultura del Palacio Provincial. Su trabajo ha sido reconocido con una&nbsp;menci\u00f3n especial en la categor\u00eda C, Biodiversidad y Geodiversidad, poniendo de &hellip; El tosiriano\u00a0Juan Carlos Rosa Navarro, primado en el IV Concurso de las V\u00edas Verdes de Ja\u00e9n Leer m\u00e1s &raquo;","og_url":"https:\/\/torredonjimenoactualidad.com\/index.php\/2025\/12\/18\/el-tosiriano-juan-carlos-rosa-navarro-primado-en-el-iv-concurso-de-las-vias-verdes-de-jaen\/","og_site_name":"Torredonjimeno Actualidad","article_published_time":"2025-12-18T16:20:09+00:00","article_modified_time":"2025-12-18T16:20:10+00:00","og_image":[{"width":1854,"height":1059,"url":"https:\/\/torredonjimenoactualidad.com\/wp-content\/uploads\/2025\/12\/fotonoticia_20251218131604_1920.jpg","type":"image\/jpeg"}],"author":"Alba Mar\u00eda Torres","twitter_card":"summary_large_image","twitter_misc":{"Escrito por":"Alba Mar\u00eda Torres","Tiempo de lectura":"2 minutos"},"schema":{"@context":"https:\/\/schema.org","@graph":[{"@type":"Article","@id":"https:\/\/torredonjimenoactualidad.com\/index.php\/2025\/12\/18\/el-tosiriano-juan-carlos-rosa-navarro-primado-en-el-iv-concurso-de-las-vias-verdes-de-jaen\/#article","isPartOf":{"@id":"https:\/\/torredonjimenoactualidad.com\/index.php\/2025\/12\/18\/el-tosiriano-juan-carlos-rosa-navarro-primado-en-el-iv-concurso-de-las-vias-verdes-de-jaen\/"},"author":{"name":"Alba Mar\u00eda Torres","@id":"https:\/\/torredonjimenoactualidad.com\/#\/schema\/person\/84de5f233e783ef2c75151a532b54977"},"headline":"El tosiriano\u00a0Juan Carlos Rosa Navarro, primado en el IV Concurso de las V\u00edas Verdes de Ja\u00e9n","datePublished":"2025-12-18T16:20:09+00:00","dateModified":"2025-12-18T16:20:10+00:00","mainEntityOfPage":{"@id":"https:\/\/torredonjimenoactualidad.com\/index.php\/2025\/12\/18\/el-tosiriano-juan-carlos-rosa-navarro-primado-en-el-iv-concurso-de-las-vias-verdes-de-jaen\/"},"wordCount":470,"publisher":{"@id":"https:\/\/torredonjimenoactualidad.com\/#organization"},"articleSection":["local"],"inLanguage":"es"},{"@type":"WebPage","@id":"https:\/\/torredonjimenoactualidad.com\/index.php\/2025\/12\/18\/el-tosiriano-juan-carlos-rosa-navarro-primado-en-el-iv-concurso-de-las-vias-verdes-de-jaen\/","url":"https:\/\/torredonjimenoactualidad.com\/index.php\/2025\/12\/18\/el-tosiriano-juan-carlos-rosa-navarro-primado-en-el-iv-concurso-de-las-vias-verdes-de-jaen\/","name":"El tosiriano\u00a0Juan Carlos Rosa Navarro, primado en el IV Concurso de las V\u00edas Verdes de Ja\u00e9n - Torredonjimeno Actualidad","isPartOf":{"@id":"https:\/\/torredonjimenoactualidad.com\/#website"},"datePublished":"2025-12-18T16:20:09+00:00","dateModified":"2025-12-18T16:20:10+00:00","breadcrumb":{"@id":"https:\/\/torredonjimenoactualidad.com\/index.php\/2025\/12\/18\/el-tosiriano-juan-carlos-rosa-navarro-primado-en-el-iv-concurso-de-las-vias-verdes-de-jaen\/#breadcrumb"},"inLanguage":"es","potentialAction":[{"@type":"ReadAction","target":["https:\/\/torredonjimenoactualidad.com\/index.php\/2025\/12\/18\/el-tosiriano-juan-carlos-rosa-navarro-primado-en-el-iv-concurso-de-las-vias-verdes-de-jaen\/"]}]},{"@type":"BreadcrumbList","@id":"https:\/\/torredonjimenoactualidad.com\/index.php\/2025\/12\/18\/el-tosiriano-juan-carlos-rosa-navarro-primado-en-el-iv-concurso-de-las-vias-verdes-de-jaen\/#breadcrumb","itemListElement":[{"@type":"ListItem","position":1,"name":"Portada","item":"https:\/\/torredonjimenoactualidad.com\/"},{"@type":"ListItem","position":2,"name":"El tosiriano\u00a0Juan Carlos Rosa Navarro, primado en el IV Concurso de las V\u00edas Verdes de Ja\u00e9n"}]},{"@type":"WebSite","@id":"https:\/\/torredonjimenoactualidad.com\/#website","url":"https:\/\/torredonjimenoactualidad.com\/","name":"Torredonjimeno Actualidad","description":"","publisher":{"@id":"https:\/\/torredonjimenoactualidad.com\/#organization"},"potentialAction":[{"@type":"SearchAction","target":{"@type":"EntryPoint","urlTemplate":"https:\/\/torredonjimenoactualidad.com\/?s={search_term_string}"},"query-input":"required name=search_term_string"}],"inLanguage":"es"},{"@type":"Organization","@id":"https:\/\/torredonjimenoactualidad.com\/#organization","name":"Torredonjimeno Actualidad","url":"https:\/\/torredonjimenoactualidad.com\/","logo":{"@type":"ImageObject","inLanguage":"es","@id":"https:\/\/torredonjimenoactualidad.com\/#\/schema\/logo\/image\/","url":"https:\/\/torredonjimenoactualidad.com\/wp-content\/uploads\/2023\/02\/logo-torredonjimeno-544x180-1.png","contentUrl":"https:\/\/torredonjimenoactualidad.com\/wp-content\/uploads\/2023\/02\/logo-torredonjimeno-544x180-1.png","width":545,"height":112,"caption":"Torredonjimeno Actualidad"},"image":{"@id":"https:\/\/torredonjimenoactualidad.com\/#\/schema\/logo\/image\/"}},{"@type":"Person","@id":"https:\/\/torredonjimenoactualidad.com\/#\/schema\/person\/84de5f233e783ef2c75151a532b54977","name":"Alba Mar\u00eda Torres","image":{"@type":"ImageObject","inLanguage":"es","@id":"https:\/\/torredonjimenoactualidad.com\/#\/schema\/person\/image\/","url":"https:\/\/secure.gravatar.com\/avatar\/f9371f188c71501b4475a9ba2a71595850ec72967f800a2ed8e3e2102859ed65?s=96&d=mm&r=g","contentUrl":"https:\/\/secure.gravatar.com\/avatar\/f9371f188c71501b4475a9ba2a71595850ec72967f800a2ed8e3e2102859ed65?s=96&d=mm&r=g","caption":"Alba Mar\u00eda Torres"},"url":"https:\/\/torredonjimenoactualidad.com\/index.php\/author\/alba-torres\/"}]}},"_links":{"self":[{"href":"https:\/\/torredonjimenoactualidad.com\/index.php\/wp-json\/wp\/v2\/posts\/4255","targetHints":{"allow":["GET"]}}],"collection":[{"href":"https:\/\/torredonjimenoactualidad.com\/index.php\/wp-json\/wp\/v2\/posts"}],"about":[{"href":"https:\/\/torredonjimenoactualidad.com\/index.php\/wp-json\/wp\/v2\/types\/post"}],"author":[{"embeddable":true,"href":"https:\/\/torredonjimenoactualidad.com\/index.php\/wp-json\/wp\/v2\/users\/2"}],"replies":[{"embeddable":true,"href":"https:\/\/torredonjimenoactualidad.com\/index.php\/wp-json\/wp\/v2\/comments?post=4255"}],"version-history":[{"count":1,"href":"https:\/\/torredonjimenoactualidad.com\/index.php\/wp-json\/wp\/v2\/posts\/4255\/revisions"}],"predecessor-version":[{"id":4257,"href":"https:\/\/torredonjimenoactualidad.com\/index.php\/wp-json\/wp\/v2\/posts\/4255\/revisions\/4257"}],"wp:featuredmedia":[{"embeddable":true,"href":"https:\/\/torredonjimenoactualidad.com\/index.php\/wp-json\/wp\/v2\/media\/4256"}],"wp:attachment":[{"href":"https:\/\/torredonjimenoactualidad.com\/index.php\/wp-json\/wp\/v2\/media?parent=4255"}],"wp:term":[{"taxonomy":"category","embeddable":true,"href":"https:\/\/torredonjimenoactualidad.com\/index.php\/wp-json\/wp\/v2\/categories?post=4255"},{"taxonomy":"post_tag","embeddable":true,"href":"https:\/\/torredonjimenoactualidad.com\/index.php\/wp-json\/wp\/v2\/tags?post=4255"}],"curies":[{"name":"wp","href":"https:\/\/api.w.org\/{rel}","templated":true}]}}