{"id":4243,"date":"2025-12-14T08:19:51","date_gmt":"2025-12-14T08:19:51","guid":{"rendered":"https:\/\/torredonjimenoactualidad.com\/?p=4243"},"modified":"2025-12-14T08:24:57","modified_gmt":"2025-12-14T08:24:57","slug":"los-mimos-de-torredonjimeno-pondran-voz-al-pregon-del-carnaval-de-jaen-2026","status":"publish","type":"post","link":"https:\/\/torredonjimenoactualidad.com\/index.php\/2025\/12\/14\/los-mimos-de-torredonjimeno-pondran-voz-al-pregon-del-carnaval-de-jaen-2026\/","title":{"rendered":"\u00abLos Mimos\u00bb de Torredonjimeno pondr\u00e1n voz al preg\u00f3n del Carnaval de Ja\u00e9n 2026"},"content":{"rendered":"\n<p>El Carnaval de Ja\u00e9n ya mira a 2026 con nombre propio. La Chirigota de\u00a0\u00abLos Mimos\u00bb de Torredonjimeno de la asociaci\u00f3n carnavalera\u00a0\u00abNos sobran las palabras\u00bb, ser\u00e1 la encargada de pronunciar el preg\u00f3n oficial el pr\u00f3ximo\u00a05 de febrero, una cita se\u00f1alada que volver\u00e1 a convertir el\u00a0Teatro Darymelia\u00a0de la capital en epicentro de la fiesta, la musica y la palabra carnavalesca.<\/p>\n\n\n\n<p>La designaci\u00f3n no es casual. Desde su llegada al&nbsp;Concurso Oficial de Agrupaciones de Ja\u00e9n (COAJ)&nbsp;en 2008, Los Mimos han construido una trayectoria s\u00f3lida, reconocible y profundamente ligada al devenir del carnaval jiennense. Diecisiete a\u00f1os de presencia continuada \u2014salvo los inevitables par\u00e9ntesis\u2014 avalan a una chirigota que ha sabido conjugar ingenio, cr\u00edtica y conexi\u00f3n con el p\u00fablico, respaldada adem\u00e1s por un palmar\u00e9s que habla por s\u00ed solo: tres primeros premios, siete segundos y tres terceros.<\/p>\n\n\n\n<p>Con estos m\u00e9ritos, pocos discuten que la formaci\u00f3n tosiriana era una candidata natural a asumir uno de los encargos m\u00e1s simb\u00f3licos y exigentes del calendario carnavalesco. El preg\u00f3n, m\u00e1s all\u00e1 del humor y la m\u00fasica, exige memoria, compromiso y amor por la fiesta; cualidades que Los Mimos han demostrado sobradamente a lo largo de los a\u00f1os.<\/p>\n\n\n\n<p>Sobre las tablas del Darymelia volver\u00e1n a escucharse las voces de una chirigota que ha dejado huella con agrupaciones tan recordadas como&nbsp;Los Made in China,&nbsp;Los Bienkedaos&nbsp;o&nbsp;Los Caballeros de la mesa redonda&nbsp;en sus primeros a\u00f1os, pasando por t\u00edtulos ya cl\u00e1sicos como&nbsp;Por un pu\u00f1ado de dolores,&nbsp;Los empanaos&nbsp;o&nbsp;Una chirigota al rev\u00e9s. En la \u00faltima d\u00e9cada, propuestas como&nbsp;Los Mileuristas,&nbsp;Yo no lo veo Mateo,&nbsp;Los que se toman la vida con filosof\u00eda,&nbsp;Los Miguel\u00e1ngeles ca\u00eddos,&nbsp;Mi casa es la tuya&nbsp;o el reciente&nbsp;Rey de Reyes&nbsp;han confirmado la madurez de un grupo que sigue reinvent\u00e1ndose sin perder su esencia.<\/p>\n\n\n\n<p>Desde la organizaci\u00f3n del carnaval se ha agradecido p\u00fablicamente la aceptaci\u00f3n de este \u201cdif\u00edcil encargo\u201d, subrayando la ilusi\u00f3n por volver a disfrutar de Los Mimos en un contexto distinto, pero igualmente cargado de emoci\u00f3n. Todo apunta a que el preg\u00f3n del Carnaval de Ja\u00e9n 2026 ser\u00e1 algo m\u00e1s que un acto protocolario: ser\u00e1 un recorrido por la historia reciente de la fiesta, contado por quienes llevan casi dos d\u00e9cadas escribi\u00e9ndola desde el escenario.<\/p>\n\n\n\n<p>El acto se celebrar\u00e1\u00a0el 5 de febrero\u00a0de 2026 en el\u00a0Teatro Darymelia\u00a0y la\u00a0entrada ser\u00e1 gratuita, facilitando la asistencia del p\u00fablico a una cita que se prev\u00e9 cargada de ingenio, iron\u00eda y esp\u00edritu carnavalesco.<\/p>\n","protected":false},"excerpt":{"rendered":"<p>El Carnaval de Ja\u00e9n ya mira a 2026 con nombre propio. La Chirigota de\u00a0\u00abLos Mimos\u00bb de Torredonjimeno de la asociaci\u00f3n carnavalera\u00a0\u00abNos sobran las palabras\u00bb, ser\u00e1 la encargada de pronunciar el preg\u00f3n oficial el pr\u00f3ximo\u00a05 de febrero, una cita se\u00f1alada que volver\u00e1 a convertir el\u00a0Teatro Darymelia\u00a0de la capital en epicentro de la fiesta, la musica y &hellip;<\/p>\n<p class=\"read-more\"> <a class=\"\" href=\"https:\/\/torredonjimenoactualidad.com\/index.php\/2025\/12\/14\/los-mimos-de-torredonjimeno-pondran-voz-al-pregon-del-carnaval-de-jaen-2026\/\"> <span class=\"screen-reader-text\">\u00abLos Mimos\u00bb de Torredonjimeno pondr\u00e1n voz al preg\u00f3n del Carnaval de Ja\u00e9n 2026<\/span> Leer m\u00e1s &raquo;<\/a><\/p>\n","protected":false},"author":2,"featured_media":4244,"comment_status":"closed","ping_status":"open","sticky":false,"template":"","format":"standard","meta":{"site-sidebar-layout":"default","site-content-layout":"default","ast-global-header-display":"","ast-main-header-display":"","ast-hfb-above-header-display":"","ast-hfb-below-header-display":"","ast-hfb-mobile-header-display":"","site-post-title":"","ast-breadcrumbs-content":"","ast-featured-img":"","footer-sml-layout":"","theme-transparent-header-meta":"","adv-header-id-meta":"","stick-header-meta":"","header-above-stick-meta":"","header-main-stick-meta":"","header-below-stick-meta":"","footnotes":""},"categories":[7],"tags":[],"class_list":["post-4243","post","type-post","status-publish","format-standard","has-post-thumbnail","hentry","category-local"],"yoast_head":"<!-- This site is optimized with the Yoast SEO plugin v20.8 - https:\/\/yoast.com\/wordpress\/plugins\/seo\/ -->\n<title>&quot;Los Mimos&quot; de Torredonjimeno pondr\u00e1n voz al preg\u00f3n del Carnaval de Ja\u00e9n 2026 - Torredonjimeno Actualidad<\/title>\n<meta name=\"robots\" content=\"index, follow, max-snippet:-1, max-image-preview:large, max-video-preview:-1\" \/>\n<link rel=\"canonical\" href=\"https:\/\/torredonjimenoactualidad.com\/index.php\/2025\/12\/14\/los-mimos-de-torredonjimeno-pondran-voz-al-pregon-del-carnaval-de-jaen-2026\/\" \/>\n<meta property=\"og:locale\" content=\"es_ES\" \/>\n<meta property=\"og:type\" content=\"article\" \/>\n<meta property=\"og:title\" content=\"&quot;Los Mimos&quot; de Torredonjimeno pondr\u00e1n voz al preg\u00f3n del Carnaval de Ja\u00e9n 2026 - Torredonjimeno Actualidad\" \/>\n<meta property=\"og:description\" content=\"El Carnaval de Ja\u00e9n ya mira a 2026 con nombre propio. La Chirigota de\u00a0\u00abLos Mimos\u00bb de Torredonjimeno de la asociaci\u00f3n carnavalera\u00a0\u00abNos sobran las palabras\u00bb, ser\u00e1 la encargada de pronunciar el preg\u00f3n oficial el pr\u00f3ximo\u00a05 de febrero, una cita se\u00f1alada que volver\u00e1 a convertir el\u00a0Teatro Darymelia\u00a0de la capital en epicentro de la fiesta, la musica y &hellip; \u00abLos Mimos\u00bb de Torredonjimeno pondr\u00e1n voz al preg\u00f3n del Carnaval de Ja\u00e9n 2026 Leer m\u00e1s &raquo;\" \/>\n<meta property=\"og:url\" content=\"https:\/\/torredonjimenoactualidad.com\/index.php\/2025\/12\/14\/los-mimos-de-torredonjimeno-pondran-voz-al-pregon-del-carnaval-de-jaen-2026\/\" \/>\n<meta property=\"og:site_name\" content=\"Torredonjimeno Actualidad\" \/>\n<meta property=\"article:published_time\" content=\"2025-12-14T08:19:51+00:00\" \/>\n<meta property=\"article:modified_time\" content=\"2025-12-14T08:24:57+00:00\" \/>\n<meta property=\"og:image\" content=\"https:\/\/torredonjimenoactualidad.com\/wp-content\/uploads\/2025\/12\/IMG_5432.webp\" \/>\n\t<meta property=\"og:image:width\" content=\"768\" \/>\n\t<meta property=\"og:image:height\" content=\"432\" \/>\n\t<meta property=\"og:image:type\" content=\"image\/webp\" \/>\n<meta name=\"author\" content=\"Alba Mar\u00eda Torres\" \/>\n<meta name=\"twitter:card\" content=\"summary_large_image\" \/>\n<meta name=\"twitter:label1\" content=\"Escrito por\" \/>\n\t<meta name=\"twitter:data1\" content=\"Alba Mar\u00eda Torres\" \/>\n\t<meta name=\"twitter:label2\" content=\"Tiempo de lectura\" \/>\n\t<meta name=\"twitter:data2\" content=\"2 minutos\" \/>\n<script type=\"application\/ld+json\" class=\"yoast-schema-graph\">{\"@context\":\"https:\/\/schema.org\",\"@graph\":[{\"@type\":\"Article\",\"@id\":\"https:\/\/torredonjimenoactualidad.com\/index.php\/2025\/12\/14\/los-mimos-de-torredonjimeno-pondran-voz-al-pregon-del-carnaval-de-jaen-2026\/#article\",\"isPartOf\":{\"@id\":\"https:\/\/torredonjimenoactualidad.com\/index.php\/2025\/12\/14\/los-mimos-de-torredonjimeno-pondran-voz-al-pregon-del-carnaval-de-jaen-2026\/\"},\"author\":{\"name\":\"Alba Mar\u00eda Torres\",\"@id\":\"https:\/\/torredonjimenoactualidad.com\/#\/schema\/person\/84de5f233e783ef2c75151a532b54977\"},\"headline\":\"\u00abLos Mimos\u00bb de Torredonjimeno pondr\u00e1n voz al preg\u00f3n del Carnaval de Ja\u00e9n 2026\",\"datePublished\":\"2025-12-14T08:19:51+00:00\",\"dateModified\":\"2025-12-14T08:24:57+00:00\",\"mainEntityOfPage\":{\"@id\":\"https:\/\/torredonjimenoactualidad.com\/index.php\/2025\/12\/14\/los-mimos-de-torredonjimeno-pondran-voz-al-pregon-del-carnaval-de-jaen-2026\/\"},\"wordCount\":487,\"publisher\":{\"@id\":\"https:\/\/torredonjimenoactualidad.com\/#organization\"},\"articleSection\":[\"local\"],\"inLanguage\":\"es\"},{\"@type\":\"WebPage\",\"@id\":\"https:\/\/torredonjimenoactualidad.com\/index.php\/2025\/12\/14\/los-mimos-de-torredonjimeno-pondran-voz-al-pregon-del-carnaval-de-jaen-2026\/\",\"url\":\"https:\/\/torredonjimenoactualidad.com\/index.php\/2025\/12\/14\/los-mimos-de-torredonjimeno-pondran-voz-al-pregon-del-carnaval-de-jaen-2026\/\",\"name\":\"\\\"Los Mimos\\\" de Torredonjimeno pondr\u00e1n voz al preg\u00f3n del Carnaval de Ja\u00e9n 2026 - Torredonjimeno Actualidad\",\"isPartOf\":{\"@id\":\"https:\/\/torredonjimenoactualidad.com\/#website\"},\"datePublished\":\"2025-12-14T08:19:51+00:00\",\"dateModified\":\"2025-12-14T08:24:57+00:00\",\"breadcrumb\":{\"@id\":\"https:\/\/torredonjimenoactualidad.com\/index.php\/2025\/12\/14\/los-mimos-de-torredonjimeno-pondran-voz-al-pregon-del-carnaval-de-jaen-2026\/#breadcrumb\"},\"inLanguage\":\"es\",\"potentialAction\":[{\"@type\":\"ReadAction\",\"target\":[\"https:\/\/torredonjimenoactualidad.com\/index.php\/2025\/12\/14\/los-mimos-de-torredonjimeno-pondran-voz-al-pregon-del-carnaval-de-jaen-2026\/\"]}]},{\"@type\":\"BreadcrumbList\",\"@id\":\"https:\/\/torredonjimenoactualidad.com\/index.php\/2025\/12\/14\/los-mimos-de-torredonjimeno-pondran-voz-al-pregon-del-carnaval-de-jaen-2026\/#breadcrumb\",\"itemListElement\":[{\"@type\":\"ListItem\",\"position\":1,\"name\":\"Portada\",\"item\":\"https:\/\/torredonjimenoactualidad.com\/\"},{\"@type\":\"ListItem\",\"position\":2,\"name\":\"\u00abLos Mimos\u00bb de Torredonjimeno pondr\u00e1n voz al preg\u00f3n del Carnaval de Ja\u00e9n 2026\"}]},{\"@type\":\"WebSite\",\"@id\":\"https:\/\/torredonjimenoactualidad.com\/#website\",\"url\":\"https:\/\/torredonjimenoactualidad.com\/\",\"name\":\"Torredonjimeno Actualidad\",\"description\":\"\",\"publisher\":{\"@id\":\"https:\/\/torredonjimenoactualidad.com\/#organization\"},\"potentialAction\":[{\"@type\":\"SearchAction\",\"target\":{\"@type\":\"EntryPoint\",\"urlTemplate\":\"https:\/\/torredonjimenoactualidad.com\/?s={search_term_string}\"},\"query-input\":\"required name=search_term_string\"}],\"inLanguage\":\"es\"},{\"@type\":\"Organization\",\"@id\":\"https:\/\/torredonjimenoactualidad.com\/#organization\",\"name\":\"Torredonjimeno Actualidad\",\"url\":\"https:\/\/torredonjimenoactualidad.com\/\",\"logo\":{\"@type\":\"ImageObject\",\"inLanguage\":\"es\",\"@id\":\"https:\/\/torredonjimenoactualidad.com\/#\/schema\/logo\/image\/\",\"url\":\"https:\/\/torredonjimenoactualidad.com\/wp-content\/uploads\/2023\/02\/logo-torredonjimeno-544x180-1.png\",\"contentUrl\":\"https:\/\/torredonjimenoactualidad.com\/wp-content\/uploads\/2023\/02\/logo-torredonjimeno-544x180-1.png\",\"width\":545,\"height\":112,\"caption\":\"Torredonjimeno Actualidad\"},\"image\":{\"@id\":\"https:\/\/torredonjimenoactualidad.com\/#\/schema\/logo\/image\/\"}},{\"@type\":\"Person\",\"@id\":\"https:\/\/torredonjimenoactualidad.com\/#\/schema\/person\/84de5f233e783ef2c75151a532b54977\",\"name\":\"Alba Mar\u00eda Torres\",\"image\":{\"@type\":\"ImageObject\",\"inLanguage\":\"es\",\"@id\":\"https:\/\/torredonjimenoactualidad.com\/#\/schema\/person\/image\/\",\"url\":\"https:\/\/secure.gravatar.com\/avatar\/f9371f188c71501b4475a9ba2a71595850ec72967f800a2ed8e3e2102859ed65?s=96&d=mm&r=g\",\"contentUrl\":\"https:\/\/secure.gravatar.com\/avatar\/f9371f188c71501b4475a9ba2a71595850ec72967f800a2ed8e3e2102859ed65?s=96&d=mm&r=g\",\"caption\":\"Alba Mar\u00eda Torres\"},\"url\":\"https:\/\/torredonjimenoactualidad.com\/index.php\/author\/alba-torres\/\"}]}<\/script>\n<!-- \/ Yoast SEO plugin. -->","yoast_head_json":{"title":"\"Los Mimos\" de Torredonjimeno pondr\u00e1n voz al preg\u00f3n del Carnaval de Ja\u00e9n 2026 - Torredonjimeno Actualidad","robots":{"index":"index","follow":"follow","max-snippet":"max-snippet:-1","max-image-preview":"max-image-preview:large","max-video-preview":"max-video-preview:-1"},"canonical":"https:\/\/torredonjimenoactualidad.com\/index.php\/2025\/12\/14\/los-mimos-de-torredonjimeno-pondran-voz-al-pregon-del-carnaval-de-jaen-2026\/","og_locale":"es_ES","og_type":"article","og_title":"\"Los Mimos\" de Torredonjimeno pondr\u00e1n voz al preg\u00f3n del Carnaval de Ja\u00e9n 2026 - Torredonjimeno Actualidad","og_description":"El Carnaval de Ja\u00e9n ya mira a 2026 con nombre propio. La Chirigota de\u00a0\u00abLos Mimos\u00bb de Torredonjimeno de la asociaci\u00f3n carnavalera\u00a0\u00abNos sobran las palabras\u00bb, ser\u00e1 la encargada de pronunciar el preg\u00f3n oficial el pr\u00f3ximo\u00a05 de febrero, una cita se\u00f1alada que volver\u00e1 a convertir el\u00a0Teatro Darymelia\u00a0de la capital en epicentro de la fiesta, la musica y &hellip; \u00abLos Mimos\u00bb de Torredonjimeno pondr\u00e1n voz al preg\u00f3n del Carnaval de Ja\u00e9n 2026 Leer m\u00e1s &raquo;","og_url":"https:\/\/torredonjimenoactualidad.com\/index.php\/2025\/12\/14\/los-mimos-de-torredonjimeno-pondran-voz-al-pregon-del-carnaval-de-jaen-2026\/","og_site_name":"Torredonjimeno Actualidad","article_published_time":"2025-12-14T08:19:51+00:00","article_modified_time":"2025-12-14T08:24:57+00:00","og_image":[{"width":768,"height":432,"url":"https:\/\/torredonjimenoactualidad.com\/wp-content\/uploads\/2025\/12\/IMG_5432.webp","type":"image\/webp"}],"author":"Alba Mar\u00eda Torres","twitter_card":"summary_large_image","twitter_misc":{"Escrito por":"Alba Mar\u00eda Torres","Tiempo de lectura":"2 minutos"},"schema":{"@context":"https:\/\/schema.org","@graph":[{"@type":"Article","@id":"https:\/\/torredonjimenoactualidad.com\/index.php\/2025\/12\/14\/los-mimos-de-torredonjimeno-pondran-voz-al-pregon-del-carnaval-de-jaen-2026\/#article","isPartOf":{"@id":"https:\/\/torredonjimenoactualidad.com\/index.php\/2025\/12\/14\/los-mimos-de-torredonjimeno-pondran-voz-al-pregon-del-carnaval-de-jaen-2026\/"},"author":{"name":"Alba Mar\u00eda Torres","@id":"https:\/\/torredonjimenoactualidad.com\/#\/schema\/person\/84de5f233e783ef2c75151a532b54977"},"headline":"\u00abLos Mimos\u00bb de Torredonjimeno pondr\u00e1n voz al preg\u00f3n del Carnaval de Ja\u00e9n 2026","datePublished":"2025-12-14T08:19:51+00:00","dateModified":"2025-12-14T08:24:57+00:00","mainEntityOfPage":{"@id":"https:\/\/torredonjimenoactualidad.com\/index.php\/2025\/12\/14\/los-mimos-de-torredonjimeno-pondran-voz-al-pregon-del-carnaval-de-jaen-2026\/"},"wordCount":487,"publisher":{"@id":"https:\/\/torredonjimenoactualidad.com\/#organization"},"articleSection":["local"],"inLanguage":"es"},{"@type":"WebPage","@id":"https:\/\/torredonjimenoactualidad.com\/index.php\/2025\/12\/14\/los-mimos-de-torredonjimeno-pondran-voz-al-pregon-del-carnaval-de-jaen-2026\/","url":"https:\/\/torredonjimenoactualidad.com\/index.php\/2025\/12\/14\/los-mimos-de-torredonjimeno-pondran-voz-al-pregon-del-carnaval-de-jaen-2026\/","name":"\"Los Mimos\" de Torredonjimeno pondr\u00e1n voz al preg\u00f3n del Carnaval de Ja\u00e9n 2026 - Torredonjimeno Actualidad","isPartOf":{"@id":"https:\/\/torredonjimenoactualidad.com\/#website"},"datePublished":"2025-12-14T08:19:51+00:00","dateModified":"2025-12-14T08:24:57+00:00","breadcrumb":{"@id":"https:\/\/torredonjimenoactualidad.com\/index.php\/2025\/12\/14\/los-mimos-de-torredonjimeno-pondran-voz-al-pregon-del-carnaval-de-jaen-2026\/#breadcrumb"},"inLanguage":"es","potentialAction":[{"@type":"ReadAction","target":["https:\/\/torredonjimenoactualidad.com\/index.php\/2025\/12\/14\/los-mimos-de-torredonjimeno-pondran-voz-al-pregon-del-carnaval-de-jaen-2026\/"]}]},{"@type":"BreadcrumbList","@id":"https:\/\/torredonjimenoactualidad.com\/index.php\/2025\/12\/14\/los-mimos-de-torredonjimeno-pondran-voz-al-pregon-del-carnaval-de-jaen-2026\/#breadcrumb","itemListElement":[{"@type":"ListItem","position":1,"name":"Portada","item":"https:\/\/torredonjimenoactualidad.com\/"},{"@type":"ListItem","position":2,"name":"\u00abLos Mimos\u00bb de Torredonjimeno pondr\u00e1n voz al preg\u00f3n del Carnaval de Ja\u00e9n 2026"}]},{"@type":"WebSite","@id":"https:\/\/torredonjimenoactualidad.com\/#website","url":"https:\/\/torredonjimenoactualidad.com\/","name":"Torredonjimeno Actualidad","description":"","publisher":{"@id":"https:\/\/torredonjimenoactualidad.com\/#organization"},"potentialAction":[{"@type":"SearchAction","target":{"@type":"EntryPoint","urlTemplate":"https:\/\/torredonjimenoactualidad.com\/?s={search_term_string}"},"query-input":"required name=search_term_string"}],"inLanguage":"es"},{"@type":"Organization","@id":"https:\/\/torredonjimenoactualidad.com\/#organization","name":"Torredonjimeno Actualidad","url":"https:\/\/torredonjimenoactualidad.com\/","logo":{"@type":"ImageObject","inLanguage":"es","@id":"https:\/\/torredonjimenoactualidad.com\/#\/schema\/logo\/image\/","url":"https:\/\/torredonjimenoactualidad.com\/wp-content\/uploads\/2023\/02\/logo-torredonjimeno-544x180-1.png","contentUrl":"https:\/\/torredonjimenoactualidad.com\/wp-content\/uploads\/2023\/02\/logo-torredonjimeno-544x180-1.png","width":545,"height":112,"caption":"Torredonjimeno Actualidad"},"image":{"@id":"https:\/\/torredonjimenoactualidad.com\/#\/schema\/logo\/image\/"}},{"@type":"Person","@id":"https:\/\/torredonjimenoactualidad.com\/#\/schema\/person\/84de5f233e783ef2c75151a532b54977","name":"Alba Mar\u00eda Torres","image":{"@type":"ImageObject","inLanguage":"es","@id":"https:\/\/torredonjimenoactualidad.com\/#\/schema\/person\/image\/","url":"https:\/\/secure.gravatar.com\/avatar\/f9371f188c71501b4475a9ba2a71595850ec72967f800a2ed8e3e2102859ed65?s=96&d=mm&r=g","contentUrl":"https:\/\/secure.gravatar.com\/avatar\/f9371f188c71501b4475a9ba2a71595850ec72967f800a2ed8e3e2102859ed65?s=96&d=mm&r=g","caption":"Alba Mar\u00eda Torres"},"url":"https:\/\/torredonjimenoactualidad.com\/index.php\/author\/alba-torres\/"}]}},"_links":{"self":[{"href":"https:\/\/torredonjimenoactualidad.com\/index.php\/wp-json\/wp\/v2\/posts\/4243","targetHints":{"allow":["GET"]}}],"collection":[{"href":"https:\/\/torredonjimenoactualidad.com\/index.php\/wp-json\/wp\/v2\/posts"}],"about":[{"href":"https:\/\/torredonjimenoactualidad.com\/index.php\/wp-json\/wp\/v2\/types\/post"}],"author":[{"embeddable":true,"href":"https:\/\/torredonjimenoactualidad.com\/index.php\/wp-json\/wp\/v2\/users\/2"}],"replies":[{"embeddable":true,"href":"https:\/\/torredonjimenoactualidad.com\/index.php\/wp-json\/wp\/v2\/comments?post=4243"}],"version-history":[{"count":2,"href":"https:\/\/torredonjimenoactualidad.com\/index.php\/wp-json\/wp\/v2\/posts\/4243\/revisions"}],"predecessor-version":[{"id":4246,"href":"https:\/\/torredonjimenoactualidad.com\/index.php\/wp-json\/wp\/v2\/posts\/4243\/revisions\/4246"}],"wp:featuredmedia":[{"embeddable":true,"href":"https:\/\/torredonjimenoactualidad.com\/index.php\/wp-json\/wp\/v2\/media\/4244"}],"wp:attachment":[{"href":"https:\/\/torredonjimenoactualidad.com\/index.php\/wp-json\/wp\/v2\/media?parent=4243"}],"wp:term":[{"taxonomy":"category","embeddable":true,"href":"https:\/\/torredonjimenoactualidad.com\/index.php\/wp-json\/wp\/v2\/categories?post=4243"},{"taxonomy":"post_tag","embeddable":true,"href":"https:\/\/torredonjimenoactualidad.com\/index.php\/wp-json\/wp\/v2\/tags?post=4243"}],"curies":[{"name":"wp","href":"https:\/\/api.w.org\/{rel}","templated":true}]}}