{"id":4231,"date":"2025-12-12T17:24:20","date_gmt":"2025-12-12T17:24:20","guid":{"rendered":"https:\/\/torredonjimenoactualidad.com\/?p=4231"},"modified":"2025-12-13T07:28:00","modified_gmt":"2025-12-13T07:28:00","slug":"tres-tosirianos-entre-los-124-martires-que-seran-beatificados-este-sabado-en-la-catedral-de-jaen","status":"publish","type":"post","link":"https:\/\/torredonjimenoactualidad.com\/index.php\/2025\/12\/12\/tres-tosirianos-entre-los-124-martires-que-seran-beatificados-este-sabado-en-la-catedral-de-jaen\/","title":{"rendered":"Tres tosirianos,  entre los 124 m\u00e1rtires que ser\u00e1n beatificados este s\u00e1bado en la Catedral de Ja\u00e9n"},"content":{"rendered":"\n<p>La Catedral de la Asunci\u00f3n de Ja\u00e9n acoger\u00e1 este s\u00e1bado, a partir de las 11.00 horas, la solemne ceremonia de beatificaci\u00f3n de\u00a0<strong>124 m\u00e1rtires de la Iglesia de Ja\u00e9n<\/strong>, un acontecimiento hist\u00f3rico para la di\u00f3cesis que situar\u00e1 en el centro del recuerdo y la devoci\u00f3n a\u00a0<strong>tres hijos de Torredonjimeno<\/strong>:\u00a0<strong>Antonio Jos\u00e9 Ure\u00f1a Li\u00e9bana, Manuel Serrano Zafra y Antonio Jos\u00e9 Fern\u00e1ndez Ca\u00f1ada<\/strong>.<\/p>\n\n\n\n<p>La celebraci\u00f3n estar\u00e1 presidida por el prefecto de la Congregaci\u00f3n para la Causa de los Santos, el cardenal&nbsp;<strong>Marcello Semeraro<\/strong>, como legado pontificio del Papa&nbsp;<strong>Le\u00f3n XIV<\/strong>, en lo que supone la primera beatificaci\u00f3n celebrada durante su pontificado.<\/p>\n\n\n\n<p>El obispo de Ja\u00e9n,&nbsp;<strong>Sebasti\u00e1n Chico<\/strong>, ha destacado que este acto permitir\u00e1 \u201creconocer como m\u00e1rtires, como aut\u00e9nticos testigos de Cristo, a 124 jiennenses que vivieron y murieron en el siglo XX y que ahora son proclamados beatos por la Iglesia universal\u201d.<\/p>\n\n\n\n<p>El proceso de beatificaci\u00f3n es el resultado de un largo camino iniciado por&nbsp;<strong>monse\u00f1or Garc\u00eda Aracil<\/strong>, continuado por&nbsp;<strong>monse\u00f1or Del Hoyo L\u00f3pez<\/strong>&nbsp;con la apertura de la fase diocesana, y culminado por&nbsp;<strong>monse\u00f1or Rodr\u00edguez Magro<\/strong>&nbsp;con la clausura de dicha fase.<\/p>\n\n\n\n<p>La ceremonia comenzar\u00e1 con la lectura de la&nbsp;<strong>Carta Apost\u00f3lica del Papa<\/strong>, que ser\u00e1 proclamada por el cardenal Semeraro, mediante la cual se declara oficialmente m\u00e1rtires a estos hombres y mujeres.<\/p>\n\n\n\n<p>Como preparaci\u00f3n espiritual, la Catedral ha acogido un&nbsp;<strong>triduo<\/strong>&nbsp;los d\u00edas 9, 10 y 11 de diciembre, presidido por los obispos em\u00e9ritos de Ja\u00e9n y, en la \u00faltima jornada, por el arzobispo de Granada,&nbsp;<strong>Jos\u00e9 Mar\u00eda Gil Tamayo<\/strong>.<\/p>\n\n\n\n<p>Siguiendo la tradici\u00f3n de la Iglesia cat\u00f3lica, se han reunido&nbsp;<strong>reliquias de los m\u00e1rtires para su veneraci\u00f3n<\/strong>, lo que ha supuesto la exhumaci\u00f3n de algunos restos, que ser\u00e1n depositados en una urna durante la celebraci\u00f3n.<\/p>\n\n\n\n<p>Desde el Obispado se ha contactado con las familias de los m\u00e1rtires y&nbsp;<strong>alrededor de 1.000 personas ya han confirmado su asistencia<\/strong>. Tambi\u00e9n se ha invitado a todos los obispos de Espa\u00f1a, con una amplia respuesta afirmativa, adem\u00e1s de numerosas comunidades religiosas.<\/p>\n\n\n\n<p>La Seo jiennense contar\u00e1 con&nbsp;<strong>unas 2.000 plazas<\/strong>, y no se descarta que, si el aforo se ve superado y el tiempo lo permite, se instalen&nbsp;<strong>pantallas en la plaza de Santa Mar\u00eda<\/strong>&nbsp;para seguir el acto en directo.<\/p>\n\n\n\n<p>La ceremonia ser\u00e1 retransmitida por&nbsp;<strong>Trece TV y Radio Mar\u00eda<\/strong>&nbsp;y contar\u00e1 con el acompa\u00f1amiento musical del&nbsp;<strong>Coro y Orquesta MusicAlma de Linares<\/strong>, en una jornada que quedar\u00e1 marcada en la historia reciente de la di\u00f3cesis de Ja\u00e9n y, de manera especial, en la memoria colectiva de Torredonjimeno.<\/p>\n\n\n\n<figure class=\"wp-block-image aligncenter size-full\"><img loading=\"lazy\" decoding=\"async\" width=\"265\" height=\"455\" src=\"https:\/\/torredonjimenoactualidad.com\/wp-content\/uploads\/2025\/12\/Antonio-Jose-Urena-Liebana.jpg\" alt=\"\" class=\"wp-image-4232\" srcset=\"https:\/\/torredonjimenoactualidad.com\/wp-content\/uploads\/2025\/12\/Antonio-Jose-Urena-Liebana.jpg 265w, https:\/\/torredonjimenoactualidad.com\/wp-content\/uploads\/2025\/12\/Antonio-Jose-Urena-Liebana-175x300.jpg 175w\" sizes=\"auto, (max-width: 265px) 100vw, 265px\" \/><\/figure>\n\n\n\n<h3 class=\"wp-block-heading has-text-align-center\">ANTONIO JOS\u00c9 URE\u00d1A LI\u00c9BANA<\/h3>\n\n\n\n<p>Antonio naci\u00f3 en Torredonjimeno. Sus padres se dedicaban al campo. De \u00e9l se dec\u00eda que era \u201cpac\u00edfico, honesto, virtuoso, recogido, de buena opini\u00f3n, fama y nombre ante el pueblo\u201d.<br>Hizo sus estudios eclesi\u00e1sticos en los Seminarios de Baeza y Ja\u00e9n y recibi\u00f3 el presbiterado el s\u00e1bado 21 de septiembre de 1930, juntos con los dos condisc\u00edpulos, siervos de Dios, Vicente Catena y Jos\u00e9 Mar\u00eda de la Hoz.<br>Fue destinado como Coadjutor de Arjonilla y m\u00e1s tarde como Coadjutor de la parroquia de Santa Mar\u00eda de Torredonjimeno, donde ejerc\u00eda en el momento de su muerte.<br>Era un sacerdote muy entregado a sus obligaciones pastorales: ense\u00f1anza de la doctrina, atenci\u00f3n de pobres y enfermos, confesionario. Lleno de celo por el Reino de Dios. Amaba con profunda devoci\u00f3n a la Virgen de Consolaci\u00f3n y trabaj\u00f3 mu-cho por levantar la devoci\u00f3n del pueblo hacia ella.<\/p>\n\n\n\n<figure class=\"wp-block-image aligncenter size-full\"><img loading=\"lazy\" decoding=\"async\" width=\"265\" height=\"455\" src=\"https:\/\/torredonjimenoactualidad.com\/wp-content\/uploads\/2025\/12\/Manuel-Serrano-Zafra.jpg\" alt=\"\" class=\"wp-image-4234\" srcset=\"https:\/\/torredonjimenoactualidad.com\/wp-content\/uploads\/2025\/12\/Manuel-Serrano-Zafra.jpg 265w, https:\/\/torredonjimenoactualidad.com\/wp-content\/uploads\/2025\/12\/Manuel-Serrano-Zafra-175x300.jpg 175w\" sizes=\"auto, (max-width: 265px) 100vw, 265px\" \/><\/figure>\n\n\n\n<h3 class=\"wp-block-heading has-text-align-center\">MANUEL SERRANO ZAFRA<\/h3>\n\n\n\n<p>Manuel naci\u00f3 en Torredonjimeno, y no tenemos datos sobre circunstancias familiares, n\u00famero de hermanos o situaci\u00f3n econ\u00f3mica; solo lo que podemos encontrar en los expedientes de \u00f3rdenes.<\/p>\n\n\n\n<p>En la solicitud de las cuatro \u00f3rdenes menores y el subdiaconado, el d\u00eda 25 de abril de 1888, dice que es cl\u00e9rigo tonsurado, y pide se le conceda t\u00edtulo de ordenaci\u00f3n porque \u201cel exponente es pobre y no tiene congrua sustentaci\u00f3n\u201d. En este expediente el Canciller da fe de haber examinado la carta de pago de redenci\u00f3n del servicio militar, el 20 de marzo de 1885.<\/p>\n\n\n\n<p>Se adjunta copia de la partida de bautismo por el Cura propio de la Iglesia Mayor de San Pedro en Torredonjimeno y sigue un certificado \u201cde conducta ejemplar en todos los sentidos, frecuencia de sacramentos y asistencia a los actos de culto\u201d.<\/p>\n\n\n\n<p>En las publicatas de las \u00f3rdenes menores y el subdiaconado, los testigos, el 16 de mayo de 1888, dicen \u201cque los padres y abuelos del interesado son y han sido personas honradas, sin tacha alguna. Que desde su ni\u00f1ez el pretendiente tiene inclinaci\u00f3n al estado eclesi\u00e1stico, pues le ve asistir a la iglesia con frecuencia a todos los actos que se celebran\u2026, que ha vivido y vive arreglado y honesto en su traje, acciones y palabras\u2026, que es persona que merece el aprecio en general por sus buenos antecedentes\u201d.<\/p>\n\n\n\n<p>Para las publicatas del diaconado, en 1889, el Cura Prior Rector de la Sacra Iglesia parroquial de Ntra. Sra. de la Concepci\u00f3n firm\u00f3 un certificado sobre su feligr\u00e9s Manuel Serrano Zafra que \u201cdesde su ni\u00f1ez ha observado una conducta ejemplar en todos los sentidos\u2026\u201d. Otro de testigo afirma \u201cque le consta que los padres del interesado tienen bienes suficientes y libres para poder formar la congrua que necesita sin que sea simulada ni fingida y s\u00ed ver\u00eddica\u201d.&nbsp;Por lo que parece que la familia ha mejorado su situaci\u00f3n econ\u00f3mica.<\/p>\n\n\n\n<figure class=\"wp-block-image aligncenter size-large is-resized\"><img loading=\"lazy\" decoding=\"async\" width=\"768\" height=\"1024\" src=\"https:\/\/torredonjimenoactualidad.com\/wp-content\/uploads\/2025\/12\/WhatsApp-Image-2025-12-08-at-16.53.54-768x1024.jpeg\" alt=\"\" class=\"wp-image-4235\" style=\"aspect-ratio:0.7500073242902763;width:291px;height:auto\" srcset=\"https:\/\/torredonjimenoactualidad.com\/wp-content\/uploads\/2025\/12\/WhatsApp-Image-2025-12-08-at-16.53.54-768x1024.jpeg 768w, https:\/\/torredonjimenoactualidad.com\/wp-content\/uploads\/2025\/12\/WhatsApp-Image-2025-12-08-at-16.53.54-225x300.jpeg 225w, https:\/\/torredonjimenoactualidad.com\/wp-content\/uploads\/2025\/12\/WhatsApp-Image-2025-12-08-at-16.53.54-1152x1536.jpeg 1152w, https:\/\/torredonjimenoactualidad.com\/wp-content\/uploads\/2025\/12\/WhatsApp-Image-2025-12-08-at-16.53.54.jpeg 1500w\" sizes=\"auto, (max-width: 768px) 100vw, 768px\" \/><\/figure>\n\n\n\n<h3 class=\"wp-block-heading has-text-align-center\">ANTONIO JOS\u00c9 CA\u00d1ADA FERN\u00c1NDEZ<\/h3>\n\n\n\n<p>Antonio Jos\u00e9 naci\u00f3 en Torredonjimeno. Su padre era zapatero La familia ten\u00eda su residencia en la calle San Pedro. En 1925 su padre ya hab\u00eda fallecido y Antonio Jos\u00e9 viv\u00eda con su madre viuda y tres hermanos.<\/p>\n\n\n\n<p>Realiz\u00f3 sus estudios en los Seminarios de Baeza y Ja\u00e9n. Para la ordenaci\u00f3n de exorcista y ac\u00f3lito, se instruy\u00f3 el correspondiente expediente, que se custodia en el Archivo Hist\u00f3rico Diocesano de Ja\u00e9n. En las declaraciones para cumplimentar las publicatas tomadas por el P\u00e1rroco de San Pedro de Torredonjimeno, afirma que \u201cha observado buena conducta, dando pruebas fehacientes de su decidida vocaci\u00f3n eclesi\u00e1stica, asistiendo con puntualidad a los cultos parroquiales y frecuentando los Sacramentos de la Penitencia y la Eucarist\u00eda\u201d.<\/p>\n\n\n\n<p>Para el subdiaconado, el Obispo solicita el 5 de diciembre de 1925 al P\u00e1rroco de San Pedro de Torredonjimeno informe sobre su pobreza y la de sus padres. Aquel responde diciendo que \u201cel solicitante, ahora residente en el Seminario de Baeza, es pobre, carente en absoluto de bienes, hu\u00e9rfano de padre, cuya madre viuda tiene a su cargo tres hijos m\u00e1s atendiendo a su subsistencia con el socorro que le presta un cu\u00f1ado suyo dedicado a una modesta industria\u201d.<\/p>\n\n\n\n<p>En el \u00faltimo curso en el Seminario (1926) sirvi\u00f3 como auxiliar de los superiores, colaborando con los profesores, por falta de edad para ordenarse presb\u00edtero. El 18 de diciembre, s\u00e1bado de T\u00e9mporas de Adviento, recibi\u00f3 el presbiterado en la Catedral, de manos del Beato Manuel Basulto, Obispo de Ja\u00e9n.<\/p>\n\n\n\n<p>Fue un entusiasta de la Acci\u00f3n Cat\u00f3lica y foment\u00f3 en Martos la rama de j\u00f3venes. Se le consideraba un sacerdote muy enamorado de su ministerio.<\/p>\n","protected":false},"excerpt":{"rendered":"<p>La Catedral de la Asunci\u00f3n de Ja\u00e9n acoger\u00e1 este s\u00e1bado, a partir de las 11.00 horas, la solemne ceremonia de beatificaci\u00f3n de\u00a0124 m\u00e1rtires de la Iglesia de Ja\u00e9n, un acontecimiento hist\u00f3rico para la di\u00f3cesis que situar\u00e1 en el centro del recuerdo y la devoci\u00f3n a\u00a0tres hijos de Torredonjimeno:\u00a0Antonio Jos\u00e9 Ure\u00f1a Li\u00e9bana, Manuel Serrano Zafra y &hellip;<\/p>\n<p class=\"read-more\"> <a class=\"\" href=\"https:\/\/torredonjimenoactualidad.com\/index.php\/2025\/12\/12\/tres-tosirianos-entre-los-124-martires-que-seran-beatificados-este-sabado-en-la-catedral-de-jaen\/\"> <span class=\"screen-reader-text\">Tres tosirianos,  entre los 124 m\u00e1rtires que ser\u00e1n beatificados este s\u00e1bado en la Catedral de Ja\u00e9n<\/span> Leer m\u00e1s &raquo;<\/a><\/p>\n","protected":false},"author":2,"featured_media":4236,"comment_status":"closed","ping_status":"open","sticky":false,"template":"","format":"standard","meta":{"site-sidebar-layout":"default","site-content-layout":"default","ast-global-header-display":"","ast-main-header-display":"","ast-hfb-above-header-display":"","ast-hfb-below-header-display":"","ast-hfb-mobile-header-display":"","site-post-title":"","ast-breadcrumbs-content":"","ast-featured-img":"","footer-sml-layout":"","theme-transparent-header-meta":"","adv-header-id-meta":"","stick-header-meta":"","header-above-stick-meta":"","header-main-stick-meta":"","header-below-stick-meta":"","footnotes":""},"categories":[7],"tags":[],"class_list":["post-4231","post","type-post","status-publish","format-standard","has-post-thumbnail","hentry","category-local"],"yoast_head":"<!-- This site is optimized with the Yoast SEO plugin v20.8 - https:\/\/yoast.com\/wordpress\/plugins\/seo\/ -->\n<title>Tres tosirianos, entre los 124 m\u00e1rtires que ser\u00e1n beatificados este s\u00e1bado en la Catedral de Ja\u00e9n - Torredonjimeno Actualidad<\/title>\n<meta name=\"robots\" content=\"index, follow, max-snippet:-1, max-image-preview:large, max-video-preview:-1\" \/>\n<link rel=\"canonical\" href=\"https:\/\/torredonjimenoactualidad.com\/index.php\/2025\/12\/12\/tres-tosirianos-entre-los-124-martires-que-seran-beatificados-este-sabado-en-la-catedral-de-jaen\/\" \/>\n<meta property=\"og:locale\" content=\"es_ES\" \/>\n<meta property=\"og:type\" content=\"article\" \/>\n<meta property=\"og:title\" content=\"Tres tosirianos, entre los 124 m\u00e1rtires que ser\u00e1n beatificados este s\u00e1bado en la Catedral de Ja\u00e9n - Torredonjimeno Actualidad\" \/>\n<meta property=\"og:description\" content=\"La Catedral de la Asunci\u00f3n de Ja\u00e9n acoger\u00e1 este s\u00e1bado, a partir de las 11.00 horas, la solemne ceremonia de beatificaci\u00f3n de\u00a0124 m\u00e1rtires de la Iglesia de Ja\u00e9n, un acontecimiento hist\u00f3rico para la di\u00f3cesis que situar\u00e1 en el centro del recuerdo y la devoci\u00f3n a\u00a0tres hijos de Torredonjimeno:\u00a0Antonio Jos\u00e9 Ure\u00f1a Li\u00e9bana, Manuel Serrano Zafra y &hellip; Tres tosirianos, entre los 124 m\u00e1rtires que ser\u00e1n beatificados este s\u00e1bado en la Catedral de Ja\u00e9n Leer m\u00e1s &raquo;\" \/>\n<meta property=\"og:url\" content=\"https:\/\/torredonjimenoactualidad.com\/index.php\/2025\/12\/12\/tres-tosirianos-entre-los-124-martires-que-seran-beatificados-este-sabado-en-la-catedral-de-jaen\/\" \/>\n<meta property=\"og:site_name\" content=\"Torredonjimeno Actualidad\" \/>\n<meta property=\"article:published_time\" content=\"2025-12-12T17:24:20+00:00\" \/>\n<meta property=\"article:modified_time\" content=\"2025-12-13T07:28:00+00:00\" \/>\n<meta property=\"og:image\" content=\"https:\/\/torredonjimenoactualidad.com\/wp-content\/uploads\/2025\/12\/IMG_4809-scaled.jpg\" \/>\n\t<meta property=\"og:image:width\" content=\"2560\" \/>\n\t<meta property=\"og:image:height\" content=\"1463\" \/>\n\t<meta property=\"og:image:type\" content=\"image\/jpeg\" \/>\n<meta name=\"author\" content=\"Alba Mar\u00eda Torres\" \/>\n<meta name=\"twitter:card\" content=\"summary_large_image\" \/>\n<meta name=\"twitter:label1\" content=\"Escrito por\" \/>\n\t<meta name=\"twitter:data1\" content=\"Alba Mar\u00eda Torres\" \/>\n\t<meta name=\"twitter:label2\" content=\"Tiempo de lectura\" \/>\n\t<meta name=\"twitter:data2\" content=\"6 minutos\" \/>\n<script type=\"application\/ld+json\" class=\"yoast-schema-graph\">{\"@context\":\"https:\/\/schema.org\",\"@graph\":[{\"@type\":\"Article\",\"@id\":\"https:\/\/torredonjimenoactualidad.com\/index.php\/2025\/12\/12\/tres-tosirianos-entre-los-124-martires-que-seran-beatificados-este-sabado-en-la-catedral-de-jaen\/#article\",\"isPartOf\":{\"@id\":\"https:\/\/torredonjimenoactualidad.com\/index.php\/2025\/12\/12\/tres-tosirianos-entre-los-124-martires-que-seran-beatificados-este-sabado-en-la-catedral-de-jaen\/\"},\"author\":{\"name\":\"Alba Mar\u00eda Torres\",\"@id\":\"https:\/\/torredonjimenoactualidad.com\/#\/schema\/person\/84de5f233e783ef2c75151a532b54977\"},\"headline\":\"Tres tosirianos, entre los 124 m\u00e1rtires que ser\u00e1n beatificados este s\u00e1bado en la Catedral de Ja\u00e9n\",\"datePublished\":\"2025-12-12T17:24:20+00:00\",\"dateModified\":\"2025-12-13T07:28:00+00:00\",\"mainEntityOfPage\":{\"@id\":\"https:\/\/torredonjimenoactualidad.com\/index.php\/2025\/12\/12\/tres-tosirianos-entre-los-124-martires-que-seran-beatificados-este-sabado-en-la-catedral-de-jaen\/\"},\"wordCount\":1279,\"publisher\":{\"@id\":\"https:\/\/torredonjimenoactualidad.com\/#organization\"},\"articleSection\":[\"local\"],\"inLanguage\":\"es\"},{\"@type\":\"WebPage\",\"@id\":\"https:\/\/torredonjimenoactualidad.com\/index.php\/2025\/12\/12\/tres-tosirianos-entre-los-124-martires-que-seran-beatificados-este-sabado-en-la-catedral-de-jaen\/\",\"url\":\"https:\/\/torredonjimenoactualidad.com\/index.php\/2025\/12\/12\/tres-tosirianos-entre-los-124-martires-que-seran-beatificados-este-sabado-en-la-catedral-de-jaen\/\",\"name\":\"Tres tosirianos, entre los 124 m\u00e1rtires que ser\u00e1n beatificados este s\u00e1bado en la Catedral de Ja\u00e9n - Torredonjimeno Actualidad\",\"isPartOf\":{\"@id\":\"https:\/\/torredonjimenoactualidad.com\/#website\"},\"datePublished\":\"2025-12-12T17:24:20+00:00\",\"dateModified\":\"2025-12-13T07:28:00+00:00\",\"breadcrumb\":{\"@id\":\"https:\/\/torredonjimenoactualidad.com\/index.php\/2025\/12\/12\/tres-tosirianos-entre-los-124-martires-que-seran-beatificados-este-sabado-en-la-catedral-de-jaen\/#breadcrumb\"},\"inLanguage\":\"es\",\"potentialAction\":[{\"@type\":\"ReadAction\",\"target\":[\"https:\/\/torredonjimenoactualidad.com\/index.php\/2025\/12\/12\/tres-tosirianos-entre-los-124-martires-que-seran-beatificados-este-sabado-en-la-catedral-de-jaen\/\"]}]},{\"@type\":\"BreadcrumbList\",\"@id\":\"https:\/\/torredonjimenoactualidad.com\/index.php\/2025\/12\/12\/tres-tosirianos-entre-los-124-martires-que-seran-beatificados-este-sabado-en-la-catedral-de-jaen\/#breadcrumb\",\"itemListElement\":[{\"@type\":\"ListItem\",\"position\":1,\"name\":\"Portada\",\"item\":\"https:\/\/torredonjimenoactualidad.com\/\"},{\"@type\":\"ListItem\",\"position\":2,\"name\":\"Tres tosirianos, entre los 124 m\u00e1rtires que ser\u00e1n beatificados este s\u00e1bado en la Catedral de Ja\u00e9n\"}]},{\"@type\":\"WebSite\",\"@id\":\"https:\/\/torredonjimenoactualidad.com\/#website\",\"url\":\"https:\/\/torredonjimenoactualidad.com\/\",\"name\":\"Torredonjimeno Actualidad\",\"description\":\"\",\"publisher\":{\"@id\":\"https:\/\/torredonjimenoactualidad.com\/#organization\"},\"potentialAction\":[{\"@type\":\"SearchAction\",\"target\":{\"@type\":\"EntryPoint\",\"urlTemplate\":\"https:\/\/torredonjimenoactualidad.com\/?s={search_term_string}\"},\"query-input\":\"required name=search_term_string\"}],\"inLanguage\":\"es\"},{\"@type\":\"Organization\",\"@id\":\"https:\/\/torredonjimenoactualidad.com\/#organization\",\"name\":\"Torredonjimeno Actualidad\",\"url\":\"https:\/\/torredonjimenoactualidad.com\/\",\"logo\":{\"@type\":\"ImageObject\",\"inLanguage\":\"es\",\"@id\":\"https:\/\/torredonjimenoactualidad.com\/#\/schema\/logo\/image\/\",\"url\":\"https:\/\/torredonjimenoactualidad.com\/wp-content\/uploads\/2023\/02\/logo-torredonjimeno-544x180-1.png\",\"contentUrl\":\"https:\/\/torredonjimenoactualidad.com\/wp-content\/uploads\/2023\/02\/logo-torredonjimeno-544x180-1.png\",\"width\":545,\"height\":112,\"caption\":\"Torredonjimeno Actualidad\"},\"image\":{\"@id\":\"https:\/\/torredonjimenoactualidad.com\/#\/schema\/logo\/image\/\"}},{\"@type\":\"Person\",\"@id\":\"https:\/\/torredonjimenoactualidad.com\/#\/schema\/person\/84de5f233e783ef2c75151a532b54977\",\"name\":\"Alba Mar\u00eda Torres\",\"image\":{\"@type\":\"ImageObject\",\"inLanguage\":\"es\",\"@id\":\"https:\/\/torredonjimenoactualidad.com\/#\/schema\/person\/image\/\",\"url\":\"https:\/\/secure.gravatar.com\/avatar\/f9371f188c71501b4475a9ba2a71595850ec72967f800a2ed8e3e2102859ed65?s=96&d=mm&r=g\",\"contentUrl\":\"https:\/\/secure.gravatar.com\/avatar\/f9371f188c71501b4475a9ba2a71595850ec72967f800a2ed8e3e2102859ed65?s=96&d=mm&r=g\",\"caption\":\"Alba Mar\u00eda Torres\"},\"url\":\"https:\/\/torredonjimenoactualidad.com\/index.php\/author\/alba-torres\/\"}]}<\/script>\n<!-- \/ Yoast SEO plugin. -->","yoast_head_json":{"title":"Tres tosirianos, entre los 124 m\u00e1rtires que ser\u00e1n beatificados este s\u00e1bado en la Catedral de Ja\u00e9n - Torredonjimeno Actualidad","robots":{"index":"index","follow":"follow","max-snippet":"max-snippet:-1","max-image-preview":"max-image-preview:large","max-video-preview":"max-video-preview:-1"},"canonical":"https:\/\/torredonjimenoactualidad.com\/index.php\/2025\/12\/12\/tres-tosirianos-entre-los-124-martires-que-seran-beatificados-este-sabado-en-la-catedral-de-jaen\/","og_locale":"es_ES","og_type":"article","og_title":"Tres tosirianos, entre los 124 m\u00e1rtires que ser\u00e1n beatificados este s\u00e1bado en la Catedral de Ja\u00e9n - Torredonjimeno Actualidad","og_description":"La Catedral de la Asunci\u00f3n de Ja\u00e9n acoger\u00e1 este s\u00e1bado, a partir de las 11.00 horas, la solemne ceremonia de beatificaci\u00f3n de\u00a0124 m\u00e1rtires de la Iglesia de Ja\u00e9n, un acontecimiento hist\u00f3rico para la di\u00f3cesis que situar\u00e1 en el centro del recuerdo y la devoci\u00f3n a\u00a0tres hijos de Torredonjimeno:\u00a0Antonio Jos\u00e9 Ure\u00f1a Li\u00e9bana, Manuel Serrano Zafra y &hellip; Tres tosirianos, entre los 124 m\u00e1rtires que ser\u00e1n beatificados este s\u00e1bado en la Catedral de Ja\u00e9n Leer m\u00e1s &raquo;","og_url":"https:\/\/torredonjimenoactualidad.com\/index.php\/2025\/12\/12\/tres-tosirianos-entre-los-124-martires-que-seran-beatificados-este-sabado-en-la-catedral-de-jaen\/","og_site_name":"Torredonjimeno Actualidad","article_published_time":"2025-12-12T17:24:20+00:00","article_modified_time":"2025-12-13T07:28:00+00:00","og_image":[{"width":2560,"height":1463,"url":"https:\/\/torredonjimenoactualidad.com\/wp-content\/uploads\/2025\/12\/IMG_4809-scaled.jpg","type":"image\/jpeg"}],"author":"Alba Mar\u00eda Torres","twitter_card":"summary_large_image","twitter_misc":{"Escrito por":"Alba Mar\u00eda Torres","Tiempo de lectura":"6 minutos"},"schema":{"@context":"https:\/\/schema.org","@graph":[{"@type":"Article","@id":"https:\/\/torredonjimenoactualidad.com\/index.php\/2025\/12\/12\/tres-tosirianos-entre-los-124-martires-que-seran-beatificados-este-sabado-en-la-catedral-de-jaen\/#article","isPartOf":{"@id":"https:\/\/torredonjimenoactualidad.com\/index.php\/2025\/12\/12\/tres-tosirianos-entre-los-124-martires-que-seran-beatificados-este-sabado-en-la-catedral-de-jaen\/"},"author":{"name":"Alba Mar\u00eda Torres","@id":"https:\/\/torredonjimenoactualidad.com\/#\/schema\/person\/84de5f233e783ef2c75151a532b54977"},"headline":"Tres tosirianos, entre los 124 m\u00e1rtires que ser\u00e1n beatificados este s\u00e1bado en la Catedral de Ja\u00e9n","datePublished":"2025-12-12T17:24:20+00:00","dateModified":"2025-12-13T07:28:00+00:00","mainEntityOfPage":{"@id":"https:\/\/torredonjimenoactualidad.com\/index.php\/2025\/12\/12\/tres-tosirianos-entre-los-124-martires-que-seran-beatificados-este-sabado-en-la-catedral-de-jaen\/"},"wordCount":1279,"publisher":{"@id":"https:\/\/torredonjimenoactualidad.com\/#organization"},"articleSection":["local"],"inLanguage":"es"},{"@type":"WebPage","@id":"https:\/\/torredonjimenoactualidad.com\/index.php\/2025\/12\/12\/tres-tosirianos-entre-los-124-martires-que-seran-beatificados-este-sabado-en-la-catedral-de-jaen\/","url":"https:\/\/torredonjimenoactualidad.com\/index.php\/2025\/12\/12\/tres-tosirianos-entre-los-124-martires-que-seran-beatificados-este-sabado-en-la-catedral-de-jaen\/","name":"Tres tosirianos, entre los 124 m\u00e1rtires que ser\u00e1n beatificados este s\u00e1bado en la Catedral de Ja\u00e9n - Torredonjimeno Actualidad","isPartOf":{"@id":"https:\/\/torredonjimenoactualidad.com\/#website"},"datePublished":"2025-12-12T17:24:20+00:00","dateModified":"2025-12-13T07:28:00+00:00","breadcrumb":{"@id":"https:\/\/torredonjimenoactualidad.com\/index.php\/2025\/12\/12\/tres-tosirianos-entre-los-124-martires-que-seran-beatificados-este-sabado-en-la-catedral-de-jaen\/#breadcrumb"},"inLanguage":"es","potentialAction":[{"@type":"ReadAction","target":["https:\/\/torredonjimenoactualidad.com\/index.php\/2025\/12\/12\/tres-tosirianos-entre-los-124-martires-que-seran-beatificados-este-sabado-en-la-catedral-de-jaen\/"]}]},{"@type":"BreadcrumbList","@id":"https:\/\/torredonjimenoactualidad.com\/index.php\/2025\/12\/12\/tres-tosirianos-entre-los-124-martires-que-seran-beatificados-este-sabado-en-la-catedral-de-jaen\/#breadcrumb","itemListElement":[{"@type":"ListItem","position":1,"name":"Portada","item":"https:\/\/torredonjimenoactualidad.com\/"},{"@type":"ListItem","position":2,"name":"Tres tosirianos, entre los 124 m\u00e1rtires que ser\u00e1n beatificados este s\u00e1bado en la Catedral de Ja\u00e9n"}]},{"@type":"WebSite","@id":"https:\/\/torredonjimenoactualidad.com\/#website","url":"https:\/\/torredonjimenoactualidad.com\/","name":"Torredonjimeno Actualidad","description":"","publisher":{"@id":"https:\/\/torredonjimenoactualidad.com\/#organization"},"potentialAction":[{"@type":"SearchAction","target":{"@type":"EntryPoint","urlTemplate":"https:\/\/torredonjimenoactualidad.com\/?s={search_term_string}"},"query-input":"required name=search_term_string"}],"inLanguage":"es"},{"@type":"Organization","@id":"https:\/\/torredonjimenoactualidad.com\/#organization","name":"Torredonjimeno Actualidad","url":"https:\/\/torredonjimenoactualidad.com\/","logo":{"@type":"ImageObject","inLanguage":"es","@id":"https:\/\/torredonjimenoactualidad.com\/#\/schema\/logo\/image\/","url":"https:\/\/torredonjimenoactualidad.com\/wp-content\/uploads\/2023\/02\/logo-torredonjimeno-544x180-1.png","contentUrl":"https:\/\/torredonjimenoactualidad.com\/wp-content\/uploads\/2023\/02\/logo-torredonjimeno-544x180-1.png","width":545,"height":112,"caption":"Torredonjimeno Actualidad"},"image":{"@id":"https:\/\/torredonjimenoactualidad.com\/#\/schema\/logo\/image\/"}},{"@type":"Person","@id":"https:\/\/torredonjimenoactualidad.com\/#\/schema\/person\/84de5f233e783ef2c75151a532b54977","name":"Alba Mar\u00eda Torres","image":{"@type":"ImageObject","inLanguage":"es","@id":"https:\/\/torredonjimenoactualidad.com\/#\/schema\/person\/image\/","url":"https:\/\/secure.gravatar.com\/avatar\/f9371f188c71501b4475a9ba2a71595850ec72967f800a2ed8e3e2102859ed65?s=96&d=mm&r=g","contentUrl":"https:\/\/secure.gravatar.com\/avatar\/f9371f188c71501b4475a9ba2a71595850ec72967f800a2ed8e3e2102859ed65?s=96&d=mm&r=g","caption":"Alba Mar\u00eda Torres"},"url":"https:\/\/torredonjimenoactualidad.com\/index.php\/author\/alba-torres\/"}]}},"_links":{"self":[{"href":"https:\/\/torredonjimenoactualidad.com\/index.php\/wp-json\/wp\/v2\/posts\/4231","targetHints":{"allow":["GET"]}}],"collection":[{"href":"https:\/\/torredonjimenoactualidad.com\/index.php\/wp-json\/wp\/v2\/posts"}],"about":[{"href":"https:\/\/torredonjimenoactualidad.com\/index.php\/wp-json\/wp\/v2\/types\/post"}],"author":[{"embeddable":true,"href":"https:\/\/torredonjimenoactualidad.com\/index.php\/wp-json\/wp\/v2\/users\/2"}],"replies":[{"embeddable":true,"href":"https:\/\/torredonjimenoactualidad.com\/index.php\/wp-json\/wp\/v2\/comments?post=4231"}],"version-history":[{"count":3,"href":"https:\/\/torredonjimenoactualidad.com\/index.php\/wp-json\/wp\/v2\/posts\/4231\/revisions"}],"predecessor-version":[{"id":4242,"href":"https:\/\/torredonjimenoactualidad.com\/index.php\/wp-json\/wp\/v2\/posts\/4231\/revisions\/4242"}],"wp:featuredmedia":[{"embeddable":true,"href":"https:\/\/torredonjimenoactualidad.com\/index.php\/wp-json\/wp\/v2\/media\/4236"}],"wp:attachment":[{"href":"https:\/\/torredonjimenoactualidad.com\/index.php\/wp-json\/wp\/v2\/media?parent=4231"}],"wp:term":[{"taxonomy":"category","embeddable":true,"href":"https:\/\/torredonjimenoactualidad.com\/index.php\/wp-json\/wp\/v2\/categories?post=4231"},{"taxonomy":"post_tag","embeddable":true,"href":"https:\/\/torredonjimenoactualidad.com\/index.php\/wp-json\/wp\/v2\/tags?post=4231"}],"curies":[{"name":"wp","href":"https:\/\/api.w.org\/{rel}","templated":true}]}}