{"id":4221,"date":"2025-12-10T15:01:54","date_gmt":"2025-12-10T15:01:54","guid":{"rendered":"https:\/\/torredonjimenoactualidad.com\/?p=4221"},"modified":"2025-12-10T15:01:55","modified_gmt":"2025-12-10T15:01:55","slug":"torredonjimeno-registra-un-amplio-seguimiento-en-la-segunda-jornada-de-huelga-medica-el-90-del-personal-se-suma-al-paro","status":"publish","type":"post","link":"https:\/\/torredonjimenoactualidad.com\/index.php\/2025\/12\/10\/torredonjimeno-registra-un-amplio-seguimiento-en-la-segunda-jornada-de-huelga-medica-el-90-del-personal-se-suma-al-paro\/","title":{"rendered":"Torredonjimeno registra un amplio seguimiento en la segunda jornada de huelga m\u00e9dica: el 90% del personal se suma al paro"},"content":{"rendered":"\n<p>La segunda jornada de huelga nacional convocada por los m\u00e9dicos ha tenido un&nbsp;<strong>notable impacto<\/strong>&nbsp;en&nbsp;<strong>Torredonjimeno<\/strong>, donde el seguimiento ha vuelto a ser mayoritario. Seg\u00fan datos del&nbsp;<strong>Sindicato M\u00e9dico Andaluz (SMA) en Ja\u00e9n<\/strong>,&nbsp;<strong>el 90% de los facultativos<\/strong>&nbsp;del Centro de Salud que estaban en condiciones de ejercer su derecho a la huelga han secundado el paro este mi\u00e9rcoles.<\/p>\n\n\n\n<p>La elevada participaci\u00f3n ha obligado a que la atenci\u00f3n a los usuarios se realizara a trav\u00e9s de los&nbsp;<strong>servicios m\u00ednimos<\/strong>, establecidos para garantizar la asistencia imprescindible.<\/p>\n\n\n\n<h3 class=\"wp-block-heading\"><strong>\u00bfQu\u00e9 significa estar en huelga? El derecho y sus implicaciones<\/strong><\/h3>\n\n\n\n<p>El&nbsp;<strong>derecho a la huelga<\/strong>, recogido en el art\u00edculo 28.2 de la Constituci\u00f3n Espa\u00f1ola, es un derecho fundamental que permite a los trabajadores&nbsp;<strong>interrumpir voluntariamente su actividad laboral<\/strong>&nbsp;durante su jornada ordinaria como forma de protesta colectiva.<\/p>\n\n\n\n<p><strong>No se consideran en huelga quienes:<\/strong><\/p>\n\n\n\n<ul class=\"wp-block-list\">\n<li>Est\u00e1n\u00a0<strong>de permiso o vacaciones<\/strong>,<\/li>\n\n\n\n<li>Son\u00a0<strong>salientes de guardia<\/strong>,<\/li>\n\n\n\n<li>Est\u00e1n incluidos en\u00a0<strong>servicios m\u00ednimos<\/strong>,<\/li>\n\n\n\n<li>O realizan tareas no susceptibles de paralizaci\u00f3n.<\/li>\n<\/ul>\n\n\n\n<p>Adem\u00e1s, el ejercicio del derecho de huelga implica que el trabajador&nbsp;<strong>no percibe el salario correspondiente al tiempo no trabajado<\/strong>, y la administraci\u00f3n no puede sustituir al huelguista m\u00e1s all\u00e1 de los servicios m\u00ednimos autorizados.<\/p>\n\n\n\n<p>El SMA precisa que, teniendo en cuenta estos criterios, la cifra de participaci\u00f3n en Torredonjimeno \u2014un&nbsp;<strong>90% del personal disponible<\/strong>\u2014 muestra un seguimiento&nbsp;<strong>muy elevado<\/strong>&nbsp;del paro.<\/p>\n\n\n\n<h3 class=\"wp-block-heading\"><strong>Motivos de la protesta m\u00e9dica<\/strong><\/h3>\n\n\n\n<p>Las reivindicaciones se mantienen id\u00e9nticas en todo el pa\u00eds. Los facultativos denuncian que sus&nbsp;<strong>jornadas laborales son excesivas<\/strong>, alcanzando en ocasiones&nbsp;<strong>60 o 70 horas semanales<\/strong>, a lo que se suman las&nbsp;<strong>guardias de 24 horas<\/strong>, que no se remuneran como horas extraordinarias pese a su enorme carga asistencial.<\/p>\n\n\n\n<p>Los m\u00e9dicos sostienen que esta situaci\u00f3n&nbsp;<strong>no solo perjudica al profesional<\/strong>, sino tambi\u00e9n a los&nbsp;<strong>pacientes<\/strong>, que padecen las consecuencias de la saturaci\u00f3n, la falta de tiempo por consulta y el agotamiento de los facultativos.<\/p>\n\n\n\n<p>Por ello, exigen:<\/p>\n\n\n\n<ul class=\"wp-block-list\">\n<li>Un\u00a0<strong>estatuto propio<\/strong>\u00a0para la profesi\u00f3n m\u00e9dica,<\/li>\n\n\n\n<li>La reclasificaci\u00f3n en la categor\u00eda\u00a0<strong>A1+<\/strong>, acorde a su formaci\u00f3n de 360 cr\u00e9ditos,<\/li>\n\n\n\n<li>Y un\u00a0<strong>marco de negociaci\u00f3n espec\u00edfico<\/strong>\u00a0dentro del Sistema Nacional de Salud.<\/li>\n<\/ul>\n\n\n\n<p>Con esta segunda jornada, Torredonjimeno se consolida como uno de los municipios con&nbsp;<strong>mayor seguimiento<\/strong>&nbsp;en la provincia, evidenciando el profundo malestar del colectivo y su reclamaci\u00f3n de un sistema m\u00e1s sostenible tanto para profesionales como para pacientes.<\/p>\n","protected":false},"excerpt":{"rendered":"<p>La segunda jornada de huelga nacional convocada por los m\u00e9dicos ha tenido un&nbsp;notable impacto&nbsp;en&nbsp;Torredonjimeno, donde el seguimiento ha vuelto a ser mayoritario. Seg\u00fan datos del&nbsp;Sindicato M\u00e9dico Andaluz (SMA) en Ja\u00e9n,&nbsp;el 90% de los facultativos&nbsp;del Centro de Salud que estaban en condiciones de ejercer su derecho a la huelga han secundado el paro este mi\u00e9rcoles. La &hellip;<\/p>\n<p class=\"read-more\"> <a class=\"\" href=\"https:\/\/torredonjimenoactualidad.com\/index.php\/2025\/12\/10\/torredonjimeno-registra-un-amplio-seguimiento-en-la-segunda-jornada-de-huelga-medica-el-90-del-personal-se-suma-al-paro\/\"> <span class=\"screen-reader-text\">Torredonjimeno registra un amplio seguimiento en la segunda jornada de huelga m\u00e9dica: el 90% del personal se suma al paro<\/span> Leer m\u00e1s &raquo;<\/a><\/p>\n","protected":false},"author":2,"featured_media":4222,"comment_status":"closed","ping_status":"open","sticky":false,"template":"","format":"standard","meta":{"site-sidebar-layout":"default","site-content-layout":"default","ast-global-header-display":"","ast-main-header-display":"","ast-hfb-above-header-display":"","ast-hfb-below-header-display":"","ast-hfb-mobile-header-display":"","site-post-title":"","ast-breadcrumbs-content":"","ast-featured-img":"","footer-sml-layout":"","theme-transparent-header-meta":"","adv-header-id-meta":"","stick-header-meta":"","header-above-stick-meta":"","header-main-stick-meta":"","header-below-stick-meta":"","footnotes":""},"categories":[7],"tags":[],"class_list":["post-4221","post","type-post","status-publish","format-standard","has-post-thumbnail","hentry","category-local"],"yoast_head":"<!-- This site is optimized with the Yoast SEO plugin v20.8 - https:\/\/yoast.com\/wordpress\/plugins\/seo\/ -->\n<title>Torredonjimeno registra un amplio seguimiento en la segunda jornada de huelga m\u00e9dica: el 90% del personal se suma al paro - Torredonjimeno Actualidad<\/title>\n<meta name=\"robots\" content=\"index, follow, max-snippet:-1, max-image-preview:large, max-video-preview:-1\" \/>\n<link rel=\"canonical\" href=\"https:\/\/torredonjimenoactualidad.com\/index.php\/2025\/12\/10\/torredonjimeno-registra-un-amplio-seguimiento-en-la-segunda-jornada-de-huelga-medica-el-90-del-personal-se-suma-al-paro\/\" \/>\n<meta property=\"og:locale\" content=\"es_ES\" \/>\n<meta property=\"og:type\" content=\"article\" \/>\n<meta property=\"og:title\" content=\"Torredonjimeno registra un amplio seguimiento en la segunda jornada de huelga m\u00e9dica: el 90% del personal se suma al paro - Torredonjimeno Actualidad\" \/>\n<meta property=\"og:description\" content=\"La segunda jornada de huelga nacional convocada por los m\u00e9dicos ha tenido un&nbsp;notable impacto&nbsp;en&nbsp;Torredonjimeno, donde el seguimiento ha vuelto a ser mayoritario. Seg\u00fan datos del&nbsp;Sindicato M\u00e9dico Andaluz (SMA) en Ja\u00e9n,&nbsp;el 90% de los facultativos&nbsp;del Centro de Salud que estaban en condiciones de ejercer su derecho a la huelga han secundado el paro este mi\u00e9rcoles. La &hellip; Torredonjimeno registra un amplio seguimiento en la segunda jornada de huelga m\u00e9dica: el 90% del personal se suma al paro Leer m\u00e1s &raquo;\" \/>\n<meta property=\"og:url\" content=\"https:\/\/torredonjimenoactualidad.com\/index.php\/2025\/12\/10\/torredonjimeno-registra-un-amplio-seguimiento-en-la-segunda-jornada-de-huelga-medica-el-90-del-personal-se-suma-al-paro\/\" \/>\n<meta property=\"og:site_name\" content=\"Torredonjimeno Actualidad\" \/>\n<meta property=\"article:published_time\" content=\"2025-12-10T15:01:54+00:00\" \/>\n<meta property=\"article:modified_time\" content=\"2025-12-10T15:01:55+00:00\" \/>\n<meta property=\"og:image\" content=\"https:\/\/torredonjimenoactualidad.com\/wp-content\/uploads\/2025\/12\/IMG_3936-scaled.jpg\" \/>\n\t<meta property=\"og:image:width\" content=\"2560\" \/>\n\t<meta property=\"og:image:height\" content=\"1463\" \/>\n\t<meta property=\"og:image:type\" content=\"image\/jpeg\" \/>\n<meta name=\"author\" content=\"Alba Mar\u00eda Torres\" \/>\n<meta name=\"twitter:card\" content=\"summary_large_image\" \/>\n<meta name=\"twitter:label1\" content=\"Escrito por\" \/>\n\t<meta name=\"twitter:data1\" content=\"Alba Mar\u00eda Torres\" \/>\n\t<meta name=\"twitter:label2\" content=\"Tiempo de lectura\" \/>\n\t<meta name=\"twitter:data2\" content=\"2 minutos\" \/>\n<script type=\"application\/ld+json\" class=\"yoast-schema-graph\">{\"@context\":\"https:\/\/schema.org\",\"@graph\":[{\"@type\":\"Article\",\"@id\":\"https:\/\/torredonjimenoactualidad.com\/index.php\/2025\/12\/10\/torredonjimeno-registra-un-amplio-seguimiento-en-la-segunda-jornada-de-huelga-medica-el-90-del-personal-se-suma-al-paro\/#article\",\"isPartOf\":{\"@id\":\"https:\/\/torredonjimenoactualidad.com\/index.php\/2025\/12\/10\/torredonjimeno-registra-un-amplio-seguimiento-en-la-segunda-jornada-de-huelga-medica-el-90-del-personal-se-suma-al-paro\/\"},\"author\":{\"name\":\"Alba Mar\u00eda Torres\",\"@id\":\"https:\/\/torredonjimenoactualidad.com\/#\/schema\/person\/84de5f233e783ef2c75151a532b54977\"},\"headline\":\"Torredonjimeno registra un amplio seguimiento en la segunda jornada de huelga m\u00e9dica: el 90% del personal se suma al paro\",\"datePublished\":\"2025-12-10T15:01:54+00:00\",\"dateModified\":\"2025-12-10T15:01:55+00:00\",\"mainEntityOfPage\":{\"@id\":\"https:\/\/torredonjimenoactualidad.com\/index.php\/2025\/12\/10\/torredonjimeno-registra-un-amplio-seguimiento-en-la-segunda-jornada-de-huelga-medica-el-90-del-personal-se-suma-al-paro\/\"},\"wordCount\":456,\"publisher\":{\"@id\":\"https:\/\/torredonjimenoactualidad.com\/#organization\"},\"articleSection\":[\"local\"],\"inLanguage\":\"es\"},{\"@type\":\"WebPage\",\"@id\":\"https:\/\/torredonjimenoactualidad.com\/index.php\/2025\/12\/10\/torredonjimeno-registra-un-amplio-seguimiento-en-la-segunda-jornada-de-huelga-medica-el-90-del-personal-se-suma-al-paro\/\",\"url\":\"https:\/\/torredonjimenoactualidad.com\/index.php\/2025\/12\/10\/torredonjimeno-registra-un-amplio-seguimiento-en-la-segunda-jornada-de-huelga-medica-el-90-del-personal-se-suma-al-paro\/\",\"name\":\"Torredonjimeno registra un amplio seguimiento en la segunda jornada de huelga m\u00e9dica: el 90% del personal se suma al paro - Torredonjimeno Actualidad\",\"isPartOf\":{\"@id\":\"https:\/\/torredonjimenoactualidad.com\/#website\"},\"datePublished\":\"2025-12-10T15:01:54+00:00\",\"dateModified\":\"2025-12-10T15:01:55+00:00\",\"breadcrumb\":{\"@id\":\"https:\/\/torredonjimenoactualidad.com\/index.php\/2025\/12\/10\/torredonjimeno-registra-un-amplio-seguimiento-en-la-segunda-jornada-de-huelga-medica-el-90-del-personal-se-suma-al-paro\/#breadcrumb\"},\"inLanguage\":\"es\",\"potentialAction\":[{\"@type\":\"ReadAction\",\"target\":[\"https:\/\/torredonjimenoactualidad.com\/index.php\/2025\/12\/10\/torredonjimeno-registra-un-amplio-seguimiento-en-la-segunda-jornada-de-huelga-medica-el-90-del-personal-se-suma-al-paro\/\"]}]},{\"@type\":\"BreadcrumbList\",\"@id\":\"https:\/\/torredonjimenoactualidad.com\/index.php\/2025\/12\/10\/torredonjimeno-registra-un-amplio-seguimiento-en-la-segunda-jornada-de-huelga-medica-el-90-del-personal-se-suma-al-paro\/#breadcrumb\",\"itemListElement\":[{\"@type\":\"ListItem\",\"position\":1,\"name\":\"Portada\",\"item\":\"https:\/\/torredonjimenoactualidad.com\/\"},{\"@type\":\"ListItem\",\"position\":2,\"name\":\"Torredonjimeno registra un amplio seguimiento en la segunda jornada de huelga m\u00e9dica: el 90% del personal se suma al paro\"}]},{\"@type\":\"WebSite\",\"@id\":\"https:\/\/torredonjimenoactualidad.com\/#website\",\"url\":\"https:\/\/torredonjimenoactualidad.com\/\",\"name\":\"Torredonjimeno Actualidad\",\"description\":\"\",\"publisher\":{\"@id\":\"https:\/\/torredonjimenoactualidad.com\/#organization\"},\"potentialAction\":[{\"@type\":\"SearchAction\",\"target\":{\"@type\":\"EntryPoint\",\"urlTemplate\":\"https:\/\/torredonjimenoactualidad.com\/?s={search_term_string}\"},\"query-input\":\"required name=search_term_string\"}],\"inLanguage\":\"es\"},{\"@type\":\"Organization\",\"@id\":\"https:\/\/torredonjimenoactualidad.com\/#organization\",\"name\":\"Torredonjimeno Actualidad\",\"url\":\"https:\/\/torredonjimenoactualidad.com\/\",\"logo\":{\"@type\":\"ImageObject\",\"inLanguage\":\"es\",\"@id\":\"https:\/\/torredonjimenoactualidad.com\/#\/schema\/logo\/image\/\",\"url\":\"https:\/\/torredonjimenoactualidad.com\/wp-content\/uploads\/2023\/02\/logo-torredonjimeno-544x180-1.png\",\"contentUrl\":\"https:\/\/torredonjimenoactualidad.com\/wp-content\/uploads\/2023\/02\/logo-torredonjimeno-544x180-1.png\",\"width\":545,\"height\":112,\"caption\":\"Torredonjimeno Actualidad\"},\"image\":{\"@id\":\"https:\/\/torredonjimenoactualidad.com\/#\/schema\/logo\/image\/\"}},{\"@type\":\"Person\",\"@id\":\"https:\/\/torredonjimenoactualidad.com\/#\/schema\/person\/84de5f233e783ef2c75151a532b54977\",\"name\":\"Alba Mar\u00eda Torres\",\"image\":{\"@type\":\"ImageObject\",\"inLanguage\":\"es\",\"@id\":\"https:\/\/torredonjimenoactualidad.com\/#\/schema\/person\/image\/\",\"url\":\"https:\/\/secure.gravatar.com\/avatar\/f9371f188c71501b4475a9ba2a71595850ec72967f800a2ed8e3e2102859ed65?s=96&d=mm&r=g\",\"contentUrl\":\"https:\/\/secure.gravatar.com\/avatar\/f9371f188c71501b4475a9ba2a71595850ec72967f800a2ed8e3e2102859ed65?s=96&d=mm&r=g\",\"caption\":\"Alba Mar\u00eda Torres\"},\"url\":\"https:\/\/torredonjimenoactualidad.com\/index.php\/author\/alba-torres\/\"}]}<\/script>\n<!-- \/ Yoast SEO plugin. -->","yoast_head_json":{"title":"Torredonjimeno registra un amplio seguimiento en la segunda jornada de huelga m\u00e9dica: el 90% del personal se suma al paro - Torredonjimeno Actualidad","robots":{"index":"index","follow":"follow","max-snippet":"max-snippet:-1","max-image-preview":"max-image-preview:large","max-video-preview":"max-video-preview:-1"},"canonical":"https:\/\/torredonjimenoactualidad.com\/index.php\/2025\/12\/10\/torredonjimeno-registra-un-amplio-seguimiento-en-la-segunda-jornada-de-huelga-medica-el-90-del-personal-se-suma-al-paro\/","og_locale":"es_ES","og_type":"article","og_title":"Torredonjimeno registra un amplio seguimiento en la segunda jornada de huelga m\u00e9dica: el 90% del personal se suma al paro - Torredonjimeno Actualidad","og_description":"La segunda jornada de huelga nacional convocada por los m\u00e9dicos ha tenido un&nbsp;notable impacto&nbsp;en&nbsp;Torredonjimeno, donde el seguimiento ha vuelto a ser mayoritario. Seg\u00fan datos del&nbsp;Sindicato M\u00e9dico Andaluz (SMA) en Ja\u00e9n,&nbsp;el 90% de los facultativos&nbsp;del Centro de Salud que estaban en condiciones de ejercer su derecho a la huelga han secundado el paro este mi\u00e9rcoles. La &hellip; Torredonjimeno registra un amplio seguimiento en la segunda jornada de huelga m\u00e9dica: el 90% del personal se suma al paro Leer m\u00e1s &raquo;","og_url":"https:\/\/torredonjimenoactualidad.com\/index.php\/2025\/12\/10\/torredonjimeno-registra-un-amplio-seguimiento-en-la-segunda-jornada-de-huelga-medica-el-90-del-personal-se-suma-al-paro\/","og_site_name":"Torredonjimeno Actualidad","article_published_time":"2025-12-10T15:01:54+00:00","article_modified_time":"2025-12-10T15:01:55+00:00","og_image":[{"width":2560,"height":1463,"url":"https:\/\/torredonjimenoactualidad.com\/wp-content\/uploads\/2025\/12\/IMG_3936-scaled.jpg","type":"image\/jpeg"}],"author":"Alba Mar\u00eda Torres","twitter_card":"summary_large_image","twitter_misc":{"Escrito por":"Alba Mar\u00eda Torres","Tiempo de lectura":"2 minutos"},"schema":{"@context":"https:\/\/schema.org","@graph":[{"@type":"Article","@id":"https:\/\/torredonjimenoactualidad.com\/index.php\/2025\/12\/10\/torredonjimeno-registra-un-amplio-seguimiento-en-la-segunda-jornada-de-huelga-medica-el-90-del-personal-se-suma-al-paro\/#article","isPartOf":{"@id":"https:\/\/torredonjimenoactualidad.com\/index.php\/2025\/12\/10\/torredonjimeno-registra-un-amplio-seguimiento-en-la-segunda-jornada-de-huelga-medica-el-90-del-personal-se-suma-al-paro\/"},"author":{"name":"Alba Mar\u00eda Torres","@id":"https:\/\/torredonjimenoactualidad.com\/#\/schema\/person\/84de5f233e783ef2c75151a532b54977"},"headline":"Torredonjimeno registra un amplio seguimiento en la segunda jornada de huelga m\u00e9dica: el 90% del personal se suma al paro","datePublished":"2025-12-10T15:01:54+00:00","dateModified":"2025-12-10T15:01:55+00:00","mainEntityOfPage":{"@id":"https:\/\/torredonjimenoactualidad.com\/index.php\/2025\/12\/10\/torredonjimeno-registra-un-amplio-seguimiento-en-la-segunda-jornada-de-huelga-medica-el-90-del-personal-se-suma-al-paro\/"},"wordCount":456,"publisher":{"@id":"https:\/\/torredonjimenoactualidad.com\/#organization"},"articleSection":["local"],"inLanguage":"es"},{"@type":"WebPage","@id":"https:\/\/torredonjimenoactualidad.com\/index.php\/2025\/12\/10\/torredonjimeno-registra-un-amplio-seguimiento-en-la-segunda-jornada-de-huelga-medica-el-90-del-personal-se-suma-al-paro\/","url":"https:\/\/torredonjimenoactualidad.com\/index.php\/2025\/12\/10\/torredonjimeno-registra-un-amplio-seguimiento-en-la-segunda-jornada-de-huelga-medica-el-90-del-personal-se-suma-al-paro\/","name":"Torredonjimeno registra un amplio seguimiento en la segunda jornada de huelga m\u00e9dica: el 90% del personal se suma al paro - Torredonjimeno Actualidad","isPartOf":{"@id":"https:\/\/torredonjimenoactualidad.com\/#website"},"datePublished":"2025-12-10T15:01:54+00:00","dateModified":"2025-12-10T15:01:55+00:00","breadcrumb":{"@id":"https:\/\/torredonjimenoactualidad.com\/index.php\/2025\/12\/10\/torredonjimeno-registra-un-amplio-seguimiento-en-la-segunda-jornada-de-huelga-medica-el-90-del-personal-se-suma-al-paro\/#breadcrumb"},"inLanguage":"es","potentialAction":[{"@type":"ReadAction","target":["https:\/\/torredonjimenoactualidad.com\/index.php\/2025\/12\/10\/torredonjimeno-registra-un-amplio-seguimiento-en-la-segunda-jornada-de-huelga-medica-el-90-del-personal-se-suma-al-paro\/"]}]},{"@type":"BreadcrumbList","@id":"https:\/\/torredonjimenoactualidad.com\/index.php\/2025\/12\/10\/torredonjimeno-registra-un-amplio-seguimiento-en-la-segunda-jornada-de-huelga-medica-el-90-del-personal-se-suma-al-paro\/#breadcrumb","itemListElement":[{"@type":"ListItem","position":1,"name":"Portada","item":"https:\/\/torredonjimenoactualidad.com\/"},{"@type":"ListItem","position":2,"name":"Torredonjimeno registra un amplio seguimiento en la segunda jornada de huelga m\u00e9dica: el 90% del personal se suma al paro"}]},{"@type":"WebSite","@id":"https:\/\/torredonjimenoactualidad.com\/#website","url":"https:\/\/torredonjimenoactualidad.com\/","name":"Torredonjimeno Actualidad","description":"","publisher":{"@id":"https:\/\/torredonjimenoactualidad.com\/#organization"},"potentialAction":[{"@type":"SearchAction","target":{"@type":"EntryPoint","urlTemplate":"https:\/\/torredonjimenoactualidad.com\/?s={search_term_string}"},"query-input":"required name=search_term_string"}],"inLanguage":"es"},{"@type":"Organization","@id":"https:\/\/torredonjimenoactualidad.com\/#organization","name":"Torredonjimeno Actualidad","url":"https:\/\/torredonjimenoactualidad.com\/","logo":{"@type":"ImageObject","inLanguage":"es","@id":"https:\/\/torredonjimenoactualidad.com\/#\/schema\/logo\/image\/","url":"https:\/\/torredonjimenoactualidad.com\/wp-content\/uploads\/2023\/02\/logo-torredonjimeno-544x180-1.png","contentUrl":"https:\/\/torredonjimenoactualidad.com\/wp-content\/uploads\/2023\/02\/logo-torredonjimeno-544x180-1.png","width":545,"height":112,"caption":"Torredonjimeno Actualidad"},"image":{"@id":"https:\/\/torredonjimenoactualidad.com\/#\/schema\/logo\/image\/"}},{"@type":"Person","@id":"https:\/\/torredonjimenoactualidad.com\/#\/schema\/person\/84de5f233e783ef2c75151a532b54977","name":"Alba Mar\u00eda Torres","image":{"@type":"ImageObject","inLanguage":"es","@id":"https:\/\/torredonjimenoactualidad.com\/#\/schema\/person\/image\/","url":"https:\/\/secure.gravatar.com\/avatar\/f9371f188c71501b4475a9ba2a71595850ec72967f800a2ed8e3e2102859ed65?s=96&d=mm&r=g","contentUrl":"https:\/\/secure.gravatar.com\/avatar\/f9371f188c71501b4475a9ba2a71595850ec72967f800a2ed8e3e2102859ed65?s=96&d=mm&r=g","caption":"Alba Mar\u00eda Torres"},"url":"https:\/\/torredonjimenoactualidad.com\/index.php\/author\/alba-torres\/"}]}},"_links":{"self":[{"href":"https:\/\/torredonjimenoactualidad.com\/index.php\/wp-json\/wp\/v2\/posts\/4221","targetHints":{"allow":["GET"]}}],"collection":[{"href":"https:\/\/torredonjimenoactualidad.com\/index.php\/wp-json\/wp\/v2\/posts"}],"about":[{"href":"https:\/\/torredonjimenoactualidad.com\/index.php\/wp-json\/wp\/v2\/types\/post"}],"author":[{"embeddable":true,"href":"https:\/\/torredonjimenoactualidad.com\/index.php\/wp-json\/wp\/v2\/users\/2"}],"replies":[{"embeddable":true,"href":"https:\/\/torredonjimenoactualidad.com\/index.php\/wp-json\/wp\/v2\/comments?post=4221"}],"version-history":[{"count":1,"href":"https:\/\/torredonjimenoactualidad.com\/index.php\/wp-json\/wp\/v2\/posts\/4221\/revisions"}],"predecessor-version":[{"id":4223,"href":"https:\/\/torredonjimenoactualidad.com\/index.php\/wp-json\/wp\/v2\/posts\/4221\/revisions\/4223"}],"wp:featuredmedia":[{"embeddable":true,"href":"https:\/\/torredonjimenoactualidad.com\/index.php\/wp-json\/wp\/v2\/media\/4222"}],"wp:attachment":[{"href":"https:\/\/torredonjimenoactualidad.com\/index.php\/wp-json\/wp\/v2\/media?parent=4221"}],"wp:term":[{"taxonomy":"category","embeddable":true,"href":"https:\/\/torredonjimenoactualidad.com\/index.php\/wp-json\/wp\/v2\/categories?post=4221"},{"taxonomy":"post_tag","embeddable":true,"href":"https:\/\/torredonjimenoactualidad.com\/index.php\/wp-json\/wp\/v2\/tags?post=4221"}],"curies":[{"name":"wp","href":"https:\/\/api.w.org\/{rel}","templated":true}]}}