{"id":4218,"date":"2025-12-09T21:30:14","date_gmt":"2025-12-09T21:30:14","guid":{"rendered":"https:\/\/torredonjimenoactualidad.com\/?p=4218"},"modified":"2025-12-09T21:30:15","modified_gmt":"2025-12-09T21:30:15","slug":"la-diputada-jiennense-maria-torres-pp-responsabiliza-al-gobierno-de-sanchez-de-la-huelga-de-medicos-convocada-en-toda-espana","status":"publish","type":"post","link":"https:\/\/torredonjimenoactualidad.com\/index.php\/2025\/12\/09\/la-diputada-jiennense-maria-torres-pp-responsabiliza-al-gobierno-de-sanchez-de-la-huelga-de-medicos-convocada-en-toda-espana\/","title":{"rendered":"La diputada jiennense Mar\u00eda Torres (PP) responsabiliza al Gobierno de S\u00e1nchez de la huelga de m\u00e9dicos convocada en toda Espa\u00f1a"},"content":{"rendered":"\n<p>La huelga de m\u00e9dicos convocada desde hoy y hasta el viernes 12 de diciembre en toda Espa\u00f1a ha reavivado el debate pol\u00edtico sobre la gesti\u00f3n sanitaria en el pa\u00eds. La diputada nacional del PP por Ja\u00e9n,&nbsp;<strong>Mar\u00eda Torres<\/strong>, ha subrayado que este paro \u201ces contra el Gobierno de S\u00e1nchez\u201d, al que responsabiliza de no ofrecer una mejora real de las condiciones laborales que est\u00e1n sobre la mesa en la negociaci\u00f3n del&nbsp;<strong>Estatuto Marco<\/strong>.<\/p>\n\n\n\n<p>Seg\u00fan Torres, la convocatoria demuestra \u201clo que siempre hemos dicho: aunque el PSOE haya tratado de usar la sanidad para embarrar al Gobierno de Juanma Moreno, no se trata de un problema de Andaluc\u00eda, sino de toda Espa\u00f1a\u201d.<\/p>\n\n\n\n<p>La diputada acusa a la ministra de Sanidad de \u201cdejaci\u00f3n de funciones\u201d y de no responder adecuadamente a las demandas de los profesionales. \u201cAs\u00ed trabaja el Gobierno de S\u00e1nchez: de espaldas a la sociedad, haciendo o\u00eddos sordos a lo que preocupa a los espa\u00f1oles y actuando en beneficio propio, obviando el inter\u00e9s com\u00fan\u201d, ha afirmado.<\/p>\n\n\n\n<h3 class=\"wp-block-heading\"><strong>\u201cEl mayor conflicto sanitario en a\u00f1os\u201d<\/strong><\/h3>\n\n\n\n<p>Para Mar\u00eda Torres, Espa\u00f1a se enfrenta al \u201cmayor conflicto sanitario en a\u00f1os\u201d, derivado de un Estatuto Marco \u201cinviable, improvisado y sin financiaci\u00f3n\u201d que, a su juicio, ha generado inseguridad entre los profesionales y ha puesto \u201cen jaque a la sanidad p\u00fablica\u201d.<\/p>\n\n\n\n<p>La dirigente popular sostiene que el Ministerio debe retirar de inmediato el borrador y elaborar uno nuevo basado en el consenso. \u201cNace sin di\u00e1logo ni acuerdo, elaborado a espaldas de las comunidades aut\u00f3nomas, las organizaciones m\u00e9dicas, los sindicatos y los gestores. Va en el ADN del PSOE\u201d, ha criticado.<\/p>\n\n\n\n<h3 class=\"wp-block-heading\"><strong>Llamamiento al di\u00e1logo y acusaciones de \u201cfalsa cogobernanza\u201d<\/strong><\/h3>\n\n\n\n<p>Torres ha pedido al Gobierno que \u201cno enga\u00f1e m\u00e1s\u201d y ha insistido en que el conflicto \u201clo ha originado S\u00e1nchez\u201d. Adem\u00e1s, ha expresado su respeto al derecho de los profesionales a la huelga y ha acusado al Ejecutivo central de tratar de trasladar la responsabilidad a las autonom\u00edas.<\/p>\n\n\n\n<p>Seg\u00fan la diputada, la ministra pretende que sean los gobiernos regionales quienes asuman el coste de las mejoras laborales que ella misma anuncia \u201csin aportar un euro\u201d, en un ejercicio que ha calificado de \u201cfalsa cogobernanza e irresponsabilidad pol\u00edtica\u201d.<\/p>\n\n\n\n<h3 class=\"wp-block-heading\"><strong>Torres exige reiniciar la negociaci\u00f3n<\/strong><\/h3>\n\n\n\n<p>La representante popular ha concluido reclamando al Ministerio de Sanidad que \u201cinicie una negociaci\u00f3n desde cero\u201d, esta vez contando con las comunidades aut\u00f3nomas, los representantes profesionales y los sindicatos. \u201cDebe escuchar directamente a los sanitarios, aprendiendo del consenso, di\u00e1logo y moderaci\u00f3n que caracteriza al Gobierno de Juanma Moreno\u201d, ha dicho.<\/p>\n","protected":false},"excerpt":{"rendered":"<p>La huelga de m\u00e9dicos convocada desde hoy y hasta el viernes 12 de diciembre en toda Espa\u00f1a ha reavivado el debate pol\u00edtico sobre la gesti\u00f3n sanitaria en el pa\u00eds. La diputada nacional del PP por Ja\u00e9n,&nbsp;Mar\u00eda Torres, ha subrayado que este paro \u201ces contra el Gobierno de S\u00e1nchez\u201d, al que responsabiliza de no ofrecer una &hellip;<\/p>\n<p class=\"read-more\"> <a class=\"\" href=\"https:\/\/torredonjimenoactualidad.com\/index.php\/2025\/12\/09\/la-diputada-jiennense-maria-torres-pp-responsabiliza-al-gobierno-de-sanchez-de-la-huelga-de-medicos-convocada-en-toda-espana\/\"> <span class=\"screen-reader-text\">La diputada jiennense Mar\u00eda Torres (PP) responsabiliza al Gobierno de S\u00e1nchez de la huelga de m\u00e9dicos convocada en toda Espa\u00f1a<\/span> Leer m\u00e1s &raquo;<\/a><\/p>\n","protected":false},"author":2,"featured_media":4219,"comment_status":"closed","ping_status":"open","sticky":false,"template":"","format":"standard","meta":{"site-sidebar-layout":"default","site-content-layout":"default","ast-global-header-display":"","ast-main-header-display":"","ast-hfb-above-header-display":"","ast-hfb-below-header-display":"","ast-hfb-mobile-header-display":"","site-post-title":"","ast-breadcrumbs-content":"","ast-featured-img":"","footer-sml-layout":"","theme-transparent-header-meta":"","adv-header-id-meta":"","stick-header-meta":"","header-above-stick-meta":"","header-main-stick-meta":"","header-below-stick-meta":"","footnotes":""},"categories":[8],"tags":[],"class_list":["post-4218","post","type-post","status-publish","format-standard","has-post-thumbnail","hentry","category-provincia"],"yoast_head":"<!-- This site is optimized with the Yoast SEO plugin v20.8 - https:\/\/yoast.com\/wordpress\/plugins\/seo\/ -->\n<title>La diputada jiennense Mar\u00eda Torres (PP) responsabiliza al Gobierno de S\u00e1nchez de la huelga de m\u00e9dicos convocada en toda Espa\u00f1a - Torredonjimeno Actualidad<\/title>\n<meta name=\"robots\" content=\"index, follow, max-snippet:-1, max-image-preview:large, max-video-preview:-1\" \/>\n<link rel=\"canonical\" href=\"https:\/\/torredonjimenoactualidad.com\/index.php\/2025\/12\/09\/la-diputada-jiennense-maria-torres-pp-responsabiliza-al-gobierno-de-sanchez-de-la-huelga-de-medicos-convocada-en-toda-espana\/\" \/>\n<meta property=\"og:locale\" content=\"es_ES\" \/>\n<meta property=\"og:type\" content=\"article\" \/>\n<meta property=\"og:title\" content=\"La diputada jiennense Mar\u00eda Torres (PP) responsabiliza al Gobierno de S\u00e1nchez de la huelga de m\u00e9dicos convocada en toda Espa\u00f1a - Torredonjimeno Actualidad\" \/>\n<meta property=\"og:description\" content=\"La huelga de m\u00e9dicos convocada desde hoy y hasta el viernes 12 de diciembre en toda Espa\u00f1a ha reavivado el debate pol\u00edtico sobre la gesti\u00f3n sanitaria en el pa\u00eds. La diputada nacional del PP por Ja\u00e9n,&nbsp;Mar\u00eda Torres, ha subrayado que este paro \u201ces contra el Gobierno de S\u00e1nchez\u201d, al que responsabiliza de no ofrecer una &hellip; La diputada jiennense Mar\u00eda Torres (PP) responsabiliza al Gobierno de S\u00e1nchez de la huelga de m\u00e9dicos convocada en toda Espa\u00f1a Leer m\u00e1s &raquo;\" \/>\n<meta property=\"og:url\" content=\"https:\/\/torredonjimenoactualidad.com\/index.php\/2025\/12\/09\/la-diputada-jiennense-maria-torres-pp-responsabiliza-al-gobierno-de-sanchez-de-la-huelga-de-medicos-convocada-en-toda-espana\/\" \/>\n<meta property=\"og:site_name\" content=\"Torredonjimeno Actualidad\" \/>\n<meta property=\"article:published_time\" content=\"2025-12-09T21:30:14+00:00\" \/>\n<meta property=\"article:modified_time\" content=\"2025-12-09T21:30:15+00:00\" \/>\n<meta property=\"og:image\" content=\"https:\/\/torredonjimenoactualidad.com\/wp-content\/uploads\/2025\/12\/img_7661-251209172702.jpg\" \/>\n\t<meta property=\"og:image:width\" content=\"800\" \/>\n\t<meta property=\"og:image:height\" content=\"457\" \/>\n\t<meta property=\"og:image:type\" content=\"image\/jpeg\" \/>\n<meta name=\"author\" content=\"Alba Mar\u00eda Torres\" \/>\n<meta name=\"twitter:card\" content=\"summary_large_image\" \/>\n<meta name=\"twitter:label1\" content=\"Escrito por\" \/>\n\t<meta name=\"twitter:data1\" content=\"Alba Mar\u00eda Torres\" \/>\n\t<meta name=\"twitter:label2\" content=\"Tiempo de lectura\" \/>\n\t<meta name=\"twitter:data2\" content=\"2 minutos\" \/>\n<script type=\"application\/ld+json\" class=\"yoast-schema-graph\">{\"@context\":\"https:\/\/schema.org\",\"@graph\":[{\"@type\":\"Article\",\"@id\":\"https:\/\/torredonjimenoactualidad.com\/index.php\/2025\/12\/09\/la-diputada-jiennense-maria-torres-pp-responsabiliza-al-gobierno-de-sanchez-de-la-huelga-de-medicos-convocada-en-toda-espana\/#article\",\"isPartOf\":{\"@id\":\"https:\/\/torredonjimenoactualidad.com\/index.php\/2025\/12\/09\/la-diputada-jiennense-maria-torres-pp-responsabiliza-al-gobierno-de-sanchez-de-la-huelga-de-medicos-convocada-en-toda-espana\/\"},\"author\":{\"name\":\"Alba Mar\u00eda Torres\",\"@id\":\"https:\/\/torredonjimenoactualidad.com\/#\/schema\/person\/84de5f233e783ef2c75151a532b54977\"},\"headline\":\"La diputada jiennense Mar\u00eda Torres (PP) responsabiliza al Gobierno de S\u00e1nchez de la huelga de m\u00e9dicos convocada en toda Espa\u00f1a\",\"datePublished\":\"2025-12-09T21:30:14+00:00\",\"dateModified\":\"2025-12-09T21:30:15+00:00\",\"mainEntityOfPage\":{\"@id\":\"https:\/\/torredonjimenoactualidad.com\/index.php\/2025\/12\/09\/la-diputada-jiennense-maria-torres-pp-responsabiliza-al-gobierno-de-sanchez-de-la-huelga-de-medicos-convocada-en-toda-espana\/\"},\"wordCount\":478,\"publisher\":{\"@id\":\"https:\/\/torredonjimenoactualidad.com\/#organization\"},\"articleSection\":[\"provincia\"],\"inLanguage\":\"es\"},{\"@type\":\"WebPage\",\"@id\":\"https:\/\/torredonjimenoactualidad.com\/index.php\/2025\/12\/09\/la-diputada-jiennense-maria-torres-pp-responsabiliza-al-gobierno-de-sanchez-de-la-huelga-de-medicos-convocada-en-toda-espana\/\",\"url\":\"https:\/\/torredonjimenoactualidad.com\/index.php\/2025\/12\/09\/la-diputada-jiennense-maria-torres-pp-responsabiliza-al-gobierno-de-sanchez-de-la-huelga-de-medicos-convocada-en-toda-espana\/\",\"name\":\"La diputada jiennense Mar\u00eda Torres (PP) responsabiliza al Gobierno de S\u00e1nchez de la huelga de m\u00e9dicos convocada en toda Espa\u00f1a - Torredonjimeno Actualidad\",\"isPartOf\":{\"@id\":\"https:\/\/torredonjimenoactualidad.com\/#website\"},\"datePublished\":\"2025-12-09T21:30:14+00:00\",\"dateModified\":\"2025-12-09T21:30:15+00:00\",\"breadcrumb\":{\"@id\":\"https:\/\/torredonjimenoactualidad.com\/index.php\/2025\/12\/09\/la-diputada-jiennense-maria-torres-pp-responsabiliza-al-gobierno-de-sanchez-de-la-huelga-de-medicos-convocada-en-toda-espana\/#breadcrumb\"},\"inLanguage\":\"es\",\"potentialAction\":[{\"@type\":\"ReadAction\",\"target\":[\"https:\/\/torredonjimenoactualidad.com\/index.php\/2025\/12\/09\/la-diputada-jiennense-maria-torres-pp-responsabiliza-al-gobierno-de-sanchez-de-la-huelga-de-medicos-convocada-en-toda-espana\/\"]}]},{\"@type\":\"BreadcrumbList\",\"@id\":\"https:\/\/torredonjimenoactualidad.com\/index.php\/2025\/12\/09\/la-diputada-jiennense-maria-torres-pp-responsabiliza-al-gobierno-de-sanchez-de-la-huelga-de-medicos-convocada-en-toda-espana\/#breadcrumb\",\"itemListElement\":[{\"@type\":\"ListItem\",\"position\":1,\"name\":\"Portada\",\"item\":\"https:\/\/torredonjimenoactualidad.com\/\"},{\"@type\":\"ListItem\",\"position\":2,\"name\":\"La diputada jiennense Mar\u00eda Torres (PP) responsabiliza al Gobierno de S\u00e1nchez de la huelga de m\u00e9dicos convocada en toda Espa\u00f1a\"}]},{\"@type\":\"WebSite\",\"@id\":\"https:\/\/torredonjimenoactualidad.com\/#website\",\"url\":\"https:\/\/torredonjimenoactualidad.com\/\",\"name\":\"Torredonjimeno Actualidad\",\"description\":\"\",\"publisher\":{\"@id\":\"https:\/\/torredonjimenoactualidad.com\/#organization\"},\"potentialAction\":[{\"@type\":\"SearchAction\",\"target\":{\"@type\":\"EntryPoint\",\"urlTemplate\":\"https:\/\/torredonjimenoactualidad.com\/?s={search_term_string}\"},\"query-input\":\"required name=search_term_string\"}],\"inLanguage\":\"es\"},{\"@type\":\"Organization\",\"@id\":\"https:\/\/torredonjimenoactualidad.com\/#organization\",\"name\":\"Torredonjimeno Actualidad\",\"url\":\"https:\/\/torredonjimenoactualidad.com\/\",\"logo\":{\"@type\":\"ImageObject\",\"inLanguage\":\"es\",\"@id\":\"https:\/\/torredonjimenoactualidad.com\/#\/schema\/logo\/image\/\",\"url\":\"https:\/\/torredonjimenoactualidad.com\/wp-content\/uploads\/2023\/02\/logo-torredonjimeno-544x180-1.png\",\"contentUrl\":\"https:\/\/torredonjimenoactualidad.com\/wp-content\/uploads\/2023\/02\/logo-torredonjimeno-544x180-1.png\",\"width\":545,\"height\":112,\"caption\":\"Torredonjimeno Actualidad\"},\"image\":{\"@id\":\"https:\/\/torredonjimenoactualidad.com\/#\/schema\/logo\/image\/\"}},{\"@type\":\"Person\",\"@id\":\"https:\/\/torredonjimenoactualidad.com\/#\/schema\/person\/84de5f233e783ef2c75151a532b54977\",\"name\":\"Alba Mar\u00eda Torres\",\"image\":{\"@type\":\"ImageObject\",\"inLanguage\":\"es\",\"@id\":\"https:\/\/torredonjimenoactualidad.com\/#\/schema\/person\/image\/\",\"url\":\"https:\/\/secure.gravatar.com\/avatar\/f9371f188c71501b4475a9ba2a71595850ec72967f800a2ed8e3e2102859ed65?s=96&d=mm&r=g\",\"contentUrl\":\"https:\/\/secure.gravatar.com\/avatar\/f9371f188c71501b4475a9ba2a71595850ec72967f800a2ed8e3e2102859ed65?s=96&d=mm&r=g\",\"caption\":\"Alba Mar\u00eda Torres\"},\"url\":\"https:\/\/torredonjimenoactualidad.com\/index.php\/author\/alba-torres\/\"}]}<\/script>\n<!-- \/ Yoast SEO plugin. -->","yoast_head_json":{"title":"La diputada jiennense Mar\u00eda Torres (PP) responsabiliza al Gobierno de S\u00e1nchez de la huelga de m\u00e9dicos convocada en toda Espa\u00f1a - Torredonjimeno Actualidad","robots":{"index":"index","follow":"follow","max-snippet":"max-snippet:-1","max-image-preview":"max-image-preview:large","max-video-preview":"max-video-preview:-1"},"canonical":"https:\/\/torredonjimenoactualidad.com\/index.php\/2025\/12\/09\/la-diputada-jiennense-maria-torres-pp-responsabiliza-al-gobierno-de-sanchez-de-la-huelga-de-medicos-convocada-en-toda-espana\/","og_locale":"es_ES","og_type":"article","og_title":"La diputada jiennense Mar\u00eda Torres (PP) responsabiliza al Gobierno de S\u00e1nchez de la huelga de m\u00e9dicos convocada en toda Espa\u00f1a - Torredonjimeno Actualidad","og_description":"La huelga de m\u00e9dicos convocada desde hoy y hasta el viernes 12 de diciembre en toda Espa\u00f1a ha reavivado el debate pol\u00edtico sobre la gesti\u00f3n sanitaria en el pa\u00eds. La diputada nacional del PP por Ja\u00e9n,&nbsp;Mar\u00eda Torres, ha subrayado que este paro \u201ces contra el Gobierno de S\u00e1nchez\u201d, al que responsabiliza de no ofrecer una &hellip; La diputada jiennense Mar\u00eda Torres (PP) responsabiliza al Gobierno de S\u00e1nchez de la huelga de m\u00e9dicos convocada en toda Espa\u00f1a Leer m\u00e1s &raquo;","og_url":"https:\/\/torredonjimenoactualidad.com\/index.php\/2025\/12\/09\/la-diputada-jiennense-maria-torres-pp-responsabiliza-al-gobierno-de-sanchez-de-la-huelga-de-medicos-convocada-en-toda-espana\/","og_site_name":"Torredonjimeno Actualidad","article_published_time":"2025-12-09T21:30:14+00:00","article_modified_time":"2025-12-09T21:30:15+00:00","og_image":[{"width":800,"height":457,"url":"https:\/\/torredonjimenoactualidad.com\/wp-content\/uploads\/2025\/12\/img_7661-251209172702.jpg","type":"image\/jpeg"}],"author":"Alba Mar\u00eda Torres","twitter_card":"summary_large_image","twitter_misc":{"Escrito por":"Alba Mar\u00eda Torres","Tiempo de lectura":"2 minutos"},"schema":{"@context":"https:\/\/schema.org","@graph":[{"@type":"Article","@id":"https:\/\/torredonjimenoactualidad.com\/index.php\/2025\/12\/09\/la-diputada-jiennense-maria-torres-pp-responsabiliza-al-gobierno-de-sanchez-de-la-huelga-de-medicos-convocada-en-toda-espana\/#article","isPartOf":{"@id":"https:\/\/torredonjimenoactualidad.com\/index.php\/2025\/12\/09\/la-diputada-jiennense-maria-torres-pp-responsabiliza-al-gobierno-de-sanchez-de-la-huelga-de-medicos-convocada-en-toda-espana\/"},"author":{"name":"Alba Mar\u00eda Torres","@id":"https:\/\/torredonjimenoactualidad.com\/#\/schema\/person\/84de5f233e783ef2c75151a532b54977"},"headline":"La diputada jiennense Mar\u00eda Torres (PP) responsabiliza al Gobierno de S\u00e1nchez de la huelga de m\u00e9dicos convocada en toda Espa\u00f1a","datePublished":"2025-12-09T21:30:14+00:00","dateModified":"2025-12-09T21:30:15+00:00","mainEntityOfPage":{"@id":"https:\/\/torredonjimenoactualidad.com\/index.php\/2025\/12\/09\/la-diputada-jiennense-maria-torres-pp-responsabiliza-al-gobierno-de-sanchez-de-la-huelga-de-medicos-convocada-en-toda-espana\/"},"wordCount":478,"publisher":{"@id":"https:\/\/torredonjimenoactualidad.com\/#organization"},"articleSection":["provincia"],"inLanguage":"es"},{"@type":"WebPage","@id":"https:\/\/torredonjimenoactualidad.com\/index.php\/2025\/12\/09\/la-diputada-jiennense-maria-torres-pp-responsabiliza-al-gobierno-de-sanchez-de-la-huelga-de-medicos-convocada-en-toda-espana\/","url":"https:\/\/torredonjimenoactualidad.com\/index.php\/2025\/12\/09\/la-diputada-jiennense-maria-torres-pp-responsabiliza-al-gobierno-de-sanchez-de-la-huelga-de-medicos-convocada-en-toda-espana\/","name":"La diputada jiennense Mar\u00eda Torres (PP) responsabiliza al Gobierno de S\u00e1nchez de la huelga de m\u00e9dicos convocada en toda Espa\u00f1a - Torredonjimeno Actualidad","isPartOf":{"@id":"https:\/\/torredonjimenoactualidad.com\/#website"},"datePublished":"2025-12-09T21:30:14+00:00","dateModified":"2025-12-09T21:30:15+00:00","breadcrumb":{"@id":"https:\/\/torredonjimenoactualidad.com\/index.php\/2025\/12\/09\/la-diputada-jiennense-maria-torres-pp-responsabiliza-al-gobierno-de-sanchez-de-la-huelga-de-medicos-convocada-en-toda-espana\/#breadcrumb"},"inLanguage":"es","potentialAction":[{"@type":"ReadAction","target":["https:\/\/torredonjimenoactualidad.com\/index.php\/2025\/12\/09\/la-diputada-jiennense-maria-torres-pp-responsabiliza-al-gobierno-de-sanchez-de-la-huelga-de-medicos-convocada-en-toda-espana\/"]}]},{"@type":"BreadcrumbList","@id":"https:\/\/torredonjimenoactualidad.com\/index.php\/2025\/12\/09\/la-diputada-jiennense-maria-torres-pp-responsabiliza-al-gobierno-de-sanchez-de-la-huelga-de-medicos-convocada-en-toda-espana\/#breadcrumb","itemListElement":[{"@type":"ListItem","position":1,"name":"Portada","item":"https:\/\/torredonjimenoactualidad.com\/"},{"@type":"ListItem","position":2,"name":"La diputada jiennense Mar\u00eda Torres (PP) responsabiliza al Gobierno de S\u00e1nchez de la huelga de m\u00e9dicos convocada en toda Espa\u00f1a"}]},{"@type":"WebSite","@id":"https:\/\/torredonjimenoactualidad.com\/#website","url":"https:\/\/torredonjimenoactualidad.com\/","name":"Torredonjimeno Actualidad","description":"","publisher":{"@id":"https:\/\/torredonjimenoactualidad.com\/#organization"},"potentialAction":[{"@type":"SearchAction","target":{"@type":"EntryPoint","urlTemplate":"https:\/\/torredonjimenoactualidad.com\/?s={search_term_string}"},"query-input":"required name=search_term_string"}],"inLanguage":"es"},{"@type":"Organization","@id":"https:\/\/torredonjimenoactualidad.com\/#organization","name":"Torredonjimeno Actualidad","url":"https:\/\/torredonjimenoactualidad.com\/","logo":{"@type":"ImageObject","inLanguage":"es","@id":"https:\/\/torredonjimenoactualidad.com\/#\/schema\/logo\/image\/","url":"https:\/\/torredonjimenoactualidad.com\/wp-content\/uploads\/2023\/02\/logo-torredonjimeno-544x180-1.png","contentUrl":"https:\/\/torredonjimenoactualidad.com\/wp-content\/uploads\/2023\/02\/logo-torredonjimeno-544x180-1.png","width":545,"height":112,"caption":"Torredonjimeno Actualidad"},"image":{"@id":"https:\/\/torredonjimenoactualidad.com\/#\/schema\/logo\/image\/"}},{"@type":"Person","@id":"https:\/\/torredonjimenoactualidad.com\/#\/schema\/person\/84de5f233e783ef2c75151a532b54977","name":"Alba Mar\u00eda Torres","image":{"@type":"ImageObject","inLanguage":"es","@id":"https:\/\/torredonjimenoactualidad.com\/#\/schema\/person\/image\/","url":"https:\/\/secure.gravatar.com\/avatar\/f9371f188c71501b4475a9ba2a71595850ec72967f800a2ed8e3e2102859ed65?s=96&d=mm&r=g","contentUrl":"https:\/\/secure.gravatar.com\/avatar\/f9371f188c71501b4475a9ba2a71595850ec72967f800a2ed8e3e2102859ed65?s=96&d=mm&r=g","caption":"Alba Mar\u00eda Torres"},"url":"https:\/\/torredonjimenoactualidad.com\/index.php\/author\/alba-torres\/"}]}},"_links":{"self":[{"href":"https:\/\/torredonjimenoactualidad.com\/index.php\/wp-json\/wp\/v2\/posts\/4218","targetHints":{"allow":["GET"]}}],"collection":[{"href":"https:\/\/torredonjimenoactualidad.com\/index.php\/wp-json\/wp\/v2\/posts"}],"about":[{"href":"https:\/\/torredonjimenoactualidad.com\/index.php\/wp-json\/wp\/v2\/types\/post"}],"author":[{"embeddable":true,"href":"https:\/\/torredonjimenoactualidad.com\/index.php\/wp-json\/wp\/v2\/users\/2"}],"replies":[{"embeddable":true,"href":"https:\/\/torredonjimenoactualidad.com\/index.php\/wp-json\/wp\/v2\/comments?post=4218"}],"version-history":[{"count":1,"href":"https:\/\/torredonjimenoactualidad.com\/index.php\/wp-json\/wp\/v2\/posts\/4218\/revisions"}],"predecessor-version":[{"id":4220,"href":"https:\/\/torredonjimenoactualidad.com\/index.php\/wp-json\/wp\/v2\/posts\/4218\/revisions\/4220"}],"wp:featuredmedia":[{"embeddable":true,"href":"https:\/\/torredonjimenoactualidad.com\/index.php\/wp-json\/wp\/v2\/media\/4219"}],"wp:attachment":[{"href":"https:\/\/torredonjimenoactualidad.com\/index.php\/wp-json\/wp\/v2\/media?parent=4218"}],"wp:term":[{"taxonomy":"category","embeddable":true,"href":"https:\/\/torredonjimenoactualidad.com\/index.php\/wp-json\/wp\/v2\/categories?post=4218"},{"taxonomy":"post_tag","embeddable":true,"href":"https:\/\/torredonjimenoactualidad.com\/index.php\/wp-json\/wp\/v2\/tags?post=4218"}],"curies":[{"name":"wp","href":"https:\/\/api.w.org\/{rel}","templated":true}]}}