{"id":4215,"date":"2025-12-09T14:51:59","date_gmt":"2025-12-09T14:51:59","guid":{"rendered":"https:\/\/torredonjimenoactualidad.com\/?p=4215"},"modified":"2025-12-09T14:52:00","modified_gmt":"2025-12-09T14:52:00","slug":"los-medicos-del-centro-de-salud-de-torredonjimeno-secunda-al-100-la-huelga-nacional-de-facultativos-prevista-desde-hoy-y-hasta-el-viernes","status":"publish","type":"post","link":"https:\/\/torredonjimenoactualidad.com\/index.php\/2025\/12\/09\/los-medicos-del-centro-de-salud-de-torredonjimeno-secunda-al-100-la-huelga-nacional-de-facultativos-prevista-desde-hoy-y-hasta-el-viernes\/","title":{"rendered":"Los m\u00e9dicos del Centro de Salud de Torredonjimeno secunda al 100% la huelga nacional de facultativos prevista desde hoy y hasta el viernes"},"content":{"rendered":"\n<p>La primera jornada de huelga nacional convocada por los m\u00e9dicos ha tenido en&nbsp;<strong>Torredonjimeno<\/strong>&nbsp;un seguimiento&nbsp;<strong>absoluto<\/strong>. Seg\u00fan los primeros datos disponibles,&nbsp;<strong>el 100% de los facultativos del Centro de Salud<\/strong>&nbsp;se han sumado al paro, dejando la atenci\u00f3n al p\u00fablico en manos de los&nbsp;<strong>servicios m\u00ednimos<\/strong>&nbsp;establecidos por la administraci\u00f3n. Los pacientes que han acudido a consulta han sido atendidos \u00fanicamente por este dispositivo reducido.<\/p>\n\n\n\n<p>La protesta, que se prolongar\u00e1 hasta el viernes, forma parte de la convocatoria lanzada por la Confederaci\u00f3n Espa\u00f1ola de Sindicatos M\u00e9dicos (CESM) y el Sindicato M\u00e9dico Andaluz (SMA), a los que se han unido otras organizaciones profesionales. Aunque es un conflicto de alcance nacional, su impacto local se ha hecho notar desde primera hora en el municipio tosiriano.<\/p>\n\n\n\n<h3 class=\"wp-block-heading\"><strong>\u00bfPor qu\u00e9 protestan los m\u00e9dicos?<\/strong><\/h3>\n\n\n\n<p>Los facultativos denuncian que sus&nbsp;<strong>jornadas laborales son excesivas<\/strong>&nbsp;y que el Sistema Nacional de Salud \u201cse sostiene sobre la sobrecarga del m\u00e9dico\u201d. No es extra\u00f1o, seg\u00fan el presidente del SMA,&nbsp;<strong>Rafael Ojeda<\/strong>, que un profesional acumule&nbsp;<strong>60 o 70 horas semanales<\/strong>, una situaci\u00f3n que consideran insostenible tanto para ellos como para los propios usuarios del sistema.<\/p>\n\n\n\n<p>En este sentido, los convocantes subrayan que la huelga&nbsp;<strong>no solo busca mejorar las condiciones laborales<\/strong>, sino tambi\u00e9n&nbsp;<strong>reforzar la calidad asistencial de los pacientes<\/strong>, que \u2014afirman\u2014 son los primeros en sufrir las consecuencias de la saturaci\u00f3n, los retrasos y la falta de tiempo por consulta derivada de estas cargas de trabajo desmedidas.<\/p>\n\n\n\n<p>Las&nbsp;<strong>guardias de 24 horas<\/strong>, uno de los puntos m\u00e1s conflictivos, contribuyen a este escenario. Despu\u00e9s de su jornada ordinaria, los profesionales deben afrontar urgencias, listas de espera o quir\u00f3fanos programados, sin que el nuevo texto propuesto por el Ministerio reconozca estas horas como extraordinarias ni las remunere de forma diferenciada.<\/p>\n\n\n\n<p>Adem\u00e1s, los m\u00e9dicos reclaman un&nbsp;<strong>estatuto propio<\/strong>&nbsp;que contemple la especificidad de su profesi\u00f3n y su formaci\u00f3n \u2014360 cr\u00e9ditos universitarios, dos a\u00f1os m\u00e1s que otros grados\u2014. Por ello, exigen su clasificaci\u00f3n dentro del grupo&nbsp;<strong>A1+<\/strong>, lo que implicar\u00eda una reforma del Estatuto B\u00e1sico del Empleado P\u00fablico.<\/p>\n\n\n\n<p>Mientras avanzan las cuatro jornadas de paro, Torredonjimeno se sit\u00faa como uno de los municipios con&nbsp;<strong>mayor seguimiento<\/strong>, reflejo del profundo malestar que vive el colectivo y de su aspiraci\u00f3n a un sistema sanitario que funcione mejor para profesionales\u2026 y para pacientes.<\/p>\n","protected":false},"excerpt":{"rendered":"<p>La primera jornada de huelga nacional convocada por los m\u00e9dicos ha tenido en&nbsp;Torredonjimeno&nbsp;un seguimiento&nbsp;absoluto. Seg\u00fan los primeros datos disponibles,&nbsp;el 100% de los facultativos del Centro de Salud&nbsp;se han sumado al paro, dejando la atenci\u00f3n al p\u00fablico en manos de los&nbsp;servicios m\u00ednimos&nbsp;establecidos por la administraci\u00f3n. Los pacientes que han acudido a consulta han sido atendidos \u00fanicamente &hellip;<\/p>\n<p class=\"read-more\"> <a class=\"\" href=\"https:\/\/torredonjimenoactualidad.com\/index.php\/2025\/12\/09\/los-medicos-del-centro-de-salud-de-torredonjimeno-secunda-al-100-la-huelga-nacional-de-facultativos-prevista-desde-hoy-y-hasta-el-viernes\/\"> <span class=\"screen-reader-text\">Los m\u00e9dicos del Centro de Salud de Torredonjimeno secunda al 100% la huelga nacional de facultativos prevista desde hoy y hasta el viernes<\/span> Leer m\u00e1s &raquo;<\/a><\/p>\n","protected":false},"author":2,"featured_media":4216,"comment_status":"closed","ping_status":"open","sticky":false,"template":"","format":"standard","meta":{"site-sidebar-layout":"default","site-content-layout":"default","ast-global-header-display":"","ast-main-header-display":"","ast-hfb-above-header-display":"","ast-hfb-below-header-display":"","ast-hfb-mobile-header-display":"","site-post-title":"","ast-breadcrumbs-content":"","ast-featured-img":"","footer-sml-layout":"","theme-transparent-header-meta":"","adv-header-id-meta":"","stick-header-meta":"","header-above-stick-meta":"","header-main-stick-meta":"","header-below-stick-meta":"","footnotes":""},"categories":[7],"tags":[],"class_list":["post-4215","post","type-post","status-publish","format-standard","has-post-thumbnail","hentry","category-local"],"yoast_head":"<!-- This site is optimized with the Yoast SEO plugin v20.8 - https:\/\/yoast.com\/wordpress\/plugins\/seo\/ -->\n<title>Los m\u00e9dicos del Centro de Salud de Torredonjimeno secunda al 100% la huelga nacional de facultativos prevista desde hoy y hasta el viernes - Torredonjimeno Actualidad<\/title>\n<meta name=\"robots\" content=\"index, follow, max-snippet:-1, max-image-preview:large, max-video-preview:-1\" \/>\n<link rel=\"canonical\" href=\"https:\/\/torredonjimenoactualidad.com\/index.php\/2025\/12\/09\/los-medicos-del-centro-de-salud-de-torredonjimeno-secunda-al-100-la-huelga-nacional-de-facultativos-prevista-desde-hoy-y-hasta-el-viernes\/\" \/>\n<meta property=\"og:locale\" content=\"es_ES\" \/>\n<meta property=\"og:type\" content=\"article\" \/>\n<meta property=\"og:title\" content=\"Los m\u00e9dicos del Centro de Salud de Torredonjimeno secunda al 100% la huelga nacional de facultativos prevista desde hoy y hasta el viernes - Torredonjimeno Actualidad\" \/>\n<meta property=\"og:description\" content=\"La primera jornada de huelga nacional convocada por los m\u00e9dicos ha tenido en&nbsp;Torredonjimeno&nbsp;un seguimiento&nbsp;absoluto. Seg\u00fan los primeros datos disponibles,&nbsp;el 100% de los facultativos del Centro de Salud&nbsp;se han sumado al paro, dejando la atenci\u00f3n al p\u00fablico en manos de los&nbsp;servicios m\u00ednimos&nbsp;establecidos por la administraci\u00f3n. Los pacientes que han acudido a consulta han sido atendidos \u00fanicamente &hellip; Los m\u00e9dicos del Centro de Salud de Torredonjimeno secunda al 100% la huelga nacional de facultativos prevista desde hoy y hasta el viernes Leer m\u00e1s &raquo;\" \/>\n<meta property=\"og:url\" content=\"https:\/\/torredonjimenoactualidad.com\/index.php\/2025\/12\/09\/los-medicos-del-centro-de-salud-de-torredonjimeno-secunda-al-100-la-huelga-nacional-de-facultativos-prevista-desde-hoy-y-hasta-el-viernes\/\" \/>\n<meta property=\"og:site_name\" content=\"Torredonjimeno Actualidad\" \/>\n<meta property=\"article:published_time\" content=\"2025-12-09T14:51:59+00:00\" \/>\n<meta property=\"article:modified_time\" content=\"2025-12-09T14:52:00+00:00\" \/>\n<meta property=\"og:image\" content=\"https:\/\/torredonjimenoactualidad.com\/wp-content\/uploads\/2025\/12\/CENTRO-SALUD-2.jpg\" \/>\n\t<meta property=\"og:image:width\" content=\"960\" \/>\n\t<meta property=\"og:image:height\" content=\"578\" \/>\n\t<meta property=\"og:image:type\" content=\"image\/jpeg\" \/>\n<meta name=\"author\" content=\"Alba Mar\u00eda Torres\" \/>\n<meta name=\"twitter:card\" content=\"summary_large_image\" \/>\n<meta name=\"twitter:label1\" content=\"Escrito por\" \/>\n\t<meta name=\"twitter:data1\" content=\"Alba Mar\u00eda Torres\" \/>\n\t<meta name=\"twitter:label2\" content=\"Tiempo de lectura\" \/>\n\t<meta name=\"twitter:data2\" content=\"2 minutos\" \/>\n<script type=\"application\/ld+json\" class=\"yoast-schema-graph\">{\"@context\":\"https:\/\/schema.org\",\"@graph\":[{\"@type\":\"Article\",\"@id\":\"https:\/\/torredonjimenoactualidad.com\/index.php\/2025\/12\/09\/los-medicos-del-centro-de-salud-de-torredonjimeno-secunda-al-100-la-huelga-nacional-de-facultativos-prevista-desde-hoy-y-hasta-el-viernes\/#article\",\"isPartOf\":{\"@id\":\"https:\/\/torredonjimenoactualidad.com\/index.php\/2025\/12\/09\/los-medicos-del-centro-de-salud-de-torredonjimeno-secunda-al-100-la-huelga-nacional-de-facultativos-prevista-desde-hoy-y-hasta-el-viernes\/\"},\"author\":{\"name\":\"Alba Mar\u00eda Torres\",\"@id\":\"https:\/\/torredonjimenoactualidad.com\/#\/schema\/person\/84de5f233e783ef2c75151a532b54977\"},\"headline\":\"Los m\u00e9dicos del Centro de Salud de Torredonjimeno secunda al 100% la huelga nacional de facultativos prevista desde hoy y hasta el viernes\",\"datePublished\":\"2025-12-09T14:51:59+00:00\",\"dateModified\":\"2025-12-09T14:52:00+00:00\",\"mainEntityOfPage\":{\"@id\":\"https:\/\/torredonjimenoactualidad.com\/index.php\/2025\/12\/09\/los-medicos-del-centro-de-salud-de-torredonjimeno-secunda-al-100-la-huelga-nacional-de-facultativos-prevista-desde-hoy-y-hasta-el-viernes\/\"},\"wordCount\":447,\"publisher\":{\"@id\":\"https:\/\/torredonjimenoactualidad.com\/#organization\"},\"articleSection\":[\"local\"],\"inLanguage\":\"es\"},{\"@type\":\"WebPage\",\"@id\":\"https:\/\/torredonjimenoactualidad.com\/index.php\/2025\/12\/09\/los-medicos-del-centro-de-salud-de-torredonjimeno-secunda-al-100-la-huelga-nacional-de-facultativos-prevista-desde-hoy-y-hasta-el-viernes\/\",\"url\":\"https:\/\/torredonjimenoactualidad.com\/index.php\/2025\/12\/09\/los-medicos-del-centro-de-salud-de-torredonjimeno-secunda-al-100-la-huelga-nacional-de-facultativos-prevista-desde-hoy-y-hasta-el-viernes\/\",\"name\":\"Los m\u00e9dicos del Centro de Salud de Torredonjimeno secunda al 100% la huelga nacional de facultativos prevista desde hoy y hasta el viernes - Torredonjimeno Actualidad\",\"isPartOf\":{\"@id\":\"https:\/\/torredonjimenoactualidad.com\/#website\"},\"datePublished\":\"2025-12-09T14:51:59+00:00\",\"dateModified\":\"2025-12-09T14:52:00+00:00\",\"breadcrumb\":{\"@id\":\"https:\/\/torredonjimenoactualidad.com\/index.php\/2025\/12\/09\/los-medicos-del-centro-de-salud-de-torredonjimeno-secunda-al-100-la-huelga-nacional-de-facultativos-prevista-desde-hoy-y-hasta-el-viernes\/#breadcrumb\"},\"inLanguage\":\"es\",\"potentialAction\":[{\"@type\":\"ReadAction\",\"target\":[\"https:\/\/torredonjimenoactualidad.com\/index.php\/2025\/12\/09\/los-medicos-del-centro-de-salud-de-torredonjimeno-secunda-al-100-la-huelga-nacional-de-facultativos-prevista-desde-hoy-y-hasta-el-viernes\/\"]}]},{\"@type\":\"BreadcrumbList\",\"@id\":\"https:\/\/torredonjimenoactualidad.com\/index.php\/2025\/12\/09\/los-medicos-del-centro-de-salud-de-torredonjimeno-secunda-al-100-la-huelga-nacional-de-facultativos-prevista-desde-hoy-y-hasta-el-viernes\/#breadcrumb\",\"itemListElement\":[{\"@type\":\"ListItem\",\"position\":1,\"name\":\"Portada\",\"item\":\"https:\/\/torredonjimenoactualidad.com\/\"},{\"@type\":\"ListItem\",\"position\":2,\"name\":\"Los m\u00e9dicos del Centro de Salud de Torredonjimeno secunda al 100% la huelga nacional de facultativos prevista desde hoy y hasta el viernes\"}]},{\"@type\":\"WebSite\",\"@id\":\"https:\/\/torredonjimenoactualidad.com\/#website\",\"url\":\"https:\/\/torredonjimenoactualidad.com\/\",\"name\":\"Torredonjimeno Actualidad\",\"description\":\"\",\"publisher\":{\"@id\":\"https:\/\/torredonjimenoactualidad.com\/#organization\"},\"potentialAction\":[{\"@type\":\"SearchAction\",\"target\":{\"@type\":\"EntryPoint\",\"urlTemplate\":\"https:\/\/torredonjimenoactualidad.com\/?s={search_term_string}\"},\"query-input\":\"required name=search_term_string\"}],\"inLanguage\":\"es\"},{\"@type\":\"Organization\",\"@id\":\"https:\/\/torredonjimenoactualidad.com\/#organization\",\"name\":\"Torredonjimeno Actualidad\",\"url\":\"https:\/\/torredonjimenoactualidad.com\/\",\"logo\":{\"@type\":\"ImageObject\",\"inLanguage\":\"es\",\"@id\":\"https:\/\/torredonjimenoactualidad.com\/#\/schema\/logo\/image\/\",\"url\":\"https:\/\/torredonjimenoactualidad.com\/wp-content\/uploads\/2023\/02\/logo-torredonjimeno-544x180-1.png\",\"contentUrl\":\"https:\/\/torredonjimenoactualidad.com\/wp-content\/uploads\/2023\/02\/logo-torredonjimeno-544x180-1.png\",\"width\":545,\"height\":112,\"caption\":\"Torredonjimeno Actualidad\"},\"image\":{\"@id\":\"https:\/\/torredonjimenoactualidad.com\/#\/schema\/logo\/image\/\"}},{\"@type\":\"Person\",\"@id\":\"https:\/\/torredonjimenoactualidad.com\/#\/schema\/person\/84de5f233e783ef2c75151a532b54977\",\"name\":\"Alba Mar\u00eda Torres\",\"image\":{\"@type\":\"ImageObject\",\"inLanguage\":\"es\",\"@id\":\"https:\/\/torredonjimenoactualidad.com\/#\/schema\/person\/image\/\",\"url\":\"https:\/\/secure.gravatar.com\/avatar\/f9371f188c71501b4475a9ba2a71595850ec72967f800a2ed8e3e2102859ed65?s=96&d=mm&r=g\",\"contentUrl\":\"https:\/\/secure.gravatar.com\/avatar\/f9371f188c71501b4475a9ba2a71595850ec72967f800a2ed8e3e2102859ed65?s=96&d=mm&r=g\",\"caption\":\"Alba Mar\u00eda Torres\"},\"url\":\"https:\/\/torredonjimenoactualidad.com\/index.php\/author\/alba-torres\/\"}]}<\/script>\n<!-- \/ Yoast SEO plugin. -->","yoast_head_json":{"title":"Los m\u00e9dicos del Centro de Salud de Torredonjimeno secunda al 100% la huelga nacional de facultativos prevista desde hoy y hasta el viernes - Torredonjimeno Actualidad","robots":{"index":"index","follow":"follow","max-snippet":"max-snippet:-1","max-image-preview":"max-image-preview:large","max-video-preview":"max-video-preview:-1"},"canonical":"https:\/\/torredonjimenoactualidad.com\/index.php\/2025\/12\/09\/los-medicos-del-centro-de-salud-de-torredonjimeno-secunda-al-100-la-huelga-nacional-de-facultativos-prevista-desde-hoy-y-hasta-el-viernes\/","og_locale":"es_ES","og_type":"article","og_title":"Los m\u00e9dicos del Centro de Salud de Torredonjimeno secunda al 100% la huelga nacional de facultativos prevista desde hoy y hasta el viernes - Torredonjimeno Actualidad","og_description":"La primera jornada de huelga nacional convocada por los m\u00e9dicos ha tenido en&nbsp;Torredonjimeno&nbsp;un seguimiento&nbsp;absoluto. Seg\u00fan los primeros datos disponibles,&nbsp;el 100% de los facultativos del Centro de Salud&nbsp;se han sumado al paro, dejando la atenci\u00f3n al p\u00fablico en manos de los&nbsp;servicios m\u00ednimos&nbsp;establecidos por la administraci\u00f3n. Los pacientes que han acudido a consulta han sido atendidos \u00fanicamente &hellip; Los m\u00e9dicos del Centro de Salud de Torredonjimeno secunda al 100% la huelga nacional de facultativos prevista desde hoy y hasta el viernes Leer m\u00e1s &raquo;","og_url":"https:\/\/torredonjimenoactualidad.com\/index.php\/2025\/12\/09\/los-medicos-del-centro-de-salud-de-torredonjimeno-secunda-al-100-la-huelga-nacional-de-facultativos-prevista-desde-hoy-y-hasta-el-viernes\/","og_site_name":"Torredonjimeno Actualidad","article_published_time":"2025-12-09T14:51:59+00:00","article_modified_time":"2025-12-09T14:52:00+00:00","og_image":[{"width":960,"height":578,"url":"https:\/\/torredonjimenoactualidad.com\/wp-content\/uploads\/2025\/12\/CENTRO-SALUD-2.jpg","type":"image\/jpeg"}],"author":"Alba Mar\u00eda Torres","twitter_card":"summary_large_image","twitter_misc":{"Escrito por":"Alba Mar\u00eda Torres","Tiempo de lectura":"2 minutos"},"schema":{"@context":"https:\/\/schema.org","@graph":[{"@type":"Article","@id":"https:\/\/torredonjimenoactualidad.com\/index.php\/2025\/12\/09\/los-medicos-del-centro-de-salud-de-torredonjimeno-secunda-al-100-la-huelga-nacional-de-facultativos-prevista-desde-hoy-y-hasta-el-viernes\/#article","isPartOf":{"@id":"https:\/\/torredonjimenoactualidad.com\/index.php\/2025\/12\/09\/los-medicos-del-centro-de-salud-de-torredonjimeno-secunda-al-100-la-huelga-nacional-de-facultativos-prevista-desde-hoy-y-hasta-el-viernes\/"},"author":{"name":"Alba Mar\u00eda Torres","@id":"https:\/\/torredonjimenoactualidad.com\/#\/schema\/person\/84de5f233e783ef2c75151a532b54977"},"headline":"Los m\u00e9dicos del Centro de Salud de Torredonjimeno secunda al 100% la huelga nacional de facultativos prevista desde hoy y hasta el viernes","datePublished":"2025-12-09T14:51:59+00:00","dateModified":"2025-12-09T14:52:00+00:00","mainEntityOfPage":{"@id":"https:\/\/torredonjimenoactualidad.com\/index.php\/2025\/12\/09\/los-medicos-del-centro-de-salud-de-torredonjimeno-secunda-al-100-la-huelga-nacional-de-facultativos-prevista-desde-hoy-y-hasta-el-viernes\/"},"wordCount":447,"publisher":{"@id":"https:\/\/torredonjimenoactualidad.com\/#organization"},"articleSection":["local"],"inLanguage":"es"},{"@type":"WebPage","@id":"https:\/\/torredonjimenoactualidad.com\/index.php\/2025\/12\/09\/los-medicos-del-centro-de-salud-de-torredonjimeno-secunda-al-100-la-huelga-nacional-de-facultativos-prevista-desde-hoy-y-hasta-el-viernes\/","url":"https:\/\/torredonjimenoactualidad.com\/index.php\/2025\/12\/09\/los-medicos-del-centro-de-salud-de-torredonjimeno-secunda-al-100-la-huelga-nacional-de-facultativos-prevista-desde-hoy-y-hasta-el-viernes\/","name":"Los m\u00e9dicos del Centro de Salud de Torredonjimeno secunda al 100% la huelga nacional de facultativos prevista desde hoy y hasta el viernes - Torredonjimeno Actualidad","isPartOf":{"@id":"https:\/\/torredonjimenoactualidad.com\/#website"},"datePublished":"2025-12-09T14:51:59+00:00","dateModified":"2025-12-09T14:52:00+00:00","breadcrumb":{"@id":"https:\/\/torredonjimenoactualidad.com\/index.php\/2025\/12\/09\/los-medicos-del-centro-de-salud-de-torredonjimeno-secunda-al-100-la-huelga-nacional-de-facultativos-prevista-desde-hoy-y-hasta-el-viernes\/#breadcrumb"},"inLanguage":"es","potentialAction":[{"@type":"ReadAction","target":["https:\/\/torredonjimenoactualidad.com\/index.php\/2025\/12\/09\/los-medicos-del-centro-de-salud-de-torredonjimeno-secunda-al-100-la-huelga-nacional-de-facultativos-prevista-desde-hoy-y-hasta-el-viernes\/"]}]},{"@type":"BreadcrumbList","@id":"https:\/\/torredonjimenoactualidad.com\/index.php\/2025\/12\/09\/los-medicos-del-centro-de-salud-de-torredonjimeno-secunda-al-100-la-huelga-nacional-de-facultativos-prevista-desde-hoy-y-hasta-el-viernes\/#breadcrumb","itemListElement":[{"@type":"ListItem","position":1,"name":"Portada","item":"https:\/\/torredonjimenoactualidad.com\/"},{"@type":"ListItem","position":2,"name":"Los m\u00e9dicos del Centro de Salud de Torredonjimeno secunda al 100% la huelga nacional de facultativos prevista desde hoy y hasta el viernes"}]},{"@type":"WebSite","@id":"https:\/\/torredonjimenoactualidad.com\/#website","url":"https:\/\/torredonjimenoactualidad.com\/","name":"Torredonjimeno Actualidad","description":"","publisher":{"@id":"https:\/\/torredonjimenoactualidad.com\/#organization"},"potentialAction":[{"@type":"SearchAction","target":{"@type":"EntryPoint","urlTemplate":"https:\/\/torredonjimenoactualidad.com\/?s={search_term_string}"},"query-input":"required name=search_term_string"}],"inLanguage":"es"},{"@type":"Organization","@id":"https:\/\/torredonjimenoactualidad.com\/#organization","name":"Torredonjimeno Actualidad","url":"https:\/\/torredonjimenoactualidad.com\/","logo":{"@type":"ImageObject","inLanguage":"es","@id":"https:\/\/torredonjimenoactualidad.com\/#\/schema\/logo\/image\/","url":"https:\/\/torredonjimenoactualidad.com\/wp-content\/uploads\/2023\/02\/logo-torredonjimeno-544x180-1.png","contentUrl":"https:\/\/torredonjimenoactualidad.com\/wp-content\/uploads\/2023\/02\/logo-torredonjimeno-544x180-1.png","width":545,"height":112,"caption":"Torredonjimeno Actualidad"},"image":{"@id":"https:\/\/torredonjimenoactualidad.com\/#\/schema\/logo\/image\/"}},{"@type":"Person","@id":"https:\/\/torredonjimenoactualidad.com\/#\/schema\/person\/84de5f233e783ef2c75151a532b54977","name":"Alba Mar\u00eda Torres","image":{"@type":"ImageObject","inLanguage":"es","@id":"https:\/\/torredonjimenoactualidad.com\/#\/schema\/person\/image\/","url":"https:\/\/secure.gravatar.com\/avatar\/f9371f188c71501b4475a9ba2a71595850ec72967f800a2ed8e3e2102859ed65?s=96&d=mm&r=g","contentUrl":"https:\/\/secure.gravatar.com\/avatar\/f9371f188c71501b4475a9ba2a71595850ec72967f800a2ed8e3e2102859ed65?s=96&d=mm&r=g","caption":"Alba Mar\u00eda Torres"},"url":"https:\/\/torredonjimenoactualidad.com\/index.php\/author\/alba-torres\/"}]}},"_links":{"self":[{"href":"https:\/\/torredonjimenoactualidad.com\/index.php\/wp-json\/wp\/v2\/posts\/4215","targetHints":{"allow":["GET"]}}],"collection":[{"href":"https:\/\/torredonjimenoactualidad.com\/index.php\/wp-json\/wp\/v2\/posts"}],"about":[{"href":"https:\/\/torredonjimenoactualidad.com\/index.php\/wp-json\/wp\/v2\/types\/post"}],"author":[{"embeddable":true,"href":"https:\/\/torredonjimenoactualidad.com\/index.php\/wp-json\/wp\/v2\/users\/2"}],"replies":[{"embeddable":true,"href":"https:\/\/torredonjimenoactualidad.com\/index.php\/wp-json\/wp\/v2\/comments?post=4215"}],"version-history":[{"count":1,"href":"https:\/\/torredonjimenoactualidad.com\/index.php\/wp-json\/wp\/v2\/posts\/4215\/revisions"}],"predecessor-version":[{"id":4217,"href":"https:\/\/torredonjimenoactualidad.com\/index.php\/wp-json\/wp\/v2\/posts\/4215\/revisions\/4217"}],"wp:featuredmedia":[{"embeddable":true,"href":"https:\/\/torredonjimenoactualidad.com\/index.php\/wp-json\/wp\/v2\/media\/4216"}],"wp:attachment":[{"href":"https:\/\/torredonjimenoactualidad.com\/index.php\/wp-json\/wp\/v2\/media?parent=4215"}],"wp:term":[{"taxonomy":"category","embeddable":true,"href":"https:\/\/torredonjimenoactualidad.com\/index.php\/wp-json\/wp\/v2\/categories?post=4215"},{"taxonomy":"post_tag","embeddable":true,"href":"https:\/\/torredonjimenoactualidad.com\/index.php\/wp-json\/wp\/v2\/tags?post=4215"}],"curies":[{"name":"wp","href":"https:\/\/api.w.org\/{rel}","templated":true}]}}