{"id":4210,"date":"2025-12-06T14:56:28","date_gmt":"2025-12-06T14:56:28","guid":{"rendered":"https:\/\/torredonjimenoactualidad.com\/?p=4210"},"modified":"2025-12-06T14:56:29","modified_gmt":"2025-12-06T14:56:29","slug":"jaen-abrira-el-martes-el-plazo-de-inscripcion-para-la-carrera-urbana-internacional-noche-de-san-anton","status":"publish","type":"post","link":"https:\/\/torredonjimenoactualidad.com\/index.php\/2025\/12\/06\/jaen-abrira-el-martes-el-plazo-de-inscripcion-para-la-carrera-urbana-internacional-noche-de-san-anton\/","title":{"rendered":"Ja\u00e9n abrir\u00e1 el martes el plazo de inscripci\u00f3n para la Carrera Urbana Internacional Noche de San Ant\u00f3n"},"content":{"rendered":"\n<p>El Ayuntamiento de Ja\u00e9n ha anunciado que el plazo de inscripci\u00f3n para la edici\u00f3n n\u00famero 43 de la Carrera Urbana Internacional Noche de San Ant\u00f3n, que se celebrar\u00e1 el pr\u00f3ximo s\u00e1bado 17 de enero de 2026, se abrir\u00e1 el martes 9 de diciembre a las 21.00 horas.<\/p>\n\n\n\n<p>En concreto, estar\u00e1 abierto hasta las 23.59 horas del d\u00eda 27 del mismo mes o hasta que se agoten los 10.000 dorsales disponibles de la prueba B (adultos) y los 2.000 de la \u2018A\u2019 (infantil). Los interesados en participar podr\u00e1n inscribirse en la plataforma&nbsp;<a target=\"_blank\" href=\"http:\/\/www.jaenciudaddelatletismo.es\/\" rel=\"noreferrer noopener\">www.jaenciudaddelatletismo.es<\/a>, ha indicado el Ayuntamiento en un comunicado.<\/p>\n\n\n\n<p>El precio, establecido por la normativa municipal, no cambia con respecto a los \u00faltimos a\u00f1os y ser\u00e1 de 15 euros en el caso de la carrera de adultos y de tres, en la infantil.<\/p>\n\n\n\n<p>El alcalde de Ja\u00e9n, Julio Mill\u00e1n, ha felicitado el trabajo realizado por los equipos de la Tenencia de Alcald\u00eda delegada de Deportes con Carlos Alberca al frente, y del Patronato Municipal de Deportes que preside Beatriz L\u00f3pez, para \u00abcomponer todo el puzzle que una carrera de este tipo requiere desde el punto de vista organizativo, log\u00edstico y de seguridad para garantizar que la pr\u00f3xima edici\u00f3n de esta carrera vuelva a ser uno de los hitos m\u00e1s emblem\u00e1ticos del calendario runner de toda la temporada en nuestro pa\u00eds\u00bb.<\/p>\n\n\n\n<p>Todos los corredores y corredoras que cruzaron la meta en la pasada XXIX Media Marat\u00f3n \u2018Ciudad de Ja\u00e9n\u2019 y los finisher, tanto en la categor\u00eda masculina como la femenina, de la XXV Carrera Popular y Gran Caminata por la Paz y la Integraci\u00f3n, tendr\u00e1n seis d\u00edas de plazo para formalizar y abonar su inscripci\u00f3n por el mismo procedimiento, por la fecha l\u00edmite ser\u00e1n las 23.59 horas del lunes 15 de diciembre.<\/p>\n\n\n\n<p>Pasado ese d\u00eda, si no se han inscrito, el dorsal quedar\u00e1 libre para otro corredor que haga la inscripci\u00f3n. En el caso de que alguien hubiera conseguido su pre reserva en la media y terminase igualmente la prueba puesta en marcha por el instituto, solo obtendr\u00e1 una pre reserva, no siendo \u00e9stas acumulables.<\/p>\n\n\n\n<h2 class=\"wp-block-heading\">NOVEDADES&nbsp;<\/h2>\n\n\n\n<p>Por otro lado, han detallado que una de las principales de la edici\u00f3n de 2026 es que los corredores populares y la \u00e9lite saldr\u00e1n de nuevo en un breve intervalo de minutos, en oleadas, a partir de las 19.50 horas, que es cuando est\u00e1 prevista la salida de los participantes de hand bike y de silla de ruedas.<\/p>\n\n\n\n<p>Un total de 10.000 corredores y corredoras que completar\u00e1n el circuito de diez kil\u00f3metos homologado por la Real Federaci\u00f3n Espa\u00f1ola de Atletismo. La prueba infantil (A), por su parte, ser\u00e1 a las 18,30 horas.<\/p>\n\n\n\n<p>En esta edici\u00f3n la carrera escolar se adelanta al d\u00eda previo, el viernes 16 de enero, para favorecer la participaci\u00f3n de los colegios en un d\u00eda lectivo. La intenci\u00f3n es que se celebre el centro, en un recorrido que coincida en parte con el de la primera edici\u00f3n de la San Ant\u00f3n en el entorno de la Plaza de Santa Mar\u00eda.<\/p>\n\n\n\n<p>Otra de las novedades de este a\u00f1o, y que responde a una demanda hist\u00f3rica de los participantes, es que las medallas se entregar\u00e1n a los que consigan finalizar la prueba. Tambi\u00e9n que se organizar\u00e1 una feria del corredor que estar\u00e1 operativa los d\u00edas previos a la prueba y que tendr\u00e1 lugar en un c\u00e9ntrico local de la capital.<\/p>\n\n\n\n<p>La bolsa del corredor, por su parte, incluir\u00e1 un kit del corredor con una camiseta y unos guantes t\u00e9cnicos conmemorativos, adem\u00e1s de una braga de cuello. Es decir, todo cuanto incluya est\u00e1 concebido para ser usado el mismo d\u00eda de la prueba.<\/p>\n\n\n\n<p>En relaci\u00f3n con las categor\u00edas, han se\u00f1alado que no cambian con respecto a las \u00faltimas ediciones. En este sentido, la prueba A la correr\u00e1n deportistas sub 12, sub 14 y sub 16, adem\u00e1s de, como en la B, corredores y corredoras con alg\u00fan tipo de discapacidad. En la cita para adultos participar\u00e1n tambi\u00e9n inscritos en las edades sub 18, sub 20, sub 23, s\u00e9nior y m\u00e1ster A, B, C, D, E, F, G y H.<\/p>\n\n\n\n<p>El reglamento al completo y toda la informaci\u00f3n de inter\u00e9s sobre la XLIIII Carrera Urbana Internacional Noche de San Ant\u00f3n puede consultarse en la p\u00e1gina web oficial de la prueba.<\/p>\n","protected":false},"excerpt":{"rendered":"<p>El Ayuntamiento de Ja\u00e9n ha anunciado que el plazo de inscripci\u00f3n para la edici\u00f3n n\u00famero 43 de la Carrera Urbana Internacional Noche de San Ant\u00f3n, que se celebrar\u00e1 el pr\u00f3ximo s\u00e1bado 17 de enero de 2026, se abrir\u00e1 el martes 9 de diciembre a las 21.00 horas. En concreto, estar\u00e1 abierto hasta las 23.59 horas &hellip;<\/p>\n<p class=\"read-more\"> <a class=\"\" href=\"https:\/\/torredonjimenoactualidad.com\/index.php\/2025\/12\/06\/jaen-abrira-el-martes-el-plazo-de-inscripcion-para-la-carrera-urbana-internacional-noche-de-san-anton\/\"> <span class=\"screen-reader-text\">Ja\u00e9n abrir\u00e1 el martes el plazo de inscripci\u00f3n para la Carrera Urbana Internacional Noche de San Ant\u00f3n<\/span> Leer m\u00e1s &raquo;<\/a><\/p>\n","protected":false},"author":2,"featured_media":4211,"comment_status":"closed","ping_status":"open","sticky":false,"template":"","format":"standard","meta":{"site-sidebar-layout":"default","site-content-layout":"default","ast-global-header-display":"","ast-main-header-display":"","ast-hfb-above-header-display":"","ast-hfb-below-header-display":"","ast-hfb-mobile-header-display":"","site-post-title":"","ast-breadcrumbs-content":"","ast-featured-img":"","footer-sml-layout":"","theme-transparent-header-meta":"","adv-header-id-meta":"","stick-header-meta":"","header-above-stick-meta":"","header-main-stick-meta":"","header-below-stick-meta":"","footnotes":""},"categories":[8],"tags":[],"class_list":["post-4210","post","type-post","status-publish","format-standard","has-post-thumbnail","hentry","category-provincia"],"yoast_head":"<!-- This site is optimized with the Yoast SEO plugin v20.8 - https:\/\/yoast.com\/wordpress\/plugins\/seo\/ -->\n<title>Ja\u00e9n abrir\u00e1 el martes el plazo de inscripci\u00f3n para la Carrera Urbana Internacional Noche de San Ant\u00f3n - Torredonjimeno Actualidad<\/title>\n<meta name=\"robots\" content=\"index, follow, max-snippet:-1, max-image-preview:large, max-video-preview:-1\" \/>\n<link rel=\"canonical\" href=\"https:\/\/torredonjimenoactualidad.com\/index.php\/2025\/12\/06\/jaen-abrira-el-martes-el-plazo-de-inscripcion-para-la-carrera-urbana-internacional-noche-de-san-anton\/\" \/>\n<meta property=\"og:locale\" content=\"es_ES\" \/>\n<meta property=\"og:type\" content=\"article\" \/>\n<meta property=\"og:title\" content=\"Ja\u00e9n abrir\u00e1 el martes el plazo de inscripci\u00f3n para la Carrera Urbana Internacional Noche de San Ant\u00f3n - Torredonjimeno Actualidad\" \/>\n<meta property=\"og:description\" content=\"El Ayuntamiento de Ja\u00e9n ha anunciado que el plazo de inscripci\u00f3n para la edici\u00f3n n\u00famero 43 de la Carrera Urbana Internacional Noche de San Ant\u00f3n, que se celebrar\u00e1 el pr\u00f3ximo s\u00e1bado 17 de enero de 2026, se abrir\u00e1 el martes 9 de diciembre a las 21.00 horas. En concreto, estar\u00e1 abierto hasta las 23.59 horas &hellip; Ja\u00e9n abrir\u00e1 el martes el plazo de inscripci\u00f3n para la Carrera Urbana Internacional Noche de San Ant\u00f3n Leer m\u00e1s &raquo;\" \/>\n<meta property=\"og:url\" content=\"https:\/\/torredonjimenoactualidad.com\/index.php\/2025\/12\/06\/jaen-abrira-el-martes-el-plazo-de-inscripcion-para-la-carrera-urbana-internacional-noche-de-san-anton\/\" \/>\n<meta property=\"og:site_name\" content=\"Torredonjimeno Actualidad\" \/>\n<meta property=\"article:published_time\" content=\"2025-12-06T14:56:28+00:00\" \/>\n<meta property=\"article:modified_time\" content=\"2025-12-06T14:56:29+00:00\" \/>\n<meta property=\"og:image\" content=\"https:\/\/torredonjimenoactualidad.com\/wp-content\/uploads\/2025\/12\/fotonoticia_20241121104122_1920.jpg\" \/>\n\t<meta property=\"og:image:width\" content=\"1920\" \/>\n\t<meta property=\"og:image:height\" content=\"1098\" \/>\n\t<meta property=\"og:image:type\" content=\"image\/jpeg\" \/>\n<meta name=\"author\" content=\"Alba Mar\u00eda Torres\" \/>\n<meta name=\"twitter:card\" content=\"summary_large_image\" \/>\n<meta name=\"twitter:label1\" content=\"Escrito por\" \/>\n\t<meta name=\"twitter:data1\" content=\"Alba Mar\u00eda Torres\" \/>\n\t<meta name=\"twitter:label2\" content=\"Tiempo de lectura\" \/>\n\t<meta name=\"twitter:data2\" content=\"4 minutos\" \/>\n<script type=\"application\/ld+json\" class=\"yoast-schema-graph\">{\"@context\":\"https:\/\/schema.org\",\"@graph\":[{\"@type\":\"Article\",\"@id\":\"https:\/\/torredonjimenoactualidad.com\/index.php\/2025\/12\/06\/jaen-abrira-el-martes-el-plazo-de-inscripcion-para-la-carrera-urbana-internacional-noche-de-san-anton\/#article\",\"isPartOf\":{\"@id\":\"https:\/\/torredonjimenoactualidad.com\/index.php\/2025\/12\/06\/jaen-abrira-el-martes-el-plazo-de-inscripcion-para-la-carrera-urbana-internacional-noche-de-san-anton\/\"},\"author\":{\"name\":\"Alba Mar\u00eda Torres\",\"@id\":\"https:\/\/torredonjimenoactualidad.com\/#\/schema\/person\/84de5f233e783ef2c75151a532b54977\"},\"headline\":\"Ja\u00e9n abrir\u00e1 el martes el plazo de inscripci\u00f3n para la Carrera Urbana Internacional Noche de San Ant\u00f3n\",\"datePublished\":\"2025-12-06T14:56:28+00:00\",\"dateModified\":\"2025-12-06T14:56:29+00:00\",\"mainEntityOfPage\":{\"@id\":\"https:\/\/torredonjimenoactualidad.com\/index.php\/2025\/12\/06\/jaen-abrira-el-martes-el-plazo-de-inscripcion-para-la-carrera-urbana-internacional-noche-de-san-anton\/\"},\"wordCount\":772,\"publisher\":{\"@id\":\"https:\/\/torredonjimenoactualidad.com\/#organization\"},\"articleSection\":[\"provincia\"],\"inLanguage\":\"es\"},{\"@type\":\"WebPage\",\"@id\":\"https:\/\/torredonjimenoactualidad.com\/index.php\/2025\/12\/06\/jaen-abrira-el-martes-el-plazo-de-inscripcion-para-la-carrera-urbana-internacional-noche-de-san-anton\/\",\"url\":\"https:\/\/torredonjimenoactualidad.com\/index.php\/2025\/12\/06\/jaen-abrira-el-martes-el-plazo-de-inscripcion-para-la-carrera-urbana-internacional-noche-de-san-anton\/\",\"name\":\"Ja\u00e9n abrir\u00e1 el martes el plazo de inscripci\u00f3n para la Carrera Urbana Internacional Noche de San Ant\u00f3n - Torredonjimeno Actualidad\",\"isPartOf\":{\"@id\":\"https:\/\/torredonjimenoactualidad.com\/#website\"},\"datePublished\":\"2025-12-06T14:56:28+00:00\",\"dateModified\":\"2025-12-06T14:56:29+00:00\",\"breadcrumb\":{\"@id\":\"https:\/\/torredonjimenoactualidad.com\/index.php\/2025\/12\/06\/jaen-abrira-el-martes-el-plazo-de-inscripcion-para-la-carrera-urbana-internacional-noche-de-san-anton\/#breadcrumb\"},\"inLanguage\":\"es\",\"potentialAction\":[{\"@type\":\"ReadAction\",\"target\":[\"https:\/\/torredonjimenoactualidad.com\/index.php\/2025\/12\/06\/jaen-abrira-el-martes-el-plazo-de-inscripcion-para-la-carrera-urbana-internacional-noche-de-san-anton\/\"]}]},{\"@type\":\"BreadcrumbList\",\"@id\":\"https:\/\/torredonjimenoactualidad.com\/index.php\/2025\/12\/06\/jaen-abrira-el-martes-el-plazo-de-inscripcion-para-la-carrera-urbana-internacional-noche-de-san-anton\/#breadcrumb\",\"itemListElement\":[{\"@type\":\"ListItem\",\"position\":1,\"name\":\"Portada\",\"item\":\"https:\/\/torredonjimenoactualidad.com\/\"},{\"@type\":\"ListItem\",\"position\":2,\"name\":\"Ja\u00e9n abrir\u00e1 el martes el plazo de inscripci\u00f3n para la Carrera Urbana Internacional Noche de San Ant\u00f3n\"}]},{\"@type\":\"WebSite\",\"@id\":\"https:\/\/torredonjimenoactualidad.com\/#website\",\"url\":\"https:\/\/torredonjimenoactualidad.com\/\",\"name\":\"Torredonjimeno Actualidad\",\"description\":\"\",\"publisher\":{\"@id\":\"https:\/\/torredonjimenoactualidad.com\/#organization\"},\"potentialAction\":[{\"@type\":\"SearchAction\",\"target\":{\"@type\":\"EntryPoint\",\"urlTemplate\":\"https:\/\/torredonjimenoactualidad.com\/?s={search_term_string}\"},\"query-input\":\"required name=search_term_string\"}],\"inLanguage\":\"es\"},{\"@type\":\"Organization\",\"@id\":\"https:\/\/torredonjimenoactualidad.com\/#organization\",\"name\":\"Torredonjimeno Actualidad\",\"url\":\"https:\/\/torredonjimenoactualidad.com\/\",\"logo\":{\"@type\":\"ImageObject\",\"inLanguage\":\"es\",\"@id\":\"https:\/\/torredonjimenoactualidad.com\/#\/schema\/logo\/image\/\",\"url\":\"https:\/\/torredonjimenoactualidad.com\/wp-content\/uploads\/2023\/02\/logo-torredonjimeno-544x180-1.png\",\"contentUrl\":\"https:\/\/torredonjimenoactualidad.com\/wp-content\/uploads\/2023\/02\/logo-torredonjimeno-544x180-1.png\",\"width\":545,\"height\":112,\"caption\":\"Torredonjimeno Actualidad\"},\"image\":{\"@id\":\"https:\/\/torredonjimenoactualidad.com\/#\/schema\/logo\/image\/\"}},{\"@type\":\"Person\",\"@id\":\"https:\/\/torredonjimenoactualidad.com\/#\/schema\/person\/84de5f233e783ef2c75151a532b54977\",\"name\":\"Alba Mar\u00eda Torres\",\"image\":{\"@type\":\"ImageObject\",\"inLanguage\":\"es\",\"@id\":\"https:\/\/torredonjimenoactualidad.com\/#\/schema\/person\/image\/\",\"url\":\"https:\/\/secure.gravatar.com\/avatar\/f9371f188c71501b4475a9ba2a71595850ec72967f800a2ed8e3e2102859ed65?s=96&d=mm&r=g\",\"contentUrl\":\"https:\/\/secure.gravatar.com\/avatar\/f9371f188c71501b4475a9ba2a71595850ec72967f800a2ed8e3e2102859ed65?s=96&d=mm&r=g\",\"caption\":\"Alba Mar\u00eda Torres\"},\"url\":\"https:\/\/torredonjimenoactualidad.com\/index.php\/author\/alba-torres\/\"}]}<\/script>\n<!-- \/ Yoast SEO plugin. -->","yoast_head_json":{"title":"Ja\u00e9n abrir\u00e1 el martes el plazo de inscripci\u00f3n para la Carrera Urbana Internacional Noche de San Ant\u00f3n - Torredonjimeno Actualidad","robots":{"index":"index","follow":"follow","max-snippet":"max-snippet:-1","max-image-preview":"max-image-preview:large","max-video-preview":"max-video-preview:-1"},"canonical":"https:\/\/torredonjimenoactualidad.com\/index.php\/2025\/12\/06\/jaen-abrira-el-martes-el-plazo-de-inscripcion-para-la-carrera-urbana-internacional-noche-de-san-anton\/","og_locale":"es_ES","og_type":"article","og_title":"Ja\u00e9n abrir\u00e1 el martes el plazo de inscripci\u00f3n para la Carrera Urbana Internacional Noche de San Ant\u00f3n - Torredonjimeno Actualidad","og_description":"El Ayuntamiento de Ja\u00e9n ha anunciado que el plazo de inscripci\u00f3n para la edici\u00f3n n\u00famero 43 de la Carrera Urbana Internacional Noche de San Ant\u00f3n, que se celebrar\u00e1 el pr\u00f3ximo s\u00e1bado 17 de enero de 2026, se abrir\u00e1 el martes 9 de diciembre a las 21.00 horas. En concreto, estar\u00e1 abierto hasta las 23.59 horas &hellip; Ja\u00e9n abrir\u00e1 el martes el plazo de inscripci\u00f3n para la Carrera Urbana Internacional Noche de San Ant\u00f3n Leer m\u00e1s &raquo;","og_url":"https:\/\/torredonjimenoactualidad.com\/index.php\/2025\/12\/06\/jaen-abrira-el-martes-el-plazo-de-inscripcion-para-la-carrera-urbana-internacional-noche-de-san-anton\/","og_site_name":"Torredonjimeno Actualidad","article_published_time":"2025-12-06T14:56:28+00:00","article_modified_time":"2025-12-06T14:56:29+00:00","og_image":[{"width":1920,"height":1098,"url":"https:\/\/torredonjimenoactualidad.com\/wp-content\/uploads\/2025\/12\/fotonoticia_20241121104122_1920.jpg","type":"image\/jpeg"}],"author":"Alba Mar\u00eda Torres","twitter_card":"summary_large_image","twitter_misc":{"Escrito por":"Alba Mar\u00eda Torres","Tiempo de lectura":"4 minutos"},"schema":{"@context":"https:\/\/schema.org","@graph":[{"@type":"Article","@id":"https:\/\/torredonjimenoactualidad.com\/index.php\/2025\/12\/06\/jaen-abrira-el-martes-el-plazo-de-inscripcion-para-la-carrera-urbana-internacional-noche-de-san-anton\/#article","isPartOf":{"@id":"https:\/\/torredonjimenoactualidad.com\/index.php\/2025\/12\/06\/jaen-abrira-el-martes-el-plazo-de-inscripcion-para-la-carrera-urbana-internacional-noche-de-san-anton\/"},"author":{"name":"Alba Mar\u00eda Torres","@id":"https:\/\/torredonjimenoactualidad.com\/#\/schema\/person\/84de5f233e783ef2c75151a532b54977"},"headline":"Ja\u00e9n abrir\u00e1 el martes el plazo de inscripci\u00f3n para la Carrera Urbana Internacional Noche de San Ant\u00f3n","datePublished":"2025-12-06T14:56:28+00:00","dateModified":"2025-12-06T14:56:29+00:00","mainEntityOfPage":{"@id":"https:\/\/torredonjimenoactualidad.com\/index.php\/2025\/12\/06\/jaen-abrira-el-martes-el-plazo-de-inscripcion-para-la-carrera-urbana-internacional-noche-de-san-anton\/"},"wordCount":772,"publisher":{"@id":"https:\/\/torredonjimenoactualidad.com\/#organization"},"articleSection":["provincia"],"inLanguage":"es"},{"@type":"WebPage","@id":"https:\/\/torredonjimenoactualidad.com\/index.php\/2025\/12\/06\/jaen-abrira-el-martes-el-plazo-de-inscripcion-para-la-carrera-urbana-internacional-noche-de-san-anton\/","url":"https:\/\/torredonjimenoactualidad.com\/index.php\/2025\/12\/06\/jaen-abrira-el-martes-el-plazo-de-inscripcion-para-la-carrera-urbana-internacional-noche-de-san-anton\/","name":"Ja\u00e9n abrir\u00e1 el martes el plazo de inscripci\u00f3n para la Carrera Urbana Internacional Noche de San Ant\u00f3n - Torredonjimeno Actualidad","isPartOf":{"@id":"https:\/\/torredonjimenoactualidad.com\/#website"},"datePublished":"2025-12-06T14:56:28+00:00","dateModified":"2025-12-06T14:56:29+00:00","breadcrumb":{"@id":"https:\/\/torredonjimenoactualidad.com\/index.php\/2025\/12\/06\/jaen-abrira-el-martes-el-plazo-de-inscripcion-para-la-carrera-urbana-internacional-noche-de-san-anton\/#breadcrumb"},"inLanguage":"es","potentialAction":[{"@type":"ReadAction","target":["https:\/\/torredonjimenoactualidad.com\/index.php\/2025\/12\/06\/jaen-abrira-el-martes-el-plazo-de-inscripcion-para-la-carrera-urbana-internacional-noche-de-san-anton\/"]}]},{"@type":"BreadcrumbList","@id":"https:\/\/torredonjimenoactualidad.com\/index.php\/2025\/12\/06\/jaen-abrira-el-martes-el-plazo-de-inscripcion-para-la-carrera-urbana-internacional-noche-de-san-anton\/#breadcrumb","itemListElement":[{"@type":"ListItem","position":1,"name":"Portada","item":"https:\/\/torredonjimenoactualidad.com\/"},{"@type":"ListItem","position":2,"name":"Ja\u00e9n abrir\u00e1 el martes el plazo de inscripci\u00f3n para la Carrera Urbana Internacional Noche de San Ant\u00f3n"}]},{"@type":"WebSite","@id":"https:\/\/torredonjimenoactualidad.com\/#website","url":"https:\/\/torredonjimenoactualidad.com\/","name":"Torredonjimeno Actualidad","description":"","publisher":{"@id":"https:\/\/torredonjimenoactualidad.com\/#organization"},"potentialAction":[{"@type":"SearchAction","target":{"@type":"EntryPoint","urlTemplate":"https:\/\/torredonjimenoactualidad.com\/?s={search_term_string}"},"query-input":"required name=search_term_string"}],"inLanguage":"es"},{"@type":"Organization","@id":"https:\/\/torredonjimenoactualidad.com\/#organization","name":"Torredonjimeno Actualidad","url":"https:\/\/torredonjimenoactualidad.com\/","logo":{"@type":"ImageObject","inLanguage":"es","@id":"https:\/\/torredonjimenoactualidad.com\/#\/schema\/logo\/image\/","url":"https:\/\/torredonjimenoactualidad.com\/wp-content\/uploads\/2023\/02\/logo-torredonjimeno-544x180-1.png","contentUrl":"https:\/\/torredonjimenoactualidad.com\/wp-content\/uploads\/2023\/02\/logo-torredonjimeno-544x180-1.png","width":545,"height":112,"caption":"Torredonjimeno Actualidad"},"image":{"@id":"https:\/\/torredonjimenoactualidad.com\/#\/schema\/logo\/image\/"}},{"@type":"Person","@id":"https:\/\/torredonjimenoactualidad.com\/#\/schema\/person\/84de5f233e783ef2c75151a532b54977","name":"Alba Mar\u00eda Torres","image":{"@type":"ImageObject","inLanguage":"es","@id":"https:\/\/torredonjimenoactualidad.com\/#\/schema\/person\/image\/","url":"https:\/\/secure.gravatar.com\/avatar\/f9371f188c71501b4475a9ba2a71595850ec72967f800a2ed8e3e2102859ed65?s=96&d=mm&r=g","contentUrl":"https:\/\/secure.gravatar.com\/avatar\/f9371f188c71501b4475a9ba2a71595850ec72967f800a2ed8e3e2102859ed65?s=96&d=mm&r=g","caption":"Alba Mar\u00eda Torres"},"url":"https:\/\/torredonjimenoactualidad.com\/index.php\/author\/alba-torres\/"}]}},"_links":{"self":[{"href":"https:\/\/torredonjimenoactualidad.com\/index.php\/wp-json\/wp\/v2\/posts\/4210","targetHints":{"allow":["GET"]}}],"collection":[{"href":"https:\/\/torredonjimenoactualidad.com\/index.php\/wp-json\/wp\/v2\/posts"}],"about":[{"href":"https:\/\/torredonjimenoactualidad.com\/index.php\/wp-json\/wp\/v2\/types\/post"}],"author":[{"embeddable":true,"href":"https:\/\/torredonjimenoactualidad.com\/index.php\/wp-json\/wp\/v2\/users\/2"}],"replies":[{"embeddable":true,"href":"https:\/\/torredonjimenoactualidad.com\/index.php\/wp-json\/wp\/v2\/comments?post=4210"}],"version-history":[{"count":1,"href":"https:\/\/torredonjimenoactualidad.com\/index.php\/wp-json\/wp\/v2\/posts\/4210\/revisions"}],"predecessor-version":[{"id":4212,"href":"https:\/\/torredonjimenoactualidad.com\/index.php\/wp-json\/wp\/v2\/posts\/4210\/revisions\/4212"}],"wp:featuredmedia":[{"embeddable":true,"href":"https:\/\/torredonjimenoactualidad.com\/index.php\/wp-json\/wp\/v2\/media\/4211"}],"wp:attachment":[{"href":"https:\/\/torredonjimenoactualidad.com\/index.php\/wp-json\/wp\/v2\/media?parent=4210"}],"wp:term":[{"taxonomy":"category","embeddable":true,"href":"https:\/\/torredonjimenoactualidad.com\/index.php\/wp-json\/wp\/v2\/categories?post=4210"},{"taxonomy":"post_tag","embeddable":true,"href":"https:\/\/torredonjimenoactualidad.com\/index.php\/wp-json\/wp\/v2\/tags?post=4210"}],"curies":[{"name":"wp","href":"https:\/\/api.w.org\/{rel}","templated":true}]}}