{"id":4207,"date":"2025-12-04T15:59:04","date_gmt":"2025-12-04T15:59:04","guid":{"rendered":"https:\/\/torredonjimenoactualidad.com\/?p=4207"},"modified":"2025-12-04T15:59:05","modified_gmt":"2025-12-04T15:59:05","slug":"los-tosirianos-francisco-calahorro-y-chelo-arjona-portan-la-ensena-andaluza-en-el-acto-institucional-del-dia-de-la-bandera","status":"publish","type":"post","link":"https:\/\/torredonjimenoactualidad.com\/index.php\/2025\/12\/04\/los-tosirianos-francisco-calahorro-y-chelo-arjona-portan-la-ensena-andaluza-en-el-acto-institucional-del-dia-de-la-bandera\/","title":{"rendered":"Los tosirianos Francisco Calahorro y Chelo Arjona portan la ense\u00f1a andaluza en el acto institucional del D\u00eda de la Bandera"},"content":{"rendered":"\n<p>El D\u00eda de la Bandera de Andaluc\u00eda celebrado en el Museo Internacional de Arte Ibero de Ja\u00e9n tuvo este a\u00f1o dos protagonistas muy especiales: el matrimonio tosiriano formado por&nbsp;<strong>Francisco Calahorro Navas y Chelo Arjona Santiago<\/strong>, encargado de portar la bandera blanca y verde en el acto institucional presidido por la consejera de Sostenibilidad y Medio Ambiente, Catalina Garc\u00eda. Su participaci\u00f3n simboliz\u00f3 el compromiso, la identidad y el orgullo de la ciudadan\u00eda andaluza, representados en este caso por una pareja muy querida en Torredonjimeno.<\/p>\n\n\n\n<p>La entrada de la bandera al acto, a manos de Francisco y Chelo, llen\u00f3 de emoci\u00f3n el auditorio, subrayando el valor de esta efem\u00e9ride que recuerda la hist\u00f3rica movilizaci\u00f3n del 4 de diciembre de 1977. Ambos fueron recibidos con aplausos por autoridades y asistentes, que reconocieron en ellos la esencia de la Andaluc\u00eda cercana, trabajadora y profundamente arraigada a su tierra.<\/p>\n\n\n\n<h3 class=\"wp-block-heading\"><strong>Un mensaje de esperanza bajo la blanca y verde<\/strong><\/h3>\n\n\n\n<p>Garc\u00eda subray\u00f3 que la bandera de Andaluc\u00eda es \u201cm\u00e1s que un s\u00edmbolo\u201d, destacando el verde como esperanza y el blanco como expresi\u00f3n de paz y concordia. Reafirm\u00f3 el compromiso del Gobierno andaluz con \u201cun andalucismo moderno, equilibrado y transversal\u201d, apoyado en la innovaci\u00f3n, la educaci\u00f3n y la sostenibilidad.<\/p>\n\n\n\n<p>La responsable auton\u00f3mica dedic\u00f3 buena parte de su intervenci\u00f3n a resaltar la riqueza de Ja\u00e9n: desde los casi 70 millones de olivos que producen un aceite \u00fanico en el mundo, hasta la biodiversidad de sus parques naturales y el esplendor del Renacimiento en \u00dabeda, Baeza y la capital. Tambi\u00e9n destac\u00f3 la pujanza gastron\u00f3mica de la provincia, con cinco restaurantes distinguidos por la Gu\u00eda Michelin.<\/p>\n\n\n\n<h3 class=\"wp-block-heading\"><strong>Compromiso clim\u00e1tico y desarrollo sostenible<\/strong><\/h3>\n\n\n\n<p>La consejera repas\u00f3 las l\u00edneas estrat\u00e9gicas de su departamento, centradas en la protecci\u00f3n del agua, la econom\u00eda circular, las energ\u00edas renovables y la conservaci\u00f3n de espacios naturales. Proyectos como la modernizaci\u00f3n de regad\u00edos, la digitalizaci\u00f3n agr\u00edcola o la bioeconom\u00eda del olivar sit\u00faan a Ja\u00e9n, dijo, \u201cen la vanguardia de la agricultura sostenible y el turismo de naturaleza\u201d.<\/p>\n\n\n\n<h3 class=\"wp-block-heading\"><\/h3>\n\n\n\n<p><\/p>\n","protected":false},"excerpt":{"rendered":"<p>El D\u00eda de la Bandera de Andaluc\u00eda celebrado en el Museo Internacional de Arte Ibero de Ja\u00e9n tuvo este a\u00f1o dos protagonistas muy especiales: el matrimonio tosiriano formado por&nbsp;Francisco Calahorro Navas y Chelo Arjona Santiago, encargado de portar la bandera blanca y verde en el acto institucional presidido por la consejera de Sostenibilidad y Medio &hellip;<\/p>\n<p class=\"read-more\"> <a class=\"\" href=\"https:\/\/torredonjimenoactualidad.com\/index.php\/2025\/12\/04\/los-tosirianos-francisco-calahorro-y-chelo-arjona-portan-la-ensena-andaluza-en-el-acto-institucional-del-dia-de-la-bandera\/\"> <span class=\"screen-reader-text\">Los tosirianos Francisco Calahorro y Chelo Arjona portan la ense\u00f1a andaluza en el acto institucional del D\u00eda de la Bandera<\/span> Leer m\u00e1s &raquo;<\/a><\/p>\n","protected":false},"author":2,"featured_media":4208,"comment_status":"closed","ping_status":"open","sticky":false,"template":"","format":"standard","meta":{"site-sidebar-layout":"default","site-content-layout":"default","ast-global-header-display":"","ast-main-header-display":"","ast-hfb-above-header-display":"","ast-hfb-below-header-display":"","ast-hfb-mobile-header-display":"","site-post-title":"","ast-breadcrumbs-content":"","ast-featured-img":"","footer-sml-layout":"","theme-transparent-header-meta":"","adv-header-id-meta":"","stick-header-meta":"","header-above-stick-meta":"","header-main-stick-meta":"","header-below-stick-meta":"","footnotes":""},"categories":[8],"tags":[],"class_list":["post-4207","post","type-post","status-publish","format-standard","has-post-thumbnail","hentry","category-provincia"],"yoast_head":"<!-- This site is optimized with the Yoast SEO plugin v20.8 - https:\/\/yoast.com\/wordpress\/plugins\/seo\/ -->\n<title>Los tosirianos Francisco Calahorro y Chelo Arjona portan la ense\u00f1a andaluza en el acto institucional del D\u00eda de la Bandera - Torredonjimeno Actualidad<\/title>\n<meta name=\"robots\" content=\"index, follow, max-snippet:-1, max-image-preview:large, max-video-preview:-1\" \/>\n<link rel=\"canonical\" href=\"https:\/\/torredonjimenoactualidad.com\/index.php\/2025\/12\/04\/los-tosirianos-francisco-calahorro-y-chelo-arjona-portan-la-ensena-andaluza-en-el-acto-institucional-del-dia-de-la-bandera\/\" \/>\n<meta property=\"og:locale\" content=\"es_ES\" \/>\n<meta property=\"og:type\" content=\"article\" \/>\n<meta property=\"og:title\" content=\"Los tosirianos Francisco Calahorro y Chelo Arjona portan la ense\u00f1a andaluza en el acto institucional del D\u00eda de la Bandera - Torredonjimeno Actualidad\" \/>\n<meta property=\"og:description\" content=\"El D\u00eda de la Bandera de Andaluc\u00eda celebrado en el Museo Internacional de Arte Ibero de Ja\u00e9n tuvo este a\u00f1o dos protagonistas muy especiales: el matrimonio tosiriano formado por&nbsp;Francisco Calahorro Navas y Chelo Arjona Santiago, encargado de portar la bandera blanca y verde en el acto institucional presidido por la consejera de Sostenibilidad y Medio &hellip; Los tosirianos Francisco Calahorro y Chelo Arjona portan la ense\u00f1a andaluza en el acto institucional del D\u00eda de la Bandera Leer m\u00e1s &raquo;\" \/>\n<meta property=\"og:url\" content=\"https:\/\/torredonjimenoactualidad.com\/index.php\/2025\/12\/04\/los-tosirianos-francisco-calahorro-y-chelo-arjona-portan-la-ensena-andaluza-en-el-acto-institucional-del-dia-de-la-bandera\/\" \/>\n<meta property=\"og:site_name\" content=\"Torredonjimeno Actualidad\" \/>\n<meta property=\"article:published_time\" content=\"2025-12-04T15:59:04+00:00\" \/>\n<meta property=\"article:modified_time\" content=\"2025-12-04T15:59:05+00:00\" \/>\n<meta property=\"og:image\" content=\"https:\/\/torredonjimenoactualidad.com\/wp-content\/uploads\/2025\/12\/251204_CG-4D-Dia-de-la-Bandera-20-scaled.jpeg\" \/>\n\t<meta property=\"og:image:width\" content=\"2560\" \/>\n\t<meta property=\"og:image:height\" content=\"1463\" \/>\n\t<meta property=\"og:image:type\" content=\"image\/jpeg\" \/>\n<meta name=\"author\" content=\"Alba Mar\u00eda Torres\" \/>\n<meta name=\"twitter:card\" content=\"summary_large_image\" \/>\n<meta name=\"twitter:label1\" content=\"Escrito por\" \/>\n\t<meta name=\"twitter:data1\" content=\"Alba Mar\u00eda Torres\" \/>\n\t<meta name=\"twitter:label2\" content=\"Tiempo de lectura\" \/>\n\t<meta name=\"twitter:data2\" content=\"2 minutos\" \/>\n<script type=\"application\/ld+json\" class=\"yoast-schema-graph\">{\"@context\":\"https:\/\/schema.org\",\"@graph\":[{\"@type\":\"Article\",\"@id\":\"https:\/\/torredonjimenoactualidad.com\/index.php\/2025\/12\/04\/los-tosirianos-francisco-calahorro-y-chelo-arjona-portan-la-ensena-andaluza-en-el-acto-institucional-del-dia-de-la-bandera\/#article\",\"isPartOf\":{\"@id\":\"https:\/\/torredonjimenoactualidad.com\/index.php\/2025\/12\/04\/los-tosirianos-francisco-calahorro-y-chelo-arjona-portan-la-ensena-andaluza-en-el-acto-institucional-del-dia-de-la-bandera\/\"},\"author\":{\"name\":\"Alba Mar\u00eda Torres\",\"@id\":\"https:\/\/torredonjimenoactualidad.com\/#\/schema\/person\/84de5f233e783ef2c75151a532b54977\"},\"headline\":\"Los tosirianos Francisco Calahorro y Chelo Arjona portan la ense\u00f1a andaluza en el acto institucional del D\u00eda de la Bandera\",\"datePublished\":\"2025-12-04T15:59:04+00:00\",\"dateModified\":\"2025-12-04T15:59:05+00:00\",\"mainEntityOfPage\":{\"@id\":\"https:\/\/torredonjimenoactualidad.com\/index.php\/2025\/12\/04\/los-tosirianos-francisco-calahorro-y-chelo-arjona-portan-la-ensena-andaluza-en-el-acto-institucional-del-dia-de-la-bandera\/\"},\"wordCount\":387,\"publisher\":{\"@id\":\"https:\/\/torredonjimenoactualidad.com\/#organization\"},\"articleSection\":[\"provincia\"],\"inLanguage\":\"es\"},{\"@type\":\"WebPage\",\"@id\":\"https:\/\/torredonjimenoactualidad.com\/index.php\/2025\/12\/04\/los-tosirianos-francisco-calahorro-y-chelo-arjona-portan-la-ensena-andaluza-en-el-acto-institucional-del-dia-de-la-bandera\/\",\"url\":\"https:\/\/torredonjimenoactualidad.com\/index.php\/2025\/12\/04\/los-tosirianos-francisco-calahorro-y-chelo-arjona-portan-la-ensena-andaluza-en-el-acto-institucional-del-dia-de-la-bandera\/\",\"name\":\"Los tosirianos Francisco Calahorro y Chelo Arjona portan la ense\u00f1a andaluza en el acto institucional del D\u00eda de la Bandera - Torredonjimeno Actualidad\",\"isPartOf\":{\"@id\":\"https:\/\/torredonjimenoactualidad.com\/#website\"},\"datePublished\":\"2025-12-04T15:59:04+00:00\",\"dateModified\":\"2025-12-04T15:59:05+00:00\",\"breadcrumb\":{\"@id\":\"https:\/\/torredonjimenoactualidad.com\/index.php\/2025\/12\/04\/los-tosirianos-francisco-calahorro-y-chelo-arjona-portan-la-ensena-andaluza-en-el-acto-institucional-del-dia-de-la-bandera\/#breadcrumb\"},\"inLanguage\":\"es\",\"potentialAction\":[{\"@type\":\"ReadAction\",\"target\":[\"https:\/\/torredonjimenoactualidad.com\/index.php\/2025\/12\/04\/los-tosirianos-francisco-calahorro-y-chelo-arjona-portan-la-ensena-andaluza-en-el-acto-institucional-del-dia-de-la-bandera\/\"]}]},{\"@type\":\"BreadcrumbList\",\"@id\":\"https:\/\/torredonjimenoactualidad.com\/index.php\/2025\/12\/04\/los-tosirianos-francisco-calahorro-y-chelo-arjona-portan-la-ensena-andaluza-en-el-acto-institucional-del-dia-de-la-bandera\/#breadcrumb\",\"itemListElement\":[{\"@type\":\"ListItem\",\"position\":1,\"name\":\"Portada\",\"item\":\"https:\/\/torredonjimenoactualidad.com\/\"},{\"@type\":\"ListItem\",\"position\":2,\"name\":\"Los tosirianos Francisco Calahorro y Chelo Arjona portan la ense\u00f1a andaluza en el acto institucional del D\u00eda de la Bandera\"}]},{\"@type\":\"WebSite\",\"@id\":\"https:\/\/torredonjimenoactualidad.com\/#website\",\"url\":\"https:\/\/torredonjimenoactualidad.com\/\",\"name\":\"Torredonjimeno Actualidad\",\"description\":\"\",\"publisher\":{\"@id\":\"https:\/\/torredonjimenoactualidad.com\/#organization\"},\"potentialAction\":[{\"@type\":\"SearchAction\",\"target\":{\"@type\":\"EntryPoint\",\"urlTemplate\":\"https:\/\/torredonjimenoactualidad.com\/?s={search_term_string}\"},\"query-input\":\"required name=search_term_string\"}],\"inLanguage\":\"es\"},{\"@type\":\"Organization\",\"@id\":\"https:\/\/torredonjimenoactualidad.com\/#organization\",\"name\":\"Torredonjimeno Actualidad\",\"url\":\"https:\/\/torredonjimenoactualidad.com\/\",\"logo\":{\"@type\":\"ImageObject\",\"inLanguage\":\"es\",\"@id\":\"https:\/\/torredonjimenoactualidad.com\/#\/schema\/logo\/image\/\",\"url\":\"https:\/\/torredonjimenoactualidad.com\/wp-content\/uploads\/2023\/02\/logo-torredonjimeno-544x180-1.png\",\"contentUrl\":\"https:\/\/torredonjimenoactualidad.com\/wp-content\/uploads\/2023\/02\/logo-torredonjimeno-544x180-1.png\",\"width\":545,\"height\":112,\"caption\":\"Torredonjimeno Actualidad\"},\"image\":{\"@id\":\"https:\/\/torredonjimenoactualidad.com\/#\/schema\/logo\/image\/\"}},{\"@type\":\"Person\",\"@id\":\"https:\/\/torredonjimenoactualidad.com\/#\/schema\/person\/84de5f233e783ef2c75151a532b54977\",\"name\":\"Alba Mar\u00eda Torres\",\"image\":{\"@type\":\"ImageObject\",\"inLanguage\":\"es\",\"@id\":\"https:\/\/torredonjimenoactualidad.com\/#\/schema\/person\/image\/\",\"url\":\"https:\/\/secure.gravatar.com\/avatar\/f9371f188c71501b4475a9ba2a71595850ec72967f800a2ed8e3e2102859ed65?s=96&d=mm&r=g\",\"contentUrl\":\"https:\/\/secure.gravatar.com\/avatar\/f9371f188c71501b4475a9ba2a71595850ec72967f800a2ed8e3e2102859ed65?s=96&d=mm&r=g\",\"caption\":\"Alba Mar\u00eda Torres\"},\"url\":\"https:\/\/torredonjimenoactualidad.com\/index.php\/author\/alba-torres\/\"}]}<\/script>\n<!-- \/ Yoast SEO plugin. -->","yoast_head_json":{"title":"Los tosirianos Francisco Calahorro y Chelo Arjona portan la ense\u00f1a andaluza en el acto institucional del D\u00eda de la Bandera - Torredonjimeno Actualidad","robots":{"index":"index","follow":"follow","max-snippet":"max-snippet:-1","max-image-preview":"max-image-preview:large","max-video-preview":"max-video-preview:-1"},"canonical":"https:\/\/torredonjimenoactualidad.com\/index.php\/2025\/12\/04\/los-tosirianos-francisco-calahorro-y-chelo-arjona-portan-la-ensena-andaluza-en-el-acto-institucional-del-dia-de-la-bandera\/","og_locale":"es_ES","og_type":"article","og_title":"Los tosirianos Francisco Calahorro y Chelo Arjona portan la ense\u00f1a andaluza en el acto institucional del D\u00eda de la Bandera - Torredonjimeno Actualidad","og_description":"El D\u00eda de la Bandera de Andaluc\u00eda celebrado en el Museo Internacional de Arte Ibero de Ja\u00e9n tuvo este a\u00f1o dos protagonistas muy especiales: el matrimonio tosiriano formado por&nbsp;Francisco Calahorro Navas y Chelo Arjona Santiago, encargado de portar la bandera blanca y verde en el acto institucional presidido por la consejera de Sostenibilidad y Medio &hellip; Los tosirianos Francisco Calahorro y Chelo Arjona portan la ense\u00f1a andaluza en el acto institucional del D\u00eda de la Bandera Leer m\u00e1s &raquo;","og_url":"https:\/\/torredonjimenoactualidad.com\/index.php\/2025\/12\/04\/los-tosirianos-francisco-calahorro-y-chelo-arjona-portan-la-ensena-andaluza-en-el-acto-institucional-del-dia-de-la-bandera\/","og_site_name":"Torredonjimeno Actualidad","article_published_time":"2025-12-04T15:59:04+00:00","article_modified_time":"2025-12-04T15:59:05+00:00","og_image":[{"width":2560,"height":1463,"url":"https:\/\/torredonjimenoactualidad.com\/wp-content\/uploads\/2025\/12\/251204_CG-4D-Dia-de-la-Bandera-20-scaled.jpeg","type":"image\/jpeg"}],"author":"Alba Mar\u00eda Torres","twitter_card":"summary_large_image","twitter_misc":{"Escrito por":"Alba Mar\u00eda Torres","Tiempo de lectura":"2 minutos"},"schema":{"@context":"https:\/\/schema.org","@graph":[{"@type":"Article","@id":"https:\/\/torredonjimenoactualidad.com\/index.php\/2025\/12\/04\/los-tosirianos-francisco-calahorro-y-chelo-arjona-portan-la-ensena-andaluza-en-el-acto-institucional-del-dia-de-la-bandera\/#article","isPartOf":{"@id":"https:\/\/torredonjimenoactualidad.com\/index.php\/2025\/12\/04\/los-tosirianos-francisco-calahorro-y-chelo-arjona-portan-la-ensena-andaluza-en-el-acto-institucional-del-dia-de-la-bandera\/"},"author":{"name":"Alba Mar\u00eda Torres","@id":"https:\/\/torredonjimenoactualidad.com\/#\/schema\/person\/84de5f233e783ef2c75151a532b54977"},"headline":"Los tosirianos Francisco Calahorro y Chelo Arjona portan la ense\u00f1a andaluza en el acto institucional del D\u00eda de la Bandera","datePublished":"2025-12-04T15:59:04+00:00","dateModified":"2025-12-04T15:59:05+00:00","mainEntityOfPage":{"@id":"https:\/\/torredonjimenoactualidad.com\/index.php\/2025\/12\/04\/los-tosirianos-francisco-calahorro-y-chelo-arjona-portan-la-ensena-andaluza-en-el-acto-institucional-del-dia-de-la-bandera\/"},"wordCount":387,"publisher":{"@id":"https:\/\/torredonjimenoactualidad.com\/#organization"},"articleSection":["provincia"],"inLanguage":"es"},{"@type":"WebPage","@id":"https:\/\/torredonjimenoactualidad.com\/index.php\/2025\/12\/04\/los-tosirianos-francisco-calahorro-y-chelo-arjona-portan-la-ensena-andaluza-en-el-acto-institucional-del-dia-de-la-bandera\/","url":"https:\/\/torredonjimenoactualidad.com\/index.php\/2025\/12\/04\/los-tosirianos-francisco-calahorro-y-chelo-arjona-portan-la-ensena-andaluza-en-el-acto-institucional-del-dia-de-la-bandera\/","name":"Los tosirianos Francisco Calahorro y Chelo Arjona portan la ense\u00f1a andaluza en el acto institucional del D\u00eda de la Bandera - Torredonjimeno Actualidad","isPartOf":{"@id":"https:\/\/torredonjimenoactualidad.com\/#website"},"datePublished":"2025-12-04T15:59:04+00:00","dateModified":"2025-12-04T15:59:05+00:00","breadcrumb":{"@id":"https:\/\/torredonjimenoactualidad.com\/index.php\/2025\/12\/04\/los-tosirianos-francisco-calahorro-y-chelo-arjona-portan-la-ensena-andaluza-en-el-acto-institucional-del-dia-de-la-bandera\/#breadcrumb"},"inLanguage":"es","potentialAction":[{"@type":"ReadAction","target":["https:\/\/torredonjimenoactualidad.com\/index.php\/2025\/12\/04\/los-tosirianos-francisco-calahorro-y-chelo-arjona-portan-la-ensena-andaluza-en-el-acto-institucional-del-dia-de-la-bandera\/"]}]},{"@type":"BreadcrumbList","@id":"https:\/\/torredonjimenoactualidad.com\/index.php\/2025\/12\/04\/los-tosirianos-francisco-calahorro-y-chelo-arjona-portan-la-ensena-andaluza-en-el-acto-institucional-del-dia-de-la-bandera\/#breadcrumb","itemListElement":[{"@type":"ListItem","position":1,"name":"Portada","item":"https:\/\/torredonjimenoactualidad.com\/"},{"@type":"ListItem","position":2,"name":"Los tosirianos Francisco Calahorro y Chelo Arjona portan la ense\u00f1a andaluza en el acto institucional del D\u00eda de la Bandera"}]},{"@type":"WebSite","@id":"https:\/\/torredonjimenoactualidad.com\/#website","url":"https:\/\/torredonjimenoactualidad.com\/","name":"Torredonjimeno Actualidad","description":"","publisher":{"@id":"https:\/\/torredonjimenoactualidad.com\/#organization"},"potentialAction":[{"@type":"SearchAction","target":{"@type":"EntryPoint","urlTemplate":"https:\/\/torredonjimenoactualidad.com\/?s={search_term_string}"},"query-input":"required name=search_term_string"}],"inLanguage":"es"},{"@type":"Organization","@id":"https:\/\/torredonjimenoactualidad.com\/#organization","name":"Torredonjimeno Actualidad","url":"https:\/\/torredonjimenoactualidad.com\/","logo":{"@type":"ImageObject","inLanguage":"es","@id":"https:\/\/torredonjimenoactualidad.com\/#\/schema\/logo\/image\/","url":"https:\/\/torredonjimenoactualidad.com\/wp-content\/uploads\/2023\/02\/logo-torredonjimeno-544x180-1.png","contentUrl":"https:\/\/torredonjimenoactualidad.com\/wp-content\/uploads\/2023\/02\/logo-torredonjimeno-544x180-1.png","width":545,"height":112,"caption":"Torredonjimeno Actualidad"},"image":{"@id":"https:\/\/torredonjimenoactualidad.com\/#\/schema\/logo\/image\/"}},{"@type":"Person","@id":"https:\/\/torredonjimenoactualidad.com\/#\/schema\/person\/84de5f233e783ef2c75151a532b54977","name":"Alba Mar\u00eda Torres","image":{"@type":"ImageObject","inLanguage":"es","@id":"https:\/\/torredonjimenoactualidad.com\/#\/schema\/person\/image\/","url":"https:\/\/secure.gravatar.com\/avatar\/f9371f188c71501b4475a9ba2a71595850ec72967f800a2ed8e3e2102859ed65?s=96&d=mm&r=g","contentUrl":"https:\/\/secure.gravatar.com\/avatar\/f9371f188c71501b4475a9ba2a71595850ec72967f800a2ed8e3e2102859ed65?s=96&d=mm&r=g","caption":"Alba Mar\u00eda Torres"},"url":"https:\/\/torredonjimenoactualidad.com\/index.php\/author\/alba-torres\/"}]}},"_links":{"self":[{"href":"https:\/\/torredonjimenoactualidad.com\/index.php\/wp-json\/wp\/v2\/posts\/4207","targetHints":{"allow":["GET"]}}],"collection":[{"href":"https:\/\/torredonjimenoactualidad.com\/index.php\/wp-json\/wp\/v2\/posts"}],"about":[{"href":"https:\/\/torredonjimenoactualidad.com\/index.php\/wp-json\/wp\/v2\/types\/post"}],"author":[{"embeddable":true,"href":"https:\/\/torredonjimenoactualidad.com\/index.php\/wp-json\/wp\/v2\/users\/2"}],"replies":[{"embeddable":true,"href":"https:\/\/torredonjimenoactualidad.com\/index.php\/wp-json\/wp\/v2\/comments?post=4207"}],"version-history":[{"count":1,"href":"https:\/\/torredonjimenoactualidad.com\/index.php\/wp-json\/wp\/v2\/posts\/4207\/revisions"}],"predecessor-version":[{"id":4209,"href":"https:\/\/torredonjimenoactualidad.com\/index.php\/wp-json\/wp\/v2\/posts\/4207\/revisions\/4209"}],"wp:featuredmedia":[{"embeddable":true,"href":"https:\/\/torredonjimenoactualidad.com\/index.php\/wp-json\/wp\/v2\/media\/4208"}],"wp:attachment":[{"href":"https:\/\/torredonjimenoactualidad.com\/index.php\/wp-json\/wp\/v2\/media?parent=4207"}],"wp:term":[{"taxonomy":"category","embeddable":true,"href":"https:\/\/torredonjimenoactualidad.com\/index.php\/wp-json\/wp\/v2\/categories?post=4207"},{"taxonomy":"post_tag","embeddable":true,"href":"https:\/\/torredonjimenoactualidad.com\/index.php\/wp-json\/wp\/v2\/tags?post=4207"}],"curies":[{"name":"wp","href":"https:\/\/api.w.org\/{rel}","templated":true}]}}