{"id":4199,"date":"2025-12-04T12:56:04","date_gmt":"2025-12-04T12:56:04","guid":{"rendered":"https:\/\/torredonjimenoactualidad.com\/?p=4199"},"modified":"2025-12-04T12:56:05","modified_gmt":"2025-12-04T12:56:05","slug":"la-guardia-civil-desarticula-la-mayor-red-de-distribucion-de-cocaina-en-jaen-con-ramificaciones-en-torredonjimeno","status":"publish","type":"post","link":"https:\/\/torredonjimenoactualidad.com\/index.php\/2025\/12\/04\/la-guardia-civil-desarticula-la-mayor-red-de-distribucion-de-cocaina-en-jaen-con-ramificaciones-en-torredonjimeno\/","title":{"rendered":"La Guardia Civil desarticula la mayor red de distribuci\u00f3n de coca\u00edna en Ja\u00e9n, con ramificaciones en Torredonjimeno"},"content":{"rendered":"\n<p>La Guardia Civil ha desarticulado la mayor red de distribuci\u00f3n de coca\u00edna detectada hasta ahora en la provincia de Ja\u00e9n, una organizaci\u00f3n criminal dedicada al tr\u00e1fico de drogas y al blanqueo de capitales que extend\u00eda su actividad por Ja\u00e9n, M\u00e1laga, Granada y Almer\u00eda. La operaci\u00f3n, bautizada como&nbsp;<em>Tucis<\/em>, concluye por el momento con 25 personas detenidas, de las cuales 17 han ingresado en prisi\u00f3n preventiva tras pasar a disposici\u00f3n del Tribunal de Instancia n\u00famero 1 de \u00dabeda. El resto ha quedado en libertad con cargos mientras contin\u00faan las diligencias.<\/p>\n\n\n\n<p>Seg\u00fan la investigaci\u00f3n, la organizaci\u00f3n introduc\u00eda en la provincia m\u00e1s de 30 kilos de coca\u00edna al mes, una cifra in\u00e9dita que refleja la dimensi\u00f3n real del entramado. La red hab\u00eda consolidado una estructura perfectamente jerarquizada, con responsables diferenciados para el transporte interprovincial, la distribuci\u00f3n y el blanqueo de capitales. Entre los enclaves donde se abastec\u00edan puntos de venta de alta actividad figuran Baeza, Linares, Mancha Real, \u00dabeda, La Carolina, Estaci\u00f3n Linares-Baeza, Arjonilla y tambi\u00e9n Torredonjimeno, localidad que se hab\u00eda convertido en uno de los destinos habituales de la droga antes de su reparto a menor escala.<\/p>\n\n\n\n<p>El subdelegado del Gobierno en Ja\u00e9n, Manuel Fern\u00e1ndez, destac\u00f3 que esta operaci\u00f3n supone \u201cun golpe contundente a una organizaci\u00f3n altamente especializada que pretend\u00eda asentarse en nuestra provincia para el tr\u00e1fico de coca\u00edna a gran escala\u201d. Fern\u00e1ndez insisti\u00f3 en que la actuaci\u00f3n no solo neutraliza la capacidad del grupo, sino que \u201cenv\u00eda un mensaje claro: en Ja\u00e9n no hay espacio para quienes se dedican al narcotr\u00e1fico o al blanqueo vinculado a estas actividades\u201d. Tambi\u00e9n subray\u00f3 que la provincia sigue situ\u00e1ndose entre las que registran una menor tasa de criminalidad del pa\u00eds, muy por debajo de la media nacional.<\/p>\n\n\n\n<p>La investigaci\u00f3n se inici\u00f3 a principios de 2025, cuando los agentes detectaron una v\u00eda de entrada de coca\u00edna gestionada por un individuo natural de Linares y afincado en Marbella. A partir de ah\u00ed se destap\u00f3 una red con ramificaciones en varias provincias, que utilizaba viviendas y naves como centros de custodia, distribuci\u00f3n y ocultaci\u00f3n de la droga. Durante los 40 registros practicados se incautaron m\u00e1s de 15 kilos de coca\u00edna, cerca de un kilo de hach\u00eds, peque\u00f1as cantidades de marihuana, 122.810 euros en efectivo, dos armas cortas con munici\u00f3n y abundante material para la manipulaci\u00f3n de sustancias estupefacientes.<\/p>\n\n\n\n<p>Los agentes intervinieron tambi\u00e9n bienes valorados en 2.254.000 euros, entre ellos once inmuebles, catorce veh\u00edculos y noventa cuentas bancarias que, seg\u00fan las pesquisas, formaban parte de la estructura financiera destinada a blanquear el dinero generado por la actividad il\u00edcita. La presencia de armas en condiciones de uso inmediato confirma, seg\u00fan el jefe de la Comandancia de Ja\u00e9n, el teniente coronel Francisco Jos\u00e9 Lozano, la peligrosidad de una red que combinaba tr\u00e1fico de drogas a gran escala, capacidad econ\u00f3mica y recursos tecnol\u00f3gicos suficientes para sostener su actividad en el tiempo.<\/p>\n\n\n\n<p>La operaci\u00f3n ha sido dirigida por el Tribunal de Instancia n\u00famero 1 de \u00dabeda y la Fiscal\u00eda territorial, con la participaci\u00f3n de las Comandancias de Ja\u00e9n y M\u00e1laga. Las diligencias judiciales permanecen abiertas y no se descartan nuevas detenciones a medida que avanza el an\u00e1lisis de la documentaci\u00f3n y los bienes intervenidos.<\/p>\n","protected":false},"excerpt":{"rendered":"<p>La Guardia Civil ha desarticulado la mayor red de distribuci\u00f3n de coca\u00edna detectada hasta ahora en la provincia de Ja\u00e9n, una organizaci\u00f3n criminal dedicada al tr\u00e1fico de drogas y al blanqueo de capitales que extend\u00eda su actividad por Ja\u00e9n, M\u00e1laga, Granada y Almer\u00eda. La operaci\u00f3n, bautizada como&nbsp;Tucis, concluye por el momento con 25 personas detenidas, &hellip;<\/p>\n<p class=\"read-more\"> <a class=\"\" href=\"https:\/\/torredonjimenoactualidad.com\/index.php\/2025\/12\/04\/la-guardia-civil-desarticula-la-mayor-red-de-distribucion-de-cocaina-en-jaen-con-ramificaciones-en-torredonjimeno\/\"> <span class=\"screen-reader-text\">La Guardia Civil desarticula la mayor red de distribuci\u00f3n de coca\u00edna en Ja\u00e9n, con ramificaciones en Torredonjimeno<\/span> Leer m\u00e1s &raquo;<\/a><\/p>\n","protected":false},"author":3,"featured_media":4200,"comment_status":"closed","ping_status":"open","sticky":false,"template":"","format":"standard","meta":{"site-sidebar-layout":"default","site-content-layout":"default","ast-global-header-display":"","ast-main-header-display":"","ast-hfb-above-header-display":"","ast-hfb-below-header-display":"","ast-hfb-mobile-header-display":"","site-post-title":"","ast-breadcrumbs-content":"","ast-featured-img":"","footer-sml-layout":"","theme-transparent-header-meta":"","adv-header-id-meta":"","stick-header-meta":"","header-above-stick-meta":"","header-main-stick-meta":"","header-below-stick-meta":"","footnotes":""},"categories":[8],"tags":[],"class_list":["post-4199","post","type-post","status-publish","format-standard","has-post-thumbnail","hentry","category-provincia"],"yoast_head":"<!-- This site is optimized with the Yoast SEO plugin v20.8 - https:\/\/yoast.com\/wordpress\/plugins\/seo\/ -->\n<title>La Guardia Civil desarticula la mayor red de distribuci\u00f3n de coca\u00edna en Ja\u00e9n, con ramificaciones en Torredonjimeno - Torredonjimeno Actualidad<\/title>\n<meta name=\"robots\" content=\"index, follow, max-snippet:-1, max-image-preview:large, max-video-preview:-1\" \/>\n<link rel=\"canonical\" href=\"https:\/\/torredonjimenoactualidad.com\/index.php\/2025\/12\/04\/la-guardia-civil-desarticula-la-mayor-red-de-distribucion-de-cocaina-en-jaen-con-ramificaciones-en-torredonjimeno\/\" \/>\n<meta property=\"og:locale\" content=\"es_ES\" \/>\n<meta property=\"og:type\" content=\"article\" \/>\n<meta property=\"og:title\" content=\"La Guardia Civil desarticula la mayor red de distribuci\u00f3n de coca\u00edna en Ja\u00e9n, con ramificaciones en Torredonjimeno - Torredonjimeno Actualidad\" \/>\n<meta property=\"og:description\" content=\"La Guardia Civil ha desarticulado la mayor red de distribuci\u00f3n de coca\u00edna detectada hasta ahora en la provincia de Ja\u00e9n, una organizaci\u00f3n criminal dedicada al tr\u00e1fico de drogas y al blanqueo de capitales que extend\u00eda su actividad por Ja\u00e9n, M\u00e1laga, Granada y Almer\u00eda. La operaci\u00f3n, bautizada como&nbsp;Tucis, concluye por el momento con 25 personas detenidas, &hellip; La Guardia Civil desarticula la mayor red de distribuci\u00f3n de coca\u00edna en Ja\u00e9n, con ramificaciones en Torredonjimeno Leer m\u00e1s &raquo;\" \/>\n<meta property=\"og:url\" content=\"https:\/\/torredonjimenoactualidad.com\/index.php\/2025\/12\/04\/la-guardia-civil-desarticula-la-mayor-red-de-distribucion-de-cocaina-en-jaen-con-ramificaciones-en-torredonjimeno\/\" \/>\n<meta property=\"og:site_name\" content=\"Torredonjimeno Actualidad\" \/>\n<meta property=\"article:published_time\" content=\"2025-12-04T12:56:04+00:00\" \/>\n<meta property=\"article:modified_time\" content=\"2025-12-04T12:56:05+00:00\" \/>\n<meta property=\"og:image\" content=\"https:\/\/torredonjimenoactualidad.com\/wp-content\/uploads\/2025\/12\/fotonoticia_20251204123503_1920.jpg\" \/>\n\t<meta property=\"og:image:width\" content=\"1920\" \/>\n\t<meta property=\"og:image:height\" content=\"1097\" \/>\n\t<meta property=\"og:image:type\" content=\"image\/jpeg\" \/>\n<meta name=\"author\" content=\"Redaccion\" \/>\n<meta name=\"twitter:card\" content=\"summary_large_image\" \/>\n<meta name=\"twitter:label1\" content=\"Escrito por\" \/>\n\t<meta name=\"twitter:data1\" content=\"Redaccion\" \/>\n\t<meta name=\"twitter:label2\" content=\"Tiempo de lectura\" \/>\n\t<meta name=\"twitter:data2\" content=\"3 minutos\" \/>\n<script type=\"application\/ld+json\" class=\"yoast-schema-graph\">{\"@context\":\"https:\/\/schema.org\",\"@graph\":[{\"@type\":\"Article\",\"@id\":\"https:\/\/torredonjimenoactualidad.com\/index.php\/2025\/12\/04\/la-guardia-civil-desarticula-la-mayor-red-de-distribucion-de-cocaina-en-jaen-con-ramificaciones-en-torredonjimeno\/#article\",\"isPartOf\":{\"@id\":\"https:\/\/torredonjimenoactualidad.com\/index.php\/2025\/12\/04\/la-guardia-civil-desarticula-la-mayor-red-de-distribucion-de-cocaina-en-jaen-con-ramificaciones-en-torredonjimeno\/\"},\"author\":{\"name\":\"Redaccion\",\"@id\":\"https:\/\/torredonjimenoactualidad.com\/#\/schema\/person\/11f05803cdf40dbeb7f4fbf2365c9ac5\"},\"headline\":\"La Guardia Civil desarticula la mayor red de distribuci\u00f3n de coca\u00edna en Ja\u00e9n, con ramificaciones en Torredonjimeno\",\"datePublished\":\"2025-12-04T12:56:04+00:00\",\"dateModified\":\"2025-12-04T12:56:05+00:00\",\"mainEntityOfPage\":{\"@id\":\"https:\/\/torredonjimenoactualidad.com\/index.php\/2025\/12\/04\/la-guardia-civil-desarticula-la-mayor-red-de-distribucion-de-cocaina-en-jaen-con-ramificaciones-en-torredonjimeno\/\"},\"wordCount\":603,\"publisher\":{\"@id\":\"https:\/\/torredonjimenoactualidad.com\/#organization\"},\"articleSection\":[\"provincia\"],\"inLanguage\":\"es\"},{\"@type\":\"WebPage\",\"@id\":\"https:\/\/torredonjimenoactualidad.com\/index.php\/2025\/12\/04\/la-guardia-civil-desarticula-la-mayor-red-de-distribucion-de-cocaina-en-jaen-con-ramificaciones-en-torredonjimeno\/\",\"url\":\"https:\/\/torredonjimenoactualidad.com\/index.php\/2025\/12\/04\/la-guardia-civil-desarticula-la-mayor-red-de-distribucion-de-cocaina-en-jaen-con-ramificaciones-en-torredonjimeno\/\",\"name\":\"La Guardia Civil desarticula la mayor red de distribuci\u00f3n de coca\u00edna en Ja\u00e9n, con ramificaciones en Torredonjimeno - Torredonjimeno Actualidad\",\"isPartOf\":{\"@id\":\"https:\/\/torredonjimenoactualidad.com\/#website\"},\"datePublished\":\"2025-12-04T12:56:04+00:00\",\"dateModified\":\"2025-12-04T12:56:05+00:00\",\"breadcrumb\":{\"@id\":\"https:\/\/torredonjimenoactualidad.com\/index.php\/2025\/12\/04\/la-guardia-civil-desarticula-la-mayor-red-de-distribucion-de-cocaina-en-jaen-con-ramificaciones-en-torredonjimeno\/#breadcrumb\"},\"inLanguage\":\"es\",\"potentialAction\":[{\"@type\":\"ReadAction\",\"target\":[\"https:\/\/torredonjimenoactualidad.com\/index.php\/2025\/12\/04\/la-guardia-civil-desarticula-la-mayor-red-de-distribucion-de-cocaina-en-jaen-con-ramificaciones-en-torredonjimeno\/\"]}]},{\"@type\":\"BreadcrumbList\",\"@id\":\"https:\/\/torredonjimenoactualidad.com\/index.php\/2025\/12\/04\/la-guardia-civil-desarticula-la-mayor-red-de-distribucion-de-cocaina-en-jaen-con-ramificaciones-en-torredonjimeno\/#breadcrumb\",\"itemListElement\":[{\"@type\":\"ListItem\",\"position\":1,\"name\":\"Portada\",\"item\":\"https:\/\/torredonjimenoactualidad.com\/\"},{\"@type\":\"ListItem\",\"position\":2,\"name\":\"La Guardia Civil desarticula la mayor red de distribuci\u00f3n de coca\u00edna en Ja\u00e9n, con ramificaciones en Torredonjimeno\"}]},{\"@type\":\"WebSite\",\"@id\":\"https:\/\/torredonjimenoactualidad.com\/#website\",\"url\":\"https:\/\/torredonjimenoactualidad.com\/\",\"name\":\"Torredonjimeno Actualidad\",\"description\":\"\",\"publisher\":{\"@id\":\"https:\/\/torredonjimenoactualidad.com\/#organization\"},\"potentialAction\":[{\"@type\":\"SearchAction\",\"target\":{\"@type\":\"EntryPoint\",\"urlTemplate\":\"https:\/\/torredonjimenoactualidad.com\/?s={search_term_string}\"},\"query-input\":\"required name=search_term_string\"}],\"inLanguage\":\"es\"},{\"@type\":\"Organization\",\"@id\":\"https:\/\/torredonjimenoactualidad.com\/#organization\",\"name\":\"Torredonjimeno Actualidad\",\"url\":\"https:\/\/torredonjimenoactualidad.com\/\",\"logo\":{\"@type\":\"ImageObject\",\"inLanguage\":\"es\",\"@id\":\"https:\/\/torredonjimenoactualidad.com\/#\/schema\/logo\/image\/\",\"url\":\"https:\/\/torredonjimenoactualidad.com\/wp-content\/uploads\/2023\/02\/logo-torredonjimeno-544x180-1.png\",\"contentUrl\":\"https:\/\/torredonjimenoactualidad.com\/wp-content\/uploads\/2023\/02\/logo-torredonjimeno-544x180-1.png\",\"width\":545,\"height\":112,\"caption\":\"Torredonjimeno Actualidad\"},\"image\":{\"@id\":\"https:\/\/torredonjimenoactualidad.com\/#\/schema\/logo\/image\/\"}},{\"@type\":\"Person\",\"@id\":\"https:\/\/torredonjimenoactualidad.com\/#\/schema\/person\/11f05803cdf40dbeb7f4fbf2365c9ac5\",\"name\":\"Redaccion\",\"image\":{\"@type\":\"ImageObject\",\"inLanguage\":\"es\",\"@id\":\"https:\/\/torredonjimenoactualidad.com\/#\/schema\/person\/image\/\",\"url\":\"https:\/\/secure.gravatar.com\/avatar\/5917bab7eff43e17746fd29b509939469470810b6b989b7cc2f89e3188399bf3?s=96&d=mm&r=g\",\"contentUrl\":\"https:\/\/secure.gravatar.com\/avatar\/5917bab7eff43e17746fd29b509939469470810b6b989b7cc2f89e3188399bf3?s=96&d=mm&r=g\",\"caption\":\"Redaccion\"},\"url\":\"https:\/\/torredonjimenoactualidad.com\/index.php\/author\/jose-bueno\/\"}]}<\/script>\n<!-- \/ Yoast SEO plugin. -->","yoast_head_json":{"title":"La Guardia Civil desarticula la mayor red de distribuci\u00f3n de coca\u00edna en Ja\u00e9n, con ramificaciones en Torredonjimeno - Torredonjimeno Actualidad","robots":{"index":"index","follow":"follow","max-snippet":"max-snippet:-1","max-image-preview":"max-image-preview:large","max-video-preview":"max-video-preview:-1"},"canonical":"https:\/\/torredonjimenoactualidad.com\/index.php\/2025\/12\/04\/la-guardia-civil-desarticula-la-mayor-red-de-distribucion-de-cocaina-en-jaen-con-ramificaciones-en-torredonjimeno\/","og_locale":"es_ES","og_type":"article","og_title":"La Guardia Civil desarticula la mayor red de distribuci\u00f3n de coca\u00edna en Ja\u00e9n, con ramificaciones en Torredonjimeno - Torredonjimeno Actualidad","og_description":"La Guardia Civil ha desarticulado la mayor red de distribuci\u00f3n de coca\u00edna detectada hasta ahora en la provincia de Ja\u00e9n, una organizaci\u00f3n criminal dedicada al tr\u00e1fico de drogas y al blanqueo de capitales que extend\u00eda su actividad por Ja\u00e9n, M\u00e1laga, Granada y Almer\u00eda. La operaci\u00f3n, bautizada como&nbsp;Tucis, concluye por el momento con 25 personas detenidas, &hellip; La Guardia Civil desarticula la mayor red de distribuci\u00f3n de coca\u00edna en Ja\u00e9n, con ramificaciones en Torredonjimeno Leer m\u00e1s &raquo;","og_url":"https:\/\/torredonjimenoactualidad.com\/index.php\/2025\/12\/04\/la-guardia-civil-desarticula-la-mayor-red-de-distribucion-de-cocaina-en-jaen-con-ramificaciones-en-torredonjimeno\/","og_site_name":"Torredonjimeno Actualidad","article_published_time":"2025-12-04T12:56:04+00:00","article_modified_time":"2025-12-04T12:56:05+00:00","og_image":[{"width":1920,"height":1097,"url":"https:\/\/torredonjimenoactualidad.com\/wp-content\/uploads\/2025\/12\/fotonoticia_20251204123503_1920.jpg","type":"image\/jpeg"}],"author":"Redaccion","twitter_card":"summary_large_image","twitter_misc":{"Escrito por":"Redaccion","Tiempo de lectura":"3 minutos"},"schema":{"@context":"https:\/\/schema.org","@graph":[{"@type":"Article","@id":"https:\/\/torredonjimenoactualidad.com\/index.php\/2025\/12\/04\/la-guardia-civil-desarticula-la-mayor-red-de-distribucion-de-cocaina-en-jaen-con-ramificaciones-en-torredonjimeno\/#article","isPartOf":{"@id":"https:\/\/torredonjimenoactualidad.com\/index.php\/2025\/12\/04\/la-guardia-civil-desarticula-la-mayor-red-de-distribucion-de-cocaina-en-jaen-con-ramificaciones-en-torredonjimeno\/"},"author":{"name":"Redaccion","@id":"https:\/\/torredonjimenoactualidad.com\/#\/schema\/person\/11f05803cdf40dbeb7f4fbf2365c9ac5"},"headline":"La Guardia Civil desarticula la mayor red de distribuci\u00f3n de coca\u00edna en Ja\u00e9n, con ramificaciones en Torredonjimeno","datePublished":"2025-12-04T12:56:04+00:00","dateModified":"2025-12-04T12:56:05+00:00","mainEntityOfPage":{"@id":"https:\/\/torredonjimenoactualidad.com\/index.php\/2025\/12\/04\/la-guardia-civil-desarticula-la-mayor-red-de-distribucion-de-cocaina-en-jaen-con-ramificaciones-en-torredonjimeno\/"},"wordCount":603,"publisher":{"@id":"https:\/\/torredonjimenoactualidad.com\/#organization"},"articleSection":["provincia"],"inLanguage":"es"},{"@type":"WebPage","@id":"https:\/\/torredonjimenoactualidad.com\/index.php\/2025\/12\/04\/la-guardia-civil-desarticula-la-mayor-red-de-distribucion-de-cocaina-en-jaen-con-ramificaciones-en-torredonjimeno\/","url":"https:\/\/torredonjimenoactualidad.com\/index.php\/2025\/12\/04\/la-guardia-civil-desarticula-la-mayor-red-de-distribucion-de-cocaina-en-jaen-con-ramificaciones-en-torredonjimeno\/","name":"La Guardia Civil desarticula la mayor red de distribuci\u00f3n de coca\u00edna en Ja\u00e9n, con ramificaciones en Torredonjimeno - Torredonjimeno Actualidad","isPartOf":{"@id":"https:\/\/torredonjimenoactualidad.com\/#website"},"datePublished":"2025-12-04T12:56:04+00:00","dateModified":"2025-12-04T12:56:05+00:00","breadcrumb":{"@id":"https:\/\/torredonjimenoactualidad.com\/index.php\/2025\/12\/04\/la-guardia-civil-desarticula-la-mayor-red-de-distribucion-de-cocaina-en-jaen-con-ramificaciones-en-torredonjimeno\/#breadcrumb"},"inLanguage":"es","potentialAction":[{"@type":"ReadAction","target":["https:\/\/torredonjimenoactualidad.com\/index.php\/2025\/12\/04\/la-guardia-civil-desarticula-la-mayor-red-de-distribucion-de-cocaina-en-jaen-con-ramificaciones-en-torredonjimeno\/"]}]},{"@type":"BreadcrumbList","@id":"https:\/\/torredonjimenoactualidad.com\/index.php\/2025\/12\/04\/la-guardia-civil-desarticula-la-mayor-red-de-distribucion-de-cocaina-en-jaen-con-ramificaciones-en-torredonjimeno\/#breadcrumb","itemListElement":[{"@type":"ListItem","position":1,"name":"Portada","item":"https:\/\/torredonjimenoactualidad.com\/"},{"@type":"ListItem","position":2,"name":"La Guardia Civil desarticula la mayor red de distribuci\u00f3n de coca\u00edna en Ja\u00e9n, con ramificaciones en Torredonjimeno"}]},{"@type":"WebSite","@id":"https:\/\/torredonjimenoactualidad.com\/#website","url":"https:\/\/torredonjimenoactualidad.com\/","name":"Torredonjimeno Actualidad","description":"","publisher":{"@id":"https:\/\/torredonjimenoactualidad.com\/#organization"},"potentialAction":[{"@type":"SearchAction","target":{"@type":"EntryPoint","urlTemplate":"https:\/\/torredonjimenoactualidad.com\/?s={search_term_string}"},"query-input":"required name=search_term_string"}],"inLanguage":"es"},{"@type":"Organization","@id":"https:\/\/torredonjimenoactualidad.com\/#organization","name":"Torredonjimeno Actualidad","url":"https:\/\/torredonjimenoactualidad.com\/","logo":{"@type":"ImageObject","inLanguage":"es","@id":"https:\/\/torredonjimenoactualidad.com\/#\/schema\/logo\/image\/","url":"https:\/\/torredonjimenoactualidad.com\/wp-content\/uploads\/2023\/02\/logo-torredonjimeno-544x180-1.png","contentUrl":"https:\/\/torredonjimenoactualidad.com\/wp-content\/uploads\/2023\/02\/logo-torredonjimeno-544x180-1.png","width":545,"height":112,"caption":"Torredonjimeno Actualidad"},"image":{"@id":"https:\/\/torredonjimenoactualidad.com\/#\/schema\/logo\/image\/"}},{"@type":"Person","@id":"https:\/\/torredonjimenoactualidad.com\/#\/schema\/person\/11f05803cdf40dbeb7f4fbf2365c9ac5","name":"Redaccion","image":{"@type":"ImageObject","inLanguage":"es","@id":"https:\/\/torredonjimenoactualidad.com\/#\/schema\/person\/image\/","url":"https:\/\/secure.gravatar.com\/avatar\/5917bab7eff43e17746fd29b509939469470810b6b989b7cc2f89e3188399bf3?s=96&d=mm&r=g","contentUrl":"https:\/\/secure.gravatar.com\/avatar\/5917bab7eff43e17746fd29b509939469470810b6b989b7cc2f89e3188399bf3?s=96&d=mm&r=g","caption":"Redaccion"},"url":"https:\/\/torredonjimenoactualidad.com\/index.php\/author\/jose-bueno\/"}]}},"_links":{"self":[{"href":"https:\/\/torredonjimenoactualidad.com\/index.php\/wp-json\/wp\/v2\/posts\/4199","targetHints":{"allow":["GET"]}}],"collection":[{"href":"https:\/\/torredonjimenoactualidad.com\/index.php\/wp-json\/wp\/v2\/posts"}],"about":[{"href":"https:\/\/torredonjimenoactualidad.com\/index.php\/wp-json\/wp\/v2\/types\/post"}],"author":[{"embeddable":true,"href":"https:\/\/torredonjimenoactualidad.com\/index.php\/wp-json\/wp\/v2\/users\/3"}],"replies":[{"embeddable":true,"href":"https:\/\/torredonjimenoactualidad.com\/index.php\/wp-json\/wp\/v2\/comments?post=4199"}],"version-history":[{"count":1,"href":"https:\/\/torredonjimenoactualidad.com\/index.php\/wp-json\/wp\/v2\/posts\/4199\/revisions"}],"predecessor-version":[{"id":4201,"href":"https:\/\/torredonjimenoactualidad.com\/index.php\/wp-json\/wp\/v2\/posts\/4199\/revisions\/4201"}],"wp:featuredmedia":[{"embeddable":true,"href":"https:\/\/torredonjimenoactualidad.com\/index.php\/wp-json\/wp\/v2\/media\/4200"}],"wp:attachment":[{"href":"https:\/\/torredonjimenoactualidad.com\/index.php\/wp-json\/wp\/v2\/media?parent=4199"}],"wp:term":[{"taxonomy":"category","embeddable":true,"href":"https:\/\/torredonjimenoactualidad.com\/index.php\/wp-json\/wp\/v2\/categories?post=4199"},{"taxonomy":"post_tag","embeddable":true,"href":"https:\/\/torredonjimenoactualidad.com\/index.php\/wp-json\/wp\/v2\/tags?post=4199"}],"curies":[{"name":"wp","href":"https:\/\/api.w.org\/{rel}","templated":true}]}}