{"id":4196,"date":"2025-12-02T20:10:55","date_gmt":"2025-12-02T20:10:55","guid":{"rendered":"https:\/\/torredonjimenoactualidad.com\/?p=4196"},"modified":"2025-12-02T20:10:56","modified_gmt":"2025-12-02T20:10:56","slug":"el-ces-analiza-en-una-jornada-el-presente-y-futuro-del-biometano-en-la-provincia","status":"publish","type":"post","link":"https:\/\/torredonjimenoactualidad.com\/index.php\/2025\/12\/02\/el-ces-analiza-en-una-jornada-el-presente-y-futuro-del-biometano-en-la-provincia\/","title":{"rendered":"El CES analiza en una jornada el presente y futuro del biometano en la provincia"},"content":{"rendered":"\n<p>El Consejo Econ\u00f3mico y Social de la Provincia de Ja\u00e9n y la empresa de innovaci\u00f3n ambiental Bioliza han celebrado este martes la jornada &#8216;Biometano en Ja\u00e9n: una conversaci\u00f3n necesaria&#8217;, un encuentro en el que se ha analizado esta tecnolog\u00eda y sus implicaciones econ\u00f3micas, sociales y ambientales.<\/p>\n\n\n\n<p>La sesi\u00f3n ha reunido a investigadores, empresas del sector, universidades, agentes p\u00fablicos, plataformas en contra del biometano y a personas a t\u00edtulo individual interesadas en el tema. El objetivo era aportar datos y di\u00e1logo ante la proliferaci\u00f3n de proyectos de biometano en la provincia y el debate que estos proyectos han suscitado.<\/p>\n\n\n\n<p>Durante la inauguraci\u00f3n, el presidente del CES, Manuel Parras, ha subrayado la responsabilidad del organismo ante un debate creciente en el territorio. \u00abNo podemos ser ajenos a lo que est\u00e1 ocurriendo en torno al biometano en la provincia de Ja\u00e9n\u00bb, ha dicho Parras, que ha abogado por \u00abarrojar luz desde la evidencia cient\u00edfica, desde la experiencia y desde la situaci\u00f3n en Europa\u00bb.<\/p>\n\n\n\n<p>De esta forma, la jornada ha reunido a \u00abponentes de acreditada solvencia para que informen con rigor y, luego, que cada cual pueda tomar decisiones basadas en conocimiento\u00bb, a lo que ha sumado que \u00abla diversidad del p\u00fablico demuestra que esta conversaci\u00f3n era, verdaderamente, necesaria\u00bb. Parras ha incidido en que el CES \u00abno puede mirar hacia otro lado\u00bb y que su misi\u00f3n es \u00abfacilitar espacios donde la ciudadan\u00eda reciba informaci\u00f3n clara y fiable\u00bb.<\/p>\n\n\n\n<p>Por su parte, el director de Bioliza, Pepe La Cal, ha manifestado que el objetivo ha sido el de \u00abgenerar un encuentro sosegado y riguroso que aporte conocimiento en torno al biometano, porque puede ser muy beneficioso para el desarrollo de la provincia de Ja\u00e9n\u00bb.<\/p>\n\n\n\n<p>\u00abEn Ja\u00e9n conviven miradas muy distintas: quienes ven una oportunidad en el biometano y quienes muestran escepticismo; precisamente por eso este di\u00e1logo era necesario\u00bb, ha afirmado La Cal. De esta forma, se ha puesto el foco en los temas m\u00e1s sensibles para la opini\u00f3n p\u00fablica como son los olores, aceptaci\u00f3n social, impacto ambiental o los retos del alperujo para ofrecer respuestas basadas en la ciencia.<\/p>\n\n\n\n<p>Tras la inauguraci\u00f3n, el encuentro ha avanzado con un bloque de ponencias en las que se ha abordado el biometano desde m\u00faltiples perspectivas. Cyril Roux (S3D) abri\u00f3 la sesi\u00f3n con una exposici\u00f3n sobre las claves extra\u00eddas de plantas europeas. Le han seguido V\u00edctor del Coso (EHS Techniques), quien ha profundizado en el di\u00e1logo territorial necesario para proyectos con impacto local; y Fernando Valladares (CSIC), que ha explicado las ventajas e inconvenientes del biog\u00e1s desde la ciencia.<\/p>\n\n\n\n<p>El programa ha continuad con las intervenciones de David Mar\u00edn (AVEBIOM), Laureano Parrilla (APPA Biog\u00e1s), Julio A. Calero (Universidad de Ja\u00e9n), Antonio Amo (SUEZ) y Soraya Zahedi (Instituto de la Grasa, CSIC), que han analizado cuestiones como la econom\u00eda rural, la inversi\u00f3n verde, la valorizaci\u00f3n de digestatos o los retos cient\u00edficos del alperujo como sustrato.<\/p>\n\n\n\n<p>La jornada ha concluido con una mesa de debate abierta a la participaci\u00f3n del p\u00fablico y la clausura institucional a cargo de Emilio L\u00f3pez Carmona, representante de Biocirc, y del propio presidente del CES.<\/p>\n","protected":false},"excerpt":{"rendered":"<p>El Consejo Econ\u00f3mico y Social de la Provincia de Ja\u00e9n y la empresa de innovaci\u00f3n ambiental Bioliza han celebrado este martes la jornada &#8216;Biometano en Ja\u00e9n: una conversaci\u00f3n necesaria&#8217;, un encuentro en el que se ha analizado esta tecnolog\u00eda y sus implicaciones econ\u00f3micas, sociales y ambientales. La sesi\u00f3n ha reunido a investigadores, empresas del sector, &hellip;<\/p>\n<p class=\"read-more\"> <a class=\"\" href=\"https:\/\/torredonjimenoactualidad.com\/index.php\/2025\/12\/02\/el-ces-analiza-en-una-jornada-el-presente-y-futuro-del-biometano-en-la-provincia\/\"> <span class=\"screen-reader-text\">El CES analiza en una jornada el presente y futuro del biometano en la provincia<\/span> Leer m\u00e1s &raquo;<\/a><\/p>\n","protected":false},"author":3,"featured_media":4197,"comment_status":"closed","ping_status":"open","sticky":false,"template":"","format":"standard","meta":{"site-sidebar-layout":"default","site-content-layout":"default","ast-global-header-display":"","ast-main-header-display":"","ast-hfb-above-header-display":"","ast-hfb-below-header-display":"","ast-hfb-mobile-header-display":"","site-post-title":"","ast-breadcrumbs-content":"","ast-featured-img":"","footer-sml-layout":"","theme-transparent-header-meta":"","adv-header-id-meta":"","stick-header-meta":"","header-above-stick-meta":"","header-main-stick-meta":"","header-below-stick-meta":"","footnotes":""},"categories":[8],"tags":[],"class_list":["post-4196","post","type-post","status-publish","format-standard","has-post-thumbnail","hentry","category-provincia"],"yoast_head":"<!-- This site is optimized with the Yoast SEO plugin v20.8 - https:\/\/yoast.com\/wordpress\/plugins\/seo\/ -->\n<title>El CES analiza en una jornada el presente y futuro del biometano en la provincia - Torredonjimeno Actualidad<\/title>\n<meta name=\"robots\" content=\"index, follow, max-snippet:-1, max-image-preview:large, max-video-preview:-1\" \/>\n<link rel=\"canonical\" href=\"https:\/\/torredonjimenoactualidad.com\/index.php\/2025\/12\/02\/el-ces-analiza-en-una-jornada-el-presente-y-futuro-del-biometano-en-la-provincia\/\" \/>\n<meta property=\"og:locale\" content=\"es_ES\" \/>\n<meta property=\"og:type\" content=\"article\" \/>\n<meta property=\"og:title\" content=\"El CES analiza en una jornada el presente y futuro del biometano en la provincia - Torredonjimeno Actualidad\" \/>\n<meta property=\"og:description\" content=\"El Consejo Econ\u00f3mico y Social de la Provincia de Ja\u00e9n y la empresa de innovaci\u00f3n ambiental Bioliza han celebrado este martes la jornada &#8216;Biometano en Ja\u00e9n: una conversaci\u00f3n necesaria&#8217;, un encuentro en el que se ha analizado esta tecnolog\u00eda y sus implicaciones econ\u00f3micas, sociales y ambientales. La sesi\u00f3n ha reunido a investigadores, empresas del sector, &hellip; El CES analiza en una jornada el presente y futuro del biometano en la provincia Leer m\u00e1s &raquo;\" \/>\n<meta property=\"og:url\" content=\"https:\/\/torredonjimenoactualidad.com\/index.php\/2025\/12\/02\/el-ces-analiza-en-una-jornada-el-presente-y-futuro-del-biometano-en-la-provincia\/\" \/>\n<meta property=\"og:site_name\" content=\"Torredonjimeno Actualidad\" \/>\n<meta property=\"article:published_time\" content=\"2025-12-02T20:10:55+00:00\" \/>\n<meta property=\"article:modified_time\" content=\"2025-12-02T20:10:56+00:00\" \/>\n<meta property=\"og:image\" content=\"https:\/\/torredonjimenoactualidad.com\/wp-content\/uploads\/2025\/12\/fotonoticia_20251202190615_1920.jpg\" \/>\n\t<meta property=\"og:image:width\" content=\"1920\" \/>\n\t<meta property=\"og:image:height\" content=\"1272\" \/>\n\t<meta property=\"og:image:type\" content=\"image\/jpeg\" \/>\n<meta name=\"author\" content=\"Redaccion\" \/>\n<meta name=\"twitter:card\" content=\"summary_large_image\" \/>\n<meta name=\"twitter:label1\" content=\"Escrito por\" \/>\n\t<meta name=\"twitter:data1\" content=\"Redaccion\" \/>\n\t<meta name=\"twitter:label2\" content=\"Tiempo de lectura\" \/>\n\t<meta name=\"twitter:data2\" content=\"3 minutos\" \/>\n<script type=\"application\/ld+json\" class=\"yoast-schema-graph\">{\"@context\":\"https:\/\/schema.org\",\"@graph\":[{\"@type\":\"Article\",\"@id\":\"https:\/\/torredonjimenoactualidad.com\/index.php\/2025\/12\/02\/el-ces-analiza-en-una-jornada-el-presente-y-futuro-del-biometano-en-la-provincia\/#article\",\"isPartOf\":{\"@id\":\"https:\/\/torredonjimenoactualidad.com\/index.php\/2025\/12\/02\/el-ces-analiza-en-una-jornada-el-presente-y-futuro-del-biometano-en-la-provincia\/\"},\"author\":{\"name\":\"Redaccion\",\"@id\":\"https:\/\/torredonjimenoactualidad.com\/#\/schema\/person\/11f05803cdf40dbeb7f4fbf2365c9ac5\"},\"headline\":\"El CES analiza en una jornada el presente y futuro del biometano en la provincia\",\"datePublished\":\"2025-12-02T20:10:55+00:00\",\"dateModified\":\"2025-12-02T20:10:56+00:00\",\"mainEntityOfPage\":{\"@id\":\"https:\/\/torredonjimenoactualidad.com\/index.php\/2025\/12\/02\/el-ces-analiza-en-una-jornada-el-presente-y-futuro-del-biometano-en-la-provincia\/\"},\"wordCount\":570,\"publisher\":{\"@id\":\"https:\/\/torredonjimenoactualidad.com\/#organization\"},\"articleSection\":[\"provincia\"],\"inLanguage\":\"es\"},{\"@type\":\"WebPage\",\"@id\":\"https:\/\/torredonjimenoactualidad.com\/index.php\/2025\/12\/02\/el-ces-analiza-en-una-jornada-el-presente-y-futuro-del-biometano-en-la-provincia\/\",\"url\":\"https:\/\/torredonjimenoactualidad.com\/index.php\/2025\/12\/02\/el-ces-analiza-en-una-jornada-el-presente-y-futuro-del-biometano-en-la-provincia\/\",\"name\":\"El CES analiza en una jornada el presente y futuro del biometano en la provincia - Torredonjimeno Actualidad\",\"isPartOf\":{\"@id\":\"https:\/\/torredonjimenoactualidad.com\/#website\"},\"datePublished\":\"2025-12-02T20:10:55+00:00\",\"dateModified\":\"2025-12-02T20:10:56+00:00\",\"breadcrumb\":{\"@id\":\"https:\/\/torredonjimenoactualidad.com\/index.php\/2025\/12\/02\/el-ces-analiza-en-una-jornada-el-presente-y-futuro-del-biometano-en-la-provincia\/#breadcrumb\"},\"inLanguage\":\"es\",\"potentialAction\":[{\"@type\":\"ReadAction\",\"target\":[\"https:\/\/torredonjimenoactualidad.com\/index.php\/2025\/12\/02\/el-ces-analiza-en-una-jornada-el-presente-y-futuro-del-biometano-en-la-provincia\/\"]}]},{\"@type\":\"BreadcrumbList\",\"@id\":\"https:\/\/torredonjimenoactualidad.com\/index.php\/2025\/12\/02\/el-ces-analiza-en-una-jornada-el-presente-y-futuro-del-biometano-en-la-provincia\/#breadcrumb\",\"itemListElement\":[{\"@type\":\"ListItem\",\"position\":1,\"name\":\"Portada\",\"item\":\"https:\/\/torredonjimenoactualidad.com\/\"},{\"@type\":\"ListItem\",\"position\":2,\"name\":\"El CES analiza en una jornada el presente y futuro del biometano en la provincia\"}]},{\"@type\":\"WebSite\",\"@id\":\"https:\/\/torredonjimenoactualidad.com\/#website\",\"url\":\"https:\/\/torredonjimenoactualidad.com\/\",\"name\":\"Torredonjimeno Actualidad\",\"description\":\"\",\"publisher\":{\"@id\":\"https:\/\/torredonjimenoactualidad.com\/#organization\"},\"potentialAction\":[{\"@type\":\"SearchAction\",\"target\":{\"@type\":\"EntryPoint\",\"urlTemplate\":\"https:\/\/torredonjimenoactualidad.com\/?s={search_term_string}\"},\"query-input\":\"required name=search_term_string\"}],\"inLanguage\":\"es\"},{\"@type\":\"Organization\",\"@id\":\"https:\/\/torredonjimenoactualidad.com\/#organization\",\"name\":\"Torredonjimeno Actualidad\",\"url\":\"https:\/\/torredonjimenoactualidad.com\/\",\"logo\":{\"@type\":\"ImageObject\",\"inLanguage\":\"es\",\"@id\":\"https:\/\/torredonjimenoactualidad.com\/#\/schema\/logo\/image\/\",\"url\":\"https:\/\/torredonjimenoactualidad.com\/wp-content\/uploads\/2023\/02\/logo-torredonjimeno-544x180-1.png\",\"contentUrl\":\"https:\/\/torredonjimenoactualidad.com\/wp-content\/uploads\/2023\/02\/logo-torredonjimeno-544x180-1.png\",\"width\":545,\"height\":112,\"caption\":\"Torredonjimeno Actualidad\"},\"image\":{\"@id\":\"https:\/\/torredonjimenoactualidad.com\/#\/schema\/logo\/image\/\"}},{\"@type\":\"Person\",\"@id\":\"https:\/\/torredonjimenoactualidad.com\/#\/schema\/person\/11f05803cdf40dbeb7f4fbf2365c9ac5\",\"name\":\"Redaccion\",\"image\":{\"@type\":\"ImageObject\",\"inLanguage\":\"es\",\"@id\":\"https:\/\/torredonjimenoactualidad.com\/#\/schema\/person\/image\/\",\"url\":\"https:\/\/secure.gravatar.com\/avatar\/5917bab7eff43e17746fd29b509939469470810b6b989b7cc2f89e3188399bf3?s=96&d=mm&r=g\",\"contentUrl\":\"https:\/\/secure.gravatar.com\/avatar\/5917bab7eff43e17746fd29b509939469470810b6b989b7cc2f89e3188399bf3?s=96&d=mm&r=g\",\"caption\":\"Redaccion\"},\"url\":\"https:\/\/torredonjimenoactualidad.com\/index.php\/author\/jose-bueno\/\"}]}<\/script>\n<!-- \/ Yoast SEO plugin. -->","yoast_head_json":{"title":"El CES analiza en una jornada el presente y futuro del biometano en la provincia - Torredonjimeno Actualidad","robots":{"index":"index","follow":"follow","max-snippet":"max-snippet:-1","max-image-preview":"max-image-preview:large","max-video-preview":"max-video-preview:-1"},"canonical":"https:\/\/torredonjimenoactualidad.com\/index.php\/2025\/12\/02\/el-ces-analiza-en-una-jornada-el-presente-y-futuro-del-biometano-en-la-provincia\/","og_locale":"es_ES","og_type":"article","og_title":"El CES analiza en una jornada el presente y futuro del biometano en la provincia - Torredonjimeno Actualidad","og_description":"El Consejo Econ\u00f3mico y Social de la Provincia de Ja\u00e9n y la empresa de innovaci\u00f3n ambiental Bioliza han celebrado este martes la jornada &#8216;Biometano en Ja\u00e9n: una conversaci\u00f3n necesaria&#8217;, un encuentro en el que se ha analizado esta tecnolog\u00eda y sus implicaciones econ\u00f3micas, sociales y ambientales. La sesi\u00f3n ha reunido a investigadores, empresas del sector, &hellip; El CES analiza en una jornada el presente y futuro del biometano en la provincia Leer m\u00e1s &raquo;","og_url":"https:\/\/torredonjimenoactualidad.com\/index.php\/2025\/12\/02\/el-ces-analiza-en-una-jornada-el-presente-y-futuro-del-biometano-en-la-provincia\/","og_site_name":"Torredonjimeno Actualidad","article_published_time":"2025-12-02T20:10:55+00:00","article_modified_time":"2025-12-02T20:10:56+00:00","og_image":[{"width":1920,"height":1272,"url":"https:\/\/torredonjimenoactualidad.com\/wp-content\/uploads\/2025\/12\/fotonoticia_20251202190615_1920.jpg","type":"image\/jpeg"}],"author":"Redaccion","twitter_card":"summary_large_image","twitter_misc":{"Escrito por":"Redaccion","Tiempo de lectura":"3 minutos"},"schema":{"@context":"https:\/\/schema.org","@graph":[{"@type":"Article","@id":"https:\/\/torredonjimenoactualidad.com\/index.php\/2025\/12\/02\/el-ces-analiza-en-una-jornada-el-presente-y-futuro-del-biometano-en-la-provincia\/#article","isPartOf":{"@id":"https:\/\/torredonjimenoactualidad.com\/index.php\/2025\/12\/02\/el-ces-analiza-en-una-jornada-el-presente-y-futuro-del-biometano-en-la-provincia\/"},"author":{"name":"Redaccion","@id":"https:\/\/torredonjimenoactualidad.com\/#\/schema\/person\/11f05803cdf40dbeb7f4fbf2365c9ac5"},"headline":"El CES analiza en una jornada el presente y futuro del biometano en la provincia","datePublished":"2025-12-02T20:10:55+00:00","dateModified":"2025-12-02T20:10:56+00:00","mainEntityOfPage":{"@id":"https:\/\/torredonjimenoactualidad.com\/index.php\/2025\/12\/02\/el-ces-analiza-en-una-jornada-el-presente-y-futuro-del-biometano-en-la-provincia\/"},"wordCount":570,"publisher":{"@id":"https:\/\/torredonjimenoactualidad.com\/#organization"},"articleSection":["provincia"],"inLanguage":"es"},{"@type":"WebPage","@id":"https:\/\/torredonjimenoactualidad.com\/index.php\/2025\/12\/02\/el-ces-analiza-en-una-jornada-el-presente-y-futuro-del-biometano-en-la-provincia\/","url":"https:\/\/torredonjimenoactualidad.com\/index.php\/2025\/12\/02\/el-ces-analiza-en-una-jornada-el-presente-y-futuro-del-biometano-en-la-provincia\/","name":"El CES analiza en una jornada el presente y futuro del biometano en la provincia - Torredonjimeno Actualidad","isPartOf":{"@id":"https:\/\/torredonjimenoactualidad.com\/#website"},"datePublished":"2025-12-02T20:10:55+00:00","dateModified":"2025-12-02T20:10:56+00:00","breadcrumb":{"@id":"https:\/\/torredonjimenoactualidad.com\/index.php\/2025\/12\/02\/el-ces-analiza-en-una-jornada-el-presente-y-futuro-del-biometano-en-la-provincia\/#breadcrumb"},"inLanguage":"es","potentialAction":[{"@type":"ReadAction","target":["https:\/\/torredonjimenoactualidad.com\/index.php\/2025\/12\/02\/el-ces-analiza-en-una-jornada-el-presente-y-futuro-del-biometano-en-la-provincia\/"]}]},{"@type":"BreadcrumbList","@id":"https:\/\/torredonjimenoactualidad.com\/index.php\/2025\/12\/02\/el-ces-analiza-en-una-jornada-el-presente-y-futuro-del-biometano-en-la-provincia\/#breadcrumb","itemListElement":[{"@type":"ListItem","position":1,"name":"Portada","item":"https:\/\/torredonjimenoactualidad.com\/"},{"@type":"ListItem","position":2,"name":"El CES analiza en una jornada el presente y futuro del biometano en la provincia"}]},{"@type":"WebSite","@id":"https:\/\/torredonjimenoactualidad.com\/#website","url":"https:\/\/torredonjimenoactualidad.com\/","name":"Torredonjimeno Actualidad","description":"","publisher":{"@id":"https:\/\/torredonjimenoactualidad.com\/#organization"},"potentialAction":[{"@type":"SearchAction","target":{"@type":"EntryPoint","urlTemplate":"https:\/\/torredonjimenoactualidad.com\/?s={search_term_string}"},"query-input":"required name=search_term_string"}],"inLanguage":"es"},{"@type":"Organization","@id":"https:\/\/torredonjimenoactualidad.com\/#organization","name":"Torredonjimeno Actualidad","url":"https:\/\/torredonjimenoactualidad.com\/","logo":{"@type":"ImageObject","inLanguage":"es","@id":"https:\/\/torredonjimenoactualidad.com\/#\/schema\/logo\/image\/","url":"https:\/\/torredonjimenoactualidad.com\/wp-content\/uploads\/2023\/02\/logo-torredonjimeno-544x180-1.png","contentUrl":"https:\/\/torredonjimenoactualidad.com\/wp-content\/uploads\/2023\/02\/logo-torredonjimeno-544x180-1.png","width":545,"height":112,"caption":"Torredonjimeno Actualidad"},"image":{"@id":"https:\/\/torredonjimenoactualidad.com\/#\/schema\/logo\/image\/"}},{"@type":"Person","@id":"https:\/\/torredonjimenoactualidad.com\/#\/schema\/person\/11f05803cdf40dbeb7f4fbf2365c9ac5","name":"Redaccion","image":{"@type":"ImageObject","inLanguage":"es","@id":"https:\/\/torredonjimenoactualidad.com\/#\/schema\/person\/image\/","url":"https:\/\/secure.gravatar.com\/avatar\/5917bab7eff43e17746fd29b509939469470810b6b989b7cc2f89e3188399bf3?s=96&d=mm&r=g","contentUrl":"https:\/\/secure.gravatar.com\/avatar\/5917bab7eff43e17746fd29b509939469470810b6b989b7cc2f89e3188399bf3?s=96&d=mm&r=g","caption":"Redaccion"},"url":"https:\/\/torredonjimenoactualidad.com\/index.php\/author\/jose-bueno\/"}]}},"_links":{"self":[{"href":"https:\/\/torredonjimenoactualidad.com\/index.php\/wp-json\/wp\/v2\/posts\/4196","targetHints":{"allow":["GET"]}}],"collection":[{"href":"https:\/\/torredonjimenoactualidad.com\/index.php\/wp-json\/wp\/v2\/posts"}],"about":[{"href":"https:\/\/torredonjimenoactualidad.com\/index.php\/wp-json\/wp\/v2\/types\/post"}],"author":[{"embeddable":true,"href":"https:\/\/torredonjimenoactualidad.com\/index.php\/wp-json\/wp\/v2\/users\/3"}],"replies":[{"embeddable":true,"href":"https:\/\/torredonjimenoactualidad.com\/index.php\/wp-json\/wp\/v2\/comments?post=4196"}],"version-history":[{"count":1,"href":"https:\/\/torredonjimenoactualidad.com\/index.php\/wp-json\/wp\/v2\/posts\/4196\/revisions"}],"predecessor-version":[{"id":4198,"href":"https:\/\/torredonjimenoactualidad.com\/index.php\/wp-json\/wp\/v2\/posts\/4196\/revisions\/4198"}],"wp:featuredmedia":[{"embeddable":true,"href":"https:\/\/torredonjimenoactualidad.com\/index.php\/wp-json\/wp\/v2\/media\/4197"}],"wp:attachment":[{"href":"https:\/\/torredonjimenoactualidad.com\/index.php\/wp-json\/wp\/v2\/media?parent=4196"}],"wp:term":[{"taxonomy":"category","embeddable":true,"href":"https:\/\/torredonjimenoactualidad.com\/index.php\/wp-json\/wp\/v2\/categories?post=4196"},{"taxonomy":"post_tag","embeddable":true,"href":"https:\/\/torredonjimenoactualidad.com\/index.php\/wp-json\/wp\/v2\/tags?post=4196"}],"curies":[{"name":"wp","href":"https:\/\/api.w.org\/{rel}","templated":true}]}}