{"id":4193,"date":"2025-12-02T12:42:41","date_gmt":"2025-12-02T12:42:41","guid":{"rendered":"https:\/\/torredonjimenoactualidad.com\/?p=4193"},"modified":"2025-12-02T12:42:43","modified_gmt":"2025-12-02T12:42:43","slug":"cruz-roja-y-junta-valoran-su-colaboracion-para-atender-a-mas-de-5-000-personas-a-traves-de-proyectos-sociales","status":"publish","type":"post","link":"https:\/\/torredonjimenoactualidad.com\/index.php\/2025\/12\/02\/cruz-roja-y-junta-valoran-su-colaboracion-para-atender-a-mas-de-5-000-personas-a-traves-de-proyectos-sociales\/","title":{"rendered":"Cruz Roja y Junta valoran su colaboraci\u00f3n para atender a m\u00e1s de 5.000 personas a trav\u00e9s de proyectos sociales"},"content":{"rendered":"\n<p>Cruz Roja y Junta de Andaluc\u00eda han valorado este martes su colaboraci\u00f3n para atender a personas y colectivos vulnerables, con m\u00e1s de 5.000 beneficiarios en la provincia de Ja\u00e9n.<\/p>\n\n\n\n<p>As\u00ed se ha puesto de relieve en la visita que el delegado del Gobierno andaluz, Jes\u00fas Estrella, ha realizado a la sede provincial de la entidad. En ella, acompa\u00f1ado por su presidente provincial, Miguel \u00c1ngel Maldonado, ha podido conocer de primera mano el impacto de esa cooperaci\u00f3n.<\/p>\n\n\n\n<p>\u00abLa aportaci\u00f3n de la Junta de Andaluc\u00eda es fundamental para poder seguir llegando a la mayor parte de los municipios de la provincia, incluyendo muchas pedan\u00edas en las que los recursos son m\u00e1s limitados y donde el envejecimiento de la poblaci\u00f3n es m\u00e1s acusado\u00bb, ha afirmado Maldonado.<\/p>\n\n\n\n<p>En concreto, con una financiaci\u00f3n auton\u00f3mica de 1.014.000 euros, Cruz Roja ha podido atender en lo que van de a\u00f1o \u00aba 5.348 personas en 61 municipios y 20 pedan\u00edas de la provincia, desarrollando proyectos en \u00e1reas como inclusi\u00f3n social, empleo, atenci\u00f3n a mayores, apoyo a infancia y familias, prevenci\u00f3n de adicciones y formaci\u00f3n en competencias digitales, entre otros\u00bb.<\/p>\n\n\n\n<p>En este sentido, el delegado ha podido comprobar el funcionamiento de \u00abproyectos clave\u00bb como \u2018Competencias digitales (Click-A)\u2019, para reducir la brecha tecnol\u00f3gica en colectivos vulnerables; \u2018Intervenci\u00f3n con personas mayores\u2019, que incluye programas contra la soledad no deseada y envejecimiento activo, o \u2018Servicio de atenci\u00f3n a personas que se ofrecen para acogimiento familiar y adopci\u00f3n\u2019, esencial para garantizar entornos seguros y afectivos para menores.<\/p>\n\n\n\n<p>Por su parte, Estrella ha resaltado la necesaria colaboraci\u00f3n con entidades sociales como Cruz Roja para \u00abcontinuar implementando pol\u00edticas que permitan que avancemos como sociedad que progresa, pero sin dejar a nadie atr\u00e1s\u00bb.<\/p>\n\n\n\n<p>\u00abApostar por seguir colaborando con la entidad es llegar de forma directa a los colectivos m\u00e1s vulnerables de la provincia, como son las personas sin hogar, las mujeres v\u00edctimas de violencia de g\u00e9nero o j\u00f3venes con adicciones, entre otros. Cruz Roja es garant\u00eda de poder llegar de forma directa a todos ellos\u00bb, ha aseverado.<\/p>\n\n\n\n<p>El delegado de la Junta ha incidido en que esta alianza permite la ejecuci\u00f3n de 18 programas en el territorio jiennense con una financiaci\u00f3n de m\u00e1s de un mill\u00f3n de euros, lo que permite llegar a 81 entidades locales.<\/p>\n\n\n\n<p>Al hilo, ha se\u00f1alado la importancia de iniciativas de atenci\u00f3n a familias vulnerables en cuanto a menores con dificultades de inserci\u00f3n en la escolarizaci\u00f3n o tambi\u00e9n el programa espec\u00edfico de acogimiento familiar.<\/p>\n\n\n\n<p>Adem\u00e1s, Cruz Roja colabora con la Junta en la atenci\u00f3n a personas de origen migrante que llegan hasta la provincia de Ja\u00e9n con motivo de la campa\u00f1a de recogida de aceituna, as\u00ed como en programas espec\u00edficos para familias en barrios desfavorecidos y la lucha contra la brecha digital en personas mayores.<\/p>\n\n\n\n<p>Por otro lado, esa colaboraci\u00f3n aborda la perspectiva de la inserci\u00f3n laboral de personas vulnerables. Un \u00e1mbito en el que Estrella ha aplaudido la puesta en marcha de programas de atenci\u00f3n a mujeres v\u00edctimas de violencia de g\u00e9nero con el objetivo de realizar itinerarios formativos, de acompa\u00f1amiento e inserci\u00f3n laboral.<\/p>\n\n\n\n<p>\u00abHablar de Cruz Roja es hablar de una entidad colaboradora necesaria para el Gobierno de Juanma Moreno\u00bb, ha apostillado. La instituci\u00f3n, de inter\u00e9s p\u00fablico, llega de forma directa a 28.000 personas en la provincia de Ja\u00e9n a trav\u00e9s de sus m\u00e1s de 2.300 voluntarios y m\u00e1s de 13.400 socios.<\/p>\n","protected":false},"excerpt":{"rendered":"<p>Cruz Roja y Junta de Andaluc\u00eda han valorado este martes su colaboraci\u00f3n para atender a personas y colectivos vulnerables, con m\u00e1s de 5.000 beneficiarios en la provincia de Ja\u00e9n. As\u00ed se ha puesto de relieve en la visita que el delegado del Gobierno andaluz, Jes\u00fas Estrella, ha realizado a la sede provincial de la entidad. &hellip;<\/p>\n<p class=\"read-more\"> <a class=\"\" href=\"https:\/\/torredonjimenoactualidad.com\/index.php\/2025\/12\/02\/cruz-roja-y-junta-valoran-su-colaboracion-para-atender-a-mas-de-5-000-personas-a-traves-de-proyectos-sociales\/\"> <span class=\"screen-reader-text\">Cruz Roja y Junta valoran su colaboraci\u00f3n para atender a m\u00e1s de 5.000 personas a trav\u00e9s de proyectos sociales<\/span> Leer m\u00e1s &raquo;<\/a><\/p>\n","protected":false},"author":3,"featured_media":4194,"comment_status":"closed","ping_status":"open","sticky":false,"template":"","format":"standard","meta":{"site-sidebar-layout":"default","site-content-layout":"default","ast-global-header-display":"","ast-main-header-display":"","ast-hfb-above-header-display":"","ast-hfb-below-header-display":"","ast-hfb-mobile-header-display":"","site-post-title":"","ast-breadcrumbs-content":"","ast-featured-img":"","footer-sml-layout":"","theme-transparent-header-meta":"","adv-header-id-meta":"","stick-header-meta":"","header-above-stick-meta":"","header-main-stick-meta":"","header-below-stick-meta":"","footnotes":""},"categories":[8],"tags":[],"class_list":["post-4193","post","type-post","status-publish","format-standard","has-post-thumbnail","hentry","category-provincia"],"yoast_head":"<!-- This site is optimized with the Yoast SEO plugin v20.8 - https:\/\/yoast.com\/wordpress\/plugins\/seo\/ -->\n<title>Cruz Roja y Junta valoran su colaboraci\u00f3n para atender a m\u00e1s de 5.000 personas a trav\u00e9s de proyectos sociales - Torredonjimeno Actualidad<\/title>\n<meta name=\"robots\" content=\"index, follow, max-snippet:-1, max-image-preview:large, max-video-preview:-1\" \/>\n<link rel=\"canonical\" href=\"https:\/\/torredonjimenoactualidad.com\/index.php\/2025\/12\/02\/cruz-roja-y-junta-valoran-su-colaboracion-para-atender-a-mas-de-5-000-personas-a-traves-de-proyectos-sociales\/\" \/>\n<meta property=\"og:locale\" content=\"es_ES\" \/>\n<meta property=\"og:type\" content=\"article\" \/>\n<meta property=\"og:title\" content=\"Cruz Roja y Junta valoran su colaboraci\u00f3n para atender a m\u00e1s de 5.000 personas a trav\u00e9s de proyectos sociales - Torredonjimeno Actualidad\" \/>\n<meta property=\"og:description\" content=\"Cruz Roja y Junta de Andaluc\u00eda han valorado este martes su colaboraci\u00f3n para atender a personas y colectivos vulnerables, con m\u00e1s de 5.000 beneficiarios en la provincia de Ja\u00e9n. As\u00ed se ha puesto de relieve en la visita que el delegado del Gobierno andaluz, Jes\u00fas Estrella, ha realizado a la sede provincial de la entidad. &hellip; Cruz Roja y Junta valoran su colaboraci\u00f3n para atender a m\u00e1s de 5.000 personas a trav\u00e9s de proyectos sociales Leer m\u00e1s &raquo;\" \/>\n<meta property=\"og:url\" content=\"https:\/\/torredonjimenoactualidad.com\/index.php\/2025\/12\/02\/cruz-roja-y-junta-valoran-su-colaboracion-para-atender-a-mas-de-5-000-personas-a-traves-de-proyectos-sociales\/\" \/>\n<meta property=\"og:site_name\" content=\"Torredonjimeno Actualidad\" \/>\n<meta property=\"article:published_time\" content=\"2025-12-02T12:42:41+00:00\" \/>\n<meta property=\"article:modified_time\" content=\"2025-12-02T12:42:43+00:00\" \/>\n<meta property=\"og:image\" content=\"https:\/\/torredonjimenoactualidad.com\/wp-content\/uploads\/2025\/12\/fotonoticia_20251202124621_1920.jpg\" \/>\n\t<meta property=\"og:image:width\" content=\"1920\" \/>\n\t<meta property=\"og:image:height\" content=\"1097\" \/>\n\t<meta property=\"og:image:type\" content=\"image\/jpeg\" \/>\n<meta name=\"author\" content=\"Redaccion\" \/>\n<meta name=\"twitter:card\" content=\"summary_large_image\" \/>\n<meta name=\"twitter:label1\" content=\"Escrito por\" \/>\n\t<meta name=\"twitter:data1\" content=\"Redaccion\" \/>\n\t<meta name=\"twitter:label2\" content=\"Tiempo de lectura\" \/>\n\t<meta name=\"twitter:data2\" content=\"3 minutos\" \/>\n<script type=\"application\/ld+json\" class=\"yoast-schema-graph\">{\"@context\":\"https:\/\/schema.org\",\"@graph\":[{\"@type\":\"Article\",\"@id\":\"https:\/\/torredonjimenoactualidad.com\/index.php\/2025\/12\/02\/cruz-roja-y-junta-valoran-su-colaboracion-para-atender-a-mas-de-5-000-personas-a-traves-de-proyectos-sociales\/#article\",\"isPartOf\":{\"@id\":\"https:\/\/torredonjimenoactualidad.com\/index.php\/2025\/12\/02\/cruz-roja-y-junta-valoran-su-colaboracion-para-atender-a-mas-de-5-000-personas-a-traves-de-proyectos-sociales\/\"},\"author\":{\"name\":\"Redaccion\",\"@id\":\"https:\/\/torredonjimenoactualidad.com\/#\/schema\/person\/11f05803cdf40dbeb7f4fbf2365c9ac5\"},\"headline\":\"Cruz Roja y Junta valoran su colaboraci\u00f3n para atender a m\u00e1s de 5.000 personas a trav\u00e9s de proyectos sociales\",\"datePublished\":\"2025-12-02T12:42:41+00:00\",\"dateModified\":\"2025-12-02T12:42:43+00:00\",\"mainEntityOfPage\":{\"@id\":\"https:\/\/torredonjimenoactualidad.com\/index.php\/2025\/12\/02\/cruz-roja-y-junta-valoran-su-colaboracion-para-atender-a-mas-de-5-000-personas-a-traves-de-proyectos-sociales\/\"},\"wordCount\":625,\"publisher\":{\"@id\":\"https:\/\/torredonjimenoactualidad.com\/#organization\"},\"articleSection\":[\"provincia\"],\"inLanguage\":\"es\"},{\"@type\":\"WebPage\",\"@id\":\"https:\/\/torredonjimenoactualidad.com\/index.php\/2025\/12\/02\/cruz-roja-y-junta-valoran-su-colaboracion-para-atender-a-mas-de-5-000-personas-a-traves-de-proyectos-sociales\/\",\"url\":\"https:\/\/torredonjimenoactualidad.com\/index.php\/2025\/12\/02\/cruz-roja-y-junta-valoran-su-colaboracion-para-atender-a-mas-de-5-000-personas-a-traves-de-proyectos-sociales\/\",\"name\":\"Cruz Roja y Junta valoran su colaboraci\u00f3n para atender a m\u00e1s de 5.000 personas a trav\u00e9s de proyectos sociales - Torredonjimeno Actualidad\",\"isPartOf\":{\"@id\":\"https:\/\/torredonjimenoactualidad.com\/#website\"},\"datePublished\":\"2025-12-02T12:42:41+00:00\",\"dateModified\":\"2025-12-02T12:42:43+00:00\",\"breadcrumb\":{\"@id\":\"https:\/\/torredonjimenoactualidad.com\/index.php\/2025\/12\/02\/cruz-roja-y-junta-valoran-su-colaboracion-para-atender-a-mas-de-5-000-personas-a-traves-de-proyectos-sociales\/#breadcrumb\"},\"inLanguage\":\"es\",\"potentialAction\":[{\"@type\":\"ReadAction\",\"target\":[\"https:\/\/torredonjimenoactualidad.com\/index.php\/2025\/12\/02\/cruz-roja-y-junta-valoran-su-colaboracion-para-atender-a-mas-de-5-000-personas-a-traves-de-proyectos-sociales\/\"]}]},{\"@type\":\"BreadcrumbList\",\"@id\":\"https:\/\/torredonjimenoactualidad.com\/index.php\/2025\/12\/02\/cruz-roja-y-junta-valoran-su-colaboracion-para-atender-a-mas-de-5-000-personas-a-traves-de-proyectos-sociales\/#breadcrumb\",\"itemListElement\":[{\"@type\":\"ListItem\",\"position\":1,\"name\":\"Portada\",\"item\":\"https:\/\/torredonjimenoactualidad.com\/\"},{\"@type\":\"ListItem\",\"position\":2,\"name\":\"Cruz Roja y Junta valoran su colaboraci\u00f3n para atender a m\u00e1s de 5.000 personas a trav\u00e9s de proyectos sociales\"}]},{\"@type\":\"WebSite\",\"@id\":\"https:\/\/torredonjimenoactualidad.com\/#website\",\"url\":\"https:\/\/torredonjimenoactualidad.com\/\",\"name\":\"Torredonjimeno Actualidad\",\"description\":\"\",\"publisher\":{\"@id\":\"https:\/\/torredonjimenoactualidad.com\/#organization\"},\"potentialAction\":[{\"@type\":\"SearchAction\",\"target\":{\"@type\":\"EntryPoint\",\"urlTemplate\":\"https:\/\/torredonjimenoactualidad.com\/?s={search_term_string}\"},\"query-input\":\"required name=search_term_string\"}],\"inLanguage\":\"es\"},{\"@type\":\"Organization\",\"@id\":\"https:\/\/torredonjimenoactualidad.com\/#organization\",\"name\":\"Torredonjimeno Actualidad\",\"url\":\"https:\/\/torredonjimenoactualidad.com\/\",\"logo\":{\"@type\":\"ImageObject\",\"inLanguage\":\"es\",\"@id\":\"https:\/\/torredonjimenoactualidad.com\/#\/schema\/logo\/image\/\",\"url\":\"https:\/\/torredonjimenoactualidad.com\/wp-content\/uploads\/2023\/02\/logo-torredonjimeno-544x180-1.png\",\"contentUrl\":\"https:\/\/torredonjimenoactualidad.com\/wp-content\/uploads\/2023\/02\/logo-torredonjimeno-544x180-1.png\",\"width\":545,\"height\":112,\"caption\":\"Torredonjimeno Actualidad\"},\"image\":{\"@id\":\"https:\/\/torredonjimenoactualidad.com\/#\/schema\/logo\/image\/\"}},{\"@type\":\"Person\",\"@id\":\"https:\/\/torredonjimenoactualidad.com\/#\/schema\/person\/11f05803cdf40dbeb7f4fbf2365c9ac5\",\"name\":\"Redaccion\",\"image\":{\"@type\":\"ImageObject\",\"inLanguage\":\"es\",\"@id\":\"https:\/\/torredonjimenoactualidad.com\/#\/schema\/person\/image\/\",\"url\":\"https:\/\/secure.gravatar.com\/avatar\/5917bab7eff43e17746fd29b509939469470810b6b989b7cc2f89e3188399bf3?s=96&d=mm&r=g\",\"contentUrl\":\"https:\/\/secure.gravatar.com\/avatar\/5917bab7eff43e17746fd29b509939469470810b6b989b7cc2f89e3188399bf3?s=96&d=mm&r=g\",\"caption\":\"Redaccion\"},\"url\":\"https:\/\/torredonjimenoactualidad.com\/index.php\/author\/jose-bueno\/\"}]}<\/script>\n<!-- \/ Yoast SEO plugin. -->","yoast_head_json":{"title":"Cruz Roja y Junta valoran su colaboraci\u00f3n para atender a m\u00e1s de 5.000 personas a trav\u00e9s de proyectos sociales - Torredonjimeno Actualidad","robots":{"index":"index","follow":"follow","max-snippet":"max-snippet:-1","max-image-preview":"max-image-preview:large","max-video-preview":"max-video-preview:-1"},"canonical":"https:\/\/torredonjimenoactualidad.com\/index.php\/2025\/12\/02\/cruz-roja-y-junta-valoran-su-colaboracion-para-atender-a-mas-de-5-000-personas-a-traves-de-proyectos-sociales\/","og_locale":"es_ES","og_type":"article","og_title":"Cruz Roja y Junta valoran su colaboraci\u00f3n para atender a m\u00e1s de 5.000 personas a trav\u00e9s de proyectos sociales - Torredonjimeno Actualidad","og_description":"Cruz Roja y Junta de Andaluc\u00eda han valorado este martes su colaboraci\u00f3n para atender a personas y colectivos vulnerables, con m\u00e1s de 5.000 beneficiarios en la provincia de Ja\u00e9n. As\u00ed se ha puesto de relieve en la visita que el delegado del Gobierno andaluz, Jes\u00fas Estrella, ha realizado a la sede provincial de la entidad. &hellip; Cruz Roja y Junta valoran su colaboraci\u00f3n para atender a m\u00e1s de 5.000 personas a trav\u00e9s de proyectos sociales Leer m\u00e1s &raquo;","og_url":"https:\/\/torredonjimenoactualidad.com\/index.php\/2025\/12\/02\/cruz-roja-y-junta-valoran-su-colaboracion-para-atender-a-mas-de-5-000-personas-a-traves-de-proyectos-sociales\/","og_site_name":"Torredonjimeno Actualidad","article_published_time":"2025-12-02T12:42:41+00:00","article_modified_time":"2025-12-02T12:42:43+00:00","og_image":[{"width":1920,"height":1097,"url":"https:\/\/torredonjimenoactualidad.com\/wp-content\/uploads\/2025\/12\/fotonoticia_20251202124621_1920.jpg","type":"image\/jpeg"}],"author":"Redaccion","twitter_card":"summary_large_image","twitter_misc":{"Escrito por":"Redaccion","Tiempo de lectura":"3 minutos"},"schema":{"@context":"https:\/\/schema.org","@graph":[{"@type":"Article","@id":"https:\/\/torredonjimenoactualidad.com\/index.php\/2025\/12\/02\/cruz-roja-y-junta-valoran-su-colaboracion-para-atender-a-mas-de-5-000-personas-a-traves-de-proyectos-sociales\/#article","isPartOf":{"@id":"https:\/\/torredonjimenoactualidad.com\/index.php\/2025\/12\/02\/cruz-roja-y-junta-valoran-su-colaboracion-para-atender-a-mas-de-5-000-personas-a-traves-de-proyectos-sociales\/"},"author":{"name":"Redaccion","@id":"https:\/\/torredonjimenoactualidad.com\/#\/schema\/person\/11f05803cdf40dbeb7f4fbf2365c9ac5"},"headline":"Cruz Roja y Junta valoran su colaboraci\u00f3n para atender a m\u00e1s de 5.000 personas a trav\u00e9s de proyectos sociales","datePublished":"2025-12-02T12:42:41+00:00","dateModified":"2025-12-02T12:42:43+00:00","mainEntityOfPage":{"@id":"https:\/\/torredonjimenoactualidad.com\/index.php\/2025\/12\/02\/cruz-roja-y-junta-valoran-su-colaboracion-para-atender-a-mas-de-5-000-personas-a-traves-de-proyectos-sociales\/"},"wordCount":625,"publisher":{"@id":"https:\/\/torredonjimenoactualidad.com\/#organization"},"articleSection":["provincia"],"inLanguage":"es"},{"@type":"WebPage","@id":"https:\/\/torredonjimenoactualidad.com\/index.php\/2025\/12\/02\/cruz-roja-y-junta-valoran-su-colaboracion-para-atender-a-mas-de-5-000-personas-a-traves-de-proyectos-sociales\/","url":"https:\/\/torredonjimenoactualidad.com\/index.php\/2025\/12\/02\/cruz-roja-y-junta-valoran-su-colaboracion-para-atender-a-mas-de-5-000-personas-a-traves-de-proyectos-sociales\/","name":"Cruz Roja y Junta valoran su colaboraci\u00f3n para atender a m\u00e1s de 5.000 personas a trav\u00e9s de proyectos sociales - Torredonjimeno Actualidad","isPartOf":{"@id":"https:\/\/torredonjimenoactualidad.com\/#website"},"datePublished":"2025-12-02T12:42:41+00:00","dateModified":"2025-12-02T12:42:43+00:00","breadcrumb":{"@id":"https:\/\/torredonjimenoactualidad.com\/index.php\/2025\/12\/02\/cruz-roja-y-junta-valoran-su-colaboracion-para-atender-a-mas-de-5-000-personas-a-traves-de-proyectos-sociales\/#breadcrumb"},"inLanguage":"es","potentialAction":[{"@type":"ReadAction","target":["https:\/\/torredonjimenoactualidad.com\/index.php\/2025\/12\/02\/cruz-roja-y-junta-valoran-su-colaboracion-para-atender-a-mas-de-5-000-personas-a-traves-de-proyectos-sociales\/"]}]},{"@type":"BreadcrumbList","@id":"https:\/\/torredonjimenoactualidad.com\/index.php\/2025\/12\/02\/cruz-roja-y-junta-valoran-su-colaboracion-para-atender-a-mas-de-5-000-personas-a-traves-de-proyectos-sociales\/#breadcrumb","itemListElement":[{"@type":"ListItem","position":1,"name":"Portada","item":"https:\/\/torredonjimenoactualidad.com\/"},{"@type":"ListItem","position":2,"name":"Cruz Roja y Junta valoran su colaboraci\u00f3n para atender a m\u00e1s de 5.000 personas a trav\u00e9s de proyectos sociales"}]},{"@type":"WebSite","@id":"https:\/\/torredonjimenoactualidad.com\/#website","url":"https:\/\/torredonjimenoactualidad.com\/","name":"Torredonjimeno Actualidad","description":"","publisher":{"@id":"https:\/\/torredonjimenoactualidad.com\/#organization"},"potentialAction":[{"@type":"SearchAction","target":{"@type":"EntryPoint","urlTemplate":"https:\/\/torredonjimenoactualidad.com\/?s={search_term_string}"},"query-input":"required name=search_term_string"}],"inLanguage":"es"},{"@type":"Organization","@id":"https:\/\/torredonjimenoactualidad.com\/#organization","name":"Torredonjimeno Actualidad","url":"https:\/\/torredonjimenoactualidad.com\/","logo":{"@type":"ImageObject","inLanguage":"es","@id":"https:\/\/torredonjimenoactualidad.com\/#\/schema\/logo\/image\/","url":"https:\/\/torredonjimenoactualidad.com\/wp-content\/uploads\/2023\/02\/logo-torredonjimeno-544x180-1.png","contentUrl":"https:\/\/torredonjimenoactualidad.com\/wp-content\/uploads\/2023\/02\/logo-torredonjimeno-544x180-1.png","width":545,"height":112,"caption":"Torredonjimeno Actualidad"},"image":{"@id":"https:\/\/torredonjimenoactualidad.com\/#\/schema\/logo\/image\/"}},{"@type":"Person","@id":"https:\/\/torredonjimenoactualidad.com\/#\/schema\/person\/11f05803cdf40dbeb7f4fbf2365c9ac5","name":"Redaccion","image":{"@type":"ImageObject","inLanguage":"es","@id":"https:\/\/torredonjimenoactualidad.com\/#\/schema\/person\/image\/","url":"https:\/\/secure.gravatar.com\/avatar\/5917bab7eff43e17746fd29b509939469470810b6b989b7cc2f89e3188399bf3?s=96&d=mm&r=g","contentUrl":"https:\/\/secure.gravatar.com\/avatar\/5917bab7eff43e17746fd29b509939469470810b6b989b7cc2f89e3188399bf3?s=96&d=mm&r=g","caption":"Redaccion"},"url":"https:\/\/torredonjimenoactualidad.com\/index.php\/author\/jose-bueno\/"}]}},"_links":{"self":[{"href":"https:\/\/torredonjimenoactualidad.com\/index.php\/wp-json\/wp\/v2\/posts\/4193","targetHints":{"allow":["GET"]}}],"collection":[{"href":"https:\/\/torredonjimenoactualidad.com\/index.php\/wp-json\/wp\/v2\/posts"}],"about":[{"href":"https:\/\/torredonjimenoactualidad.com\/index.php\/wp-json\/wp\/v2\/types\/post"}],"author":[{"embeddable":true,"href":"https:\/\/torredonjimenoactualidad.com\/index.php\/wp-json\/wp\/v2\/users\/3"}],"replies":[{"embeddable":true,"href":"https:\/\/torredonjimenoactualidad.com\/index.php\/wp-json\/wp\/v2\/comments?post=4193"}],"version-history":[{"count":1,"href":"https:\/\/torredonjimenoactualidad.com\/index.php\/wp-json\/wp\/v2\/posts\/4193\/revisions"}],"predecessor-version":[{"id":4195,"href":"https:\/\/torredonjimenoactualidad.com\/index.php\/wp-json\/wp\/v2\/posts\/4193\/revisions\/4195"}],"wp:featuredmedia":[{"embeddable":true,"href":"https:\/\/torredonjimenoactualidad.com\/index.php\/wp-json\/wp\/v2\/media\/4194"}],"wp:attachment":[{"href":"https:\/\/torredonjimenoactualidad.com\/index.php\/wp-json\/wp\/v2\/media?parent=4193"}],"wp:term":[{"taxonomy":"category","embeddable":true,"href":"https:\/\/torredonjimenoactualidad.com\/index.php\/wp-json\/wp\/v2\/categories?post=4193"},{"taxonomy":"post_tag","embeddable":true,"href":"https:\/\/torredonjimenoactualidad.com\/index.php\/wp-json\/wp\/v2\/tags?post=4193"}],"curies":[{"name":"wp","href":"https:\/\/api.w.org\/{rel}","templated":true}]}}