{"id":4190,"date":"2025-12-01T17:56:35","date_gmt":"2025-12-01T17:56:35","guid":{"rendered":"https:\/\/torredonjimenoactualidad.com\/?p=4190"},"modified":"2025-12-01T17:56:36","modified_gmt":"2025-12-01T17:56:36","slug":"la-junta-recomienda-el-uso-de-mascarillas-en-centros-sanitarios-y-residencias-ante-el-adelanto-de-la-gripe","status":"publish","type":"post","link":"https:\/\/torredonjimenoactualidad.com\/index.php\/2025\/12\/01\/la-junta-recomienda-el-uso-de-mascarillas-en-centros-sanitarios-y-residencias-ante-el-adelanto-de-la-gripe\/","title":{"rendered":"La Junta recomienda el uso de mascarillas en centros sanitarios y residencias ante el adelanto de la gripe"},"content":{"rendered":"\n<p>La Junta de Andaluc\u00eda ha recomendado desde esta semana el uso de mascarillas en centros de salud, hospitales, residencias de mayores y otros recursos sociosanitarios. La medida, de car\u00e1cter preventivo, llega ante un adelanto inusual de la circulaci\u00f3n del virus de la gripe, que este a\u00f1o se ha presentado entre&nbsp;<em>cuatro y siete semanas<\/em>&nbsp;antes de lo habitual.<\/p>\n\n\n\n<p>El consejero de Sanidad, Antonio Sanz, ya avanz\u00f3 estas actuaciones tras la reuni\u00f3n interterritorial de Salud la pasada semana, y este lunes ha detallado que la incidencia actual en Andaluc\u00eda se sit\u00faa en&nbsp;<strong>5,7 casos por cada 100.000 habitantes<\/strong>, una cifra a\u00fan \u201cpor debajo del umbral epid\u00e9mico\u201d, establecido en 20 casos por cada 100.000 habitantes. No obstante, el responsable de Salud ha insistido en la importancia de actuar con anticipaci\u00f3n ante la tendencia ascendente y la presencia del virus&nbsp;<strong>H3N2<\/strong>, que no ha sido dominante en campa\u00f1as anteriores y podr\u00eda haber reducido la inmunidad de la poblaci\u00f3n.<\/p>\n\n\n\n<p>Adem\u00e1s del uso de mascarilla, la Junta subraya la necesidad de&nbsp;<strong>reforzar la vacunaci\u00f3n<\/strong>, especialmente en personas mayores, grupos de riesgo y personal sanitario. Las autoridades sanitarias recuerdan tambi\u00e9n la conveniencia de recuperar h\u00e1bitos preventivos como el&nbsp;<strong>lavado frecuente de manos<\/strong>, la&nbsp;<strong>ventilaci\u00f3n de espacios cerrados<\/strong>&nbsp;y el&nbsp;<strong>aislamiento social<\/strong>, evitando el contacto con otras personas \u2014sobre todo las m\u00e1s vulnerables\u2014 en caso de presentar s\u00edntomas.<\/p>\n\n\n\n<p>La recomendaci\u00f3n afecta tanto a&nbsp;<strong>usuarios como a profesionales<\/strong>&nbsp;de centros sanitarios y sociosanitarios, p\u00fablicos y privados, y se considera una medida fundamental para frenar la transmisi\u00f3n de las infecciones respiratorias agudas durante las pr\u00f3ximas semanas.<\/p>\n\n\n\n<p>Con este paquete de actuaciones, la Consejer\u00eda de Sanidad pretende contener el impacto de una campa\u00f1a de gripe que, por su adelanto y caracter\u00edsticas, podr\u00eda ser m\u00e1s intensa de lo previsto.<\/p>\n","protected":false},"excerpt":{"rendered":"<p>La Junta de Andaluc\u00eda ha recomendado desde esta semana el uso de mascarillas en centros de salud, hospitales, residencias de mayores y otros recursos sociosanitarios. La medida, de car\u00e1cter preventivo, llega ante un adelanto inusual de la circulaci\u00f3n del virus de la gripe, que este a\u00f1o se ha presentado entre&nbsp;cuatro y siete semanas&nbsp;antes de lo &hellip;<\/p>\n<p class=\"read-more\"> <a class=\"\" href=\"https:\/\/torredonjimenoactualidad.com\/index.php\/2025\/12\/01\/la-junta-recomienda-el-uso-de-mascarillas-en-centros-sanitarios-y-residencias-ante-el-adelanto-de-la-gripe\/\"> <span class=\"screen-reader-text\">La Junta recomienda el uso de mascarillas en centros sanitarios y residencias ante el adelanto de la gripe<\/span> Leer m\u00e1s &raquo;<\/a><\/p>\n","protected":false},"author":2,"featured_media":4191,"comment_status":"closed","ping_status":"open","sticky":false,"template":"","format":"standard","meta":{"site-sidebar-layout":"default","site-content-layout":"default","ast-global-header-display":"","ast-main-header-display":"","ast-hfb-above-header-display":"","ast-hfb-below-header-display":"","ast-hfb-mobile-header-display":"","site-post-title":"","ast-breadcrumbs-content":"","ast-featured-img":"","footer-sml-layout":"","theme-transparent-header-meta":"","adv-header-id-meta":"","stick-header-meta":"","header-above-stick-meta":"","header-main-stick-meta":"","header-below-stick-meta":"","footnotes":""},"categories":[7],"tags":[],"class_list":["post-4190","post","type-post","status-publish","format-standard","has-post-thumbnail","hentry","category-local"],"yoast_head":"<!-- This site is optimized with the Yoast SEO plugin v20.8 - https:\/\/yoast.com\/wordpress\/plugins\/seo\/ -->\n<title>La Junta recomienda el uso de mascarillas en centros sanitarios y residencias ante el adelanto de la gripe - Torredonjimeno Actualidad<\/title>\n<meta name=\"robots\" content=\"index, follow, max-snippet:-1, max-image-preview:large, max-video-preview:-1\" \/>\n<link rel=\"canonical\" href=\"https:\/\/torredonjimenoactualidad.com\/index.php\/2025\/12\/01\/la-junta-recomienda-el-uso-de-mascarillas-en-centros-sanitarios-y-residencias-ante-el-adelanto-de-la-gripe\/\" \/>\n<meta property=\"og:locale\" content=\"es_ES\" \/>\n<meta property=\"og:type\" content=\"article\" \/>\n<meta property=\"og:title\" content=\"La Junta recomienda el uso de mascarillas en centros sanitarios y residencias ante el adelanto de la gripe - Torredonjimeno Actualidad\" \/>\n<meta property=\"og:description\" content=\"La Junta de Andaluc\u00eda ha recomendado desde esta semana el uso de mascarillas en centros de salud, hospitales, residencias de mayores y otros recursos sociosanitarios. La medida, de car\u00e1cter preventivo, llega ante un adelanto inusual de la circulaci\u00f3n del virus de la gripe, que este a\u00f1o se ha presentado entre&nbsp;cuatro y siete semanas&nbsp;antes de lo &hellip; La Junta recomienda el uso de mascarillas en centros sanitarios y residencias ante el adelanto de la gripe Leer m\u00e1s &raquo;\" \/>\n<meta property=\"og:url\" content=\"https:\/\/torredonjimenoactualidad.com\/index.php\/2025\/12\/01\/la-junta-recomienda-el-uso-de-mascarillas-en-centros-sanitarios-y-residencias-ante-el-adelanto-de-la-gripe\/\" \/>\n<meta property=\"og:site_name\" content=\"Torredonjimeno Actualidad\" \/>\n<meta property=\"article:published_time\" content=\"2025-12-01T17:56:35+00:00\" \/>\n<meta property=\"article:modified_time\" content=\"2025-12-01T17:56:36+00:00\" \/>\n<meta property=\"og:image\" content=\"https:\/\/torredonjimenoactualidad.com\/wp-content\/uploads\/2025\/12\/IMG_7868-scaled.jpg\" \/>\n\t<meta property=\"og:image:width\" content=\"2560\" \/>\n\t<meta property=\"og:image:height\" content=\"1920\" \/>\n\t<meta property=\"og:image:type\" content=\"image\/jpeg\" \/>\n<meta name=\"author\" content=\"Alba Mar\u00eda Torres\" \/>\n<meta name=\"twitter:card\" content=\"summary_large_image\" \/>\n<meta name=\"twitter:label1\" content=\"Escrito por\" \/>\n\t<meta name=\"twitter:data1\" content=\"Alba Mar\u00eda Torres\" \/>\n\t<meta name=\"twitter:label2\" content=\"Tiempo de lectura\" \/>\n\t<meta name=\"twitter:data2\" content=\"2 minutos\" \/>\n<script type=\"application\/ld+json\" class=\"yoast-schema-graph\">{\"@context\":\"https:\/\/schema.org\",\"@graph\":[{\"@type\":\"Article\",\"@id\":\"https:\/\/torredonjimenoactualidad.com\/index.php\/2025\/12\/01\/la-junta-recomienda-el-uso-de-mascarillas-en-centros-sanitarios-y-residencias-ante-el-adelanto-de-la-gripe\/#article\",\"isPartOf\":{\"@id\":\"https:\/\/torredonjimenoactualidad.com\/index.php\/2025\/12\/01\/la-junta-recomienda-el-uso-de-mascarillas-en-centros-sanitarios-y-residencias-ante-el-adelanto-de-la-gripe\/\"},\"author\":{\"name\":\"Alba Mar\u00eda Torres\",\"@id\":\"https:\/\/torredonjimenoactualidad.com\/#\/schema\/person\/84de5f233e783ef2c75151a532b54977\"},\"headline\":\"La Junta recomienda el uso de mascarillas en centros sanitarios y residencias ante el adelanto de la gripe\",\"datePublished\":\"2025-12-01T17:56:35+00:00\",\"dateModified\":\"2025-12-01T17:56:36+00:00\",\"mainEntityOfPage\":{\"@id\":\"https:\/\/torredonjimenoactualidad.com\/index.php\/2025\/12\/01\/la-junta-recomienda-el-uso-de-mascarillas-en-centros-sanitarios-y-residencias-ante-el-adelanto-de-la-gripe\/\"},\"wordCount\":343,\"publisher\":{\"@id\":\"https:\/\/torredonjimenoactualidad.com\/#organization\"},\"articleSection\":[\"local\"],\"inLanguage\":\"es\"},{\"@type\":\"WebPage\",\"@id\":\"https:\/\/torredonjimenoactualidad.com\/index.php\/2025\/12\/01\/la-junta-recomienda-el-uso-de-mascarillas-en-centros-sanitarios-y-residencias-ante-el-adelanto-de-la-gripe\/\",\"url\":\"https:\/\/torredonjimenoactualidad.com\/index.php\/2025\/12\/01\/la-junta-recomienda-el-uso-de-mascarillas-en-centros-sanitarios-y-residencias-ante-el-adelanto-de-la-gripe\/\",\"name\":\"La Junta recomienda el uso de mascarillas en centros sanitarios y residencias ante el adelanto de la gripe - Torredonjimeno Actualidad\",\"isPartOf\":{\"@id\":\"https:\/\/torredonjimenoactualidad.com\/#website\"},\"datePublished\":\"2025-12-01T17:56:35+00:00\",\"dateModified\":\"2025-12-01T17:56:36+00:00\",\"breadcrumb\":{\"@id\":\"https:\/\/torredonjimenoactualidad.com\/index.php\/2025\/12\/01\/la-junta-recomienda-el-uso-de-mascarillas-en-centros-sanitarios-y-residencias-ante-el-adelanto-de-la-gripe\/#breadcrumb\"},\"inLanguage\":\"es\",\"potentialAction\":[{\"@type\":\"ReadAction\",\"target\":[\"https:\/\/torredonjimenoactualidad.com\/index.php\/2025\/12\/01\/la-junta-recomienda-el-uso-de-mascarillas-en-centros-sanitarios-y-residencias-ante-el-adelanto-de-la-gripe\/\"]}]},{\"@type\":\"BreadcrumbList\",\"@id\":\"https:\/\/torredonjimenoactualidad.com\/index.php\/2025\/12\/01\/la-junta-recomienda-el-uso-de-mascarillas-en-centros-sanitarios-y-residencias-ante-el-adelanto-de-la-gripe\/#breadcrumb\",\"itemListElement\":[{\"@type\":\"ListItem\",\"position\":1,\"name\":\"Portada\",\"item\":\"https:\/\/torredonjimenoactualidad.com\/\"},{\"@type\":\"ListItem\",\"position\":2,\"name\":\"La Junta recomienda el uso de mascarillas en centros sanitarios y residencias ante el adelanto de la gripe\"}]},{\"@type\":\"WebSite\",\"@id\":\"https:\/\/torredonjimenoactualidad.com\/#website\",\"url\":\"https:\/\/torredonjimenoactualidad.com\/\",\"name\":\"Torredonjimeno Actualidad\",\"description\":\"\",\"publisher\":{\"@id\":\"https:\/\/torredonjimenoactualidad.com\/#organization\"},\"potentialAction\":[{\"@type\":\"SearchAction\",\"target\":{\"@type\":\"EntryPoint\",\"urlTemplate\":\"https:\/\/torredonjimenoactualidad.com\/?s={search_term_string}\"},\"query-input\":\"required name=search_term_string\"}],\"inLanguage\":\"es\"},{\"@type\":\"Organization\",\"@id\":\"https:\/\/torredonjimenoactualidad.com\/#organization\",\"name\":\"Torredonjimeno Actualidad\",\"url\":\"https:\/\/torredonjimenoactualidad.com\/\",\"logo\":{\"@type\":\"ImageObject\",\"inLanguage\":\"es\",\"@id\":\"https:\/\/torredonjimenoactualidad.com\/#\/schema\/logo\/image\/\",\"url\":\"https:\/\/torredonjimenoactualidad.com\/wp-content\/uploads\/2023\/02\/logo-torredonjimeno-544x180-1.png\",\"contentUrl\":\"https:\/\/torredonjimenoactualidad.com\/wp-content\/uploads\/2023\/02\/logo-torredonjimeno-544x180-1.png\",\"width\":545,\"height\":112,\"caption\":\"Torredonjimeno Actualidad\"},\"image\":{\"@id\":\"https:\/\/torredonjimenoactualidad.com\/#\/schema\/logo\/image\/\"}},{\"@type\":\"Person\",\"@id\":\"https:\/\/torredonjimenoactualidad.com\/#\/schema\/person\/84de5f233e783ef2c75151a532b54977\",\"name\":\"Alba Mar\u00eda Torres\",\"image\":{\"@type\":\"ImageObject\",\"inLanguage\":\"es\",\"@id\":\"https:\/\/torredonjimenoactualidad.com\/#\/schema\/person\/image\/\",\"url\":\"https:\/\/secure.gravatar.com\/avatar\/f9371f188c71501b4475a9ba2a71595850ec72967f800a2ed8e3e2102859ed65?s=96&d=mm&r=g\",\"contentUrl\":\"https:\/\/secure.gravatar.com\/avatar\/f9371f188c71501b4475a9ba2a71595850ec72967f800a2ed8e3e2102859ed65?s=96&d=mm&r=g\",\"caption\":\"Alba Mar\u00eda Torres\"},\"url\":\"https:\/\/torredonjimenoactualidad.com\/index.php\/author\/alba-torres\/\"}]}<\/script>\n<!-- \/ Yoast SEO plugin. -->","yoast_head_json":{"title":"La Junta recomienda el uso de mascarillas en centros sanitarios y residencias ante el adelanto de la gripe - Torredonjimeno Actualidad","robots":{"index":"index","follow":"follow","max-snippet":"max-snippet:-1","max-image-preview":"max-image-preview:large","max-video-preview":"max-video-preview:-1"},"canonical":"https:\/\/torredonjimenoactualidad.com\/index.php\/2025\/12\/01\/la-junta-recomienda-el-uso-de-mascarillas-en-centros-sanitarios-y-residencias-ante-el-adelanto-de-la-gripe\/","og_locale":"es_ES","og_type":"article","og_title":"La Junta recomienda el uso de mascarillas en centros sanitarios y residencias ante el adelanto de la gripe - Torredonjimeno Actualidad","og_description":"La Junta de Andaluc\u00eda ha recomendado desde esta semana el uso de mascarillas en centros de salud, hospitales, residencias de mayores y otros recursos sociosanitarios. La medida, de car\u00e1cter preventivo, llega ante un adelanto inusual de la circulaci\u00f3n del virus de la gripe, que este a\u00f1o se ha presentado entre&nbsp;cuatro y siete semanas&nbsp;antes de lo &hellip; La Junta recomienda el uso de mascarillas en centros sanitarios y residencias ante el adelanto de la gripe Leer m\u00e1s &raquo;","og_url":"https:\/\/torredonjimenoactualidad.com\/index.php\/2025\/12\/01\/la-junta-recomienda-el-uso-de-mascarillas-en-centros-sanitarios-y-residencias-ante-el-adelanto-de-la-gripe\/","og_site_name":"Torredonjimeno Actualidad","article_published_time":"2025-12-01T17:56:35+00:00","article_modified_time":"2025-12-01T17:56:36+00:00","og_image":[{"width":2560,"height":1920,"url":"https:\/\/torredonjimenoactualidad.com\/wp-content\/uploads\/2025\/12\/IMG_7868-scaled.jpg","type":"image\/jpeg"}],"author":"Alba Mar\u00eda Torres","twitter_card":"summary_large_image","twitter_misc":{"Escrito por":"Alba Mar\u00eda Torres","Tiempo de lectura":"2 minutos"},"schema":{"@context":"https:\/\/schema.org","@graph":[{"@type":"Article","@id":"https:\/\/torredonjimenoactualidad.com\/index.php\/2025\/12\/01\/la-junta-recomienda-el-uso-de-mascarillas-en-centros-sanitarios-y-residencias-ante-el-adelanto-de-la-gripe\/#article","isPartOf":{"@id":"https:\/\/torredonjimenoactualidad.com\/index.php\/2025\/12\/01\/la-junta-recomienda-el-uso-de-mascarillas-en-centros-sanitarios-y-residencias-ante-el-adelanto-de-la-gripe\/"},"author":{"name":"Alba Mar\u00eda Torres","@id":"https:\/\/torredonjimenoactualidad.com\/#\/schema\/person\/84de5f233e783ef2c75151a532b54977"},"headline":"La Junta recomienda el uso de mascarillas en centros sanitarios y residencias ante el adelanto de la gripe","datePublished":"2025-12-01T17:56:35+00:00","dateModified":"2025-12-01T17:56:36+00:00","mainEntityOfPage":{"@id":"https:\/\/torredonjimenoactualidad.com\/index.php\/2025\/12\/01\/la-junta-recomienda-el-uso-de-mascarillas-en-centros-sanitarios-y-residencias-ante-el-adelanto-de-la-gripe\/"},"wordCount":343,"publisher":{"@id":"https:\/\/torredonjimenoactualidad.com\/#organization"},"articleSection":["local"],"inLanguage":"es"},{"@type":"WebPage","@id":"https:\/\/torredonjimenoactualidad.com\/index.php\/2025\/12\/01\/la-junta-recomienda-el-uso-de-mascarillas-en-centros-sanitarios-y-residencias-ante-el-adelanto-de-la-gripe\/","url":"https:\/\/torredonjimenoactualidad.com\/index.php\/2025\/12\/01\/la-junta-recomienda-el-uso-de-mascarillas-en-centros-sanitarios-y-residencias-ante-el-adelanto-de-la-gripe\/","name":"La Junta recomienda el uso de mascarillas en centros sanitarios y residencias ante el adelanto de la gripe - Torredonjimeno Actualidad","isPartOf":{"@id":"https:\/\/torredonjimenoactualidad.com\/#website"},"datePublished":"2025-12-01T17:56:35+00:00","dateModified":"2025-12-01T17:56:36+00:00","breadcrumb":{"@id":"https:\/\/torredonjimenoactualidad.com\/index.php\/2025\/12\/01\/la-junta-recomienda-el-uso-de-mascarillas-en-centros-sanitarios-y-residencias-ante-el-adelanto-de-la-gripe\/#breadcrumb"},"inLanguage":"es","potentialAction":[{"@type":"ReadAction","target":["https:\/\/torredonjimenoactualidad.com\/index.php\/2025\/12\/01\/la-junta-recomienda-el-uso-de-mascarillas-en-centros-sanitarios-y-residencias-ante-el-adelanto-de-la-gripe\/"]}]},{"@type":"BreadcrumbList","@id":"https:\/\/torredonjimenoactualidad.com\/index.php\/2025\/12\/01\/la-junta-recomienda-el-uso-de-mascarillas-en-centros-sanitarios-y-residencias-ante-el-adelanto-de-la-gripe\/#breadcrumb","itemListElement":[{"@type":"ListItem","position":1,"name":"Portada","item":"https:\/\/torredonjimenoactualidad.com\/"},{"@type":"ListItem","position":2,"name":"La Junta recomienda el uso de mascarillas en centros sanitarios y residencias ante el adelanto de la gripe"}]},{"@type":"WebSite","@id":"https:\/\/torredonjimenoactualidad.com\/#website","url":"https:\/\/torredonjimenoactualidad.com\/","name":"Torredonjimeno Actualidad","description":"","publisher":{"@id":"https:\/\/torredonjimenoactualidad.com\/#organization"},"potentialAction":[{"@type":"SearchAction","target":{"@type":"EntryPoint","urlTemplate":"https:\/\/torredonjimenoactualidad.com\/?s={search_term_string}"},"query-input":"required name=search_term_string"}],"inLanguage":"es"},{"@type":"Organization","@id":"https:\/\/torredonjimenoactualidad.com\/#organization","name":"Torredonjimeno Actualidad","url":"https:\/\/torredonjimenoactualidad.com\/","logo":{"@type":"ImageObject","inLanguage":"es","@id":"https:\/\/torredonjimenoactualidad.com\/#\/schema\/logo\/image\/","url":"https:\/\/torredonjimenoactualidad.com\/wp-content\/uploads\/2023\/02\/logo-torredonjimeno-544x180-1.png","contentUrl":"https:\/\/torredonjimenoactualidad.com\/wp-content\/uploads\/2023\/02\/logo-torredonjimeno-544x180-1.png","width":545,"height":112,"caption":"Torredonjimeno Actualidad"},"image":{"@id":"https:\/\/torredonjimenoactualidad.com\/#\/schema\/logo\/image\/"}},{"@type":"Person","@id":"https:\/\/torredonjimenoactualidad.com\/#\/schema\/person\/84de5f233e783ef2c75151a532b54977","name":"Alba Mar\u00eda Torres","image":{"@type":"ImageObject","inLanguage":"es","@id":"https:\/\/torredonjimenoactualidad.com\/#\/schema\/person\/image\/","url":"https:\/\/secure.gravatar.com\/avatar\/f9371f188c71501b4475a9ba2a71595850ec72967f800a2ed8e3e2102859ed65?s=96&d=mm&r=g","contentUrl":"https:\/\/secure.gravatar.com\/avatar\/f9371f188c71501b4475a9ba2a71595850ec72967f800a2ed8e3e2102859ed65?s=96&d=mm&r=g","caption":"Alba Mar\u00eda Torres"},"url":"https:\/\/torredonjimenoactualidad.com\/index.php\/author\/alba-torres\/"}]}},"_links":{"self":[{"href":"https:\/\/torredonjimenoactualidad.com\/index.php\/wp-json\/wp\/v2\/posts\/4190","targetHints":{"allow":["GET"]}}],"collection":[{"href":"https:\/\/torredonjimenoactualidad.com\/index.php\/wp-json\/wp\/v2\/posts"}],"about":[{"href":"https:\/\/torredonjimenoactualidad.com\/index.php\/wp-json\/wp\/v2\/types\/post"}],"author":[{"embeddable":true,"href":"https:\/\/torredonjimenoactualidad.com\/index.php\/wp-json\/wp\/v2\/users\/2"}],"replies":[{"embeddable":true,"href":"https:\/\/torredonjimenoactualidad.com\/index.php\/wp-json\/wp\/v2\/comments?post=4190"}],"version-history":[{"count":1,"href":"https:\/\/torredonjimenoactualidad.com\/index.php\/wp-json\/wp\/v2\/posts\/4190\/revisions"}],"predecessor-version":[{"id":4192,"href":"https:\/\/torredonjimenoactualidad.com\/index.php\/wp-json\/wp\/v2\/posts\/4190\/revisions\/4192"}],"wp:featuredmedia":[{"embeddable":true,"href":"https:\/\/torredonjimenoactualidad.com\/index.php\/wp-json\/wp\/v2\/media\/4191"}],"wp:attachment":[{"href":"https:\/\/torredonjimenoactualidad.com\/index.php\/wp-json\/wp\/v2\/media?parent=4190"}],"wp:term":[{"taxonomy":"category","embeddable":true,"href":"https:\/\/torredonjimenoactualidad.com\/index.php\/wp-json\/wp\/v2\/categories?post=4190"},{"taxonomy":"post_tag","embeddable":true,"href":"https:\/\/torredonjimenoactualidad.com\/index.php\/wp-json\/wp\/v2\/tags?post=4190"}],"curies":[{"name":"wp","href":"https:\/\/api.w.org\/{rel}","templated":true}]}}