{"id":4185,"date":"2025-11-28T15:23:04","date_gmt":"2025-11-28T15:23:04","guid":{"rendered":"https:\/\/torredonjimenoactualidad.com\/?p=4185"},"modified":"2025-11-28T15:25:41","modified_gmt":"2025-11-28T15:25:41","slug":"asi-sera-la-visita-pastoral-del-obispo-de-jaen-a-torredonjimeno-tras-la-reorganizacion-de-su-agenda","status":"publish","type":"post","link":"https:\/\/torredonjimenoactualidad.com\/index.php\/2025\/11\/28\/asi-sera-la-visita-pastoral-del-obispo-de-jaen-a-torredonjimeno-tras-la-reorganizacion-de-su-agenda\/","title":{"rendered":"As\u00ed ser\u00e1 la visita pastoral del obispo de Ja\u00e9n a Torredonjimeno tras la reorganizaci\u00f3n de su agenda"},"content":{"rendered":"\n<p>La visita pastoral del obispo de la di\u00f3cesis de Ja\u00e9n,&nbsp;<strong>Sebasti\u00e1n Chico Mart\u00ednez<\/strong>, llegar\u00e1 finalmente a Torredonjimeno este fin de semana despu\u00e9s de que tuviera que ser aplazada por el fallecimiento en Murcia de&nbsp;<strong>Monse\u00f1or Francisco Gil Hell\u00edn<\/strong>, arzobispo em\u00e9rito de Burgos. El prelado jiennense tuvo que modificar su agenda y suspender las citas previstas para este viernes, lo que oblig\u00f3 al Obispado de Ja\u00e9n a reorganizar el calendario previsto.<\/p>\n\n\n\n<p>La nueva planificaci\u00f3n fija la llegada del obispo a las parroquias de&nbsp;<strong>San Pedro Ap\u00f3stol<\/strong>&nbsp;y&nbsp;<strong>Santa Mar\u00eda<\/strong>&nbsp;para&nbsp;<strong>este s\u00e1bado 29 de noviembre<\/strong>, prolong\u00e1ndose la visita durante los d\u00edas&nbsp;<strong>2 y 3 de diciembre<\/strong>, con un amplio programa que combinar\u00e1 encuentros pastorales, visitas institucionales y reuniones con colectivos sociales, educativos y religiosos del municipio.<\/p>\n\n\n\n<h3 class=\"wp-block-heading\"><strong>S\u00e1bado 29 de noviembre: inicio en San Pedro<\/strong><\/h3>\n\n\n\n<p>La jornada inaugural comenzar\u00e1 a las&nbsp;<strong>10:00 horas<\/strong>, con el recibimiento oficial en el templo de&nbsp;<strong>San Pedro Ap\u00f3stol<\/strong>. A partir de ah\u00ed, el obispo mantendr\u00e1 un intenso ritmo de actividades: oraci\u00f3n por los difuntos en el cementerio (10:30), visita a enfermos (11:15) y encuentro con agentes de pastoral socio-caritativa \u2014C\u00e1ritas, Pastoral de la Salud y Manos Unidas\u2014 en el Centro Pastoral de San Pedro (12:00).<\/p>\n\n\n\n<p>Al mediod\u00eda visitar\u00e1 la&nbsp;<strong>Almazara Vallejo<\/strong>&nbsp;(13:00) y la ermita de los&nbsp;<strong>Santos Patronos<\/strong>&nbsp;(13:30). Ya por la tarde, tras el almuerzo con los sacerdotes del Arciprestazgo (14:00), se reunir\u00e1 sucesivamente con las&nbsp;<strong>Cofrad\u00edas<\/strong>&nbsp;(16:30), los&nbsp;<strong>matrimonios<\/strong>&nbsp;del municipio (17:30) y la&nbsp;<strong>Comunidad de Madres Dominicas<\/strong>&nbsp;(18:30).<\/p>\n\n\n\n<h3 class=\"wp-block-heading\"><strong>Martes 2 de diciembre: colegios, asociaciones y catequesis<\/strong><\/h3>\n\n\n\n<p>El segundo d\u00eda de la visita comenzar\u00e1 a las&nbsp;<strong>10:00 horas<\/strong>&nbsp;en el templo de&nbsp;<strong>Santa Mar\u00eda<\/strong>, seguido de un recorrido por el&nbsp;<strong>Colegio Ponce de Le\u00f3n<\/strong>&nbsp;y el&nbsp;<strong>Centro Ocupacional<\/strong>&nbsp;(10:30). Posteriormente, Chico Mart\u00ednez mantendr\u00e1 encuentros con los estudiantes de secundaria y bachillerato (11:30) y visitar\u00e1 a varios enfermos (13:00).<\/p>\n\n\n\n<p>A las 13:30 est\u00e1 prevista la visita a la&nbsp;<strong>F\u00e1brica de Campanas Rosas<\/strong>, y posteriormente participar\u00e1 en el almuerzo con el clero del Arciprestazgo (14:30). La tarde continuar\u00e1 con la visita al&nbsp;<strong>Santuario de Nuestra Se\u00f1ora de Consolaci\u00f3n<\/strong>(16:30), un gran encuentro con todos los cursos de catequesis de las dos parroquias en el templo de San Pedro (17:00) y la reuni\u00f3n con los Consejos Parroquiales de Santa Mar\u00eda (18:30). La jornada concluir\u00e1 con la&nbsp;<strong>Misa Estacional<\/strong>&nbsp;en la parroquia de Santa Mar\u00eda (19:30).<\/p>\n\n\n\n<h3 class=\"wp-block-heading\"><strong>Mi\u00e9rcoles 3 de diciembre: cierre institucional y social<\/strong><\/h3>\n\n\n\n<p>La \u00faltima jornada comenzar\u00e1 con la visita institucional al&nbsp;<strong>Ayuntamiento de Torredonjimeno<\/strong>&nbsp;(11:00), seguida de un recorrido por la&nbsp;<strong>Unidad de Estancia Diurna<\/strong>&nbsp;(11:30) y el&nbsp;<strong>Colegio Puerta de Martos<\/strong>&nbsp;(12:30).<\/p>\n\n\n\n<p>Por la tarde, tras el almuerzo con los sacerdotes del Arciprestazgo (14:30), el obispo se reunir\u00e1 con la&nbsp;<strong>Comunidad de Madres de los Desamparados<\/strong>&nbsp;(16:00), visitar\u00e1 a los residentes de la&nbsp;<strong>Residencia San Jos\u00e9<\/strong>&nbsp;(16:30) y mantendr\u00e1 un encuentro con los&nbsp;<strong>catequistas de ambas parroquias<\/strong>&nbsp;en el Centro del Olivo (17:30). La visita pastoral se cerrar\u00e1 con la reuni\u00f3n con los Consejos Parroquiales de San Pedro (18:30) y la&nbsp;<strong>Misa Estacional<\/strong>&nbsp;en la iglesia de San Pedro (19:30).<\/p>\n\n\n\n<figure class=\"wp-block-image aligncenter size-large\"><img loading=\"lazy\" decoding=\"async\" width=\"747\" height=\"1024\" src=\"https:\/\/torredonjimenoactualidad.com\/wp-content\/uploads\/2025\/11\/587493516_1278063097690902_6358732223149621359_n-747x1024.jpg\" alt=\"\" class=\"wp-image-4188\" srcset=\"https:\/\/torredonjimenoactualidad.com\/wp-content\/uploads\/2025\/11\/587493516_1278063097690902_6358732223149621359_n-747x1024.jpg 747w, https:\/\/torredonjimenoactualidad.com\/wp-content\/uploads\/2025\/11\/587493516_1278063097690902_6358732223149621359_n-219x300.jpg 219w, https:\/\/torredonjimenoactualidad.com\/wp-content\/uploads\/2025\/11\/587493516_1278063097690902_6358732223149621359_n-768x1053.jpg 768w, https:\/\/torredonjimenoactualidad.com\/wp-content\/uploads\/2025\/11\/587493516_1278063097690902_6358732223149621359_n.jpg 1098w\" sizes=\"auto, (max-width: 747px) 100vw, 747px\" \/><\/figure>\n","protected":false},"excerpt":{"rendered":"<p>La visita pastoral del obispo de la di\u00f3cesis de Ja\u00e9n,&nbsp;Sebasti\u00e1n Chico Mart\u00ednez, llegar\u00e1 finalmente a Torredonjimeno este fin de semana despu\u00e9s de que tuviera que ser aplazada por el fallecimiento en Murcia de&nbsp;Monse\u00f1or Francisco Gil Hell\u00edn, arzobispo em\u00e9rito de Burgos. El prelado jiennense tuvo que modificar su agenda y suspender las citas previstas para este &hellip;<\/p>\n<p class=\"read-more\"> <a class=\"\" href=\"https:\/\/torredonjimenoactualidad.com\/index.php\/2025\/11\/28\/asi-sera-la-visita-pastoral-del-obispo-de-jaen-a-torredonjimeno-tras-la-reorganizacion-de-su-agenda\/\"> <span class=\"screen-reader-text\">As\u00ed ser\u00e1 la visita pastoral del obispo de Ja\u00e9n a Torredonjimeno tras la reorganizaci\u00f3n de su agenda<\/span> Leer m\u00e1s &raquo;<\/a><\/p>\n","protected":false},"author":2,"featured_media":4186,"comment_status":"closed","ping_status":"open","sticky":false,"template":"","format":"standard","meta":{"site-sidebar-layout":"default","site-content-layout":"default","ast-global-header-display":"","ast-main-header-display":"","ast-hfb-above-header-display":"","ast-hfb-below-header-display":"","ast-hfb-mobile-header-display":"","site-post-title":"","ast-breadcrumbs-content":"","ast-featured-img":"","footer-sml-layout":"","theme-transparent-header-meta":"","adv-header-id-meta":"","stick-header-meta":"","header-above-stick-meta":"","header-main-stick-meta":"","header-below-stick-meta":"","footnotes":""},"categories":[7],"tags":[],"class_list":["post-4185","post","type-post","status-publish","format-standard","has-post-thumbnail","hentry","category-local"],"yoast_head":"<!-- This site is optimized with the Yoast SEO plugin v20.8 - https:\/\/yoast.com\/wordpress\/plugins\/seo\/ -->\n<title>As\u00ed ser\u00e1 la visita pastoral del obispo de Ja\u00e9n a Torredonjimeno tras la reorganizaci\u00f3n de su agenda - Torredonjimeno Actualidad<\/title>\n<meta name=\"robots\" content=\"index, follow, max-snippet:-1, max-image-preview:large, max-video-preview:-1\" \/>\n<link rel=\"canonical\" href=\"https:\/\/torredonjimenoactualidad.com\/index.php\/2025\/11\/28\/asi-sera-la-visita-pastoral-del-obispo-de-jaen-a-torredonjimeno-tras-la-reorganizacion-de-su-agenda\/\" \/>\n<meta property=\"og:locale\" content=\"es_ES\" \/>\n<meta property=\"og:type\" content=\"article\" \/>\n<meta property=\"og:title\" content=\"As\u00ed ser\u00e1 la visita pastoral del obispo de Ja\u00e9n a Torredonjimeno tras la reorganizaci\u00f3n de su agenda - Torredonjimeno Actualidad\" \/>\n<meta property=\"og:description\" content=\"La visita pastoral del obispo de la di\u00f3cesis de Ja\u00e9n,&nbsp;Sebasti\u00e1n Chico Mart\u00ednez, llegar\u00e1 finalmente a Torredonjimeno este fin de semana despu\u00e9s de que tuviera que ser aplazada por el fallecimiento en Murcia de&nbsp;Monse\u00f1or Francisco Gil Hell\u00edn, arzobispo em\u00e9rito de Burgos. El prelado jiennense tuvo que modificar su agenda y suspender las citas previstas para este &hellip; As\u00ed ser\u00e1 la visita pastoral del obispo de Ja\u00e9n a Torredonjimeno tras la reorganizaci\u00f3n de su agenda Leer m\u00e1s &raquo;\" \/>\n<meta property=\"og:url\" content=\"https:\/\/torredonjimenoactualidad.com\/index.php\/2025\/11\/28\/asi-sera-la-visita-pastoral-del-obispo-de-jaen-a-torredonjimeno-tras-la-reorganizacion-de-su-agenda\/\" \/>\n<meta property=\"og:site_name\" content=\"Torredonjimeno Actualidad\" \/>\n<meta property=\"article:published_time\" content=\"2025-11-28T15:23:04+00:00\" \/>\n<meta property=\"article:modified_time\" content=\"2025-11-28T15:25:41+00:00\" \/>\n<meta property=\"og:image\" content=\"https:\/\/torredonjimenoactualidad.com\/wp-content\/uploads\/2025\/11\/Sebastian-Chico_30846.jpg\" \/>\n\t<meta property=\"og:image:width\" content=\"925\" \/>\n\t<meta property=\"og:image:height\" content=\"529\" \/>\n\t<meta property=\"og:image:type\" content=\"image\/jpeg\" \/>\n<meta name=\"author\" content=\"Alba Mar\u00eda Torres\" \/>\n<meta name=\"twitter:card\" content=\"summary_large_image\" \/>\n<meta name=\"twitter:label1\" content=\"Escrito por\" \/>\n\t<meta name=\"twitter:data1\" content=\"Alba Mar\u00eda Torres\" \/>\n\t<meta name=\"twitter:label2\" content=\"Tiempo de lectura\" \/>\n\t<meta name=\"twitter:data2\" content=\"3 minutos\" \/>\n<script type=\"application\/ld+json\" class=\"yoast-schema-graph\">{\"@context\":\"https:\/\/schema.org\",\"@graph\":[{\"@type\":\"Article\",\"@id\":\"https:\/\/torredonjimenoactualidad.com\/index.php\/2025\/11\/28\/asi-sera-la-visita-pastoral-del-obispo-de-jaen-a-torredonjimeno-tras-la-reorganizacion-de-su-agenda\/#article\",\"isPartOf\":{\"@id\":\"https:\/\/torredonjimenoactualidad.com\/index.php\/2025\/11\/28\/asi-sera-la-visita-pastoral-del-obispo-de-jaen-a-torredonjimeno-tras-la-reorganizacion-de-su-agenda\/\"},\"author\":{\"name\":\"Alba Mar\u00eda Torres\",\"@id\":\"https:\/\/torredonjimenoactualidad.com\/#\/schema\/person\/84de5f233e783ef2c75151a532b54977\"},\"headline\":\"As\u00ed ser\u00e1 la visita pastoral del obispo de Ja\u00e9n a Torredonjimeno tras la reorganizaci\u00f3n de su agenda\",\"datePublished\":\"2025-11-28T15:23:04+00:00\",\"dateModified\":\"2025-11-28T15:25:41+00:00\",\"mainEntityOfPage\":{\"@id\":\"https:\/\/torredonjimenoactualidad.com\/index.php\/2025\/11\/28\/asi-sera-la-visita-pastoral-del-obispo-de-jaen-a-torredonjimeno-tras-la-reorganizacion-de-su-agenda\/\"},\"wordCount\":568,\"publisher\":{\"@id\":\"https:\/\/torredonjimenoactualidad.com\/#organization\"},\"articleSection\":[\"local\"],\"inLanguage\":\"es\"},{\"@type\":\"WebPage\",\"@id\":\"https:\/\/torredonjimenoactualidad.com\/index.php\/2025\/11\/28\/asi-sera-la-visita-pastoral-del-obispo-de-jaen-a-torredonjimeno-tras-la-reorganizacion-de-su-agenda\/\",\"url\":\"https:\/\/torredonjimenoactualidad.com\/index.php\/2025\/11\/28\/asi-sera-la-visita-pastoral-del-obispo-de-jaen-a-torredonjimeno-tras-la-reorganizacion-de-su-agenda\/\",\"name\":\"As\u00ed ser\u00e1 la visita pastoral del obispo de Ja\u00e9n a Torredonjimeno tras la reorganizaci\u00f3n de su agenda - Torredonjimeno Actualidad\",\"isPartOf\":{\"@id\":\"https:\/\/torredonjimenoactualidad.com\/#website\"},\"datePublished\":\"2025-11-28T15:23:04+00:00\",\"dateModified\":\"2025-11-28T15:25:41+00:00\",\"breadcrumb\":{\"@id\":\"https:\/\/torredonjimenoactualidad.com\/index.php\/2025\/11\/28\/asi-sera-la-visita-pastoral-del-obispo-de-jaen-a-torredonjimeno-tras-la-reorganizacion-de-su-agenda\/#breadcrumb\"},\"inLanguage\":\"es\",\"potentialAction\":[{\"@type\":\"ReadAction\",\"target\":[\"https:\/\/torredonjimenoactualidad.com\/index.php\/2025\/11\/28\/asi-sera-la-visita-pastoral-del-obispo-de-jaen-a-torredonjimeno-tras-la-reorganizacion-de-su-agenda\/\"]}]},{\"@type\":\"BreadcrumbList\",\"@id\":\"https:\/\/torredonjimenoactualidad.com\/index.php\/2025\/11\/28\/asi-sera-la-visita-pastoral-del-obispo-de-jaen-a-torredonjimeno-tras-la-reorganizacion-de-su-agenda\/#breadcrumb\",\"itemListElement\":[{\"@type\":\"ListItem\",\"position\":1,\"name\":\"Portada\",\"item\":\"https:\/\/torredonjimenoactualidad.com\/\"},{\"@type\":\"ListItem\",\"position\":2,\"name\":\"As\u00ed ser\u00e1 la visita pastoral del obispo de Ja\u00e9n a Torredonjimeno tras la reorganizaci\u00f3n de su agenda\"}]},{\"@type\":\"WebSite\",\"@id\":\"https:\/\/torredonjimenoactualidad.com\/#website\",\"url\":\"https:\/\/torredonjimenoactualidad.com\/\",\"name\":\"Torredonjimeno Actualidad\",\"description\":\"\",\"publisher\":{\"@id\":\"https:\/\/torredonjimenoactualidad.com\/#organization\"},\"potentialAction\":[{\"@type\":\"SearchAction\",\"target\":{\"@type\":\"EntryPoint\",\"urlTemplate\":\"https:\/\/torredonjimenoactualidad.com\/?s={search_term_string}\"},\"query-input\":\"required name=search_term_string\"}],\"inLanguage\":\"es\"},{\"@type\":\"Organization\",\"@id\":\"https:\/\/torredonjimenoactualidad.com\/#organization\",\"name\":\"Torredonjimeno Actualidad\",\"url\":\"https:\/\/torredonjimenoactualidad.com\/\",\"logo\":{\"@type\":\"ImageObject\",\"inLanguage\":\"es\",\"@id\":\"https:\/\/torredonjimenoactualidad.com\/#\/schema\/logo\/image\/\",\"url\":\"https:\/\/torredonjimenoactualidad.com\/wp-content\/uploads\/2023\/02\/logo-torredonjimeno-544x180-1.png\",\"contentUrl\":\"https:\/\/torredonjimenoactualidad.com\/wp-content\/uploads\/2023\/02\/logo-torredonjimeno-544x180-1.png\",\"width\":545,\"height\":112,\"caption\":\"Torredonjimeno Actualidad\"},\"image\":{\"@id\":\"https:\/\/torredonjimenoactualidad.com\/#\/schema\/logo\/image\/\"}},{\"@type\":\"Person\",\"@id\":\"https:\/\/torredonjimenoactualidad.com\/#\/schema\/person\/84de5f233e783ef2c75151a532b54977\",\"name\":\"Alba Mar\u00eda Torres\",\"image\":{\"@type\":\"ImageObject\",\"inLanguage\":\"es\",\"@id\":\"https:\/\/torredonjimenoactualidad.com\/#\/schema\/person\/image\/\",\"url\":\"https:\/\/secure.gravatar.com\/avatar\/f9371f188c71501b4475a9ba2a71595850ec72967f800a2ed8e3e2102859ed65?s=96&d=mm&r=g\",\"contentUrl\":\"https:\/\/secure.gravatar.com\/avatar\/f9371f188c71501b4475a9ba2a71595850ec72967f800a2ed8e3e2102859ed65?s=96&d=mm&r=g\",\"caption\":\"Alba Mar\u00eda Torres\"},\"url\":\"https:\/\/torredonjimenoactualidad.com\/index.php\/author\/alba-torres\/\"}]}<\/script>\n<!-- \/ Yoast SEO plugin. -->","yoast_head_json":{"title":"As\u00ed ser\u00e1 la visita pastoral del obispo de Ja\u00e9n a Torredonjimeno tras la reorganizaci\u00f3n de su agenda - Torredonjimeno Actualidad","robots":{"index":"index","follow":"follow","max-snippet":"max-snippet:-1","max-image-preview":"max-image-preview:large","max-video-preview":"max-video-preview:-1"},"canonical":"https:\/\/torredonjimenoactualidad.com\/index.php\/2025\/11\/28\/asi-sera-la-visita-pastoral-del-obispo-de-jaen-a-torredonjimeno-tras-la-reorganizacion-de-su-agenda\/","og_locale":"es_ES","og_type":"article","og_title":"As\u00ed ser\u00e1 la visita pastoral del obispo de Ja\u00e9n a Torredonjimeno tras la reorganizaci\u00f3n de su agenda - Torredonjimeno Actualidad","og_description":"La visita pastoral del obispo de la di\u00f3cesis de Ja\u00e9n,&nbsp;Sebasti\u00e1n Chico Mart\u00ednez, llegar\u00e1 finalmente a Torredonjimeno este fin de semana despu\u00e9s de que tuviera que ser aplazada por el fallecimiento en Murcia de&nbsp;Monse\u00f1or Francisco Gil Hell\u00edn, arzobispo em\u00e9rito de Burgos. El prelado jiennense tuvo que modificar su agenda y suspender las citas previstas para este &hellip; As\u00ed ser\u00e1 la visita pastoral del obispo de Ja\u00e9n a Torredonjimeno tras la reorganizaci\u00f3n de su agenda Leer m\u00e1s &raquo;","og_url":"https:\/\/torredonjimenoactualidad.com\/index.php\/2025\/11\/28\/asi-sera-la-visita-pastoral-del-obispo-de-jaen-a-torredonjimeno-tras-la-reorganizacion-de-su-agenda\/","og_site_name":"Torredonjimeno Actualidad","article_published_time":"2025-11-28T15:23:04+00:00","article_modified_time":"2025-11-28T15:25:41+00:00","og_image":[{"width":925,"height":529,"url":"https:\/\/torredonjimenoactualidad.com\/wp-content\/uploads\/2025\/11\/Sebastian-Chico_30846.jpg","type":"image\/jpeg"}],"author":"Alba Mar\u00eda Torres","twitter_card":"summary_large_image","twitter_misc":{"Escrito por":"Alba Mar\u00eda Torres","Tiempo de lectura":"3 minutos"},"schema":{"@context":"https:\/\/schema.org","@graph":[{"@type":"Article","@id":"https:\/\/torredonjimenoactualidad.com\/index.php\/2025\/11\/28\/asi-sera-la-visita-pastoral-del-obispo-de-jaen-a-torredonjimeno-tras-la-reorganizacion-de-su-agenda\/#article","isPartOf":{"@id":"https:\/\/torredonjimenoactualidad.com\/index.php\/2025\/11\/28\/asi-sera-la-visita-pastoral-del-obispo-de-jaen-a-torredonjimeno-tras-la-reorganizacion-de-su-agenda\/"},"author":{"name":"Alba Mar\u00eda Torres","@id":"https:\/\/torredonjimenoactualidad.com\/#\/schema\/person\/84de5f233e783ef2c75151a532b54977"},"headline":"As\u00ed ser\u00e1 la visita pastoral del obispo de Ja\u00e9n a Torredonjimeno tras la reorganizaci\u00f3n de su agenda","datePublished":"2025-11-28T15:23:04+00:00","dateModified":"2025-11-28T15:25:41+00:00","mainEntityOfPage":{"@id":"https:\/\/torredonjimenoactualidad.com\/index.php\/2025\/11\/28\/asi-sera-la-visita-pastoral-del-obispo-de-jaen-a-torredonjimeno-tras-la-reorganizacion-de-su-agenda\/"},"wordCount":568,"publisher":{"@id":"https:\/\/torredonjimenoactualidad.com\/#organization"},"articleSection":["local"],"inLanguage":"es"},{"@type":"WebPage","@id":"https:\/\/torredonjimenoactualidad.com\/index.php\/2025\/11\/28\/asi-sera-la-visita-pastoral-del-obispo-de-jaen-a-torredonjimeno-tras-la-reorganizacion-de-su-agenda\/","url":"https:\/\/torredonjimenoactualidad.com\/index.php\/2025\/11\/28\/asi-sera-la-visita-pastoral-del-obispo-de-jaen-a-torredonjimeno-tras-la-reorganizacion-de-su-agenda\/","name":"As\u00ed ser\u00e1 la visita pastoral del obispo de Ja\u00e9n a Torredonjimeno tras la reorganizaci\u00f3n de su agenda - Torredonjimeno Actualidad","isPartOf":{"@id":"https:\/\/torredonjimenoactualidad.com\/#website"},"datePublished":"2025-11-28T15:23:04+00:00","dateModified":"2025-11-28T15:25:41+00:00","breadcrumb":{"@id":"https:\/\/torredonjimenoactualidad.com\/index.php\/2025\/11\/28\/asi-sera-la-visita-pastoral-del-obispo-de-jaen-a-torredonjimeno-tras-la-reorganizacion-de-su-agenda\/#breadcrumb"},"inLanguage":"es","potentialAction":[{"@type":"ReadAction","target":["https:\/\/torredonjimenoactualidad.com\/index.php\/2025\/11\/28\/asi-sera-la-visita-pastoral-del-obispo-de-jaen-a-torredonjimeno-tras-la-reorganizacion-de-su-agenda\/"]}]},{"@type":"BreadcrumbList","@id":"https:\/\/torredonjimenoactualidad.com\/index.php\/2025\/11\/28\/asi-sera-la-visita-pastoral-del-obispo-de-jaen-a-torredonjimeno-tras-la-reorganizacion-de-su-agenda\/#breadcrumb","itemListElement":[{"@type":"ListItem","position":1,"name":"Portada","item":"https:\/\/torredonjimenoactualidad.com\/"},{"@type":"ListItem","position":2,"name":"As\u00ed ser\u00e1 la visita pastoral del obispo de Ja\u00e9n a Torredonjimeno tras la reorganizaci\u00f3n de su agenda"}]},{"@type":"WebSite","@id":"https:\/\/torredonjimenoactualidad.com\/#website","url":"https:\/\/torredonjimenoactualidad.com\/","name":"Torredonjimeno Actualidad","description":"","publisher":{"@id":"https:\/\/torredonjimenoactualidad.com\/#organization"},"potentialAction":[{"@type":"SearchAction","target":{"@type":"EntryPoint","urlTemplate":"https:\/\/torredonjimenoactualidad.com\/?s={search_term_string}"},"query-input":"required name=search_term_string"}],"inLanguage":"es"},{"@type":"Organization","@id":"https:\/\/torredonjimenoactualidad.com\/#organization","name":"Torredonjimeno Actualidad","url":"https:\/\/torredonjimenoactualidad.com\/","logo":{"@type":"ImageObject","inLanguage":"es","@id":"https:\/\/torredonjimenoactualidad.com\/#\/schema\/logo\/image\/","url":"https:\/\/torredonjimenoactualidad.com\/wp-content\/uploads\/2023\/02\/logo-torredonjimeno-544x180-1.png","contentUrl":"https:\/\/torredonjimenoactualidad.com\/wp-content\/uploads\/2023\/02\/logo-torredonjimeno-544x180-1.png","width":545,"height":112,"caption":"Torredonjimeno Actualidad"},"image":{"@id":"https:\/\/torredonjimenoactualidad.com\/#\/schema\/logo\/image\/"}},{"@type":"Person","@id":"https:\/\/torredonjimenoactualidad.com\/#\/schema\/person\/84de5f233e783ef2c75151a532b54977","name":"Alba Mar\u00eda Torres","image":{"@type":"ImageObject","inLanguage":"es","@id":"https:\/\/torredonjimenoactualidad.com\/#\/schema\/person\/image\/","url":"https:\/\/secure.gravatar.com\/avatar\/f9371f188c71501b4475a9ba2a71595850ec72967f800a2ed8e3e2102859ed65?s=96&d=mm&r=g","contentUrl":"https:\/\/secure.gravatar.com\/avatar\/f9371f188c71501b4475a9ba2a71595850ec72967f800a2ed8e3e2102859ed65?s=96&d=mm&r=g","caption":"Alba Mar\u00eda Torres"},"url":"https:\/\/torredonjimenoactualidad.com\/index.php\/author\/alba-torres\/"}]}},"_links":{"self":[{"href":"https:\/\/torredonjimenoactualidad.com\/index.php\/wp-json\/wp\/v2\/posts\/4185","targetHints":{"allow":["GET"]}}],"collection":[{"href":"https:\/\/torredonjimenoactualidad.com\/index.php\/wp-json\/wp\/v2\/posts"}],"about":[{"href":"https:\/\/torredonjimenoactualidad.com\/index.php\/wp-json\/wp\/v2\/types\/post"}],"author":[{"embeddable":true,"href":"https:\/\/torredonjimenoactualidad.com\/index.php\/wp-json\/wp\/v2\/users\/2"}],"replies":[{"embeddable":true,"href":"https:\/\/torredonjimenoactualidad.com\/index.php\/wp-json\/wp\/v2\/comments?post=4185"}],"version-history":[{"count":2,"href":"https:\/\/torredonjimenoactualidad.com\/index.php\/wp-json\/wp\/v2\/posts\/4185\/revisions"}],"predecessor-version":[{"id":4189,"href":"https:\/\/torredonjimenoactualidad.com\/index.php\/wp-json\/wp\/v2\/posts\/4185\/revisions\/4189"}],"wp:featuredmedia":[{"embeddable":true,"href":"https:\/\/torredonjimenoactualidad.com\/index.php\/wp-json\/wp\/v2\/media\/4186"}],"wp:attachment":[{"href":"https:\/\/torredonjimenoactualidad.com\/index.php\/wp-json\/wp\/v2\/media?parent=4185"}],"wp:term":[{"taxonomy":"category","embeddable":true,"href":"https:\/\/torredonjimenoactualidad.com\/index.php\/wp-json\/wp\/v2\/categories?post=4185"},{"taxonomy":"post_tag","embeddable":true,"href":"https:\/\/torredonjimenoactualidad.com\/index.php\/wp-json\/wp\/v2\/tags?post=4185"}],"curies":[{"name":"wp","href":"https:\/\/api.w.org\/{rel}","templated":true}]}}