{"id":4182,"date":"2025-11-27T14:53:54","date_gmt":"2025-11-27T14:53:54","guid":{"rendered":"https:\/\/torredonjimenoactualidad.com\/?p=4182"},"modified":"2025-11-27T14:53:55","modified_gmt":"2025-11-27T14:53:55","slug":"la-diputacion-y-el-ayuntamiento-de-torredonjimeno-avanzan-en-nuevos-proyectos-de-transformacion-digital","status":"publish","type":"post","link":"https:\/\/torredonjimenoactualidad.com\/index.php\/2025\/11\/27\/la-diputacion-y-el-ayuntamiento-de-torredonjimeno-avanzan-en-nuevos-proyectos-de-transformacion-digital\/","title":{"rendered":"La Diputaci\u00f3n y el Ayuntamiento de Torredonjimeno avanzan en nuevos proyectos de transformaci\u00f3n digital"},"content":{"rendered":"\n<p>La Diputaci\u00f3n Provincial de Ja\u00e9n y el Ayuntamiento de Torredonjimeno siguen estrechando lazos en materia de modernizaci\u00f3n administrativa. Este jueves, la diputada de Gobierno Electr\u00f3nico y R\u00e9gimen Interior,&nbsp;<strong>In\u00e9s Arco<\/strong>, se desplaz\u00f3 hasta el municipio tosiriano para mantener una reuni\u00f3n de trabajo con el alcalde,&nbsp;<strong>Enrique Castro<\/strong>, en la que se abordaron los avances y las nuevas l\u00edneas de actuaci\u00f3n en transformaci\u00f3n digital impulsadas desde su \u00e1rea.<\/p>\n\n\n\n<p>El encuentro, celebrado en la Casa Consistorial, permiti\u00f3\u00a0<strong>dar continuidad al trabajo iniciado en mandatos anteriores<\/strong>. Seg\u00fan explic\u00f3 la diputada, esta cooperaci\u00f3n ha permitido en los \u00faltimos a\u00f1os importantes mejoras en la gesti\u00f3n interna y en la atenci\u00f3n a la ciudadan\u00eda, avances que ahora se pretende ampliar con nuevas herramientas y servicios.<\/p>\n\n\n\n<p>Durante la reuni\u00f3n, Arco present\u00f3 al alcalde\u00a0<strong>varios proyectos que se incorporar\u00e1n en los pr\u00f3ximos meses<\/strong>, centrados principalmente en\u00a0<strong>reforzar la protecci\u00f3n de datos<\/strong>,\u00a0<strong>mejorar la seguridad tecnol\u00f3gica<\/strong>\u00a0y avanzar hacia un modelo de administraci\u00f3n m\u00e1s\u00a0<strong>\u00e1gil, accesible y cercana<\/strong>. Entre estas actuaciones se enmarcan mejoras en la optimizaci\u00f3n de plataformas digitales y nuevas soluciones para facilitar la relaci\u00f3n telem\u00e1tica entre vecindad y administraci\u00f3n.<\/p>\n\n\n\n<p>La diputada subray\u00f3 que \u201ctodas estas iniciativas persiguen un prop\u00f3sito com\u00fan:&nbsp;<strong>construir una administraci\u00f3n p\u00fablica moderna, eficiente y preparada para afrontar los retos tecnol\u00f3gicos del presente y del futuro<\/strong>\u201d. En este sentido, destac\u00f3 el compromiso del Gobierno provincial para que los ayuntamientos, especialmente los de municipios medianos y peque\u00f1os, cuenten con los recursos necesarios para avanzar en esta transici\u00f3n digital.<\/p>\n\n\n\n<p>Por su parte, el alcalde Enrique Castro valor\u00f3 positivamente la reuni\u00f3n y reiter\u00f3 la voluntad del Ayuntamiento de seguir dando pasos \u201cpara que Torredonjimeno disponga de servicios p\u00fablicos m\u00e1s c\u00f3modos, seguros y adaptados a las necesidades de una ciudadan\u00eda cada vez m\u00e1s digital\u201d.<\/p>\n\n\n\n<p>Con esta hoja de ruta compartida, Diputaci\u00f3n y Ayuntamiento avanzan juntos hacia un modelo de gesti\u00f3n m\u00e1s innovador, eficiente y orientado a mejorar la calidad de vida de los vecinos y vecinas de Torredonjimeno.<\/p>\n","protected":false},"excerpt":{"rendered":"<p>La Diputaci\u00f3n Provincial de Ja\u00e9n y el Ayuntamiento de Torredonjimeno siguen estrechando lazos en materia de modernizaci\u00f3n administrativa. Este jueves, la diputada de Gobierno Electr\u00f3nico y R\u00e9gimen Interior,&nbsp;In\u00e9s Arco, se desplaz\u00f3 hasta el municipio tosiriano para mantener una reuni\u00f3n de trabajo con el alcalde,&nbsp;Enrique Castro, en la que se abordaron los avances y las nuevas &hellip;<\/p>\n<p class=\"read-more\"> <a class=\"\" href=\"https:\/\/torredonjimenoactualidad.com\/index.php\/2025\/11\/27\/la-diputacion-y-el-ayuntamiento-de-torredonjimeno-avanzan-en-nuevos-proyectos-de-transformacion-digital\/\"> <span class=\"screen-reader-text\">La Diputaci\u00f3n y el Ayuntamiento de Torredonjimeno avanzan en nuevos proyectos de transformaci\u00f3n digital<\/span> Leer m\u00e1s &raquo;<\/a><\/p>\n","protected":false},"author":2,"featured_media":4183,"comment_status":"closed","ping_status":"open","sticky":false,"template":"","format":"standard","meta":{"site-sidebar-layout":"default","site-content-layout":"default","ast-global-header-display":"","ast-main-header-display":"","ast-hfb-above-header-display":"","ast-hfb-below-header-display":"","ast-hfb-mobile-header-display":"","site-post-title":"","ast-breadcrumbs-content":"","ast-featured-img":"","footer-sml-layout":"","theme-transparent-header-meta":"","adv-header-id-meta":"","stick-header-meta":"","header-above-stick-meta":"","header-main-stick-meta":"","header-below-stick-meta":"","footnotes":""},"categories":[7],"tags":[],"class_list":["post-4182","post","type-post","status-publish","format-standard","has-post-thumbnail","hentry","category-local"],"yoast_head":"<!-- This site is optimized with the Yoast SEO plugin v20.8 - https:\/\/yoast.com\/wordpress\/plugins\/seo\/ -->\n<title>La Diputaci\u00f3n y el Ayuntamiento de Torredonjimeno avanzan en nuevos proyectos de transformaci\u00f3n digital - Torredonjimeno Actualidad<\/title>\n<meta name=\"robots\" content=\"index, follow, max-snippet:-1, max-image-preview:large, max-video-preview:-1\" \/>\n<link rel=\"canonical\" href=\"https:\/\/torredonjimenoactualidad.com\/index.php\/2025\/11\/27\/la-diputacion-y-el-ayuntamiento-de-torredonjimeno-avanzan-en-nuevos-proyectos-de-transformacion-digital\/\" \/>\n<meta property=\"og:locale\" content=\"es_ES\" \/>\n<meta property=\"og:type\" content=\"article\" \/>\n<meta property=\"og:title\" content=\"La Diputaci\u00f3n y el Ayuntamiento de Torredonjimeno avanzan en nuevos proyectos de transformaci\u00f3n digital - Torredonjimeno Actualidad\" \/>\n<meta property=\"og:description\" content=\"La Diputaci\u00f3n Provincial de Ja\u00e9n y el Ayuntamiento de Torredonjimeno siguen estrechando lazos en materia de modernizaci\u00f3n administrativa. Este jueves, la diputada de Gobierno Electr\u00f3nico y R\u00e9gimen Interior,&nbsp;In\u00e9s Arco, se desplaz\u00f3 hasta el municipio tosiriano para mantener una reuni\u00f3n de trabajo con el alcalde,&nbsp;Enrique Castro, en la que se abordaron los avances y las nuevas &hellip; La Diputaci\u00f3n y el Ayuntamiento de Torredonjimeno avanzan en nuevos proyectos de transformaci\u00f3n digital Leer m\u00e1s &raquo;\" \/>\n<meta property=\"og:url\" content=\"https:\/\/torredonjimenoactualidad.com\/index.php\/2025\/11\/27\/la-diputacion-y-el-ayuntamiento-de-torredonjimeno-avanzan-en-nuevos-proyectos-de-transformacion-digital\/\" \/>\n<meta property=\"og:site_name\" content=\"Torredonjimeno Actualidad\" \/>\n<meta property=\"article:published_time\" content=\"2025-11-27T14:53:54+00:00\" \/>\n<meta property=\"article:modified_time\" content=\"2025-11-27T14:53:55+00:00\" \/>\n<meta property=\"og:image\" content=\"https:\/\/torredonjimenoactualidad.com\/wp-content\/uploads\/2025\/11\/IMG_3853-scaled.jpg\" \/>\n\t<meta property=\"og:image:width\" content=\"2560\" \/>\n\t<meta property=\"og:image:height\" content=\"1463\" \/>\n\t<meta property=\"og:image:type\" content=\"image\/jpeg\" \/>\n<meta name=\"author\" content=\"Alba Mar\u00eda Torres\" \/>\n<meta name=\"twitter:card\" content=\"summary_large_image\" \/>\n<meta name=\"twitter:label1\" content=\"Escrito por\" \/>\n\t<meta name=\"twitter:data1\" content=\"Alba Mar\u00eda Torres\" \/>\n\t<meta name=\"twitter:label2\" content=\"Tiempo de lectura\" \/>\n\t<meta name=\"twitter:data2\" content=\"2 minutos\" \/>\n<script type=\"application\/ld+json\" class=\"yoast-schema-graph\">{\"@context\":\"https:\/\/schema.org\",\"@graph\":[{\"@type\":\"Article\",\"@id\":\"https:\/\/torredonjimenoactualidad.com\/index.php\/2025\/11\/27\/la-diputacion-y-el-ayuntamiento-de-torredonjimeno-avanzan-en-nuevos-proyectos-de-transformacion-digital\/#article\",\"isPartOf\":{\"@id\":\"https:\/\/torredonjimenoactualidad.com\/index.php\/2025\/11\/27\/la-diputacion-y-el-ayuntamiento-de-torredonjimeno-avanzan-en-nuevos-proyectos-de-transformacion-digital\/\"},\"author\":{\"name\":\"Alba Mar\u00eda Torres\",\"@id\":\"https:\/\/torredonjimenoactualidad.com\/#\/schema\/person\/84de5f233e783ef2c75151a532b54977\"},\"headline\":\"La Diputaci\u00f3n y el Ayuntamiento de Torredonjimeno avanzan en nuevos proyectos de transformaci\u00f3n digital\",\"datePublished\":\"2025-11-27T14:53:54+00:00\",\"dateModified\":\"2025-11-27T14:53:55+00:00\",\"mainEntityOfPage\":{\"@id\":\"https:\/\/torredonjimenoactualidad.com\/index.php\/2025\/11\/27\/la-diputacion-y-el-ayuntamiento-de-torredonjimeno-avanzan-en-nuevos-proyectos-de-transformacion-digital\/\"},\"wordCount\":382,\"publisher\":{\"@id\":\"https:\/\/torredonjimenoactualidad.com\/#organization\"},\"articleSection\":[\"local\"],\"inLanguage\":\"es\"},{\"@type\":\"WebPage\",\"@id\":\"https:\/\/torredonjimenoactualidad.com\/index.php\/2025\/11\/27\/la-diputacion-y-el-ayuntamiento-de-torredonjimeno-avanzan-en-nuevos-proyectos-de-transformacion-digital\/\",\"url\":\"https:\/\/torredonjimenoactualidad.com\/index.php\/2025\/11\/27\/la-diputacion-y-el-ayuntamiento-de-torredonjimeno-avanzan-en-nuevos-proyectos-de-transformacion-digital\/\",\"name\":\"La Diputaci\u00f3n y el Ayuntamiento de Torredonjimeno avanzan en nuevos proyectos de transformaci\u00f3n digital - Torredonjimeno Actualidad\",\"isPartOf\":{\"@id\":\"https:\/\/torredonjimenoactualidad.com\/#website\"},\"datePublished\":\"2025-11-27T14:53:54+00:00\",\"dateModified\":\"2025-11-27T14:53:55+00:00\",\"breadcrumb\":{\"@id\":\"https:\/\/torredonjimenoactualidad.com\/index.php\/2025\/11\/27\/la-diputacion-y-el-ayuntamiento-de-torredonjimeno-avanzan-en-nuevos-proyectos-de-transformacion-digital\/#breadcrumb\"},\"inLanguage\":\"es\",\"potentialAction\":[{\"@type\":\"ReadAction\",\"target\":[\"https:\/\/torredonjimenoactualidad.com\/index.php\/2025\/11\/27\/la-diputacion-y-el-ayuntamiento-de-torredonjimeno-avanzan-en-nuevos-proyectos-de-transformacion-digital\/\"]}]},{\"@type\":\"BreadcrumbList\",\"@id\":\"https:\/\/torredonjimenoactualidad.com\/index.php\/2025\/11\/27\/la-diputacion-y-el-ayuntamiento-de-torredonjimeno-avanzan-en-nuevos-proyectos-de-transformacion-digital\/#breadcrumb\",\"itemListElement\":[{\"@type\":\"ListItem\",\"position\":1,\"name\":\"Portada\",\"item\":\"https:\/\/torredonjimenoactualidad.com\/\"},{\"@type\":\"ListItem\",\"position\":2,\"name\":\"La Diputaci\u00f3n y el Ayuntamiento de Torredonjimeno avanzan en nuevos proyectos de transformaci\u00f3n digital\"}]},{\"@type\":\"WebSite\",\"@id\":\"https:\/\/torredonjimenoactualidad.com\/#website\",\"url\":\"https:\/\/torredonjimenoactualidad.com\/\",\"name\":\"Torredonjimeno Actualidad\",\"description\":\"\",\"publisher\":{\"@id\":\"https:\/\/torredonjimenoactualidad.com\/#organization\"},\"potentialAction\":[{\"@type\":\"SearchAction\",\"target\":{\"@type\":\"EntryPoint\",\"urlTemplate\":\"https:\/\/torredonjimenoactualidad.com\/?s={search_term_string}\"},\"query-input\":\"required name=search_term_string\"}],\"inLanguage\":\"es\"},{\"@type\":\"Organization\",\"@id\":\"https:\/\/torredonjimenoactualidad.com\/#organization\",\"name\":\"Torredonjimeno Actualidad\",\"url\":\"https:\/\/torredonjimenoactualidad.com\/\",\"logo\":{\"@type\":\"ImageObject\",\"inLanguage\":\"es\",\"@id\":\"https:\/\/torredonjimenoactualidad.com\/#\/schema\/logo\/image\/\",\"url\":\"https:\/\/torredonjimenoactualidad.com\/wp-content\/uploads\/2023\/02\/logo-torredonjimeno-544x180-1.png\",\"contentUrl\":\"https:\/\/torredonjimenoactualidad.com\/wp-content\/uploads\/2023\/02\/logo-torredonjimeno-544x180-1.png\",\"width\":545,\"height\":112,\"caption\":\"Torredonjimeno Actualidad\"},\"image\":{\"@id\":\"https:\/\/torredonjimenoactualidad.com\/#\/schema\/logo\/image\/\"}},{\"@type\":\"Person\",\"@id\":\"https:\/\/torredonjimenoactualidad.com\/#\/schema\/person\/84de5f233e783ef2c75151a532b54977\",\"name\":\"Alba Mar\u00eda Torres\",\"image\":{\"@type\":\"ImageObject\",\"inLanguage\":\"es\",\"@id\":\"https:\/\/torredonjimenoactualidad.com\/#\/schema\/person\/image\/\",\"url\":\"https:\/\/secure.gravatar.com\/avatar\/f9371f188c71501b4475a9ba2a71595850ec72967f800a2ed8e3e2102859ed65?s=96&d=mm&r=g\",\"contentUrl\":\"https:\/\/secure.gravatar.com\/avatar\/f9371f188c71501b4475a9ba2a71595850ec72967f800a2ed8e3e2102859ed65?s=96&d=mm&r=g\",\"caption\":\"Alba Mar\u00eda Torres\"},\"url\":\"https:\/\/torredonjimenoactualidad.com\/index.php\/author\/alba-torres\/\"}]}<\/script>\n<!-- \/ Yoast SEO plugin. -->","yoast_head_json":{"title":"La Diputaci\u00f3n y el Ayuntamiento de Torredonjimeno avanzan en nuevos proyectos de transformaci\u00f3n digital - Torredonjimeno Actualidad","robots":{"index":"index","follow":"follow","max-snippet":"max-snippet:-1","max-image-preview":"max-image-preview:large","max-video-preview":"max-video-preview:-1"},"canonical":"https:\/\/torredonjimenoactualidad.com\/index.php\/2025\/11\/27\/la-diputacion-y-el-ayuntamiento-de-torredonjimeno-avanzan-en-nuevos-proyectos-de-transformacion-digital\/","og_locale":"es_ES","og_type":"article","og_title":"La Diputaci\u00f3n y el Ayuntamiento de Torredonjimeno avanzan en nuevos proyectos de transformaci\u00f3n digital - Torredonjimeno Actualidad","og_description":"La Diputaci\u00f3n Provincial de Ja\u00e9n y el Ayuntamiento de Torredonjimeno siguen estrechando lazos en materia de modernizaci\u00f3n administrativa. Este jueves, la diputada de Gobierno Electr\u00f3nico y R\u00e9gimen Interior,&nbsp;In\u00e9s Arco, se desplaz\u00f3 hasta el municipio tosiriano para mantener una reuni\u00f3n de trabajo con el alcalde,&nbsp;Enrique Castro, en la que se abordaron los avances y las nuevas &hellip; La Diputaci\u00f3n y el Ayuntamiento de Torredonjimeno avanzan en nuevos proyectos de transformaci\u00f3n digital Leer m\u00e1s &raquo;","og_url":"https:\/\/torredonjimenoactualidad.com\/index.php\/2025\/11\/27\/la-diputacion-y-el-ayuntamiento-de-torredonjimeno-avanzan-en-nuevos-proyectos-de-transformacion-digital\/","og_site_name":"Torredonjimeno Actualidad","article_published_time":"2025-11-27T14:53:54+00:00","article_modified_time":"2025-11-27T14:53:55+00:00","og_image":[{"width":2560,"height":1463,"url":"https:\/\/torredonjimenoactualidad.com\/wp-content\/uploads\/2025\/11\/IMG_3853-scaled.jpg","type":"image\/jpeg"}],"author":"Alba Mar\u00eda Torres","twitter_card":"summary_large_image","twitter_misc":{"Escrito por":"Alba Mar\u00eda Torres","Tiempo de lectura":"2 minutos"},"schema":{"@context":"https:\/\/schema.org","@graph":[{"@type":"Article","@id":"https:\/\/torredonjimenoactualidad.com\/index.php\/2025\/11\/27\/la-diputacion-y-el-ayuntamiento-de-torredonjimeno-avanzan-en-nuevos-proyectos-de-transformacion-digital\/#article","isPartOf":{"@id":"https:\/\/torredonjimenoactualidad.com\/index.php\/2025\/11\/27\/la-diputacion-y-el-ayuntamiento-de-torredonjimeno-avanzan-en-nuevos-proyectos-de-transformacion-digital\/"},"author":{"name":"Alba Mar\u00eda Torres","@id":"https:\/\/torredonjimenoactualidad.com\/#\/schema\/person\/84de5f233e783ef2c75151a532b54977"},"headline":"La Diputaci\u00f3n y el Ayuntamiento de Torredonjimeno avanzan en nuevos proyectos de transformaci\u00f3n digital","datePublished":"2025-11-27T14:53:54+00:00","dateModified":"2025-11-27T14:53:55+00:00","mainEntityOfPage":{"@id":"https:\/\/torredonjimenoactualidad.com\/index.php\/2025\/11\/27\/la-diputacion-y-el-ayuntamiento-de-torredonjimeno-avanzan-en-nuevos-proyectos-de-transformacion-digital\/"},"wordCount":382,"publisher":{"@id":"https:\/\/torredonjimenoactualidad.com\/#organization"},"articleSection":["local"],"inLanguage":"es"},{"@type":"WebPage","@id":"https:\/\/torredonjimenoactualidad.com\/index.php\/2025\/11\/27\/la-diputacion-y-el-ayuntamiento-de-torredonjimeno-avanzan-en-nuevos-proyectos-de-transformacion-digital\/","url":"https:\/\/torredonjimenoactualidad.com\/index.php\/2025\/11\/27\/la-diputacion-y-el-ayuntamiento-de-torredonjimeno-avanzan-en-nuevos-proyectos-de-transformacion-digital\/","name":"La Diputaci\u00f3n y el Ayuntamiento de Torredonjimeno avanzan en nuevos proyectos de transformaci\u00f3n digital - Torredonjimeno Actualidad","isPartOf":{"@id":"https:\/\/torredonjimenoactualidad.com\/#website"},"datePublished":"2025-11-27T14:53:54+00:00","dateModified":"2025-11-27T14:53:55+00:00","breadcrumb":{"@id":"https:\/\/torredonjimenoactualidad.com\/index.php\/2025\/11\/27\/la-diputacion-y-el-ayuntamiento-de-torredonjimeno-avanzan-en-nuevos-proyectos-de-transformacion-digital\/#breadcrumb"},"inLanguage":"es","potentialAction":[{"@type":"ReadAction","target":["https:\/\/torredonjimenoactualidad.com\/index.php\/2025\/11\/27\/la-diputacion-y-el-ayuntamiento-de-torredonjimeno-avanzan-en-nuevos-proyectos-de-transformacion-digital\/"]}]},{"@type":"BreadcrumbList","@id":"https:\/\/torredonjimenoactualidad.com\/index.php\/2025\/11\/27\/la-diputacion-y-el-ayuntamiento-de-torredonjimeno-avanzan-en-nuevos-proyectos-de-transformacion-digital\/#breadcrumb","itemListElement":[{"@type":"ListItem","position":1,"name":"Portada","item":"https:\/\/torredonjimenoactualidad.com\/"},{"@type":"ListItem","position":2,"name":"La Diputaci\u00f3n y el Ayuntamiento de Torredonjimeno avanzan en nuevos proyectos de transformaci\u00f3n digital"}]},{"@type":"WebSite","@id":"https:\/\/torredonjimenoactualidad.com\/#website","url":"https:\/\/torredonjimenoactualidad.com\/","name":"Torredonjimeno Actualidad","description":"","publisher":{"@id":"https:\/\/torredonjimenoactualidad.com\/#organization"},"potentialAction":[{"@type":"SearchAction","target":{"@type":"EntryPoint","urlTemplate":"https:\/\/torredonjimenoactualidad.com\/?s={search_term_string}"},"query-input":"required name=search_term_string"}],"inLanguage":"es"},{"@type":"Organization","@id":"https:\/\/torredonjimenoactualidad.com\/#organization","name":"Torredonjimeno Actualidad","url":"https:\/\/torredonjimenoactualidad.com\/","logo":{"@type":"ImageObject","inLanguage":"es","@id":"https:\/\/torredonjimenoactualidad.com\/#\/schema\/logo\/image\/","url":"https:\/\/torredonjimenoactualidad.com\/wp-content\/uploads\/2023\/02\/logo-torredonjimeno-544x180-1.png","contentUrl":"https:\/\/torredonjimenoactualidad.com\/wp-content\/uploads\/2023\/02\/logo-torredonjimeno-544x180-1.png","width":545,"height":112,"caption":"Torredonjimeno Actualidad"},"image":{"@id":"https:\/\/torredonjimenoactualidad.com\/#\/schema\/logo\/image\/"}},{"@type":"Person","@id":"https:\/\/torredonjimenoactualidad.com\/#\/schema\/person\/84de5f233e783ef2c75151a532b54977","name":"Alba Mar\u00eda Torres","image":{"@type":"ImageObject","inLanguage":"es","@id":"https:\/\/torredonjimenoactualidad.com\/#\/schema\/person\/image\/","url":"https:\/\/secure.gravatar.com\/avatar\/f9371f188c71501b4475a9ba2a71595850ec72967f800a2ed8e3e2102859ed65?s=96&d=mm&r=g","contentUrl":"https:\/\/secure.gravatar.com\/avatar\/f9371f188c71501b4475a9ba2a71595850ec72967f800a2ed8e3e2102859ed65?s=96&d=mm&r=g","caption":"Alba Mar\u00eda Torres"},"url":"https:\/\/torredonjimenoactualidad.com\/index.php\/author\/alba-torres\/"}]}},"_links":{"self":[{"href":"https:\/\/torredonjimenoactualidad.com\/index.php\/wp-json\/wp\/v2\/posts\/4182","targetHints":{"allow":["GET"]}}],"collection":[{"href":"https:\/\/torredonjimenoactualidad.com\/index.php\/wp-json\/wp\/v2\/posts"}],"about":[{"href":"https:\/\/torredonjimenoactualidad.com\/index.php\/wp-json\/wp\/v2\/types\/post"}],"author":[{"embeddable":true,"href":"https:\/\/torredonjimenoactualidad.com\/index.php\/wp-json\/wp\/v2\/users\/2"}],"replies":[{"embeddable":true,"href":"https:\/\/torredonjimenoactualidad.com\/index.php\/wp-json\/wp\/v2\/comments?post=4182"}],"version-history":[{"count":1,"href":"https:\/\/torredonjimenoactualidad.com\/index.php\/wp-json\/wp\/v2\/posts\/4182\/revisions"}],"predecessor-version":[{"id":4184,"href":"https:\/\/torredonjimenoactualidad.com\/index.php\/wp-json\/wp\/v2\/posts\/4182\/revisions\/4184"}],"wp:featuredmedia":[{"embeddable":true,"href":"https:\/\/torredonjimenoactualidad.com\/index.php\/wp-json\/wp\/v2\/media\/4183"}],"wp:attachment":[{"href":"https:\/\/torredonjimenoactualidad.com\/index.php\/wp-json\/wp\/v2\/media?parent=4182"}],"wp:term":[{"taxonomy":"category","embeddable":true,"href":"https:\/\/torredonjimenoactualidad.com\/index.php\/wp-json\/wp\/v2\/categories?post=4182"},{"taxonomy":"post_tag","embeddable":true,"href":"https:\/\/torredonjimenoactualidad.com\/index.php\/wp-json\/wp\/v2\/tags?post=4182"}],"curies":[{"name":"wp","href":"https:\/\/api.w.org\/{rel}","templated":true}]}}