{"id":4179,"date":"2025-11-27T14:43:00","date_gmt":"2025-11-27T14:43:00","guid":{"rendered":"https:\/\/torredonjimenoactualidad.com\/?p=4179"},"modified":"2025-11-27T14:43:30","modified_gmt":"2025-11-27T14:43:30","slug":"la-diputacion-destinara-mas-de-16-millones-a-ayudas-de-agricultura-ganaderia-y-medio-ambiente","status":"publish","type":"post","link":"https:\/\/torredonjimenoactualidad.com\/index.php\/2025\/11\/27\/la-diputacion-destinara-mas-de-16-millones-a-ayudas-de-agricultura-ganaderia-y-medio-ambiente\/","title":{"rendered":"La Diputaci\u00f3n destinar\u00e1 m\u00e1s de 1,6 millones a ayudas de agricultura, ganader\u00eda y medio ambiente"},"content":{"rendered":"\n<p>La Diputaci\u00f3n de Ja\u00e9n destinar\u00e1 un total de 1.620.000 euros a la convocatoria de subvenciones en materia de agricultura, ganader\u00eda y medio ambiente correspondiente a 2026.<\/p>\n\n\n\n<p>Estas ayudas, cuyas bases se publicar\u00e1n en los pr\u00f3ximos d\u00edas en el Bolet\u00edn Oficial de la Provincia (BOP), se vuelven a anticipar este a\u00f1o con el objetivo de facilitar a agricultores, ganaderos, ayuntamientos, asociaciones y empresas la planificaci\u00f3n de inversiones y la realizaci\u00f3n de actividades a lo largo del pr\u00f3ximo ejercicio.<\/p>\n\n\n\n<p>El diputado de Agricultura y Ganader\u00eda, Javier Perales, y la diputada de Medio Ambiente y Lucha contra el Cambio Clim\u00e1tico, Isabel Uceda, han informado este jueves sobre el contenido de estas subvenciones, que se distribuir\u00e1n en cuatro convocatorias principales.<\/p>\n\n\n\n<p>La primera est\u00e1 destinada a ayuntamientos y dotada con 700.000 euros, mientras que la segunda se destinar\u00e1 a asociaciones, federaciones y confederaciones sin \u00e1nimo de lucro y contar\u00e1 con 120.000 euros. La tercera, de 600.000 euros, ser\u00e1 para agricultores y ganaderos y, por \u00faltimo, habr\u00e1 una de 200.000 euros para empresas agroalimentarias de la provincia.<\/p>\n\n\n\n<p>Las dos l\u00edneas de ayudas dirigidas a agricultores y ganaderos y las de empresas agroalimentarias, que suman 800.000 euros, Perales ha explicado que \u00abbuscan impulsar, adem\u00e1s de la diversificaci\u00f3n agr\u00edcola, el apoyo a la ganader\u00eda extensiva y trashumante y fortalecer la industria agroalimentaria, as\u00ed como respaldar a los productores enmarcados en la estrategia de Degusta Ja\u00e9n\u00bb.<\/p>\n\n\n\n<p>\u00abEstas ayudas representan una lluvia permanente de inversi\u00f3n y son \u00e1giles y accesibles tanto para grandes como para peque\u00f1os productores\u00bb, ha valorado. De hecho, entre 2019 y 2024 se han concedido subvenciones a agricultores, ganaderos y empresas agroalimentarias por m\u00e1s de 4,3 millones de euros que han generado 13,78 millones de inversi\u00f3n.<\/p>\n\n\n\n<h2 class=\"wp-block-heading\">FIJACI\u00d3N DE POBLACI\u00d3N<\/h2>\n\n\n\n<p>Algo que, seg\u00fan ha a\u00f1adido, \u00abha contribuido a la creaci\u00f3n de empleo y a la fijaci\u00f3n de la poblaci\u00f3n rural\u00bb. En este sentido, ha apuntado que \u00abhan abierto alternativas reales al monocultivo del olivar, como han sido el pistacho o el almendro, adem\u00e1s de apoyar la horticultura de proximidad y sostener la actividad de los ganaderos trashumantes y del cordero segure\u00f1o\u00bb.<\/p>\n\n\n\n<p>La convocatoria dirigida a agricultores y ganaderos, dotada con 600.000 euros, tendr\u00e1 diversas l\u00edneas de financiaci\u00f3n que comprender\u00e1n tanto el arrendamiento de fincas r\u00fasticas, como la generaci\u00f3n de empleo en cultivos herb\u00e1ceos y le\u00f1osos, la realizaci\u00f3n de inversiones en explotaciones agrarias y ganaderas y el apoyo a la trashumancia.<\/p>\n\n\n\n<p>Como novedad respecto a ejercicios anteriores, de cara a la concesi\u00f3n de ayudas a los ganaderos trashumantes, \u00abse valorar\u00e1 especialmente la trashumancia que se hace a pie, por su valor cultural y medioambiental y por la generaci\u00f3n de empleo que diferencia a esta trashumancia que se hace a pie desde la Sierra de Segura a la comarca de El Condado\u00bb.<\/p>\n\n\n\n<p>La convocatoria de subvenciones destinada a empresas agroalimentarias, con 200.000 euros, permitir\u00e1 sufragar tanto acciones de comercializaci\u00f3n, como de inversi\u00f3n y transformaci\u00f3n de aquellas empresas del sector que est\u00e9n adheridas a la estrategia Degusta Ja\u00e9n.<\/p>\n\n\n\n<h2 class=\"wp-block-heading\">ADAPTACI\u00d3N AL CAMBIO CLIM\u00c1TICO<\/h2>\n\n\n\n<p>Por otra parte, en materia de medio ambiente, Uceda ha detallado que se impulsar\u00e1n sendas convocatorias destinadas ayuntamientos y entidades de la provincia. La dirigida a los consistorios, que suma 700.000 euros y consta, a su vez, de dos l\u00edneas de financiaci\u00f3n, pretende \u00abimpulsar proyectos que reduzcan emisiones, mejoren la eficiencia energ\u00e9tica, fomenten las energ\u00edas renovables y promuevan la adaptaci\u00f3n al cambio clim\u00e1tico\u00bb.<\/p>\n\n\n\n<p>As\u00ed, en estas subvenciones para ayuntamientos en materia medioambiental se ha establecido, por un lado, 100.000 euros para sufragar actividades de sensibilizaci\u00f3n y formaci\u00f3n ciudadana dentro de las acciones recogidas en el Plan Provincial de Lucha contra el Cambio Clim\u00e1tico &#8211;tanto en lo relativo a la gesti\u00f3n energ\u00e9tica, como de recursos h\u00eddricos, sostenibilidad o econom\u00eda circular&#8211;.<\/p>\n\n\n\n<p>Y, por otro, se destinar\u00e1n 600.000 euros para facilitar a los ayuntamientos la realizaci\u00f3n de inversiones que favorezcan la transici\u00f3n energ\u00e9tica y la adaptaci\u00f3n al cambio clim\u00e1tico.<\/p>\n\n\n\n<p>En cuanto a las ayudas que pueden solicitar asociaciones, confederaciones y entidades sin \u00e1nimo de lucro, la diputada de Medio Ambiente y Lucha contra el Cambio Clim\u00e1tico ha se\u00f1alado que constar\u00e1n de una dotaci\u00f3n de 120.000 euros.<\/p>\n\n\n\n<p>Esta convocatoria dirigida a entidades se compondr\u00e1 tambi\u00e9n de dos l\u00edneas de financiaci\u00f3n, de 100.000 y de 20.000 euros. La primera contempla ayudas a actividades, programas y proyectos de promoci\u00f3n, estudio y sensibilizaci\u00f3n en materia de sostenibilidad ambiental y lucha contra el cambio clim\u00e1tico.<\/p>\n\n\n\n<p>A la segunda, se podr\u00e1n presentar proyectos que promuevan la visibilizaci\u00f3n y dinamizaci\u00f3n del sector agroalimentario en la provincia de Ja\u00e9n, la diversificaci\u00f3n agr\u00edcola, la producci\u00f3n integrada y ecol\u00f3gica, as\u00ed como la preservaci\u00f3n del patrimonio fitogen\u00e9tico y ganadero end\u00f3geno de la provincia.<\/p>\n","protected":false},"excerpt":{"rendered":"<p>La Diputaci\u00f3n de Ja\u00e9n destinar\u00e1 un total de 1.620.000 euros a la convocatoria de subvenciones en materia de agricultura, ganader\u00eda y medio ambiente correspondiente a 2026. Estas ayudas, cuyas bases se publicar\u00e1n en los pr\u00f3ximos d\u00edas en el Bolet\u00edn Oficial de la Provincia (BOP), se vuelven a anticipar este a\u00f1o con el objetivo de facilitar &hellip;<\/p>\n<p class=\"read-more\"> <a class=\"\" href=\"https:\/\/torredonjimenoactualidad.com\/index.php\/2025\/11\/27\/la-diputacion-destinara-mas-de-16-millones-a-ayudas-de-agricultura-ganaderia-y-medio-ambiente\/\"> <span class=\"screen-reader-text\">La Diputaci\u00f3n destinar\u00e1 m\u00e1s de 1,6 millones a ayudas de agricultura, ganader\u00eda y medio ambiente<\/span> Leer m\u00e1s &raquo;<\/a><\/p>\n","protected":false},"author":3,"featured_media":4180,"comment_status":"closed","ping_status":"open","sticky":false,"template":"","format":"standard","meta":{"site-sidebar-layout":"default","site-content-layout":"default","ast-global-header-display":"","ast-main-header-display":"","ast-hfb-above-header-display":"","ast-hfb-below-header-display":"","ast-hfb-mobile-header-display":"","site-post-title":"","ast-breadcrumbs-content":"","ast-featured-img":"","footer-sml-layout":"","theme-transparent-header-meta":"","adv-header-id-meta":"","stick-header-meta":"","header-above-stick-meta":"","header-main-stick-meta":"","header-below-stick-meta":"","footnotes":""},"categories":[8],"tags":[],"class_list":["post-4179","post","type-post","status-publish","format-standard","has-post-thumbnail","hentry","category-provincia"],"yoast_head":"<!-- This site is optimized with the Yoast SEO plugin v20.8 - https:\/\/yoast.com\/wordpress\/plugins\/seo\/ -->\n<title>La Diputaci\u00f3n destinar\u00e1 m\u00e1s de 1,6 millones a ayudas de agricultura, ganader\u00eda y medio ambiente - Torredonjimeno Actualidad<\/title>\n<meta name=\"robots\" content=\"index, follow, max-snippet:-1, max-image-preview:large, max-video-preview:-1\" \/>\n<link rel=\"canonical\" href=\"https:\/\/torredonjimenoactualidad.com\/index.php\/2025\/11\/27\/la-diputacion-destinara-mas-de-16-millones-a-ayudas-de-agricultura-ganaderia-y-medio-ambiente\/\" \/>\n<meta property=\"og:locale\" content=\"es_ES\" \/>\n<meta property=\"og:type\" content=\"article\" \/>\n<meta property=\"og:title\" content=\"La Diputaci\u00f3n destinar\u00e1 m\u00e1s de 1,6 millones a ayudas de agricultura, ganader\u00eda y medio ambiente - Torredonjimeno Actualidad\" \/>\n<meta property=\"og:description\" content=\"La Diputaci\u00f3n de Ja\u00e9n destinar\u00e1 un total de 1.620.000 euros a la convocatoria de subvenciones en materia de agricultura, ganader\u00eda y medio ambiente correspondiente a 2026. Estas ayudas, cuyas bases se publicar\u00e1n en los pr\u00f3ximos d\u00edas en el Bolet\u00edn Oficial de la Provincia (BOP), se vuelven a anticipar este a\u00f1o con el objetivo de facilitar &hellip; La Diputaci\u00f3n destinar\u00e1 m\u00e1s de 1,6 millones a ayudas de agricultura, ganader\u00eda y medio ambiente Leer m\u00e1s &raquo;\" \/>\n<meta property=\"og:url\" content=\"https:\/\/torredonjimenoactualidad.com\/index.php\/2025\/11\/27\/la-diputacion-destinara-mas-de-16-millones-a-ayudas-de-agricultura-ganaderia-y-medio-ambiente\/\" \/>\n<meta property=\"og:site_name\" content=\"Torredonjimeno Actualidad\" \/>\n<meta property=\"article:published_time\" content=\"2025-11-27T14:43:00+00:00\" \/>\n<meta property=\"article:modified_time\" content=\"2025-11-27T14:43:30+00:00\" \/>\n<meta property=\"og:image\" content=\"https:\/\/torredonjimenoactualidad.com\/wp-content\/uploads\/2025\/11\/fotonoticia_20251127131644_1920.jpg\" \/>\n\t<meta property=\"og:image:width\" content=\"1920\" \/>\n\t<meta property=\"og:image:height\" content=\"1097\" \/>\n\t<meta property=\"og:image:type\" content=\"image\/jpeg\" \/>\n<meta name=\"author\" content=\"Redaccion\" \/>\n<meta name=\"twitter:card\" content=\"summary_large_image\" \/>\n<meta name=\"twitter:label1\" content=\"Escrito por\" \/>\n\t<meta name=\"twitter:data1\" content=\"Redaccion\" \/>\n\t<meta name=\"twitter:label2\" content=\"Tiempo de lectura\" \/>\n\t<meta name=\"twitter:data2\" content=\"4 minutos\" \/>\n<script type=\"application\/ld+json\" class=\"yoast-schema-graph\">{\"@context\":\"https:\/\/schema.org\",\"@graph\":[{\"@type\":\"Article\",\"@id\":\"https:\/\/torredonjimenoactualidad.com\/index.php\/2025\/11\/27\/la-diputacion-destinara-mas-de-16-millones-a-ayudas-de-agricultura-ganaderia-y-medio-ambiente\/#article\",\"isPartOf\":{\"@id\":\"https:\/\/torredonjimenoactualidad.com\/index.php\/2025\/11\/27\/la-diputacion-destinara-mas-de-16-millones-a-ayudas-de-agricultura-ganaderia-y-medio-ambiente\/\"},\"author\":{\"name\":\"Redaccion\",\"@id\":\"https:\/\/torredonjimenoactualidad.com\/#\/schema\/person\/11f05803cdf40dbeb7f4fbf2365c9ac5\"},\"headline\":\"La Diputaci\u00f3n destinar\u00e1 m\u00e1s de 1,6 millones a ayudas de agricultura, ganader\u00eda y medio ambiente\",\"datePublished\":\"2025-11-27T14:43:00+00:00\",\"dateModified\":\"2025-11-27T14:43:30+00:00\",\"mainEntityOfPage\":{\"@id\":\"https:\/\/torredonjimenoactualidad.com\/index.php\/2025\/11\/27\/la-diputacion-destinara-mas-de-16-millones-a-ayudas-de-agricultura-ganaderia-y-medio-ambiente\/\"},\"wordCount\":849,\"publisher\":{\"@id\":\"https:\/\/torredonjimenoactualidad.com\/#organization\"},\"articleSection\":[\"provincia\"],\"inLanguage\":\"es\"},{\"@type\":\"WebPage\",\"@id\":\"https:\/\/torredonjimenoactualidad.com\/index.php\/2025\/11\/27\/la-diputacion-destinara-mas-de-16-millones-a-ayudas-de-agricultura-ganaderia-y-medio-ambiente\/\",\"url\":\"https:\/\/torredonjimenoactualidad.com\/index.php\/2025\/11\/27\/la-diputacion-destinara-mas-de-16-millones-a-ayudas-de-agricultura-ganaderia-y-medio-ambiente\/\",\"name\":\"La Diputaci\u00f3n destinar\u00e1 m\u00e1s de 1,6 millones a ayudas de agricultura, ganader\u00eda y medio ambiente - Torredonjimeno Actualidad\",\"isPartOf\":{\"@id\":\"https:\/\/torredonjimenoactualidad.com\/#website\"},\"datePublished\":\"2025-11-27T14:43:00+00:00\",\"dateModified\":\"2025-11-27T14:43:30+00:00\",\"breadcrumb\":{\"@id\":\"https:\/\/torredonjimenoactualidad.com\/index.php\/2025\/11\/27\/la-diputacion-destinara-mas-de-16-millones-a-ayudas-de-agricultura-ganaderia-y-medio-ambiente\/#breadcrumb\"},\"inLanguage\":\"es\",\"potentialAction\":[{\"@type\":\"ReadAction\",\"target\":[\"https:\/\/torredonjimenoactualidad.com\/index.php\/2025\/11\/27\/la-diputacion-destinara-mas-de-16-millones-a-ayudas-de-agricultura-ganaderia-y-medio-ambiente\/\"]}]},{\"@type\":\"BreadcrumbList\",\"@id\":\"https:\/\/torredonjimenoactualidad.com\/index.php\/2025\/11\/27\/la-diputacion-destinara-mas-de-16-millones-a-ayudas-de-agricultura-ganaderia-y-medio-ambiente\/#breadcrumb\",\"itemListElement\":[{\"@type\":\"ListItem\",\"position\":1,\"name\":\"Portada\",\"item\":\"https:\/\/torredonjimenoactualidad.com\/\"},{\"@type\":\"ListItem\",\"position\":2,\"name\":\"La Diputaci\u00f3n destinar\u00e1 m\u00e1s de 1,6 millones a ayudas de agricultura, ganader\u00eda y medio ambiente\"}]},{\"@type\":\"WebSite\",\"@id\":\"https:\/\/torredonjimenoactualidad.com\/#website\",\"url\":\"https:\/\/torredonjimenoactualidad.com\/\",\"name\":\"Torredonjimeno Actualidad\",\"description\":\"\",\"publisher\":{\"@id\":\"https:\/\/torredonjimenoactualidad.com\/#organization\"},\"potentialAction\":[{\"@type\":\"SearchAction\",\"target\":{\"@type\":\"EntryPoint\",\"urlTemplate\":\"https:\/\/torredonjimenoactualidad.com\/?s={search_term_string}\"},\"query-input\":\"required name=search_term_string\"}],\"inLanguage\":\"es\"},{\"@type\":\"Organization\",\"@id\":\"https:\/\/torredonjimenoactualidad.com\/#organization\",\"name\":\"Torredonjimeno Actualidad\",\"url\":\"https:\/\/torredonjimenoactualidad.com\/\",\"logo\":{\"@type\":\"ImageObject\",\"inLanguage\":\"es\",\"@id\":\"https:\/\/torredonjimenoactualidad.com\/#\/schema\/logo\/image\/\",\"url\":\"https:\/\/torredonjimenoactualidad.com\/wp-content\/uploads\/2023\/02\/logo-torredonjimeno-544x180-1.png\",\"contentUrl\":\"https:\/\/torredonjimenoactualidad.com\/wp-content\/uploads\/2023\/02\/logo-torredonjimeno-544x180-1.png\",\"width\":545,\"height\":112,\"caption\":\"Torredonjimeno Actualidad\"},\"image\":{\"@id\":\"https:\/\/torredonjimenoactualidad.com\/#\/schema\/logo\/image\/\"}},{\"@type\":\"Person\",\"@id\":\"https:\/\/torredonjimenoactualidad.com\/#\/schema\/person\/11f05803cdf40dbeb7f4fbf2365c9ac5\",\"name\":\"Redaccion\",\"image\":{\"@type\":\"ImageObject\",\"inLanguage\":\"es\",\"@id\":\"https:\/\/torredonjimenoactualidad.com\/#\/schema\/person\/image\/\",\"url\":\"https:\/\/secure.gravatar.com\/avatar\/5917bab7eff43e17746fd29b509939469470810b6b989b7cc2f89e3188399bf3?s=96&d=mm&r=g\",\"contentUrl\":\"https:\/\/secure.gravatar.com\/avatar\/5917bab7eff43e17746fd29b509939469470810b6b989b7cc2f89e3188399bf3?s=96&d=mm&r=g\",\"caption\":\"Redaccion\"},\"url\":\"https:\/\/torredonjimenoactualidad.com\/index.php\/author\/jose-bueno\/\"}]}<\/script>\n<!-- \/ Yoast SEO plugin. -->","yoast_head_json":{"title":"La Diputaci\u00f3n destinar\u00e1 m\u00e1s de 1,6 millones a ayudas de agricultura, ganader\u00eda y medio ambiente - Torredonjimeno Actualidad","robots":{"index":"index","follow":"follow","max-snippet":"max-snippet:-1","max-image-preview":"max-image-preview:large","max-video-preview":"max-video-preview:-1"},"canonical":"https:\/\/torredonjimenoactualidad.com\/index.php\/2025\/11\/27\/la-diputacion-destinara-mas-de-16-millones-a-ayudas-de-agricultura-ganaderia-y-medio-ambiente\/","og_locale":"es_ES","og_type":"article","og_title":"La Diputaci\u00f3n destinar\u00e1 m\u00e1s de 1,6 millones a ayudas de agricultura, ganader\u00eda y medio ambiente - Torredonjimeno Actualidad","og_description":"La Diputaci\u00f3n de Ja\u00e9n destinar\u00e1 un total de 1.620.000 euros a la convocatoria de subvenciones en materia de agricultura, ganader\u00eda y medio ambiente correspondiente a 2026. Estas ayudas, cuyas bases se publicar\u00e1n en los pr\u00f3ximos d\u00edas en el Bolet\u00edn Oficial de la Provincia (BOP), se vuelven a anticipar este a\u00f1o con el objetivo de facilitar &hellip; La Diputaci\u00f3n destinar\u00e1 m\u00e1s de 1,6 millones a ayudas de agricultura, ganader\u00eda y medio ambiente Leer m\u00e1s &raquo;","og_url":"https:\/\/torredonjimenoactualidad.com\/index.php\/2025\/11\/27\/la-diputacion-destinara-mas-de-16-millones-a-ayudas-de-agricultura-ganaderia-y-medio-ambiente\/","og_site_name":"Torredonjimeno Actualidad","article_published_time":"2025-11-27T14:43:00+00:00","article_modified_time":"2025-11-27T14:43:30+00:00","og_image":[{"width":1920,"height":1097,"url":"https:\/\/torredonjimenoactualidad.com\/wp-content\/uploads\/2025\/11\/fotonoticia_20251127131644_1920.jpg","type":"image\/jpeg"}],"author":"Redaccion","twitter_card":"summary_large_image","twitter_misc":{"Escrito por":"Redaccion","Tiempo de lectura":"4 minutos"},"schema":{"@context":"https:\/\/schema.org","@graph":[{"@type":"Article","@id":"https:\/\/torredonjimenoactualidad.com\/index.php\/2025\/11\/27\/la-diputacion-destinara-mas-de-16-millones-a-ayudas-de-agricultura-ganaderia-y-medio-ambiente\/#article","isPartOf":{"@id":"https:\/\/torredonjimenoactualidad.com\/index.php\/2025\/11\/27\/la-diputacion-destinara-mas-de-16-millones-a-ayudas-de-agricultura-ganaderia-y-medio-ambiente\/"},"author":{"name":"Redaccion","@id":"https:\/\/torredonjimenoactualidad.com\/#\/schema\/person\/11f05803cdf40dbeb7f4fbf2365c9ac5"},"headline":"La Diputaci\u00f3n destinar\u00e1 m\u00e1s de 1,6 millones a ayudas de agricultura, ganader\u00eda y medio ambiente","datePublished":"2025-11-27T14:43:00+00:00","dateModified":"2025-11-27T14:43:30+00:00","mainEntityOfPage":{"@id":"https:\/\/torredonjimenoactualidad.com\/index.php\/2025\/11\/27\/la-diputacion-destinara-mas-de-16-millones-a-ayudas-de-agricultura-ganaderia-y-medio-ambiente\/"},"wordCount":849,"publisher":{"@id":"https:\/\/torredonjimenoactualidad.com\/#organization"},"articleSection":["provincia"],"inLanguage":"es"},{"@type":"WebPage","@id":"https:\/\/torredonjimenoactualidad.com\/index.php\/2025\/11\/27\/la-diputacion-destinara-mas-de-16-millones-a-ayudas-de-agricultura-ganaderia-y-medio-ambiente\/","url":"https:\/\/torredonjimenoactualidad.com\/index.php\/2025\/11\/27\/la-diputacion-destinara-mas-de-16-millones-a-ayudas-de-agricultura-ganaderia-y-medio-ambiente\/","name":"La Diputaci\u00f3n destinar\u00e1 m\u00e1s de 1,6 millones a ayudas de agricultura, ganader\u00eda y medio ambiente - Torredonjimeno Actualidad","isPartOf":{"@id":"https:\/\/torredonjimenoactualidad.com\/#website"},"datePublished":"2025-11-27T14:43:00+00:00","dateModified":"2025-11-27T14:43:30+00:00","breadcrumb":{"@id":"https:\/\/torredonjimenoactualidad.com\/index.php\/2025\/11\/27\/la-diputacion-destinara-mas-de-16-millones-a-ayudas-de-agricultura-ganaderia-y-medio-ambiente\/#breadcrumb"},"inLanguage":"es","potentialAction":[{"@type":"ReadAction","target":["https:\/\/torredonjimenoactualidad.com\/index.php\/2025\/11\/27\/la-diputacion-destinara-mas-de-16-millones-a-ayudas-de-agricultura-ganaderia-y-medio-ambiente\/"]}]},{"@type":"BreadcrumbList","@id":"https:\/\/torredonjimenoactualidad.com\/index.php\/2025\/11\/27\/la-diputacion-destinara-mas-de-16-millones-a-ayudas-de-agricultura-ganaderia-y-medio-ambiente\/#breadcrumb","itemListElement":[{"@type":"ListItem","position":1,"name":"Portada","item":"https:\/\/torredonjimenoactualidad.com\/"},{"@type":"ListItem","position":2,"name":"La Diputaci\u00f3n destinar\u00e1 m\u00e1s de 1,6 millones a ayudas de agricultura, ganader\u00eda y medio ambiente"}]},{"@type":"WebSite","@id":"https:\/\/torredonjimenoactualidad.com\/#website","url":"https:\/\/torredonjimenoactualidad.com\/","name":"Torredonjimeno Actualidad","description":"","publisher":{"@id":"https:\/\/torredonjimenoactualidad.com\/#organization"},"potentialAction":[{"@type":"SearchAction","target":{"@type":"EntryPoint","urlTemplate":"https:\/\/torredonjimenoactualidad.com\/?s={search_term_string}"},"query-input":"required name=search_term_string"}],"inLanguage":"es"},{"@type":"Organization","@id":"https:\/\/torredonjimenoactualidad.com\/#organization","name":"Torredonjimeno Actualidad","url":"https:\/\/torredonjimenoactualidad.com\/","logo":{"@type":"ImageObject","inLanguage":"es","@id":"https:\/\/torredonjimenoactualidad.com\/#\/schema\/logo\/image\/","url":"https:\/\/torredonjimenoactualidad.com\/wp-content\/uploads\/2023\/02\/logo-torredonjimeno-544x180-1.png","contentUrl":"https:\/\/torredonjimenoactualidad.com\/wp-content\/uploads\/2023\/02\/logo-torredonjimeno-544x180-1.png","width":545,"height":112,"caption":"Torredonjimeno Actualidad"},"image":{"@id":"https:\/\/torredonjimenoactualidad.com\/#\/schema\/logo\/image\/"}},{"@type":"Person","@id":"https:\/\/torredonjimenoactualidad.com\/#\/schema\/person\/11f05803cdf40dbeb7f4fbf2365c9ac5","name":"Redaccion","image":{"@type":"ImageObject","inLanguage":"es","@id":"https:\/\/torredonjimenoactualidad.com\/#\/schema\/person\/image\/","url":"https:\/\/secure.gravatar.com\/avatar\/5917bab7eff43e17746fd29b509939469470810b6b989b7cc2f89e3188399bf3?s=96&d=mm&r=g","contentUrl":"https:\/\/secure.gravatar.com\/avatar\/5917bab7eff43e17746fd29b509939469470810b6b989b7cc2f89e3188399bf3?s=96&d=mm&r=g","caption":"Redaccion"},"url":"https:\/\/torredonjimenoactualidad.com\/index.php\/author\/jose-bueno\/"}]}},"_links":{"self":[{"href":"https:\/\/torredonjimenoactualidad.com\/index.php\/wp-json\/wp\/v2\/posts\/4179","targetHints":{"allow":["GET"]}}],"collection":[{"href":"https:\/\/torredonjimenoactualidad.com\/index.php\/wp-json\/wp\/v2\/posts"}],"about":[{"href":"https:\/\/torredonjimenoactualidad.com\/index.php\/wp-json\/wp\/v2\/types\/post"}],"author":[{"embeddable":true,"href":"https:\/\/torredonjimenoactualidad.com\/index.php\/wp-json\/wp\/v2\/users\/3"}],"replies":[{"embeddable":true,"href":"https:\/\/torredonjimenoactualidad.com\/index.php\/wp-json\/wp\/v2\/comments?post=4179"}],"version-history":[{"count":1,"href":"https:\/\/torredonjimenoactualidad.com\/index.php\/wp-json\/wp\/v2\/posts\/4179\/revisions"}],"predecessor-version":[{"id":4181,"href":"https:\/\/torredonjimenoactualidad.com\/index.php\/wp-json\/wp\/v2\/posts\/4179\/revisions\/4181"}],"wp:featuredmedia":[{"embeddable":true,"href":"https:\/\/torredonjimenoactualidad.com\/index.php\/wp-json\/wp\/v2\/media\/4180"}],"wp:attachment":[{"href":"https:\/\/torredonjimenoactualidad.com\/index.php\/wp-json\/wp\/v2\/media?parent=4179"}],"wp:term":[{"taxonomy":"category","embeddable":true,"href":"https:\/\/torredonjimenoactualidad.com\/index.php\/wp-json\/wp\/v2\/categories?post=4179"},{"taxonomy":"post_tag","embeddable":true,"href":"https:\/\/torredonjimenoactualidad.com\/index.php\/wp-json\/wp\/v2\/tags?post=4179"}],"curies":[{"name":"wp","href":"https:\/\/api.w.org\/{rel}","templated":true}]}}