{"id":4171,"date":"2025-11-26T17:55:58","date_gmt":"2025-11-26T17:55:58","guid":{"rendered":"https:\/\/torredonjimenoactualidad.com\/?p=4171"},"modified":"2025-11-26T18:03:55","modified_gmt":"2025-11-26T18:03:55","slug":"manifestacion-en-jamilena-contra-la-futura-planta-de-biometano-el-proximo-5-de-diciembre","status":"publish","type":"post","link":"https:\/\/torredonjimenoactualidad.com\/index.php\/2025\/11\/26\/manifestacion-en-jamilena-contra-la-futura-planta-de-biometano-el-proximo-5-de-diciembre\/","title":{"rendered":"Manifestaci\u00f3n en Jamilena contra la futura planta de biometano el pr\u00f3ximo 5 de diciembre"},"content":{"rendered":"\n<p>La preocupaci\u00f3n vecinal por la posible instalaci\u00f3n de una planta de biometano a escasos metros del casco urbano ha llevado a la creaci\u00f3n de una plataforma ciudadana en Jamilena, que ya ha convocado una manifestaci\u00f3n para el pr\u00f3ximo&nbsp;5 de diciembre, a partir de las&nbsp;17:00 horas. La protesta arrancar\u00e1 en la&nbsp;Glorieta de San Isidro&nbsp;y recorrer\u00e1 diferentes calles del municipio con el prop\u00f3sito de visibilizar el malestar creciente entre los vecinos.<\/p>\n\n\n\n<p>Seg\u00fan explica la plataforma, el proyecto contempla ubicar la planta en el&nbsp;t\u00e9rmino municipal de Torredonjimeno, a tan solo&nbsp;500 metros&nbsp;de Jamilena. Esta cercan\u00eda ha encendido las alarmas entre la poblaci\u00f3n, que teme las posibles consecuencias medioambientales que pudiera acarrear una infraestructura de este tipo.<\/p>\n\n\n\n<p>Los organizadores se\u00f1alan que la movilizaci\u00f3n pretende mostrar el&nbsp;rechazo firme y un\u00e1nime&nbsp;del pueblo de Jamilena, que considera que la ubicaci\u00f3n prevista es \u201cincompatible\u201d con la proximidad del n\u00facleo urbano. <\/p>\n\n\n\n<p>La marcha se encuentra actualmente en fase de preparaci\u00f3n, y la plataforma ha confirmado que ya se han solicitado los&nbsp;permisos oficiales&nbsp;ante la&nbsp;Subdelegaci\u00f3n del Gobierno de Espa\u00f1a en Ja\u00e9n, un tr\u00e1mite necesario para garantizar el correcto desarrollo de la manifestaci\u00f3n. En los pr\u00f3ximos d\u00edas se dar\u00e1n a conocer m\u00e1s detalles sobre el recorrido final previsto.<\/p>\n\n\n\n<p>Con esta convocatoria, Jamilena se dispone a mostrar p\u00fablicamente su postura contraria ante un proyecto que consideran perjudicial para el municipio, en una jornada que se espera cuente con una elevada participaci\u00f3n vecinal.<\/p>\n\n\n\n<figure class=\"wp-block-image aligncenter size-full is-resized\"><img loading=\"lazy\" decoding=\"async\" width=\"720\" height=\"1018\" src=\"https:\/\/torredonjimenoactualidad.com\/wp-content\/uploads\/2025\/11\/588740469_1140607684899528_8378344041902101994_n.jpg\" alt=\"\" class=\"wp-image-4174\" style=\"width:497px;height:auto\" srcset=\"https:\/\/torredonjimenoactualidad.com\/wp-content\/uploads\/2025\/11\/588740469_1140607684899528_8378344041902101994_n.jpg 720w, https:\/\/torredonjimenoactualidad.com\/wp-content\/uploads\/2025\/11\/588740469_1140607684899528_8378344041902101994_n-212x300.jpg 212w\" sizes=\"auto, (max-width: 720px) 100vw, 720px\" \/><\/figure>\n\n\n\n<p><\/p>\n","protected":false},"excerpt":{"rendered":"<p>La preocupaci\u00f3n vecinal por la posible instalaci\u00f3n de una planta de biometano a escasos metros del casco urbano ha llevado a la creaci\u00f3n de una plataforma ciudadana en Jamilena, que ya ha convocado una manifestaci\u00f3n para el pr\u00f3ximo&nbsp;5 de diciembre, a partir de las&nbsp;17:00 horas. La protesta arrancar\u00e1 en la&nbsp;Glorieta de San Isidro&nbsp;y recorrer\u00e1 diferentes &hellip;<\/p>\n<p class=\"read-more\"> <a class=\"\" href=\"https:\/\/torredonjimenoactualidad.com\/index.php\/2025\/11\/26\/manifestacion-en-jamilena-contra-la-futura-planta-de-biometano-el-proximo-5-de-diciembre\/\"> <span class=\"screen-reader-text\">Manifestaci\u00f3n en Jamilena contra la futura planta de biometano el pr\u00f3ximo 5 de diciembre<\/span> Leer m\u00e1s &raquo;<\/a><\/p>\n","protected":false},"author":2,"featured_media":4172,"comment_status":"closed","ping_status":"open","sticky":false,"template":"","format":"standard","meta":{"site-sidebar-layout":"default","site-content-layout":"default","ast-global-header-display":"","ast-main-header-display":"","ast-hfb-above-header-display":"","ast-hfb-below-header-display":"","ast-hfb-mobile-header-display":"","site-post-title":"","ast-breadcrumbs-content":"","ast-featured-img":"","footer-sml-layout":"","theme-transparent-header-meta":"","adv-header-id-meta":"","stick-header-meta":"","header-above-stick-meta":"","header-main-stick-meta":"","header-below-stick-meta":"","footnotes":""},"categories":[8],"tags":[],"class_list":["post-4171","post","type-post","status-publish","format-standard","has-post-thumbnail","hentry","category-provincia"],"yoast_head":"<!-- This site is optimized with the Yoast SEO plugin v20.8 - https:\/\/yoast.com\/wordpress\/plugins\/seo\/ -->\n<title>Manifestaci\u00f3n en Jamilena contra la futura planta de biometano el pr\u00f3ximo 5 de diciembre - Torredonjimeno Actualidad<\/title>\n<meta name=\"robots\" content=\"index, follow, max-snippet:-1, max-image-preview:large, max-video-preview:-1\" \/>\n<link rel=\"canonical\" href=\"https:\/\/torredonjimenoactualidad.com\/index.php\/2025\/11\/26\/manifestacion-en-jamilena-contra-la-futura-planta-de-biometano-el-proximo-5-de-diciembre\/\" \/>\n<meta property=\"og:locale\" content=\"es_ES\" \/>\n<meta property=\"og:type\" content=\"article\" \/>\n<meta property=\"og:title\" content=\"Manifestaci\u00f3n en Jamilena contra la futura planta de biometano el pr\u00f3ximo 5 de diciembre - Torredonjimeno Actualidad\" \/>\n<meta property=\"og:description\" content=\"La preocupaci\u00f3n vecinal por la posible instalaci\u00f3n de una planta de biometano a escasos metros del casco urbano ha llevado a la creaci\u00f3n de una plataforma ciudadana en Jamilena, que ya ha convocado una manifestaci\u00f3n para el pr\u00f3ximo&nbsp;5 de diciembre, a partir de las&nbsp;17:00 horas. La protesta arrancar\u00e1 en la&nbsp;Glorieta de San Isidro&nbsp;y recorrer\u00e1 diferentes &hellip; Manifestaci\u00f3n en Jamilena contra la futura planta de biometano el pr\u00f3ximo 5 de diciembre Leer m\u00e1s &raquo;\" \/>\n<meta property=\"og:url\" content=\"https:\/\/torredonjimenoactualidad.com\/index.php\/2025\/11\/26\/manifestacion-en-jamilena-contra-la-futura-planta-de-biometano-el-proximo-5-de-diciembre\/\" \/>\n<meta property=\"og:site_name\" content=\"Torredonjimeno Actualidad\" \/>\n<meta property=\"article:published_time\" content=\"2025-11-26T17:55:58+00:00\" \/>\n<meta property=\"article:modified_time\" content=\"2025-11-26T18:03:55+00:00\" \/>\n<meta property=\"og:image\" content=\"https:\/\/torredonjimenoactualidad.com\/wp-content\/uploads\/2025\/11\/jamilena.jpg\" \/>\n\t<meta property=\"og:image:width\" content=\"2048\" \/>\n\t<meta property=\"og:image:height\" content=\"1170\" \/>\n\t<meta property=\"og:image:type\" content=\"image\/jpeg\" \/>\n<meta name=\"author\" content=\"Alba Mar\u00eda Torres\" \/>\n<meta name=\"twitter:card\" content=\"summary_large_image\" \/>\n<meta name=\"twitter:label1\" content=\"Escrito por\" \/>\n\t<meta name=\"twitter:data1\" content=\"Alba Mar\u00eda Torres\" \/>\n\t<meta name=\"twitter:label2\" content=\"Tiempo de lectura\" \/>\n\t<meta name=\"twitter:data2\" content=\"2 minutos\" \/>\n<script type=\"application\/ld+json\" class=\"yoast-schema-graph\">{\"@context\":\"https:\/\/schema.org\",\"@graph\":[{\"@type\":\"Article\",\"@id\":\"https:\/\/torredonjimenoactualidad.com\/index.php\/2025\/11\/26\/manifestacion-en-jamilena-contra-la-futura-planta-de-biometano-el-proximo-5-de-diciembre\/#article\",\"isPartOf\":{\"@id\":\"https:\/\/torredonjimenoactualidad.com\/index.php\/2025\/11\/26\/manifestacion-en-jamilena-contra-la-futura-planta-de-biometano-el-proximo-5-de-diciembre\/\"},\"author\":{\"name\":\"Alba Mar\u00eda Torres\",\"@id\":\"https:\/\/torredonjimenoactualidad.com\/#\/schema\/person\/84de5f233e783ef2c75151a532b54977\"},\"headline\":\"Manifestaci\u00f3n en Jamilena contra la futura planta de biometano el pr\u00f3ximo 5 de diciembre\",\"datePublished\":\"2025-11-26T17:55:58+00:00\",\"dateModified\":\"2025-11-26T18:03:55+00:00\",\"mainEntityOfPage\":{\"@id\":\"https:\/\/torredonjimenoactualidad.com\/index.php\/2025\/11\/26\/manifestacion-en-jamilena-contra-la-futura-planta-de-biometano-el-proximo-5-de-diciembre\/\"},\"wordCount\":291,\"publisher\":{\"@id\":\"https:\/\/torredonjimenoactualidad.com\/#organization\"},\"articleSection\":[\"provincia\"],\"inLanguage\":\"es\"},{\"@type\":\"WebPage\",\"@id\":\"https:\/\/torredonjimenoactualidad.com\/index.php\/2025\/11\/26\/manifestacion-en-jamilena-contra-la-futura-planta-de-biometano-el-proximo-5-de-diciembre\/\",\"url\":\"https:\/\/torredonjimenoactualidad.com\/index.php\/2025\/11\/26\/manifestacion-en-jamilena-contra-la-futura-planta-de-biometano-el-proximo-5-de-diciembre\/\",\"name\":\"Manifestaci\u00f3n en Jamilena contra la futura planta de biometano el pr\u00f3ximo 5 de diciembre - Torredonjimeno Actualidad\",\"isPartOf\":{\"@id\":\"https:\/\/torredonjimenoactualidad.com\/#website\"},\"datePublished\":\"2025-11-26T17:55:58+00:00\",\"dateModified\":\"2025-11-26T18:03:55+00:00\",\"breadcrumb\":{\"@id\":\"https:\/\/torredonjimenoactualidad.com\/index.php\/2025\/11\/26\/manifestacion-en-jamilena-contra-la-futura-planta-de-biometano-el-proximo-5-de-diciembre\/#breadcrumb\"},\"inLanguage\":\"es\",\"potentialAction\":[{\"@type\":\"ReadAction\",\"target\":[\"https:\/\/torredonjimenoactualidad.com\/index.php\/2025\/11\/26\/manifestacion-en-jamilena-contra-la-futura-planta-de-biometano-el-proximo-5-de-diciembre\/\"]}]},{\"@type\":\"BreadcrumbList\",\"@id\":\"https:\/\/torredonjimenoactualidad.com\/index.php\/2025\/11\/26\/manifestacion-en-jamilena-contra-la-futura-planta-de-biometano-el-proximo-5-de-diciembre\/#breadcrumb\",\"itemListElement\":[{\"@type\":\"ListItem\",\"position\":1,\"name\":\"Portada\",\"item\":\"https:\/\/torredonjimenoactualidad.com\/\"},{\"@type\":\"ListItem\",\"position\":2,\"name\":\"Manifestaci\u00f3n en Jamilena contra la futura planta de biometano el pr\u00f3ximo 5 de diciembre\"}]},{\"@type\":\"WebSite\",\"@id\":\"https:\/\/torredonjimenoactualidad.com\/#website\",\"url\":\"https:\/\/torredonjimenoactualidad.com\/\",\"name\":\"Torredonjimeno Actualidad\",\"description\":\"\",\"publisher\":{\"@id\":\"https:\/\/torredonjimenoactualidad.com\/#organization\"},\"potentialAction\":[{\"@type\":\"SearchAction\",\"target\":{\"@type\":\"EntryPoint\",\"urlTemplate\":\"https:\/\/torredonjimenoactualidad.com\/?s={search_term_string}\"},\"query-input\":\"required name=search_term_string\"}],\"inLanguage\":\"es\"},{\"@type\":\"Organization\",\"@id\":\"https:\/\/torredonjimenoactualidad.com\/#organization\",\"name\":\"Torredonjimeno Actualidad\",\"url\":\"https:\/\/torredonjimenoactualidad.com\/\",\"logo\":{\"@type\":\"ImageObject\",\"inLanguage\":\"es\",\"@id\":\"https:\/\/torredonjimenoactualidad.com\/#\/schema\/logo\/image\/\",\"url\":\"https:\/\/torredonjimenoactualidad.com\/wp-content\/uploads\/2023\/02\/logo-torredonjimeno-544x180-1.png\",\"contentUrl\":\"https:\/\/torredonjimenoactualidad.com\/wp-content\/uploads\/2023\/02\/logo-torredonjimeno-544x180-1.png\",\"width\":545,\"height\":112,\"caption\":\"Torredonjimeno Actualidad\"},\"image\":{\"@id\":\"https:\/\/torredonjimenoactualidad.com\/#\/schema\/logo\/image\/\"}},{\"@type\":\"Person\",\"@id\":\"https:\/\/torredonjimenoactualidad.com\/#\/schema\/person\/84de5f233e783ef2c75151a532b54977\",\"name\":\"Alba Mar\u00eda Torres\",\"image\":{\"@type\":\"ImageObject\",\"inLanguage\":\"es\",\"@id\":\"https:\/\/torredonjimenoactualidad.com\/#\/schema\/person\/image\/\",\"url\":\"https:\/\/secure.gravatar.com\/avatar\/f9371f188c71501b4475a9ba2a71595850ec72967f800a2ed8e3e2102859ed65?s=96&d=mm&r=g\",\"contentUrl\":\"https:\/\/secure.gravatar.com\/avatar\/f9371f188c71501b4475a9ba2a71595850ec72967f800a2ed8e3e2102859ed65?s=96&d=mm&r=g\",\"caption\":\"Alba Mar\u00eda Torres\"},\"url\":\"https:\/\/torredonjimenoactualidad.com\/index.php\/author\/alba-torres\/\"}]}<\/script>\n<!-- \/ Yoast SEO plugin. -->","yoast_head_json":{"title":"Manifestaci\u00f3n en Jamilena contra la futura planta de biometano el pr\u00f3ximo 5 de diciembre - Torredonjimeno Actualidad","robots":{"index":"index","follow":"follow","max-snippet":"max-snippet:-1","max-image-preview":"max-image-preview:large","max-video-preview":"max-video-preview:-1"},"canonical":"https:\/\/torredonjimenoactualidad.com\/index.php\/2025\/11\/26\/manifestacion-en-jamilena-contra-la-futura-planta-de-biometano-el-proximo-5-de-diciembre\/","og_locale":"es_ES","og_type":"article","og_title":"Manifestaci\u00f3n en Jamilena contra la futura planta de biometano el pr\u00f3ximo 5 de diciembre - Torredonjimeno Actualidad","og_description":"La preocupaci\u00f3n vecinal por la posible instalaci\u00f3n de una planta de biometano a escasos metros del casco urbano ha llevado a la creaci\u00f3n de una plataforma ciudadana en Jamilena, que ya ha convocado una manifestaci\u00f3n para el pr\u00f3ximo&nbsp;5 de diciembre, a partir de las&nbsp;17:00 horas. La protesta arrancar\u00e1 en la&nbsp;Glorieta de San Isidro&nbsp;y recorrer\u00e1 diferentes &hellip; Manifestaci\u00f3n en Jamilena contra la futura planta de biometano el pr\u00f3ximo 5 de diciembre Leer m\u00e1s &raquo;","og_url":"https:\/\/torredonjimenoactualidad.com\/index.php\/2025\/11\/26\/manifestacion-en-jamilena-contra-la-futura-planta-de-biometano-el-proximo-5-de-diciembre\/","og_site_name":"Torredonjimeno Actualidad","article_published_time":"2025-11-26T17:55:58+00:00","article_modified_time":"2025-11-26T18:03:55+00:00","og_image":[{"width":2048,"height":1170,"url":"https:\/\/torredonjimenoactualidad.com\/wp-content\/uploads\/2025\/11\/jamilena.jpg","type":"image\/jpeg"}],"author":"Alba Mar\u00eda Torres","twitter_card":"summary_large_image","twitter_misc":{"Escrito por":"Alba Mar\u00eda Torres","Tiempo de lectura":"2 minutos"},"schema":{"@context":"https:\/\/schema.org","@graph":[{"@type":"Article","@id":"https:\/\/torredonjimenoactualidad.com\/index.php\/2025\/11\/26\/manifestacion-en-jamilena-contra-la-futura-planta-de-biometano-el-proximo-5-de-diciembre\/#article","isPartOf":{"@id":"https:\/\/torredonjimenoactualidad.com\/index.php\/2025\/11\/26\/manifestacion-en-jamilena-contra-la-futura-planta-de-biometano-el-proximo-5-de-diciembre\/"},"author":{"name":"Alba Mar\u00eda Torres","@id":"https:\/\/torredonjimenoactualidad.com\/#\/schema\/person\/84de5f233e783ef2c75151a532b54977"},"headline":"Manifestaci\u00f3n en Jamilena contra la futura planta de biometano el pr\u00f3ximo 5 de diciembre","datePublished":"2025-11-26T17:55:58+00:00","dateModified":"2025-11-26T18:03:55+00:00","mainEntityOfPage":{"@id":"https:\/\/torredonjimenoactualidad.com\/index.php\/2025\/11\/26\/manifestacion-en-jamilena-contra-la-futura-planta-de-biometano-el-proximo-5-de-diciembre\/"},"wordCount":291,"publisher":{"@id":"https:\/\/torredonjimenoactualidad.com\/#organization"},"articleSection":["provincia"],"inLanguage":"es"},{"@type":"WebPage","@id":"https:\/\/torredonjimenoactualidad.com\/index.php\/2025\/11\/26\/manifestacion-en-jamilena-contra-la-futura-planta-de-biometano-el-proximo-5-de-diciembre\/","url":"https:\/\/torredonjimenoactualidad.com\/index.php\/2025\/11\/26\/manifestacion-en-jamilena-contra-la-futura-planta-de-biometano-el-proximo-5-de-diciembre\/","name":"Manifestaci\u00f3n en Jamilena contra la futura planta de biometano el pr\u00f3ximo 5 de diciembre - Torredonjimeno Actualidad","isPartOf":{"@id":"https:\/\/torredonjimenoactualidad.com\/#website"},"datePublished":"2025-11-26T17:55:58+00:00","dateModified":"2025-11-26T18:03:55+00:00","breadcrumb":{"@id":"https:\/\/torredonjimenoactualidad.com\/index.php\/2025\/11\/26\/manifestacion-en-jamilena-contra-la-futura-planta-de-biometano-el-proximo-5-de-diciembre\/#breadcrumb"},"inLanguage":"es","potentialAction":[{"@type":"ReadAction","target":["https:\/\/torredonjimenoactualidad.com\/index.php\/2025\/11\/26\/manifestacion-en-jamilena-contra-la-futura-planta-de-biometano-el-proximo-5-de-diciembre\/"]}]},{"@type":"BreadcrumbList","@id":"https:\/\/torredonjimenoactualidad.com\/index.php\/2025\/11\/26\/manifestacion-en-jamilena-contra-la-futura-planta-de-biometano-el-proximo-5-de-diciembre\/#breadcrumb","itemListElement":[{"@type":"ListItem","position":1,"name":"Portada","item":"https:\/\/torredonjimenoactualidad.com\/"},{"@type":"ListItem","position":2,"name":"Manifestaci\u00f3n en Jamilena contra la futura planta de biometano el pr\u00f3ximo 5 de diciembre"}]},{"@type":"WebSite","@id":"https:\/\/torredonjimenoactualidad.com\/#website","url":"https:\/\/torredonjimenoactualidad.com\/","name":"Torredonjimeno Actualidad","description":"","publisher":{"@id":"https:\/\/torredonjimenoactualidad.com\/#organization"},"potentialAction":[{"@type":"SearchAction","target":{"@type":"EntryPoint","urlTemplate":"https:\/\/torredonjimenoactualidad.com\/?s={search_term_string}"},"query-input":"required name=search_term_string"}],"inLanguage":"es"},{"@type":"Organization","@id":"https:\/\/torredonjimenoactualidad.com\/#organization","name":"Torredonjimeno Actualidad","url":"https:\/\/torredonjimenoactualidad.com\/","logo":{"@type":"ImageObject","inLanguage":"es","@id":"https:\/\/torredonjimenoactualidad.com\/#\/schema\/logo\/image\/","url":"https:\/\/torredonjimenoactualidad.com\/wp-content\/uploads\/2023\/02\/logo-torredonjimeno-544x180-1.png","contentUrl":"https:\/\/torredonjimenoactualidad.com\/wp-content\/uploads\/2023\/02\/logo-torredonjimeno-544x180-1.png","width":545,"height":112,"caption":"Torredonjimeno Actualidad"},"image":{"@id":"https:\/\/torredonjimenoactualidad.com\/#\/schema\/logo\/image\/"}},{"@type":"Person","@id":"https:\/\/torredonjimenoactualidad.com\/#\/schema\/person\/84de5f233e783ef2c75151a532b54977","name":"Alba Mar\u00eda Torres","image":{"@type":"ImageObject","inLanguage":"es","@id":"https:\/\/torredonjimenoactualidad.com\/#\/schema\/person\/image\/","url":"https:\/\/secure.gravatar.com\/avatar\/f9371f188c71501b4475a9ba2a71595850ec72967f800a2ed8e3e2102859ed65?s=96&d=mm&r=g","contentUrl":"https:\/\/secure.gravatar.com\/avatar\/f9371f188c71501b4475a9ba2a71595850ec72967f800a2ed8e3e2102859ed65?s=96&d=mm&r=g","caption":"Alba Mar\u00eda Torres"},"url":"https:\/\/torredonjimenoactualidad.com\/index.php\/author\/alba-torres\/"}]}},"_links":{"self":[{"href":"https:\/\/torredonjimenoactualidad.com\/index.php\/wp-json\/wp\/v2\/posts\/4171","targetHints":{"allow":["GET"]}}],"collection":[{"href":"https:\/\/torredonjimenoactualidad.com\/index.php\/wp-json\/wp\/v2\/posts"}],"about":[{"href":"https:\/\/torredonjimenoactualidad.com\/index.php\/wp-json\/wp\/v2\/types\/post"}],"author":[{"embeddable":true,"href":"https:\/\/torredonjimenoactualidad.com\/index.php\/wp-json\/wp\/v2\/users\/2"}],"replies":[{"embeddable":true,"href":"https:\/\/torredonjimenoactualidad.com\/index.php\/wp-json\/wp\/v2\/comments?post=4171"}],"version-history":[{"count":2,"href":"https:\/\/torredonjimenoactualidad.com\/index.php\/wp-json\/wp\/v2\/posts\/4171\/revisions"}],"predecessor-version":[{"id":4175,"href":"https:\/\/torredonjimenoactualidad.com\/index.php\/wp-json\/wp\/v2\/posts\/4171\/revisions\/4175"}],"wp:featuredmedia":[{"embeddable":true,"href":"https:\/\/torredonjimenoactualidad.com\/index.php\/wp-json\/wp\/v2\/media\/4172"}],"wp:attachment":[{"href":"https:\/\/torredonjimenoactualidad.com\/index.php\/wp-json\/wp\/v2\/media?parent=4171"}],"wp:term":[{"taxonomy":"category","embeddable":true,"href":"https:\/\/torredonjimenoactualidad.com\/index.php\/wp-json\/wp\/v2\/categories?post=4171"},{"taxonomy":"post_tag","embeddable":true,"href":"https:\/\/torredonjimenoactualidad.com\/index.php\/wp-json\/wp\/v2\/tags?post=4171"}],"curies":[{"name":"wp","href":"https:\/\/api.w.org\/{rel}","templated":true}]}}