{"id":4156,"date":"2025-11-26T15:40:47","date_gmt":"2025-11-26T15:40:47","guid":{"rendered":"https:\/\/torredonjimenoactualidad.com\/?p=4156"},"modified":"2025-11-26T15:40:48","modified_gmt":"2025-11-26T15:40:48","slug":"la-policia-local-de-torredonjimeno-esclarece-los-actos-vandalicos-de-halloween-27-implicados-y-danos-por-10-000-euros","status":"publish","type":"post","link":"https:\/\/torredonjimenoactualidad.com\/index.php\/2025\/11\/26\/la-policia-local-de-torredonjimeno-esclarece-los-actos-vandalicos-de-halloween-27-implicados-y-danos-por-10-000-euros\/","title":{"rendered":"La Polic\u00eda Local de Torredonjimeno esclarece los actos vand\u00e1licos de Halloween: 27 implicados y da\u00f1os por 10.000 euros"},"content":{"rendered":"\n<p>El Ayuntamiento ha dado a conocer este viernes los resultados de la investigaci\u00f3n policial sobre los actos vand\u00e1licos registrados durante la pasada noche de Halloween. La informaci\u00f3n fue ofrecida en una comparecencia ante los medios en la que intervinieron la&nbsp;concejala de Seguridad Ciudadana, Ana Bel\u00e9n Lara; el&nbsp;jefe de la Polic\u00eda Local, David Castillo; y la&nbsp;agente del cuerpo, Estefan\u00eda Guti\u00e9rrez, quienes detallaron el alcance de los da\u00f1os y las actuaciones realizadas.<\/p>\n\n\n\n<p>Lara abri\u00f3 la rueda de prensa recordando que los hechos dejaron&nbsp;tres denuncias por da\u00f1os en viviendas,&nbsp;cuatro por da\u00f1os en veh\u00edculos&nbsp;y un amplio deterioro del mobiliario urbano. Entre los desperfectos enumer\u00f3 la&nbsp;quema de cinco contenedores, el&nbsp;arranque de numerosas papeleras, la&nbsp;rotura de una farola,&nbsp;pintadas&nbsp;y da\u00f1os en un&nbsp;cuadro de luz&nbsp;del parque municipal, adem\u00e1s de&nbsp;plantas calcinadas&nbsp;y la&nbsp;quema de la puerta del kiosco&nbsp;del parque infantil, con mesas y sillas incluidas. El valor total de los da\u00f1os ronda los&nbsp;10.000 euros.<\/p>\n\n\n\n<p>La investigaci\u00f3n, que se ha prolongado durante semanas, ha permitido&nbsp;identificar a 27 j\u00f3venes, todos ellos varones y de entre&nbsp;16 y 18 a\u00f1os, como presuntos responsables de los actos vand\u00e1licos. Seg\u00fan explic\u00f3 la concejala,&nbsp;13 de ellos han sido ya sancionados&nbsp;mediante la Ley de Seguridad Ciudadana. Las denuncias han sido trasladadas a la&nbsp;Subdelegaci\u00f3n del Gobierno, encargada de resolverlas. En caso de que alguna no prospere, el Ayuntamiento aplicar\u00e1 su&nbsp;ordenanza municipalpara asegurar la respuesta sancionadora.<\/p>\n\n\n\n<p>El jefe de la Polic\u00eda Local,&nbsp;David Castillo, detall\u00f3 el proceso de investigaci\u00f3n, que arranc\u00f3 la misma noche del 31 de octubre y concluy\u00f3 el&nbsp;8 de noviembre. Durante este periodo se realizaron servicios de paisano, inspecciones espec\u00edficas y un an\u00e1lisis exhaustivo de v\u00eddeos, muchos de ellos gestionados en colaboraci\u00f3n con la&nbsp;Guardia Civil, que tambi\u00e9n ha participado en la identificaci\u00f3n de los implicados. Castillo inform\u00f3 adem\u00e1s de la instrucci\u00f3n de un&nbsp;atestado por tr\u00e1fico de estupefacientes, detectado el \u00faltimo d\u00eda de la operaci\u00f3n, con la droga remitida a&nbsp;EDOA Ja\u00e9n.<\/p>\n\n\n\n<p>Por su parte, la agente&nbsp;Estefan\u00eda Guti\u00e9rrez&nbsp;abord\u00f3 otra de las problem\u00e1ticas tratadas en la comparecencia: las conductas inc\u00edvicas con ciclomotores registradas durante el verano. En total, se han tramitado&nbsp;20 denuncias&nbsp;por irregularidades como ausencia de espejos, luces, retrovisores o matr\u00edculas. Los j\u00f3venes implicados proceden de&nbsp;Martos, Torredelcampo y Torredonjimeno, y algunas infracciones se detectaron mediante el seguimiento de publicaciones en redes sociales donde los propios infractores difund\u00edan sus maniobras.<\/p>\n\n\n\n<p>Entre estos casos destaca la&nbsp;detenci\u00f3n de un menor de Torredelcampo por conducci\u00f3n temeraria, tras desobedecer el alto policial y circular en&nbsp;direcci\u00f3n prohibida por la autov\u00eda. El caso fue remitido a la Fiscal\u00eda de Menores, donde ya ha sido condenado.<\/p>\n\n\n\n<p>La concejala cerr\u00f3 la comparecencia reiterando el agradecimiento del Ayuntamiento a la Polic\u00eda Local por su trabajo e hizo un llamamiento a la colaboraci\u00f3n ciudadana para prevenir y detectar conductas que pongan en riesgo la convivencia y la seguridad.<\/p>\n","protected":false},"excerpt":{"rendered":"<p>El Ayuntamiento ha dado a conocer este viernes los resultados de la investigaci\u00f3n policial sobre los actos vand\u00e1licos registrados durante la pasada noche de Halloween. La informaci\u00f3n fue ofrecida en una comparecencia ante los medios en la que intervinieron la&nbsp;concejala de Seguridad Ciudadana, Ana Bel\u00e9n Lara; el&nbsp;jefe de la Polic\u00eda Local, David Castillo; y la&nbsp;agente &hellip;<\/p>\n<p class=\"read-more\"> <a class=\"\" href=\"https:\/\/torredonjimenoactualidad.com\/index.php\/2025\/11\/26\/la-policia-local-de-torredonjimeno-esclarece-los-actos-vandalicos-de-halloween-27-implicados-y-danos-por-10-000-euros\/\"> <span class=\"screen-reader-text\">La Polic\u00eda Local de Torredonjimeno esclarece los actos vand\u00e1licos de Halloween: 27 implicados y da\u00f1os por 10.000 euros<\/span> Leer m\u00e1s &raquo;<\/a><\/p>\n","protected":false},"author":2,"featured_media":4157,"comment_status":"closed","ping_status":"open","sticky":false,"template":"","format":"standard","meta":{"site-sidebar-layout":"default","site-content-layout":"default","ast-global-header-display":"","ast-main-header-display":"","ast-hfb-above-header-display":"","ast-hfb-below-header-display":"","ast-hfb-mobile-header-display":"","site-post-title":"","ast-breadcrumbs-content":"","ast-featured-img":"","footer-sml-layout":"","theme-transparent-header-meta":"","adv-header-id-meta":"","stick-header-meta":"","header-above-stick-meta":"","header-main-stick-meta":"","header-below-stick-meta":"","footnotes":""},"categories":[7],"tags":[],"class_list":["post-4156","post","type-post","status-publish","format-standard","has-post-thumbnail","hentry","category-local"],"yoast_head":"<!-- This site is optimized with the Yoast SEO plugin v20.8 - https:\/\/yoast.com\/wordpress\/plugins\/seo\/ -->\n<title>La Polic\u00eda Local de Torredonjimeno esclarece los actos vand\u00e1licos de Halloween: 27 implicados y da\u00f1os por 10.000 euros - Torredonjimeno Actualidad<\/title>\n<meta name=\"robots\" content=\"index, follow, max-snippet:-1, max-image-preview:large, max-video-preview:-1\" \/>\n<link rel=\"canonical\" href=\"https:\/\/torredonjimenoactualidad.com\/index.php\/2025\/11\/26\/la-policia-local-de-torredonjimeno-esclarece-los-actos-vandalicos-de-halloween-27-implicados-y-danos-por-10-000-euros\/\" \/>\n<meta property=\"og:locale\" content=\"es_ES\" \/>\n<meta property=\"og:type\" content=\"article\" \/>\n<meta property=\"og:title\" content=\"La Polic\u00eda Local de Torredonjimeno esclarece los actos vand\u00e1licos de Halloween: 27 implicados y da\u00f1os por 10.000 euros - Torredonjimeno Actualidad\" \/>\n<meta property=\"og:description\" content=\"El Ayuntamiento ha dado a conocer este viernes los resultados de la investigaci\u00f3n policial sobre los actos vand\u00e1licos registrados durante la pasada noche de Halloween. La informaci\u00f3n fue ofrecida en una comparecencia ante los medios en la que intervinieron la&nbsp;concejala de Seguridad Ciudadana, Ana Bel\u00e9n Lara; el&nbsp;jefe de la Polic\u00eda Local, David Castillo; y la&nbsp;agente &hellip; La Polic\u00eda Local de Torredonjimeno esclarece los actos vand\u00e1licos de Halloween: 27 implicados y da\u00f1os por 10.000 euros Leer m\u00e1s &raquo;\" \/>\n<meta property=\"og:url\" content=\"https:\/\/torredonjimenoactualidad.com\/index.php\/2025\/11\/26\/la-policia-local-de-torredonjimeno-esclarece-los-actos-vandalicos-de-halloween-27-implicados-y-danos-por-10-000-euros\/\" \/>\n<meta property=\"og:site_name\" content=\"Torredonjimeno Actualidad\" \/>\n<meta property=\"article:published_time\" content=\"2025-11-26T15:40:47+00:00\" \/>\n<meta property=\"article:modified_time\" content=\"2025-11-26T15:40:48+00:00\" \/>\n<meta property=\"og:image\" content=\"https:\/\/torredonjimenoactualidad.com\/wp-content\/uploads\/2025\/11\/63ee3ef3-8c61-41e8-9004-0d96ec172a99.jpg\" \/>\n\t<meta property=\"og:image:width\" content=\"1600\" \/>\n\t<meta property=\"og:image:height\" content=\"914\" \/>\n\t<meta property=\"og:image:type\" content=\"image\/jpeg\" \/>\n<meta name=\"author\" content=\"Alba Mar\u00eda Torres\" \/>\n<meta name=\"twitter:card\" content=\"summary_large_image\" \/>\n<meta name=\"twitter:label1\" content=\"Escrito por\" \/>\n\t<meta name=\"twitter:data1\" content=\"Alba Mar\u00eda Torres\" \/>\n\t<meta name=\"twitter:label2\" content=\"Tiempo de lectura\" \/>\n\t<meta name=\"twitter:data2\" content=\"3 minutos\" \/>\n<script type=\"application\/ld+json\" class=\"yoast-schema-graph\">{\"@context\":\"https:\/\/schema.org\",\"@graph\":[{\"@type\":\"Article\",\"@id\":\"https:\/\/torredonjimenoactualidad.com\/index.php\/2025\/11\/26\/la-policia-local-de-torredonjimeno-esclarece-los-actos-vandalicos-de-halloween-27-implicados-y-danos-por-10-000-euros\/#article\",\"isPartOf\":{\"@id\":\"https:\/\/torredonjimenoactualidad.com\/index.php\/2025\/11\/26\/la-policia-local-de-torredonjimeno-esclarece-los-actos-vandalicos-de-halloween-27-implicados-y-danos-por-10-000-euros\/\"},\"author\":{\"name\":\"Alba Mar\u00eda Torres\",\"@id\":\"https:\/\/torredonjimenoactualidad.com\/#\/schema\/person\/84de5f233e783ef2c75151a532b54977\"},\"headline\":\"La Polic\u00eda Local de Torredonjimeno esclarece los actos vand\u00e1licos de Halloween: 27 implicados y da\u00f1os por 10.000 euros\",\"datePublished\":\"2025-11-26T15:40:47+00:00\",\"dateModified\":\"2025-11-26T15:40:48+00:00\",\"mainEntityOfPage\":{\"@id\":\"https:\/\/torredonjimenoactualidad.com\/index.php\/2025\/11\/26\/la-policia-local-de-torredonjimeno-esclarece-los-actos-vandalicos-de-halloween-27-implicados-y-danos-por-10-000-euros\/\"},\"wordCount\":577,\"publisher\":{\"@id\":\"https:\/\/torredonjimenoactualidad.com\/#organization\"},\"articleSection\":[\"local\"],\"inLanguage\":\"es\"},{\"@type\":\"WebPage\",\"@id\":\"https:\/\/torredonjimenoactualidad.com\/index.php\/2025\/11\/26\/la-policia-local-de-torredonjimeno-esclarece-los-actos-vandalicos-de-halloween-27-implicados-y-danos-por-10-000-euros\/\",\"url\":\"https:\/\/torredonjimenoactualidad.com\/index.php\/2025\/11\/26\/la-policia-local-de-torredonjimeno-esclarece-los-actos-vandalicos-de-halloween-27-implicados-y-danos-por-10-000-euros\/\",\"name\":\"La Polic\u00eda Local de Torredonjimeno esclarece los actos vand\u00e1licos de Halloween: 27 implicados y da\u00f1os por 10.000 euros - Torredonjimeno Actualidad\",\"isPartOf\":{\"@id\":\"https:\/\/torredonjimenoactualidad.com\/#website\"},\"datePublished\":\"2025-11-26T15:40:47+00:00\",\"dateModified\":\"2025-11-26T15:40:48+00:00\",\"breadcrumb\":{\"@id\":\"https:\/\/torredonjimenoactualidad.com\/index.php\/2025\/11\/26\/la-policia-local-de-torredonjimeno-esclarece-los-actos-vandalicos-de-halloween-27-implicados-y-danos-por-10-000-euros\/#breadcrumb\"},\"inLanguage\":\"es\",\"potentialAction\":[{\"@type\":\"ReadAction\",\"target\":[\"https:\/\/torredonjimenoactualidad.com\/index.php\/2025\/11\/26\/la-policia-local-de-torredonjimeno-esclarece-los-actos-vandalicos-de-halloween-27-implicados-y-danos-por-10-000-euros\/\"]}]},{\"@type\":\"BreadcrumbList\",\"@id\":\"https:\/\/torredonjimenoactualidad.com\/index.php\/2025\/11\/26\/la-policia-local-de-torredonjimeno-esclarece-los-actos-vandalicos-de-halloween-27-implicados-y-danos-por-10-000-euros\/#breadcrumb\",\"itemListElement\":[{\"@type\":\"ListItem\",\"position\":1,\"name\":\"Portada\",\"item\":\"https:\/\/torredonjimenoactualidad.com\/\"},{\"@type\":\"ListItem\",\"position\":2,\"name\":\"La Polic\u00eda Local de Torredonjimeno esclarece los actos vand\u00e1licos de Halloween: 27 implicados y da\u00f1os por 10.000 euros\"}]},{\"@type\":\"WebSite\",\"@id\":\"https:\/\/torredonjimenoactualidad.com\/#website\",\"url\":\"https:\/\/torredonjimenoactualidad.com\/\",\"name\":\"Torredonjimeno Actualidad\",\"description\":\"\",\"publisher\":{\"@id\":\"https:\/\/torredonjimenoactualidad.com\/#organization\"},\"potentialAction\":[{\"@type\":\"SearchAction\",\"target\":{\"@type\":\"EntryPoint\",\"urlTemplate\":\"https:\/\/torredonjimenoactualidad.com\/?s={search_term_string}\"},\"query-input\":\"required name=search_term_string\"}],\"inLanguage\":\"es\"},{\"@type\":\"Organization\",\"@id\":\"https:\/\/torredonjimenoactualidad.com\/#organization\",\"name\":\"Torredonjimeno Actualidad\",\"url\":\"https:\/\/torredonjimenoactualidad.com\/\",\"logo\":{\"@type\":\"ImageObject\",\"inLanguage\":\"es\",\"@id\":\"https:\/\/torredonjimenoactualidad.com\/#\/schema\/logo\/image\/\",\"url\":\"https:\/\/torredonjimenoactualidad.com\/wp-content\/uploads\/2023\/02\/logo-torredonjimeno-544x180-1.png\",\"contentUrl\":\"https:\/\/torredonjimenoactualidad.com\/wp-content\/uploads\/2023\/02\/logo-torredonjimeno-544x180-1.png\",\"width\":545,\"height\":112,\"caption\":\"Torredonjimeno Actualidad\"},\"image\":{\"@id\":\"https:\/\/torredonjimenoactualidad.com\/#\/schema\/logo\/image\/\"}},{\"@type\":\"Person\",\"@id\":\"https:\/\/torredonjimenoactualidad.com\/#\/schema\/person\/84de5f233e783ef2c75151a532b54977\",\"name\":\"Alba Mar\u00eda Torres\",\"image\":{\"@type\":\"ImageObject\",\"inLanguage\":\"es\",\"@id\":\"https:\/\/torredonjimenoactualidad.com\/#\/schema\/person\/image\/\",\"url\":\"https:\/\/secure.gravatar.com\/avatar\/f9371f188c71501b4475a9ba2a71595850ec72967f800a2ed8e3e2102859ed65?s=96&d=mm&r=g\",\"contentUrl\":\"https:\/\/secure.gravatar.com\/avatar\/f9371f188c71501b4475a9ba2a71595850ec72967f800a2ed8e3e2102859ed65?s=96&d=mm&r=g\",\"caption\":\"Alba Mar\u00eda Torres\"},\"url\":\"https:\/\/torredonjimenoactualidad.com\/index.php\/author\/alba-torres\/\"}]}<\/script>\n<!-- \/ Yoast SEO plugin. -->","yoast_head_json":{"title":"La Polic\u00eda Local de Torredonjimeno esclarece los actos vand\u00e1licos de Halloween: 27 implicados y da\u00f1os por 10.000 euros - Torredonjimeno Actualidad","robots":{"index":"index","follow":"follow","max-snippet":"max-snippet:-1","max-image-preview":"max-image-preview:large","max-video-preview":"max-video-preview:-1"},"canonical":"https:\/\/torredonjimenoactualidad.com\/index.php\/2025\/11\/26\/la-policia-local-de-torredonjimeno-esclarece-los-actos-vandalicos-de-halloween-27-implicados-y-danos-por-10-000-euros\/","og_locale":"es_ES","og_type":"article","og_title":"La Polic\u00eda Local de Torredonjimeno esclarece los actos vand\u00e1licos de Halloween: 27 implicados y da\u00f1os por 10.000 euros - Torredonjimeno Actualidad","og_description":"El Ayuntamiento ha dado a conocer este viernes los resultados de la investigaci\u00f3n policial sobre los actos vand\u00e1licos registrados durante la pasada noche de Halloween. La informaci\u00f3n fue ofrecida en una comparecencia ante los medios en la que intervinieron la&nbsp;concejala de Seguridad Ciudadana, Ana Bel\u00e9n Lara; el&nbsp;jefe de la Polic\u00eda Local, David Castillo; y la&nbsp;agente &hellip; La Polic\u00eda Local de Torredonjimeno esclarece los actos vand\u00e1licos de Halloween: 27 implicados y da\u00f1os por 10.000 euros Leer m\u00e1s &raquo;","og_url":"https:\/\/torredonjimenoactualidad.com\/index.php\/2025\/11\/26\/la-policia-local-de-torredonjimeno-esclarece-los-actos-vandalicos-de-halloween-27-implicados-y-danos-por-10-000-euros\/","og_site_name":"Torredonjimeno Actualidad","article_published_time":"2025-11-26T15:40:47+00:00","article_modified_time":"2025-11-26T15:40:48+00:00","og_image":[{"width":1600,"height":914,"url":"https:\/\/torredonjimenoactualidad.com\/wp-content\/uploads\/2025\/11\/63ee3ef3-8c61-41e8-9004-0d96ec172a99.jpg","type":"image\/jpeg"}],"author":"Alba Mar\u00eda Torres","twitter_card":"summary_large_image","twitter_misc":{"Escrito por":"Alba Mar\u00eda Torres","Tiempo de lectura":"3 minutos"},"schema":{"@context":"https:\/\/schema.org","@graph":[{"@type":"Article","@id":"https:\/\/torredonjimenoactualidad.com\/index.php\/2025\/11\/26\/la-policia-local-de-torredonjimeno-esclarece-los-actos-vandalicos-de-halloween-27-implicados-y-danos-por-10-000-euros\/#article","isPartOf":{"@id":"https:\/\/torredonjimenoactualidad.com\/index.php\/2025\/11\/26\/la-policia-local-de-torredonjimeno-esclarece-los-actos-vandalicos-de-halloween-27-implicados-y-danos-por-10-000-euros\/"},"author":{"name":"Alba Mar\u00eda Torres","@id":"https:\/\/torredonjimenoactualidad.com\/#\/schema\/person\/84de5f233e783ef2c75151a532b54977"},"headline":"La Polic\u00eda Local de Torredonjimeno esclarece los actos vand\u00e1licos de Halloween: 27 implicados y da\u00f1os por 10.000 euros","datePublished":"2025-11-26T15:40:47+00:00","dateModified":"2025-11-26T15:40:48+00:00","mainEntityOfPage":{"@id":"https:\/\/torredonjimenoactualidad.com\/index.php\/2025\/11\/26\/la-policia-local-de-torredonjimeno-esclarece-los-actos-vandalicos-de-halloween-27-implicados-y-danos-por-10-000-euros\/"},"wordCount":577,"publisher":{"@id":"https:\/\/torredonjimenoactualidad.com\/#organization"},"articleSection":["local"],"inLanguage":"es"},{"@type":"WebPage","@id":"https:\/\/torredonjimenoactualidad.com\/index.php\/2025\/11\/26\/la-policia-local-de-torredonjimeno-esclarece-los-actos-vandalicos-de-halloween-27-implicados-y-danos-por-10-000-euros\/","url":"https:\/\/torredonjimenoactualidad.com\/index.php\/2025\/11\/26\/la-policia-local-de-torredonjimeno-esclarece-los-actos-vandalicos-de-halloween-27-implicados-y-danos-por-10-000-euros\/","name":"La Polic\u00eda Local de Torredonjimeno esclarece los actos vand\u00e1licos de Halloween: 27 implicados y da\u00f1os por 10.000 euros - Torredonjimeno Actualidad","isPartOf":{"@id":"https:\/\/torredonjimenoactualidad.com\/#website"},"datePublished":"2025-11-26T15:40:47+00:00","dateModified":"2025-11-26T15:40:48+00:00","breadcrumb":{"@id":"https:\/\/torredonjimenoactualidad.com\/index.php\/2025\/11\/26\/la-policia-local-de-torredonjimeno-esclarece-los-actos-vandalicos-de-halloween-27-implicados-y-danos-por-10-000-euros\/#breadcrumb"},"inLanguage":"es","potentialAction":[{"@type":"ReadAction","target":["https:\/\/torredonjimenoactualidad.com\/index.php\/2025\/11\/26\/la-policia-local-de-torredonjimeno-esclarece-los-actos-vandalicos-de-halloween-27-implicados-y-danos-por-10-000-euros\/"]}]},{"@type":"BreadcrumbList","@id":"https:\/\/torredonjimenoactualidad.com\/index.php\/2025\/11\/26\/la-policia-local-de-torredonjimeno-esclarece-los-actos-vandalicos-de-halloween-27-implicados-y-danos-por-10-000-euros\/#breadcrumb","itemListElement":[{"@type":"ListItem","position":1,"name":"Portada","item":"https:\/\/torredonjimenoactualidad.com\/"},{"@type":"ListItem","position":2,"name":"La Polic\u00eda Local de Torredonjimeno esclarece los actos vand\u00e1licos de Halloween: 27 implicados y da\u00f1os por 10.000 euros"}]},{"@type":"WebSite","@id":"https:\/\/torredonjimenoactualidad.com\/#website","url":"https:\/\/torredonjimenoactualidad.com\/","name":"Torredonjimeno Actualidad","description":"","publisher":{"@id":"https:\/\/torredonjimenoactualidad.com\/#organization"},"potentialAction":[{"@type":"SearchAction","target":{"@type":"EntryPoint","urlTemplate":"https:\/\/torredonjimenoactualidad.com\/?s={search_term_string}"},"query-input":"required name=search_term_string"}],"inLanguage":"es"},{"@type":"Organization","@id":"https:\/\/torredonjimenoactualidad.com\/#organization","name":"Torredonjimeno Actualidad","url":"https:\/\/torredonjimenoactualidad.com\/","logo":{"@type":"ImageObject","inLanguage":"es","@id":"https:\/\/torredonjimenoactualidad.com\/#\/schema\/logo\/image\/","url":"https:\/\/torredonjimenoactualidad.com\/wp-content\/uploads\/2023\/02\/logo-torredonjimeno-544x180-1.png","contentUrl":"https:\/\/torredonjimenoactualidad.com\/wp-content\/uploads\/2023\/02\/logo-torredonjimeno-544x180-1.png","width":545,"height":112,"caption":"Torredonjimeno Actualidad"},"image":{"@id":"https:\/\/torredonjimenoactualidad.com\/#\/schema\/logo\/image\/"}},{"@type":"Person","@id":"https:\/\/torredonjimenoactualidad.com\/#\/schema\/person\/84de5f233e783ef2c75151a532b54977","name":"Alba Mar\u00eda Torres","image":{"@type":"ImageObject","inLanguage":"es","@id":"https:\/\/torredonjimenoactualidad.com\/#\/schema\/person\/image\/","url":"https:\/\/secure.gravatar.com\/avatar\/f9371f188c71501b4475a9ba2a71595850ec72967f800a2ed8e3e2102859ed65?s=96&d=mm&r=g","contentUrl":"https:\/\/secure.gravatar.com\/avatar\/f9371f188c71501b4475a9ba2a71595850ec72967f800a2ed8e3e2102859ed65?s=96&d=mm&r=g","caption":"Alba Mar\u00eda Torres"},"url":"https:\/\/torredonjimenoactualidad.com\/index.php\/author\/alba-torres\/"}]}},"_links":{"self":[{"href":"https:\/\/torredonjimenoactualidad.com\/index.php\/wp-json\/wp\/v2\/posts\/4156","targetHints":{"allow":["GET"]}}],"collection":[{"href":"https:\/\/torredonjimenoactualidad.com\/index.php\/wp-json\/wp\/v2\/posts"}],"about":[{"href":"https:\/\/torredonjimenoactualidad.com\/index.php\/wp-json\/wp\/v2\/types\/post"}],"author":[{"embeddable":true,"href":"https:\/\/torredonjimenoactualidad.com\/index.php\/wp-json\/wp\/v2\/users\/2"}],"replies":[{"embeddable":true,"href":"https:\/\/torredonjimenoactualidad.com\/index.php\/wp-json\/wp\/v2\/comments?post=4156"}],"version-history":[{"count":1,"href":"https:\/\/torredonjimenoactualidad.com\/index.php\/wp-json\/wp\/v2\/posts\/4156\/revisions"}],"predecessor-version":[{"id":4158,"href":"https:\/\/torredonjimenoactualidad.com\/index.php\/wp-json\/wp\/v2\/posts\/4156\/revisions\/4158"}],"wp:featuredmedia":[{"embeddable":true,"href":"https:\/\/torredonjimenoactualidad.com\/index.php\/wp-json\/wp\/v2\/media\/4157"}],"wp:attachment":[{"href":"https:\/\/torredonjimenoactualidad.com\/index.php\/wp-json\/wp\/v2\/media?parent=4156"}],"wp:term":[{"taxonomy":"category","embeddable":true,"href":"https:\/\/torredonjimenoactualidad.com\/index.php\/wp-json\/wp\/v2\/categories?post=4156"},{"taxonomy":"post_tag","embeddable":true,"href":"https:\/\/torredonjimenoactualidad.com\/index.php\/wp-json\/wp\/v2\/tags?post=4156"}],"curies":[{"name":"wp","href":"https:\/\/api.w.org\/{rel}","templated":true}]}}