{"id":4149,"date":"2025-11-25T21:33:04","date_gmt":"2025-11-25T21:33:04","guid":{"rendered":"https:\/\/torredonjimenoactualidad.com\/?p=4149"},"modified":"2025-11-25T21:33:40","modified_gmt":"2025-11-25T21:33:40","slug":"los-tosirianos-jose-manuel-urena-y-gema-alvarez-representa-a-la-diocesis-de-jaen-en-el-i-congreso-internacional-de-acompanamiento","status":"publish","type":"post","link":"https:\/\/torredonjimenoactualidad.com\/index.php\/2025\/11\/25\/los-tosirianos-jose-manuel-urena-y-gema-alvarez-representa-a-la-diocesis-de-jaen-en-el-i-congreso-internacional-de-acompanamiento\/","title":{"rendered":"Los tosirianos Jos\u00e9 Manuel Ure\u00f1a y Gema \u00c1lvarez representan a la Di\u00f3cesis de Ja\u00e9n en el I Congreso Internacional de Acompa\u00f1amiento"},"content":{"rendered":"\n<p>La ciudad de Ourense ha acogido, del 20 al 22 de noviembre, el&nbsp;<strong>I Congreso Internacional de Acompa\u00f1amiento<\/strong>, un encuentro pionero organizado por el Instituto da Familia y la Asociaci\u00f3n Internacional de Acompa\u00f1amiento. Expertos de m\u00e1s de diez pa\u00edses \u2014psic\u00f3logos, sacerdotes, religiosas, responsables de pastoral, miembros de COF\u2019s y profesionales de diversas instituciones\u2014 se han dado cita para profundizar en nuevas metodolog\u00edas de acompa\u00f1amiento integral, personal y espiritual.<\/p>\n\n\n\n<p>En este escenario internacional, la&nbsp;<strong>Di\u00f3cesis de Ja\u00e9n<\/strong>&nbsp;ha estado representada por un matrimonio muy querido y reconocido en Torredonjimeno:&nbsp;<strong>Jos\u00e9 Manuel Ure\u00f1a y Gema \u00c1lvarez<\/strong>, directores del Centro de Orientaci\u00f3n Familiar diocesano. Su presencia ha puesto en valor el trabajo que, desde nuestro entorno, se realiza a favor de las familias, el crecimiento personal y la atenci\u00f3n emocional y espiritual.<\/p>\n\n\n\n<p>Durante el congreso, los asistentes han tenido la oportunidad de escuchar a algunas de las voces m\u00e1s relevantes del acompa\u00f1amiento personalista a nivel mundial. Entre los ponentes destacaron&nbsp;<strong>Xos\u00e9 Manuel Dom\u00ednguez<\/strong>, m\u00e1ximo referente internacional en esta disciplina;&nbsp;<strong>Jos\u00e9 V\u00edctor Or\u00f3n<\/strong>,&nbsp;<strong>Mar\u00eda Yglesias Jones<\/strong>,&nbsp;<strong>Ruth de Jes\u00fas<\/strong>,&nbsp;<strong>Mercedes Honrrubia<\/strong>&nbsp;o&nbsp;<strong>Juan Pedro Castellano<\/strong>. Adem\u00e1s, se entregaron los&nbsp;<strong>I Premios IIA \u201cCultura de acompa\u00f1amiento\u201d<\/strong>, que recayeron en Acci\u00f3n Cat\u00f3lica General, Fundaci\u00f3n Edelvives, la instituci\u00f3n Salesiana y la Universidad Francisco de Vitoria.<\/p>\n\n\n\n<p>El encuentro se convirti\u00f3 en un aut\u00e9ntico foro de di\u00e1logo y de formaci\u00f3n, impulsando un modelo de&nbsp;<strong>acompa\u00f1amiento integral<\/strong>&nbsp;basado en la antropolog\u00eda cristiana personalista, la psicolog\u00eda humanista y positiva, y t\u00e9cnicas modernas de coaching. Esta metodolog\u00eda, promovida por Dom\u00ednguez, surge como respuesta a la llamada del Papa Francisco a que los cristianos se formen como \u201cexpertos en acompa\u00f1ar\u201d.<\/p>\n\n\n\n<p>El creciente inter\u00e9s por este enfoque se refleja en que diversas universidades \u2014tanto nacionales como internacionales\u2014 ya est\u00e1n incorporando m\u00e1steres y programas de especializaci\u00f3n en acompa\u00f1amiento integral. A la vez, varias di\u00f3cesis espa\u00f1olas est\u00e1n reforzando la formaci\u00f3n de sacerdotes, religiosas y laicos en este \u00e1mbito emergente.<\/p>\n\n\n\n<p>Para Jos\u00e9 Manuel Ure\u00f1a y Gema \u00c1lvarez, su participaci\u00f3n en este congreso supone un impulso m\u00e1s a su labor al frente del COF diocesano, desde donde atienden cada a\u00f1o a numerosas familias y matrimonios. Su contribuci\u00f3n en Ourense consolida el compromiso de la di\u00f3cesis jiennense \u2014y de Torredonjimeno\u2014 con una pastoral cercana, humana y actual, centrada en la escucha y el acompa\u00f1amiento.<\/p>\n","protected":false},"excerpt":{"rendered":"<p>La ciudad de Ourense ha acogido, del 20 al 22 de noviembre, el&nbsp;I Congreso Internacional de Acompa\u00f1amiento, un encuentro pionero organizado por el Instituto da Familia y la Asociaci\u00f3n Internacional de Acompa\u00f1amiento. Expertos de m\u00e1s de diez pa\u00edses \u2014psic\u00f3logos, sacerdotes, religiosas, responsables de pastoral, miembros de COF\u2019s y profesionales de diversas instituciones\u2014 se han dado &hellip;<\/p>\n<p class=\"read-more\"> <a class=\"\" href=\"https:\/\/torredonjimenoactualidad.com\/index.php\/2025\/11\/25\/los-tosirianos-jose-manuel-urena-y-gema-alvarez-representa-a-la-diocesis-de-jaen-en-el-i-congreso-internacional-de-acompanamiento\/\"> <span class=\"screen-reader-text\">Los tosirianos Jos\u00e9 Manuel Ure\u00f1a y Gema \u00c1lvarez representan a la Di\u00f3cesis de Ja\u00e9n en el I Congreso Internacional de Acompa\u00f1amiento<\/span> Leer m\u00e1s &raquo;<\/a><\/p>\n","protected":false},"author":2,"featured_media":4150,"comment_status":"closed","ping_status":"open","sticky":false,"template":"","format":"standard","meta":{"site-sidebar-layout":"default","site-content-layout":"default","ast-global-header-display":"","ast-main-header-display":"","ast-hfb-above-header-display":"","ast-hfb-below-header-display":"","ast-hfb-mobile-header-display":"","site-post-title":"","ast-breadcrumbs-content":"","ast-featured-img":"","footer-sml-layout":"","theme-transparent-header-meta":"","adv-header-id-meta":"","stick-header-meta":"","header-above-stick-meta":"","header-main-stick-meta":"","header-below-stick-meta":"","footnotes":""},"categories":[1],"tags":[],"class_list":["post-4149","post","type-post","status-publish","format-standard","has-post-thumbnail","hentry","category-sin-categoria"],"yoast_head":"<!-- This site is optimized with the Yoast SEO plugin v20.8 - https:\/\/yoast.com\/wordpress\/plugins\/seo\/ -->\n<title>Los tosirianos Jos\u00e9 Manuel Ure\u00f1a y Gema \u00c1lvarez representan a la Di\u00f3cesis de Ja\u00e9n en el I Congreso Internacional de Acompa\u00f1amiento - Torredonjimeno Actualidad<\/title>\n<meta name=\"robots\" content=\"index, follow, max-snippet:-1, max-image-preview:large, max-video-preview:-1\" \/>\n<link rel=\"canonical\" href=\"https:\/\/torredonjimenoactualidad.com\/index.php\/2025\/11\/25\/los-tosirianos-jose-manuel-urena-y-gema-alvarez-representa-a-la-diocesis-de-jaen-en-el-i-congreso-internacional-de-acompanamiento\/\" \/>\n<meta property=\"og:locale\" content=\"es_ES\" \/>\n<meta property=\"og:type\" content=\"article\" \/>\n<meta property=\"og:title\" content=\"Los tosirianos Jos\u00e9 Manuel Ure\u00f1a y Gema \u00c1lvarez representan a la Di\u00f3cesis de Ja\u00e9n en el I Congreso Internacional de Acompa\u00f1amiento - Torredonjimeno Actualidad\" \/>\n<meta property=\"og:description\" content=\"La ciudad de Ourense ha acogido, del 20 al 22 de noviembre, el&nbsp;I Congreso Internacional de Acompa\u00f1amiento, un encuentro pionero organizado por el Instituto da Familia y la Asociaci\u00f3n Internacional de Acompa\u00f1amiento. Expertos de m\u00e1s de diez pa\u00edses \u2014psic\u00f3logos, sacerdotes, religiosas, responsables de pastoral, miembros de COF\u2019s y profesionales de diversas instituciones\u2014 se han dado &hellip; Los tosirianos Jos\u00e9 Manuel Ure\u00f1a y Gema \u00c1lvarez representan a la Di\u00f3cesis de Ja\u00e9n en el I Congreso Internacional de Acompa\u00f1amiento Leer m\u00e1s &raquo;\" \/>\n<meta property=\"og:url\" content=\"https:\/\/torredonjimenoactualidad.com\/index.php\/2025\/11\/25\/los-tosirianos-jose-manuel-urena-y-gema-alvarez-representa-a-la-diocesis-de-jaen-en-el-i-congreso-internacional-de-acompanamiento\/\" \/>\n<meta property=\"og:site_name\" content=\"Torredonjimeno Actualidad\" \/>\n<meta property=\"article:published_time\" content=\"2025-11-25T21:33:04+00:00\" \/>\n<meta property=\"article:modified_time\" content=\"2025-11-25T21:33:40+00:00\" \/>\n<meta property=\"og:image\" content=\"https:\/\/torredonjimenoactualidad.com\/wp-content\/uploads\/2025\/11\/589100752_1288100433356863_6093278605375679103_n.jpg\" \/>\n\t<meta property=\"og:image:width\" content=\"1106\" \/>\n\t<meta property=\"og:image:height\" content=\"631\" \/>\n\t<meta property=\"og:image:type\" content=\"image\/jpeg\" \/>\n<meta name=\"author\" content=\"Alba Mar\u00eda Torres\" \/>\n<meta name=\"twitter:card\" content=\"summary_large_image\" \/>\n<meta name=\"twitter:label1\" content=\"Escrito por\" \/>\n\t<meta name=\"twitter:data1\" content=\"Alba Mar\u00eda Torres\" \/>\n\t<meta name=\"twitter:label2\" content=\"Tiempo de lectura\" \/>\n\t<meta name=\"twitter:data2\" content=\"2 minutos\" \/>\n<script type=\"application\/ld+json\" class=\"yoast-schema-graph\">{\"@context\":\"https:\/\/schema.org\",\"@graph\":[{\"@type\":\"Article\",\"@id\":\"https:\/\/torredonjimenoactualidad.com\/index.php\/2025\/11\/25\/los-tosirianos-jose-manuel-urena-y-gema-alvarez-representa-a-la-diocesis-de-jaen-en-el-i-congreso-internacional-de-acompanamiento\/#article\",\"isPartOf\":{\"@id\":\"https:\/\/torredonjimenoactualidad.com\/index.php\/2025\/11\/25\/los-tosirianos-jose-manuel-urena-y-gema-alvarez-representa-a-la-diocesis-de-jaen-en-el-i-congreso-internacional-de-acompanamiento\/\"},\"author\":{\"name\":\"Alba Mar\u00eda Torres\",\"@id\":\"https:\/\/torredonjimenoactualidad.com\/#\/schema\/person\/84de5f233e783ef2c75151a532b54977\"},\"headline\":\"Los tosirianos Jos\u00e9 Manuel Ure\u00f1a y Gema \u00c1lvarez representan a la Di\u00f3cesis de Ja\u00e9n en el I Congreso Internacional de Acompa\u00f1amiento\",\"datePublished\":\"2025-11-25T21:33:04+00:00\",\"dateModified\":\"2025-11-25T21:33:40+00:00\",\"mainEntityOfPage\":{\"@id\":\"https:\/\/torredonjimenoactualidad.com\/index.php\/2025\/11\/25\/los-tosirianos-jose-manuel-urena-y-gema-alvarez-representa-a-la-diocesis-de-jaen-en-el-i-congreso-internacional-de-acompanamiento\/\"},\"wordCount\":466,\"publisher\":{\"@id\":\"https:\/\/torredonjimenoactualidad.com\/#organization\"},\"inLanguage\":\"es\"},{\"@type\":\"WebPage\",\"@id\":\"https:\/\/torredonjimenoactualidad.com\/index.php\/2025\/11\/25\/los-tosirianos-jose-manuel-urena-y-gema-alvarez-representa-a-la-diocesis-de-jaen-en-el-i-congreso-internacional-de-acompanamiento\/\",\"url\":\"https:\/\/torredonjimenoactualidad.com\/index.php\/2025\/11\/25\/los-tosirianos-jose-manuel-urena-y-gema-alvarez-representa-a-la-diocesis-de-jaen-en-el-i-congreso-internacional-de-acompanamiento\/\",\"name\":\"Los tosirianos Jos\u00e9 Manuel Ure\u00f1a y Gema \u00c1lvarez representan a la Di\u00f3cesis de Ja\u00e9n en el I Congreso Internacional de Acompa\u00f1amiento - Torredonjimeno Actualidad\",\"isPartOf\":{\"@id\":\"https:\/\/torredonjimenoactualidad.com\/#website\"},\"datePublished\":\"2025-11-25T21:33:04+00:00\",\"dateModified\":\"2025-11-25T21:33:40+00:00\",\"breadcrumb\":{\"@id\":\"https:\/\/torredonjimenoactualidad.com\/index.php\/2025\/11\/25\/los-tosirianos-jose-manuel-urena-y-gema-alvarez-representa-a-la-diocesis-de-jaen-en-el-i-congreso-internacional-de-acompanamiento\/#breadcrumb\"},\"inLanguage\":\"es\",\"potentialAction\":[{\"@type\":\"ReadAction\",\"target\":[\"https:\/\/torredonjimenoactualidad.com\/index.php\/2025\/11\/25\/los-tosirianos-jose-manuel-urena-y-gema-alvarez-representa-a-la-diocesis-de-jaen-en-el-i-congreso-internacional-de-acompanamiento\/\"]}]},{\"@type\":\"BreadcrumbList\",\"@id\":\"https:\/\/torredonjimenoactualidad.com\/index.php\/2025\/11\/25\/los-tosirianos-jose-manuel-urena-y-gema-alvarez-representa-a-la-diocesis-de-jaen-en-el-i-congreso-internacional-de-acompanamiento\/#breadcrumb\",\"itemListElement\":[{\"@type\":\"ListItem\",\"position\":1,\"name\":\"Portada\",\"item\":\"https:\/\/torredonjimenoactualidad.com\/\"},{\"@type\":\"ListItem\",\"position\":2,\"name\":\"Los tosirianos Jos\u00e9 Manuel Ure\u00f1a y Gema \u00c1lvarez representan a la Di\u00f3cesis de Ja\u00e9n en el I Congreso Internacional de Acompa\u00f1amiento\"}]},{\"@type\":\"WebSite\",\"@id\":\"https:\/\/torredonjimenoactualidad.com\/#website\",\"url\":\"https:\/\/torredonjimenoactualidad.com\/\",\"name\":\"Torredonjimeno Actualidad\",\"description\":\"\",\"publisher\":{\"@id\":\"https:\/\/torredonjimenoactualidad.com\/#organization\"},\"potentialAction\":[{\"@type\":\"SearchAction\",\"target\":{\"@type\":\"EntryPoint\",\"urlTemplate\":\"https:\/\/torredonjimenoactualidad.com\/?s={search_term_string}\"},\"query-input\":\"required name=search_term_string\"}],\"inLanguage\":\"es\"},{\"@type\":\"Organization\",\"@id\":\"https:\/\/torredonjimenoactualidad.com\/#organization\",\"name\":\"Torredonjimeno Actualidad\",\"url\":\"https:\/\/torredonjimenoactualidad.com\/\",\"logo\":{\"@type\":\"ImageObject\",\"inLanguage\":\"es\",\"@id\":\"https:\/\/torredonjimenoactualidad.com\/#\/schema\/logo\/image\/\",\"url\":\"https:\/\/torredonjimenoactualidad.com\/wp-content\/uploads\/2023\/02\/logo-torredonjimeno-544x180-1.png\",\"contentUrl\":\"https:\/\/torredonjimenoactualidad.com\/wp-content\/uploads\/2023\/02\/logo-torredonjimeno-544x180-1.png\",\"width\":545,\"height\":112,\"caption\":\"Torredonjimeno Actualidad\"},\"image\":{\"@id\":\"https:\/\/torredonjimenoactualidad.com\/#\/schema\/logo\/image\/\"}},{\"@type\":\"Person\",\"@id\":\"https:\/\/torredonjimenoactualidad.com\/#\/schema\/person\/84de5f233e783ef2c75151a532b54977\",\"name\":\"Alba Mar\u00eda Torres\",\"image\":{\"@type\":\"ImageObject\",\"inLanguage\":\"es\",\"@id\":\"https:\/\/torredonjimenoactualidad.com\/#\/schema\/person\/image\/\",\"url\":\"https:\/\/secure.gravatar.com\/avatar\/f9371f188c71501b4475a9ba2a71595850ec72967f800a2ed8e3e2102859ed65?s=96&d=mm&r=g\",\"contentUrl\":\"https:\/\/secure.gravatar.com\/avatar\/f9371f188c71501b4475a9ba2a71595850ec72967f800a2ed8e3e2102859ed65?s=96&d=mm&r=g\",\"caption\":\"Alba Mar\u00eda Torres\"},\"url\":\"https:\/\/torredonjimenoactualidad.com\/index.php\/author\/alba-torres\/\"}]}<\/script>\n<!-- \/ Yoast SEO plugin. -->","yoast_head_json":{"title":"Los tosirianos Jos\u00e9 Manuel Ure\u00f1a y Gema \u00c1lvarez representan a la Di\u00f3cesis de Ja\u00e9n en el I Congreso Internacional de Acompa\u00f1amiento - Torredonjimeno Actualidad","robots":{"index":"index","follow":"follow","max-snippet":"max-snippet:-1","max-image-preview":"max-image-preview:large","max-video-preview":"max-video-preview:-1"},"canonical":"https:\/\/torredonjimenoactualidad.com\/index.php\/2025\/11\/25\/los-tosirianos-jose-manuel-urena-y-gema-alvarez-representa-a-la-diocesis-de-jaen-en-el-i-congreso-internacional-de-acompanamiento\/","og_locale":"es_ES","og_type":"article","og_title":"Los tosirianos Jos\u00e9 Manuel Ure\u00f1a y Gema \u00c1lvarez representan a la Di\u00f3cesis de Ja\u00e9n en el I Congreso Internacional de Acompa\u00f1amiento - Torredonjimeno Actualidad","og_description":"La ciudad de Ourense ha acogido, del 20 al 22 de noviembre, el&nbsp;I Congreso Internacional de Acompa\u00f1amiento, un encuentro pionero organizado por el Instituto da Familia y la Asociaci\u00f3n Internacional de Acompa\u00f1amiento. Expertos de m\u00e1s de diez pa\u00edses \u2014psic\u00f3logos, sacerdotes, religiosas, responsables de pastoral, miembros de COF\u2019s y profesionales de diversas instituciones\u2014 se han dado &hellip; Los tosirianos Jos\u00e9 Manuel Ure\u00f1a y Gema \u00c1lvarez representan a la Di\u00f3cesis de Ja\u00e9n en el I Congreso Internacional de Acompa\u00f1amiento Leer m\u00e1s &raquo;","og_url":"https:\/\/torredonjimenoactualidad.com\/index.php\/2025\/11\/25\/los-tosirianos-jose-manuel-urena-y-gema-alvarez-representa-a-la-diocesis-de-jaen-en-el-i-congreso-internacional-de-acompanamiento\/","og_site_name":"Torredonjimeno Actualidad","article_published_time":"2025-11-25T21:33:04+00:00","article_modified_time":"2025-11-25T21:33:40+00:00","og_image":[{"width":1106,"height":631,"url":"https:\/\/torredonjimenoactualidad.com\/wp-content\/uploads\/2025\/11\/589100752_1288100433356863_6093278605375679103_n.jpg","type":"image\/jpeg"}],"author":"Alba Mar\u00eda Torres","twitter_card":"summary_large_image","twitter_misc":{"Escrito por":"Alba Mar\u00eda Torres","Tiempo de lectura":"2 minutos"},"schema":{"@context":"https:\/\/schema.org","@graph":[{"@type":"Article","@id":"https:\/\/torredonjimenoactualidad.com\/index.php\/2025\/11\/25\/los-tosirianos-jose-manuel-urena-y-gema-alvarez-representa-a-la-diocesis-de-jaen-en-el-i-congreso-internacional-de-acompanamiento\/#article","isPartOf":{"@id":"https:\/\/torredonjimenoactualidad.com\/index.php\/2025\/11\/25\/los-tosirianos-jose-manuel-urena-y-gema-alvarez-representa-a-la-diocesis-de-jaen-en-el-i-congreso-internacional-de-acompanamiento\/"},"author":{"name":"Alba Mar\u00eda Torres","@id":"https:\/\/torredonjimenoactualidad.com\/#\/schema\/person\/84de5f233e783ef2c75151a532b54977"},"headline":"Los tosirianos Jos\u00e9 Manuel Ure\u00f1a y Gema \u00c1lvarez representan a la Di\u00f3cesis de Ja\u00e9n en el I Congreso Internacional de Acompa\u00f1amiento","datePublished":"2025-11-25T21:33:04+00:00","dateModified":"2025-11-25T21:33:40+00:00","mainEntityOfPage":{"@id":"https:\/\/torredonjimenoactualidad.com\/index.php\/2025\/11\/25\/los-tosirianos-jose-manuel-urena-y-gema-alvarez-representa-a-la-diocesis-de-jaen-en-el-i-congreso-internacional-de-acompanamiento\/"},"wordCount":466,"publisher":{"@id":"https:\/\/torredonjimenoactualidad.com\/#organization"},"inLanguage":"es"},{"@type":"WebPage","@id":"https:\/\/torredonjimenoactualidad.com\/index.php\/2025\/11\/25\/los-tosirianos-jose-manuel-urena-y-gema-alvarez-representa-a-la-diocesis-de-jaen-en-el-i-congreso-internacional-de-acompanamiento\/","url":"https:\/\/torredonjimenoactualidad.com\/index.php\/2025\/11\/25\/los-tosirianos-jose-manuel-urena-y-gema-alvarez-representa-a-la-diocesis-de-jaen-en-el-i-congreso-internacional-de-acompanamiento\/","name":"Los tosirianos Jos\u00e9 Manuel Ure\u00f1a y Gema \u00c1lvarez representan a la Di\u00f3cesis de Ja\u00e9n en el I Congreso Internacional de Acompa\u00f1amiento - Torredonjimeno Actualidad","isPartOf":{"@id":"https:\/\/torredonjimenoactualidad.com\/#website"},"datePublished":"2025-11-25T21:33:04+00:00","dateModified":"2025-11-25T21:33:40+00:00","breadcrumb":{"@id":"https:\/\/torredonjimenoactualidad.com\/index.php\/2025\/11\/25\/los-tosirianos-jose-manuel-urena-y-gema-alvarez-representa-a-la-diocesis-de-jaen-en-el-i-congreso-internacional-de-acompanamiento\/#breadcrumb"},"inLanguage":"es","potentialAction":[{"@type":"ReadAction","target":["https:\/\/torredonjimenoactualidad.com\/index.php\/2025\/11\/25\/los-tosirianos-jose-manuel-urena-y-gema-alvarez-representa-a-la-diocesis-de-jaen-en-el-i-congreso-internacional-de-acompanamiento\/"]}]},{"@type":"BreadcrumbList","@id":"https:\/\/torredonjimenoactualidad.com\/index.php\/2025\/11\/25\/los-tosirianos-jose-manuel-urena-y-gema-alvarez-representa-a-la-diocesis-de-jaen-en-el-i-congreso-internacional-de-acompanamiento\/#breadcrumb","itemListElement":[{"@type":"ListItem","position":1,"name":"Portada","item":"https:\/\/torredonjimenoactualidad.com\/"},{"@type":"ListItem","position":2,"name":"Los tosirianos Jos\u00e9 Manuel Ure\u00f1a y Gema \u00c1lvarez representan a la Di\u00f3cesis de Ja\u00e9n en el I Congreso Internacional de Acompa\u00f1amiento"}]},{"@type":"WebSite","@id":"https:\/\/torredonjimenoactualidad.com\/#website","url":"https:\/\/torredonjimenoactualidad.com\/","name":"Torredonjimeno Actualidad","description":"","publisher":{"@id":"https:\/\/torredonjimenoactualidad.com\/#organization"},"potentialAction":[{"@type":"SearchAction","target":{"@type":"EntryPoint","urlTemplate":"https:\/\/torredonjimenoactualidad.com\/?s={search_term_string}"},"query-input":"required name=search_term_string"}],"inLanguage":"es"},{"@type":"Organization","@id":"https:\/\/torredonjimenoactualidad.com\/#organization","name":"Torredonjimeno Actualidad","url":"https:\/\/torredonjimenoactualidad.com\/","logo":{"@type":"ImageObject","inLanguage":"es","@id":"https:\/\/torredonjimenoactualidad.com\/#\/schema\/logo\/image\/","url":"https:\/\/torredonjimenoactualidad.com\/wp-content\/uploads\/2023\/02\/logo-torredonjimeno-544x180-1.png","contentUrl":"https:\/\/torredonjimenoactualidad.com\/wp-content\/uploads\/2023\/02\/logo-torredonjimeno-544x180-1.png","width":545,"height":112,"caption":"Torredonjimeno Actualidad"},"image":{"@id":"https:\/\/torredonjimenoactualidad.com\/#\/schema\/logo\/image\/"}},{"@type":"Person","@id":"https:\/\/torredonjimenoactualidad.com\/#\/schema\/person\/84de5f233e783ef2c75151a532b54977","name":"Alba Mar\u00eda Torres","image":{"@type":"ImageObject","inLanguage":"es","@id":"https:\/\/torredonjimenoactualidad.com\/#\/schema\/person\/image\/","url":"https:\/\/secure.gravatar.com\/avatar\/f9371f188c71501b4475a9ba2a71595850ec72967f800a2ed8e3e2102859ed65?s=96&d=mm&r=g","contentUrl":"https:\/\/secure.gravatar.com\/avatar\/f9371f188c71501b4475a9ba2a71595850ec72967f800a2ed8e3e2102859ed65?s=96&d=mm&r=g","caption":"Alba Mar\u00eda Torres"},"url":"https:\/\/torredonjimenoactualidad.com\/index.php\/author\/alba-torres\/"}]}},"_links":{"self":[{"href":"https:\/\/torredonjimenoactualidad.com\/index.php\/wp-json\/wp\/v2\/posts\/4149","targetHints":{"allow":["GET"]}}],"collection":[{"href":"https:\/\/torredonjimenoactualidad.com\/index.php\/wp-json\/wp\/v2\/posts"}],"about":[{"href":"https:\/\/torredonjimenoactualidad.com\/index.php\/wp-json\/wp\/v2\/types\/post"}],"author":[{"embeddable":true,"href":"https:\/\/torredonjimenoactualidad.com\/index.php\/wp-json\/wp\/v2\/users\/2"}],"replies":[{"embeddable":true,"href":"https:\/\/torredonjimenoactualidad.com\/index.php\/wp-json\/wp\/v2\/comments?post=4149"}],"version-history":[{"count":2,"href":"https:\/\/torredonjimenoactualidad.com\/index.php\/wp-json\/wp\/v2\/posts\/4149\/revisions"}],"predecessor-version":[{"id":4154,"href":"https:\/\/torredonjimenoactualidad.com\/index.php\/wp-json\/wp\/v2\/posts\/4149\/revisions\/4154"}],"wp:featuredmedia":[{"embeddable":true,"href":"https:\/\/torredonjimenoactualidad.com\/index.php\/wp-json\/wp\/v2\/media\/4150"}],"wp:attachment":[{"href":"https:\/\/torredonjimenoactualidad.com\/index.php\/wp-json\/wp\/v2\/media?parent=4149"}],"wp:term":[{"taxonomy":"category","embeddable":true,"href":"https:\/\/torredonjimenoactualidad.com\/index.php\/wp-json\/wp\/v2\/categories?post=4149"},{"taxonomy":"post_tag","embeddable":true,"href":"https:\/\/torredonjimenoactualidad.com\/index.php\/wp-json\/wp\/v2\/tags?post=4149"}],"curies":[{"name":"wp","href":"https:\/\/api.w.org\/{rel}","templated":true}]}}