{"id":4146,"date":"2025-11-25T20:20:08","date_gmt":"2025-11-25T20:20:08","guid":{"rendered":"https:\/\/torredonjimenoactualidad.com\/?p=4146"},"modified":"2025-11-25T20:20:09","modified_gmt":"2025-11-25T20:20:09","slug":"el-pp-de-jaen-impulsa-mociones-en-todos-los-ayuntamientos-para-reforzar-la-lucha-contra-la-violencia-de-genero","status":"publish","type":"post","link":"https:\/\/torredonjimenoactualidad.com\/index.php\/2025\/11\/25\/el-pp-de-jaen-impulsa-mociones-en-todos-los-ayuntamientos-para-reforzar-la-lucha-contra-la-violencia-de-genero\/","title":{"rendered":"El PP de Ja\u00e9n impulsa mociones en todos los ayuntamientos para reforzar la lucha contra la violencia de g\u00e9nero"},"content":{"rendered":"\n<p>El Partido Popular de Ja\u00e9n ha anunciado que presentar\u00e1 mociones en&nbsp;<strong>todos los ayuntamientos de la provincia<\/strong>&nbsp;y en la Diputaci\u00f3n con motivo del D\u00eda Internacional para la Eliminaci\u00f3n de la Violencia contra las Mujeres, que se conmemora cada 25 de noviembre. La formaci\u00f3n pretende que estas iniciativas sirvan para reforzar el papel de las administraciones locales en la prevenci\u00f3n y protecci\u00f3n frente a la violencia machista.<\/p>\n\n\n\n<p>La secretaria general del PP jiennense,&nbsp;<strong>Elena Gonz\u00e1lez<\/strong>, ha explicado que, a juicio de su partido, Espa\u00f1a vive \u201cun momento especialmente delicado\u201d en materia de seguridad para las v\u00edctimas, aludiendo a fallos detectados en el sistema de pulseras telem\u00e1ticas y a los efectos de la Ley del \u201cSolo s\u00ed es s\u00ed\u201d. Gonz\u00e1lez ha lamentado que estos problemas hayan derivado \u2014seg\u00fan sostiene\u2014 en situaciones de riesgo que \u201cnunca deber\u00edan haberse producido\u201d.<\/p>\n\n\n\n<p>La responsable popular ha se\u00f1alado que las cifras actuales siguen siendo \u201cinaceptables\u201d, recordando que&nbsp;<strong>41 mujeres fueron asesinadas en 2024 y 36 en lo que va de 2025<\/strong>&nbsp;a manos de sus parejas o exparejas. A este balance, ha a\u00f1adido, se suma el incremento de la violencia vicaria, que introduce nuevas formas de agresi\u00f3n y un desaf\u00edo a\u00f1adido para los servicios de atenci\u00f3n a las v\u00edctimas.<\/p>\n\n\n\n<p>Gonz\u00e1lez ha criticado al Gobierno central por, seg\u00fan afirma, tratar de \u201cminimizar\u201d los fallos en lugar de abordarlos con rapidez y transparencia. \u201cLas v\u00edctimas no son estad\u00edsticas, son personas sometidas a un sufrimiento extremo que merecen sentirse seguras\u201d, ha expresado, insistiendo en la necesidad de una respuesta coordinada entre todas las instituciones. En este sentido, ha advertido de un \u201cretroceso\u201d en la protecci\u00f3n de las mujeres y ha considerado que las actuales pol\u00edticas \u201chan dejado desprotegidas\u201d a quienes sufren esta violencia.<\/p>\n\n\n\n<p>El PP sostiene que su iniciativa busca recuperar el consenso que, seg\u00fan defiende, siempre ha acompa\u00f1ado a la lucha contra la violencia de g\u00e9nero. Gonz\u00e1lez ha recordado que la formaci\u00f3n fue impulsora del primer plan estatal contra la violencia machista en 1998 y del Pacto de Estado aprobado en 2017, un marco que, asegura, \u201cno puede convertirse en una coartada para eludir responsabilidades\u201d.<\/p>\n\n\n\n<p>Las mociones que se elevar\u00e1n a los consistorios pretenden que cada administraci\u00f3n local reafirme su compromiso con la erradicaci\u00f3n de la violencia contra las mujeres y refuerce sus recursos de prevenci\u00f3n, atenci\u00f3n y asistencia. Entre los aspectos que se plantear\u00e1n se encuentran la revisi\u00f3n de los protocolos de coordinaci\u00f3n institucional, el impulso de campa\u00f1as de sensibilizaci\u00f3n y la mejora de los servicios municipales de apoyo psicol\u00f3gico, jur\u00eddico, social y habitacional. Tambi\u00e9n se solicitar\u00e1 al Gobierno que aclare los fallos en el sistema de control telem\u00e1tico y adopte medidas para corregirlos \u201cde forma urgente\u201d.<\/p>\n\n\n\n<p>Gonz\u00e1lez ha insistido en que la lucha contra la violencia de g\u00e9nero debe quedar al margen del uso partidista y ha defendido que solo desde el rigor y la unidad pueden ofrecerse respuestas efectivas. \u201cNuestro compromiso es serio y basado en hechos\u201d, ha concluido, confiando en que las mociones puedan salir adelante con el respaldo un\u00e1nime de las corporaciones.<\/p>\n","protected":false},"excerpt":{"rendered":"<p>El Partido Popular de Ja\u00e9n ha anunciado que presentar\u00e1 mociones en&nbsp;todos los ayuntamientos de la provincia&nbsp;y en la Diputaci\u00f3n con motivo del D\u00eda Internacional para la Eliminaci\u00f3n de la Violencia contra las Mujeres, que se conmemora cada 25 de noviembre. La formaci\u00f3n pretende que estas iniciativas sirvan para reforzar el papel de las administraciones locales &hellip;<\/p>\n<p class=\"read-more\"> <a class=\"\" href=\"https:\/\/torredonjimenoactualidad.com\/index.php\/2025\/11\/25\/el-pp-de-jaen-impulsa-mociones-en-todos-los-ayuntamientos-para-reforzar-la-lucha-contra-la-violencia-de-genero\/\"> <span class=\"screen-reader-text\">El PP de Ja\u00e9n impulsa mociones en todos los ayuntamientos para reforzar la lucha contra la violencia de g\u00e9nero<\/span> Leer m\u00e1s &raquo;<\/a><\/p>\n","protected":false},"author":2,"featured_media":4147,"comment_status":"closed","ping_status":"open","sticky":false,"template":"","format":"standard","meta":{"site-sidebar-layout":"default","site-content-layout":"default","ast-global-header-display":"","ast-main-header-display":"","ast-hfb-above-header-display":"","ast-hfb-below-header-display":"","ast-hfb-mobile-header-display":"","site-post-title":"","ast-breadcrumbs-content":"","ast-featured-img":"","footer-sml-layout":"","theme-transparent-header-meta":"","adv-header-id-meta":"","stick-header-meta":"","header-above-stick-meta":"","header-main-stick-meta":"","header-below-stick-meta":"","footnotes":""},"categories":[8],"tags":[],"class_list":["post-4146","post","type-post","status-publish","format-standard","has-post-thumbnail","hentry","category-provincia"],"yoast_head":"<!-- This site is optimized with the Yoast SEO plugin v20.8 - https:\/\/yoast.com\/wordpress\/plugins\/seo\/ -->\n<title>El PP de Ja\u00e9n impulsa mociones en todos los ayuntamientos para reforzar la lucha contra la violencia de g\u00e9nero - Torredonjimeno Actualidad<\/title>\n<meta name=\"robots\" content=\"index, follow, max-snippet:-1, max-image-preview:large, max-video-preview:-1\" \/>\n<link rel=\"canonical\" href=\"https:\/\/torredonjimenoactualidad.com\/index.php\/2025\/11\/25\/el-pp-de-jaen-impulsa-mociones-en-todos-los-ayuntamientos-para-reforzar-la-lucha-contra-la-violencia-de-genero\/\" \/>\n<meta property=\"og:locale\" content=\"es_ES\" \/>\n<meta property=\"og:type\" content=\"article\" \/>\n<meta property=\"og:title\" content=\"El PP de Ja\u00e9n impulsa mociones en todos los ayuntamientos para reforzar la lucha contra la violencia de g\u00e9nero - Torredonjimeno Actualidad\" \/>\n<meta property=\"og:description\" content=\"El Partido Popular de Ja\u00e9n ha anunciado que presentar\u00e1 mociones en&nbsp;todos los ayuntamientos de la provincia&nbsp;y en la Diputaci\u00f3n con motivo del D\u00eda Internacional para la Eliminaci\u00f3n de la Violencia contra las Mujeres, que se conmemora cada 25 de noviembre. La formaci\u00f3n pretende que estas iniciativas sirvan para reforzar el papel de las administraciones locales &hellip; El PP de Ja\u00e9n impulsa mociones en todos los ayuntamientos para reforzar la lucha contra la violencia de g\u00e9nero Leer m\u00e1s &raquo;\" \/>\n<meta property=\"og:url\" content=\"https:\/\/torredonjimenoactualidad.com\/index.php\/2025\/11\/25\/el-pp-de-jaen-impulsa-mociones-en-todos-los-ayuntamientos-para-reforzar-la-lucha-contra-la-violencia-de-genero\/\" \/>\n<meta property=\"og:site_name\" content=\"Torredonjimeno Actualidad\" \/>\n<meta property=\"article:published_time\" content=\"2025-11-25T20:20:08+00:00\" \/>\n<meta property=\"article:modified_time\" content=\"2025-11-25T20:20:09+00:00\" \/>\n<meta property=\"og:image\" content=\"https:\/\/torredonjimenoactualidad.com\/wp-content\/uploads\/2025\/11\/fbf78c1c-6d7e-4f40-b11d-f9ccc9768d9d.jpg\" \/>\n\t<meta property=\"og:image:width\" content=\"1600\" \/>\n\t<meta property=\"og:image:height\" content=\"915\" \/>\n\t<meta property=\"og:image:type\" content=\"image\/jpeg\" \/>\n<meta name=\"author\" content=\"Alba Mar\u00eda Torres\" \/>\n<meta name=\"twitter:card\" content=\"summary_large_image\" \/>\n<meta name=\"twitter:label1\" content=\"Escrito por\" \/>\n\t<meta name=\"twitter:data1\" content=\"Alba Mar\u00eda Torres\" \/>\n\t<meta name=\"twitter:label2\" content=\"Tiempo de lectura\" \/>\n\t<meta name=\"twitter:data2\" content=\"3 minutos\" \/>\n<script type=\"application\/ld+json\" class=\"yoast-schema-graph\">{\"@context\":\"https:\/\/schema.org\",\"@graph\":[{\"@type\":\"Article\",\"@id\":\"https:\/\/torredonjimenoactualidad.com\/index.php\/2025\/11\/25\/el-pp-de-jaen-impulsa-mociones-en-todos-los-ayuntamientos-para-reforzar-la-lucha-contra-la-violencia-de-genero\/#article\",\"isPartOf\":{\"@id\":\"https:\/\/torredonjimenoactualidad.com\/index.php\/2025\/11\/25\/el-pp-de-jaen-impulsa-mociones-en-todos-los-ayuntamientos-para-reforzar-la-lucha-contra-la-violencia-de-genero\/\"},\"author\":{\"name\":\"Alba Mar\u00eda Torres\",\"@id\":\"https:\/\/torredonjimenoactualidad.com\/#\/schema\/person\/84de5f233e783ef2c75151a532b54977\"},\"headline\":\"El PP de Ja\u00e9n impulsa mociones en todos los ayuntamientos para reforzar la lucha contra la violencia de g\u00e9nero\",\"datePublished\":\"2025-11-25T20:20:08+00:00\",\"dateModified\":\"2025-11-25T20:20:09+00:00\",\"mainEntityOfPage\":{\"@id\":\"https:\/\/torredonjimenoactualidad.com\/index.php\/2025\/11\/25\/el-pp-de-jaen-impulsa-mociones-en-todos-los-ayuntamientos-para-reforzar-la-lucha-contra-la-violencia-de-genero\/\"},\"wordCount\":567,\"publisher\":{\"@id\":\"https:\/\/torredonjimenoactualidad.com\/#organization\"},\"articleSection\":[\"provincia\"],\"inLanguage\":\"es\"},{\"@type\":\"WebPage\",\"@id\":\"https:\/\/torredonjimenoactualidad.com\/index.php\/2025\/11\/25\/el-pp-de-jaen-impulsa-mociones-en-todos-los-ayuntamientos-para-reforzar-la-lucha-contra-la-violencia-de-genero\/\",\"url\":\"https:\/\/torredonjimenoactualidad.com\/index.php\/2025\/11\/25\/el-pp-de-jaen-impulsa-mociones-en-todos-los-ayuntamientos-para-reforzar-la-lucha-contra-la-violencia-de-genero\/\",\"name\":\"El PP de Ja\u00e9n impulsa mociones en todos los ayuntamientos para reforzar la lucha contra la violencia de g\u00e9nero - Torredonjimeno Actualidad\",\"isPartOf\":{\"@id\":\"https:\/\/torredonjimenoactualidad.com\/#website\"},\"datePublished\":\"2025-11-25T20:20:08+00:00\",\"dateModified\":\"2025-11-25T20:20:09+00:00\",\"breadcrumb\":{\"@id\":\"https:\/\/torredonjimenoactualidad.com\/index.php\/2025\/11\/25\/el-pp-de-jaen-impulsa-mociones-en-todos-los-ayuntamientos-para-reforzar-la-lucha-contra-la-violencia-de-genero\/#breadcrumb\"},\"inLanguage\":\"es\",\"potentialAction\":[{\"@type\":\"ReadAction\",\"target\":[\"https:\/\/torredonjimenoactualidad.com\/index.php\/2025\/11\/25\/el-pp-de-jaen-impulsa-mociones-en-todos-los-ayuntamientos-para-reforzar-la-lucha-contra-la-violencia-de-genero\/\"]}]},{\"@type\":\"BreadcrumbList\",\"@id\":\"https:\/\/torredonjimenoactualidad.com\/index.php\/2025\/11\/25\/el-pp-de-jaen-impulsa-mociones-en-todos-los-ayuntamientos-para-reforzar-la-lucha-contra-la-violencia-de-genero\/#breadcrumb\",\"itemListElement\":[{\"@type\":\"ListItem\",\"position\":1,\"name\":\"Portada\",\"item\":\"https:\/\/torredonjimenoactualidad.com\/\"},{\"@type\":\"ListItem\",\"position\":2,\"name\":\"El PP de Ja\u00e9n impulsa mociones en todos los ayuntamientos para reforzar la lucha contra la violencia de g\u00e9nero\"}]},{\"@type\":\"WebSite\",\"@id\":\"https:\/\/torredonjimenoactualidad.com\/#website\",\"url\":\"https:\/\/torredonjimenoactualidad.com\/\",\"name\":\"Torredonjimeno Actualidad\",\"description\":\"\",\"publisher\":{\"@id\":\"https:\/\/torredonjimenoactualidad.com\/#organization\"},\"potentialAction\":[{\"@type\":\"SearchAction\",\"target\":{\"@type\":\"EntryPoint\",\"urlTemplate\":\"https:\/\/torredonjimenoactualidad.com\/?s={search_term_string}\"},\"query-input\":\"required name=search_term_string\"}],\"inLanguage\":\"es\"},{\"@type\":\"Organization\",\"@id\":\"https:\/\/torredonjimenoactualidad.com\/#organization\",\"name\":\"Torredonjimeno Actualidad\",\"url\":\"https:\/\/torredonjimenoactualidad.com\/\",\"logo\":{\"@type\":\"ImageObject\",\"inLanguage\":\"es\",\"@id\":\"https:\/\/torredonjimenoactualidad.com\/#\/schema\/logo\/image\/\",\"url\":\"https:\/\/torredonjimenoactualidad.com\/wp-content\/uploads\/2023\/02\/logo-torredonjimeno-544x180-1.png\",\"contentUrl\":\"https:\/\/torredonjimenoactualidad.com\/wp-content\/uploads\/2023\/02\/logo-torredonjimeno-544x180-1.png\",\"width\":545,\"height\":112,\"caption\":\"Torredonjimeno Actualidad\"},\"image\":{\"@id\":\"https:\/\/torredonjimenoactualidad.com\/#\/schema\/logo\/image\/\"}},{\"@type\":\"Person\",\"@id\":\"https:\/\/torredonjimenoactualidad.com\/#\/schema\/person\/84de5f233e783ef2c75151a532b54977\",\"name\":\"Alba Mar\u00eda Torres\",\"image\":{\"@type\":\"ImageObject\",\"inLanguage\":\"es\",\"@id\":\"https:\/\/torredonjimenoactualidad.com\/#\/schema\/person\/image\/\",\"url\":\"https:\/\/secure.gravatar.com\/avatar\/f9371f188c71501b4475a9ba2a71595850ec72967f800a2ed8e3e2102859ed65?s=96&d=mm&r=g\",\"contentUrl\":\"https:\/\/secure.gravatar.com\/avatar\/f9371f188c71501b4475a9ba2a71595850ec72967f800a2ed8e3e2102859ed65?s=96&d=mm&r=g\",\"caption\":\"Alba Mar\u00eda Torres\"},\"url\":\"https:\/\/torredonjimenoactualidad.com\/index.php\/author\/alba-torres\/\"}]}<\/script>\n<!-- \/ Yoast SEO plugin. -->","yoast_head_json":{"title":"El PP de Ja\u00e9n impulsa mociones en todos los ayuntamientos para reforzar la lucha contra la violencia de g\u00e9nero - Torredonjimeno Actualidad","robots":{"index":"index","follow":"follow","max-snippet":"max-snippet:-1","max-image-preview":"max-image-preview:large","max-video-preview":"max-video-preview:-1"},"canonical":"https:\/\/torredonjimenoactualidad.com\/index.php\/2025\/11\/25\/el-pp-de-jaen-impulsa-mociones-en-todos-los-ayuntamientos-para-reforzar-la-lucha-contra-la-violencia-de-genero\/","og_locale":"es_ES","og_type":"article","og_title":"El PP de Ja\u00e9n impulsa mociones en todos los ayuntamientos para reforzar la lucha contra la violencia de g\u00e9nero - Torredonjimeno Actualidad","og_description":"El Partido Popular de Ja\u00e9n ha anunciado que presentar\u00e1 mociones en&nbsp;todos los ayuntamientos de la provincia&nbsp;y en la Diputaci\u00f3n con motivo del D\u00eda Internacional para la Eliminaci\u00f3n de la Violencia contra las Mujeres, que se conmemora cada 25 de noviembre. La formaci\u00f3n pretende que estas iniciativas sirvan para reforzar el papel de las administraciones locales &hellip; El PP de Ja\u00e9n impulsa mociones en todos los ayuntamientos para reforzar la lucha contra la violencia de g\u00e9nero Leer m\u00e1s &raquo;","og_url":"https:\/\/torredonjimenoactualidad.com\/index.php\/2025\/11\/25\/el-pp-de-jaen-impulsa-mociones-en-todos-los-ayuntamientos-para-reforzar-la-lucha-contra-la-violencia-de-genero\/","og_site_name":"Torredonjimeno Actualidad","article_published_time":"2025-11-25T20:20:08+00:00","article_modified_time":"2025-11-25T20:20:09+00:00","og_image":[{"width":1600,"height":915,"url":"https:\/\/torredonjimenoactualidad.com\/wp-content\/uploads\/2025\/11\/fbf78c1c-6d7e-4f40-b11d-f9ccc9768d9d.jpg","type":"image\/jpeg"}],"author":"Alba Mar\u00eda Torres","twitter_card":"summary_large_image","twitter_misc":{"Escrito por":"Alba Mar\u00eda Torres","Tiempo de lectura":"3 minutos"},"schema":{"@context":"https:\/\/schema.org","@graph":[{"@type":"Article","@id":"https:\/\/torredonjimenoactualidad.com\/index.php\/2025\/11\/25\/el-pp-de-jaen-impulsa-mociones-en-todos-los-ayuntamientos-para-reforzar-la-lucha-contra-la-violencia-de-genero\/#article","isPartOf":{"@id":"https:\/\/torredonjimenoactualidad.com\/index.php\/2025\/11\/25\/el-pp-de-jaen-impulsa-mociones-en-todos-los-ayuntamientos-para-reforzar-la-lucha-contra-la-violencia-de-genero\/"},"author":{"name":"Alba Mar\u00eda Torres","@id":"https:\/\/torredonjimenoactualidad.com\/#\/schema\/person\/84de5f233e783ef2c75151a532b54977"},"headline":"El PP de Ja\u00e9n impulsa mociones en todos los ayuntamientos para reforzar la lucha contra la violencia de g\u00e9nero","datePublished":"2025-11-25T20:20:08+00:00","dateModified":"2025-11-25T20:20:09+00:00","mainEntityOfPage":{"@id":"https:\/\/torredonjimenoactualidad.com\/index.php\/2025\/11\/25\/el-pp-de-jaen-impulsa-mociones-en-todos-los-ayuntamientos-para-reforzar-la-lucha-contra-la-violencia-de-genero\/"},"wordCount":567,"publisher":{"@id":"https:\/\/torredonjimenoactualidad.com\/#organization"},"articleSection":["provincia"],"inLanguage":"es"},{"@type":"WebPage","@id":"https:\/\/torredonjimenoactualidad.com\/index.php\/2025\/11\/25\/el-pp-de-jaen-impulsa-mociones-en-todos-los-ayuntamientos-para-reforzar-la-lucha-contra-la-violencia-de-genero\/","url":"https:\/\/torredonjimenoactualidad.com\/index.php\/2025\/11\/25\/el-pp-de-jaen-impulsa-mociones-en-todos-los-ayuntamientos-para-reforzar-la-lucha-contra-la-violencia-de-genero\/","name":"El PP de Ja\u00e9n impulsa mociones en todos los ayuntamientos para reforzar la lucha contra la violencia de g\u00e9nero - Torredonjimeno Actualidad","isPartOf":{"@id":"https:\/\/torredonjimenoactualidad.com\/#website"},"datePublished":"2025-11-25T20:20:08+00:00","dateModified":"2025-11-25T20:20:09+00:00","breadcrumb":{"@id":"https:\/\/torredonjimenoactualidad.com\/index.php\/2025\/11\/25\/el-pp-de-jaen-impulsa-mociones-en-todos-los-ayuntamientos-para-reforzar-la-lucha-contra-la-violencia-de-genero\/#breadcrumb"},"inLanguage":"es","potentialAction":[{"@type":"ReadAction","target":["https:\/\/torredonjimenoactualidad.com\/index.php\/2025\/11\/25\/el-pp-de-jaen-impulsa-mociones-en-todos-los-ayuntamientos-para-reforzar-la-lucha-contra-la-violencia-de-genero\/"]}]},{"@type":"BreadcrumbList","@id":"https:\/\/torredonjimenoactualidad.com\/index.php\/2025\/11\/25\/el-pp-de-jaen-impulsa-mociones-en-todos-los-ayuntamientos-para-reforzar-la-lucha-contra-la-violencia-de-genero\/#breadcrumb","itemListElement":[{"@type":"ListItem","position":1,"name":"Portada","item":"https:\/\/torredonjimenoactualidad.com\/"},{"@type":"ListItem","position":2,"name":"El PP de Ja\u00e9n impulsa mociones en todos los ayuntamientos para reforzar la lucha contra la violencia de g\u00e9nero"}]},{"@type":"WebSite","@id":"https:\/\/torredonjimenoactualidad.com\/#website","url":"https:\/\/torredonjimenoactualidad.com\/","name":"Torredonjimeno Actualidad","description":"","publisher":{"@id":"https:\/\/torredonjimenoactualidad.com\/#organization"},"potentialAction":[{"@type":"SearchAction","target":{"@type":"EntryPoint","urlTemplate":"https:\/\/torredonjimenoactualidad.com\/?s={search_term_string}"},"query-input":"required name=search_term_string"}],"inLanguage":"es"},{"@type":"Organization","@id":"https:\/\/torredonjimenoactualidad.com\/#organization","name":"Torredonjimeno Actualidad","url":"https:\/\/torredonjimenoactualidad.com\/","logo":{"@type":"ImageObject","inLanguage":"es","@id":"https:\/\/torredonjimenoactualidad.com\/#\/schema\/logo\/image\/","url":"https:\/\/torredonjimenoactualidad.com\/wp-content\/uploads\/2023\/02\/logo-torredonjimeno-544x180-1.png","contentUrl":"https:\/\/torredonjimenoactualidad.com\/wp-content\/uploads\/2023\/02\/logo-torredonjimeno-544x180-1.png","width":545,"height":112,"caption":"Torredonjimeno Actualidad"},"image":{"@id":"https:\/\/torredonjimenoactualidad.com\/#\/schema\/logo\/image\/"}},{"@type":"Person","@id":"https:\/\/torredonjimenoactualidad.com\/#\/schema\/person\/84de5f233e783ef2c75151a532b54977","name":"Alba Mar\u00eda Torres","image":{"@type":"ImageObject","inLanguage":"es","@id":"https:\/\/torredonjimenoactualidad.com\/#\/schema\/person\/image\/","url":"https:\/\/secure.gravatar.com\/avatar\/f9371f188c71501b4475a9ba2a71595850ec72967f800a2ed8e3e2102859ed65?s=96&d=mm&r=g","contentUrl":"https:\/\/secure.gravatar.com\/avatar\/f9371f188c71501b4475a9ba2a71595850ec72967f800a2ed8e3e2102859ed65?s=96&d=mm&r=g","caption":"Alba Mar\u00eda Torres"},"url":"https:\/\/torredonjimenoactualidad.com\/index.php\/author\/alba-torres\/"}]}},"_links":{"self":[{"href":"https:\/\/torredonjimenoactualidad.com\/index.php\/wp-json\/wp\/v2\/posts\/4146","targetHints":{"allow":["GET"]}}],"collection":[{"href":"https:\/\/torredonjimenoactualidad.com\/index.php\/wp-json\/wp\/v2\/posts"}],"about":[{"href":"https:\/\/torredonjimenoactualidad.com\/index.php\/wp-json\/wp\/v2\/types\/post"}],"author":[{"embeddable":true,"href":"https:\/\/torredonjimenoactualidad.com\/index.php\/wp-json\/wp\/v2\/users\/2"}],"replies":[{"embeddable":true,"href":"https:\/\/torredonjimenoactualidad.com\/index.php\/wp-json\/wp\/v2\/comments?post=4146"}],"version-history":[{"count":1,"href":"https:\/\/torredonjimenoactualidad.com\/index.php\/wp-json\/wp\/v2\/posts\/4146\/revisions"}],"predecessor-version":[{"id":4148,"href":"https:\/\/torredonjimenoactualidad.com\/index.php\/wp-json\/wp\/v2\/posts\/4146\/revisions\/4148"}],"wp:featuredmedia":[{"embeddable":true,"href":"https:\/\/torredonjimenoactualidad.com\/index.php\/wp-json\/wp\/v2\/media\/4147"}],"wp:attachment":[{"href":"https:\/\/torredonjimenoactualidad.com\/index.php\/wp-json\/wp\/v2\/media?parent=4146"}],"wp:term":[{"taxonomy":"category","embeddable":true,"href":"https:\/\/torredonjimenoactualidad.com\/index.php\/wp-json\/wp\/v2\/categories?post=4146"},{"taxonomy":"post_tag","embeddable":true,"href":"https:\/\/torredonjimenoactualidad.com\/index.php\/wp-json\/wp\/v2\/tags?post=4146"}],"curies":[{"name":"wp","href":"https:\/\/api.w.org\/{rel}","templated":true}]}}