{"id":4143,"date":"2025-11-24T15:53:04","date_gmt":"2025-11-24T15:53:04","guid":{"rendered":"https:\/\/torredonjimenoactualidad.com\/?p=4143"},"modified":"2025-11-24T15:53:05","modified_gmt":"2025-11-24T15:53:05","slug":"diputacion-destina-45-000-euros-a-proyectos-de-cruz-roja-de-insercion-laboral-de-colectivos-vulnerables","status":"publish","type":"post","link":"https:\/\/torredonjimenoactualidad.com\/index.php\/2025\/11\/24\/diputacion-destina-45-000-euros-a-proyectos-de-cruz-roja-de-insercion-laboral-de-colectivos-vulnerables\/","title":{"rendered":"Diputaci\u00f3n destina 45.000 euros a proyectos de Cruz Roja de inserci\u00f3n laboral de colectivos vulnerables"},"content":{"rendered":"\n<p>La Diputaci\u00f3n Provincial de Ja\u00e9n cofinancia con 45.000 euros distintos proyectos que desarrolla Cruz Roja en Ja\u00e9n con el objetivo de favorecer el acceso al mercado laboral de colectivos vulnerables y que se enmarcan en el Programa Estatal de Inclusi\u00f3n Social, Garant\u00eda Infantil y Lucha contra la Pobreza, financiado por el Fondo Social Europeo.<\/p>\n\n\n\n<p>El presidente de la Administraci\u00f3n provincial, Francisco Reyes, ha firmado con el presidente de Cruz Roja Espa\u00f1ola en Ja\u00e9n, Miguel \u00c1ngel Maldonado, un convenio de colaboraci\u00f3n que permite a la Diputaci\u00f3n \u00abcooperar econ\u00f3micamente con varios de estos proyectos que tienen como objetivo facilitar el acceso al mercado laboral y mejorar la empleabilidad de personas que tienen especiales dificultades para ello\u00bb.<\/p>\n\n\n\n<p>El primero de estos proyectos, denominado \u2018Activando Emple-habilidad\u2019, est\u00e1 destinado a mejorar las habilidades laborales de personas desempleadas e inactivas que se enfrentan a situaciones de riesgo de pobreza y exclusi\u00f3n social. El segundo lleva por t\u00edtulo \u2018Puentes por la Igualdad en el Empleo Plus\u2019 y est\u00e1 dirigido fundamentalmente a mujeres que se encuentran en situaciones de discriminaci\u00f3n o dificultades sociales.<\/p>\n\n\n\n<p>Por \u00faltimo, el programa denonimado \u2018Reto Social Empresarial Plus\u2019, beneficia a personas desempleadas que se enfrentan a barreras de acceso al mercado laboral por su edad, g\u00e9nero y origen.<\/p>\n\n\n\n<p>\u00abSe trata de iniciativas con un importante calado social porque para muchas de las personas beneficiarias significa poder optar a una oportunidad de empleo y, por tanto, contar con una \u2018llave maestra\u2019 para superar una situaci\u00f3n econ\u00f3mica y social compleja\u00bb, ha destacado el presidente de la Diputaci\u00f3n.<\/p>\n\n\n\n<p>Reyes ha se\u00f1alado que la Administraci\u00f3n provincial lleva varios a\u00f1os colaborando con Cruz Roja en Ja\u00e9n para la puesta en marcha de estos programas en los que en 2024 participaron m\u00e1s de 1.500 personas y lograron la inserci\u00f3n laboral m\u00e1s de 600.<\/p>\n\n\n\n<p>En este sentido, Reyes ha puesto el acento en la credibilidad que Cruz Roja tiene para las empresas de la provincia, \u00abque ven en esta entidad una manera de llegar a esa mano de obra que necesitan\u00bb. As\u00ed Se vio en la \u00faltima Feria del Empleo y la Empleabilidad, organizada por Cruz Roja, y \u00abdonde se dieron cita una gran cantidad de empresas y de personas\u00bb.<\/p>\n\n\n\n<p>El presidente de la Diputaci\u00f3n ha reconocido y agradecido la labor de Cruz Roja \u00abcon quienes seguiremos colaborando porque tenemos l\u00edneas de acci\u00f3n comunes en materia de las pol\u00edticas sociales, de fomento del empleo o tambi\u00e9n en cooperaci\u00f3n internacional\u00bb. En este sentido, ha puesto el acento en que Cruz Roja \u00abcuenta con una fuerte implantaci\u00f3n en el territorio, con una solvencia incuestionable y sin duda, llega hasta donde las administraciones en muchos casos no podemos llegar\u00bb.<\/p>\n\n\n\n<p>Por su parte, el presidente de Cruz Roja en Ja\u00e9n, Miguel \u00c1ngel Maldonado, ha mostrado su satisfacci\u00f3n por el mantenimiento de esta l\u00ednea de colaboraci\u00f3n con la Diputaci\u00f3n de Ja\u00e9n. \u00abVosotros sois supersensibles a las necesidades y entend\u00e9is tambi\u00e9n como nosotros que el trabajo es una de las mejores herramientas para sacar a muchas personas de su situaci\u00f3n de vulnerabilidad\u00bb, ha dicho Maldonado.<\/p>\n","protected":false},"excerpt":{"rendered":"<p>La Diputaci\u00f3n Provincial de Ja\u00e9n cofinancia con 45.000 euros distintos proyectos que desarrolla Cruz Roja en Ja\u00e9n con el objetivo de favorecer el acceso al mercado laboral de colectivos vulnerables y que se enmarcan en el Programa Estatal de Inclusi\u00f3n Social, Garant\u00eda Infantil y Lucha contra la Pobreza, financiado por el Fondo Social Europeo. El &hellip;<\/p>\n<p class=\"read-more\"> <a class=\"\" href=\"https:\/\/torredonjimenoactualidad.com\/index.php\/2025\/11\/24\/diputacion-destina-45-000-euros-a-proyectos-de-cruz-roja-de-insercion-laboral-de-colectivos-vulnerables\/\"> <span class=\"screen-reader-text\">Diputaci\u00f3n destina 45.000 euros a proyectos de Cruz Roja de inserci\u00f3n laboral de colectivos vulnerables<\/span> Leer m\u00e1s &raquo;<\/a><\/p>\n","protected":false},"author":3,"featured_media":4144,"comment_status":"closed","ping_status":"open","sticky":false,"template":"","format":"standard","meta":{"site-sidebar-layout":"default","site-content-layout":"default","ast-global-header-display":"","ast-main-header-display":"","ast-hfb-above-header-display":"","ast-hfb-below-header-display":"","ast-hfb-mobile-header-display":"","site-post-title":"","ast-breadcrumbs-content":"","ast-featured-img":"","footer-sml-layout":"","theme-transparent-header-meta":"","adv-header-id-meta":"","stick-header-meta":"","header-above-stick-meta":"","header-main-stick-meta":"","header-below-stick-meta":"","footnotes":""},"categories":[8],"tags":[],"class_list":["post-4143","post","type-post","status-publish","format-standard","has-post-thumbnail","hentry","category-provincia"],"yoast_head":"<!-- This site is optimized with the Yoast SEO plugin v20.8 - https:\/\/yoast.com\/wordpress\/plugins\/seo\/ -->\n<title>Diputaci\u00f3n destina 45.000 euros a proyectos de Cruz Roja de inserci\u00f3n laboral de colectivos vulnerables - Torredonjimeno Actualidad<\/title>\n<meta name=\"robots\" content=\"index, follow, max-snippet:-1, max-image-preview:large, max-video-preview:-1\" \/>\n<link rel=\"canonical\" href=\"https:\/\/torredonjimenoactualidad.com\/index.php\/2025\/11\/24\/diputacion-destina-45-000-euros-a-proyectos-de-cruz-roja-de-insercion-laboral-de-colectivos-vulnerables\/\" \/>\n<meta property=\"og:locale\" content=\"es_ES\" \/>\n<meta property=\"og:type\" content=\"article\" \/>\n<meta property=\"og:title\" content=\"Diputaci\u00f3n destina 45.000 euros a proyectos de Cruz Roja de inserci\u00f3n laboral de colectivos vulnerables - Torredonjimeno Actualidad\" \/>\n<meta property=\"og:description\" content=\"La Diputaci\u00f3n Provincial de Ja\u00e9n cofinancia con 45.000 euros distintos proyectos que desarrolla Cruz Roja en Ja\u00e9n con el objetivo de favorecer el acceso al mercado laboral de colectivos vulnerables y que se enmarcan en el Programa Estatal de Inclusi\u00f3n Social, Garant\u00eda Infantil y Lucha contra la Pobreza, financiado por el Fondo Social Europeo. El &hellip; Diputaci\u00f3n destina 45.000 euros a proyectos de Cruz Roja de inserci\u00f3n laboral de colectivos vulnerables Leer m\u00e1s &raquo;\" \/>\n<meta property=\"og:url\" content=\"https:\/\/torredonjimenoactualidad.com\/index.php\/2025\/11\/24\/diputacion-destina-45-000-euros-a-proyectos-de-cruz-roja-de-insercion-laboral-de-colectivos-vulnerables\/\" \/>\n<meta property=\"og:site_name\" content=\"Torredonjimeno Actualidad\" \/>\n<meta property=\"article:published_time\" content=\"2025-11-24T15:53:04+00:00\" \/>\n<meta property=\"article:modified_time\" content=\"2025-11-24T15:53:05+00:00\" \/>\n<meta property=\"og:image\" content=\"https:\/\/torredonjimenoactualidad.com\/wp-content\/uploads\/2025\/11\/fotonoticia_20251124150822_1920.jpg\" \/>\n\t<meta property=\"og:image:width\" content=\"1920\" \/>\n\t<meta property=\"og:image:height\" content=\"1097\" \/>\n\t<meta property=\"og:image:type\" content=\"image\/jpeg\" \/>\n<meta name=\"author\" content=\"Redaccion\" \/>\n<meta name=\"twitter:card\" content=\"summary_large_image\" \/>\n<meta name=\"twitter:label1\" content=\"Escrito por\" \/>\n\t<meta name=\"twitter:data1\" content=\"Redaccion\" \/>\n\t<meta name=\"twitter:label2\" content=\"Tiempo de lectura\" \/>\n\t<meta name=\"twitter:data2\" content=\"3 minutos\" \/>\n<script type=\"application\/ld+json\" class=\"yoast-schema-graph\">{\"@context\":\"https:\/\/schema.org\",\"@graph\":[{\"@type\":\"Article\",\"@id\":\"https:\/\/torredonjimenoactualidad.com\/index.php\/2025\/11\/24\/diputacion-destina-45-000-euros-a-proyectos-de-cruz-roja-de-insercion-laboral-de-colectivos-vulnerables\/#article\",\"isPartOf\":{\"@id\":\"https:\/\/torredonjimenoactualidad.com\/index.php\/2025\/11\/24\/diputacion-destina-45-000-euros-a-proyectos-de-cruz-roja-de-insercion-laboral-de-colectivos-vulnerables\/\"},\"author\":{\"name\":\"Redaccion\",\"@id\":\"https:\/\/torredonjimenoactualidad.com\/#\/schema\/person\/11f05803cdf40dbeb7f4fbf2365c9ac5\"},\"headline\":\"Diputaci\u00f3n destina 45.000 euros a proyectos de Cruz Roja de inserci\u00f3n laboral de colectivos vulnerables\",\"datePublished\":\"2025-11-24T15:53:04+00:00\",\"dateModified\":\"2025-11-24T15:53:05+00:00\",\"mainEntityOfPage\":{\"@id\":\"https:\/\/torredonjimenoactualidad.com\/index.php\/2025\/11\/24\/diputacion-destina-45-000-euros-a-proyectos-de-cruz-roja-de-insercion-laboral-de-colectivos-vulnerables\/\"},\"wordCount\":551,\"publisher\":{\"@id\":\"https:\/\/torredonjimenoactualidad.com\/#organization\"},\"articleSection\":[\"provincia\"],\"inLanguage\":\"es\"},{\"@type\":\"WebPage\",\"@id\":\"https:\/\/torredonjimenoactualidad.com\/index.php\/2025\/11\/24\/diputacion-destina-45-000-euros-a-proyectos-de-cruz-roja-de-insercion-laboral-de-colectivos-vulnerables\/\",\"url\":\"https:\/\/torredonjimenoactualidad.com\/index.php\/2025\/11\/24\/diputacion-destina-45-000-euros-a-proyectos-de-cruz-roja-de-insercion-laboral-de-colectivos-vulnerables\/\",\"name\":\"Diputaci\u00f3n destina 45.000 euros a proyectos de Cruz Roja de inserci\u00f3n laboral de colectivos vulnerables - Torredonjimeno Actualidad\",\"isPartOf\":{\"@id\":\"https:\/\/torredonjimenoactualidad.com\/#website\"},\"datePublished\":\"2025-11-24T15:53:04+00:00\",\"dateModified\":\"2025-11-24T15:53:05+00:00\",\"breadcrumb\":{\"@id\":\"https:\/\/torredonjimenoactualidad.com\/index.php\/2025\/11\/24\/diputacion-destina-45-000-euros-a-proyectos-de-cruz-roja-de-insercion-laboral-de-colectivos-vulnerables\/#breadcrumb\"},\"inLanguage\":\"es\",\"potentialAction\":[{\"@type\":\"ReadAction\",\"target\":[\"https:\/\/torredonjimenoactualidad.com\/index.php\/2025\/11\/24\/diputacion-destina-45-000-euros-a-proyectos-de-cruz-roja-de-insercion-laboral-de-colectivos-vulnerables\/\"]}]},{\"@type\":\"BreadcrumbList\",\"@id\":\"https:\/\/torredonjimenoactualidad.com\/index.php\/2025\/11\/24\/diputacion-destina-45-000-euros-a-proyectos-de-cruz-roja-de-insercion-laboral-de-colectivos-vulnerables\/#breadcrumb\",\"itemListElement\":[{\"@type\":\"ListItem\",\"position\":1,\"name\":\"Portada\",\"item\":\"https:\/\/torredonjimenoactualidad.com\/\"},{\"@type\":\"ListItem\",\"position\":2,\"name\":\"Diputaci\u00f3n destina 45.000 euros a proyectos de Cruz Roja de inserci\u00f3n laboral de colectivos vulnerables\"}]},{\"@type\":\"WebSite\",\"@id\":\"https:\/\/torredonjimenoactualidad.com\/#website\",\"url\":\"https:\/\/torredonjimenoactualidad.com\/\",\"name\":\"Torredonjimeno Actualidad\",\"description\":\"\",\"publisher\":{\"@id\":\"https:\/\/torredonjimenoactualidad.com\/#organization\"},\"potentialAction\":[{\"@type\":\"SearchAction\",\"target\":{\"@type\":\"EntryPoint\",\"urlTemplate\":\"https:\/\/torredonjimenoactualidad.com\/?s={search_term_string}\"},\"query-input\":\"required name=search_term_string\"}],\"inLanguage\":\"es\"},{\"@type\":\"Organization\",\"@id\":\"https:\/\/torredonjimenoactualidad.com\/#organization\",\"name\":\"Torredonjimeno Actualidad\",\"url\":\"https:\/\/torredonjimenoactualidad.com\/\",\"logo\":{\"@type\":\"ImageObject\",\"inLanguage\":\"es\",\"@id\":\"https:\/\/torredonjimenoactualidad.com\/#\/schema\/logo\/image\/\",\"url\":\"https:\/\/torredonjimenoactualidad.com\/wp-content\/uploads\/2023\/02\/logo-torredonjimeno-544x180-1.png\",\"contentUrl\":\"https:\/\/torredonjimenoactualidad.com\/wp-content\/uploads\/2023\/02\/logo-torredonjimeno-544x180-1.png\",\"width\":545,\"height\":112,\"caption\":\"Torredonjimeno Actualidad\"},\"image\":{\"@id\":\"https:\/\/torredonjimenoactualidad.com\/#\/schema\/logo\/image\/\"}},{\"@type\":\"Person\",\"@id\":\"https:\/\/torredonjimenoactualidad.com\/#\/schema\/person\/11f05803cdf40dbeb7f4fbf2365c9ac5\",\"name\":\"Redaccion\",\"image\":{\"@type\":\"ImageObject\",\"inLanguage\":\"es\",\"@id\":\"https:\/\/torredonjimenoactualidad.com\/#\/schema\/person\/image\/\",\"url\":\"https:\/\/secure.gravatar.com\/avatar\/5917bab7eff43e17746fd29b509939469470810b6b989b7cc2f89e3188399bf3?s=96&d=mm&r=g\",\"contentUrl\":\"https:\/\/secure.gravatar.com\/avatar\/5917bab7eff43e17746fd29b509939469470810b6b989b7cc2f89e3188399bf3?s=96&d=mm&r=g\",\"caption\":\"Redaccion\"},\"url\":\"https:\/\/torredonjimenoactualidad.com\/index.php\/author\/jose-bueno\/\"}]}<\/script>\n<!-- \/ Yoast SEO plugin. -->","yoast_head_json":{"title":"Diputaci\u00f3n destina 45.000 euros a proyectos de Cruz Roja de inserci\u00f3n laboral de colectivos vulnerables - Torredonjimeno Actualidad","robots":{"index":"index","follow":"follow","max-snippet":"max-snippet:-1","max-image-preview":"max-image-preview:large","max-video-preview":"max-video-preview:-1"},"canonical":"https:\/\/torredonjimenoactualidad.com\/index.php\/2025\/11\/24\/diputacion-destina-45-000-euros-a-proyectos-de-cruz-roja-de-insercion-laboral-de-colectivos-vulnerables\/","og_locale":"es_ES","og_type":"article","og_title":"Diputaci\u00f3n destina 45.000 euros a proyectos de Cruz Roja de inserci\u00f3n laboral de colectivos vulnerables - Torredonjimeno Actualidad","og_description":"La Diputaci\u00f3n Provincial de Ja\u00e9n cofinancia con 45.000 euros distintos proyectos que desarrolla Cruz Roja en Ja\u00e9n con el objetivo de favorecer el acceso al mercado laboral de colectivos vulnerables y que se enmarcan en el Programa Estatal de Inclusi\u00f3n Social, Garant\u00eda Infantil y Lucha contra la Pobreza, financiado por el Fondo Social Europeo. El &hellip; Diputaci\u00f3n destina 45.000 euros a proyectos de Cruz Roja de inserci\u00f3n laboral de colectivos vulnerables Leer m\u00e1s &raquo;","og_url":"https:\/\/torredonjimenoactualidad.com\/index.php\/2025\/11\/24\/diputacion-destina-45-000-euros-a-proyectos-de-cruz-roja-de-insercion-laboral-de-colectivos-vulnerables\/","og_site_name":"Torredonjimeno Actualidad","article_published_time":"2025-11-24T15:53:04+00:00","article_modified_time":"2025-11-24T15:53:05+00:00","og_image":[{"width":1920,"height":1097,"url":"https:\/\/torredonjimenoactualidad.com\/wp-content\/uploads\/2025\/11\/fotonoticia_20251124150822_1920.jpg","type":"image\/jpeg"}],"author":"Redaccion","twitter_card":"summary_large_image","twitter_misc":{"Escrito por":"Redaccion","Tiempo de lectura":"3 minutos"},"schema":{"@context":"https:\/\/schema.org","@graph":[{"@type":"Article","@id":"https:\/\/torredonjimenoactualidad.com\/index.php\/2025\/11\/24\/diputacion-destina-45-000-euros-a-proyectos-de-cruz-roja-de-insercion-laboral-de-colectivos-vulnerables\/#article","isPartOf":{"@id":"https:\/\/torredonjimenoactualidad.com\/index.php\/2025\/11\/24\/diputacion-destina-45-000-euros-a-proyectos-de-cruz-roja-de-insercion-laboral-de-colectivos-vulnerables\/"},"author":{"name":"Redaccion","@id":"https:\/\/torredonjimenoactualidad.com\/#\/schema\/person\/11f05803cdf40dbeb7f4fbf2365c9ac5"},"headline":"Diputaci\u00f3n destina 45.000 euros a proyectos de Cruz Roja de inserci\u00f3n laboral de colectivos vulnerables","datePublished":"2025-11-24T15:53:04+00:00","dateModified":"2025-11-24T15:53:05+00:00","mainEntityOfPage":{"@id":"https:\/\/torredonjimenoactualidad.com\/index.php\/2025\/11\/24\/diputacion-destina-45-000-euros-a-proyectos-de-cruz-roja-de-insercion-laboral-de-colectivos-vulnerables\/"},"wordCount":551,"publisher":{"@id":"https:\/\/torredonjimenoactualidad.com\/#organization"},"articleSection":["provincia"],"inLanguage":"es"},{"@type":"WebPage","@id":"https:\/\/torredonjimenoactualidad.com\/index.php\/2025\/11\/24\/diputacion-destina-45-000-euros-a-proyectos-de-cruz-roja-de-insercion-laboral-de-colectivos-vulnerables\/","url":"https:\/\/torredonjimenoactualidad.com\/index.php\/2025\/11\/24\/diputacion-destina-45-000-euros-a-proyectos-de-cruz-roja-de-insercion-laboral-de-colectivos-vulnerables\/","name":"Diputaci\u00f3n destina 45.000 euros a proyectos de Cruz Roja de inserci\u00f3n laboral de colectivos vulnerables - Torredonjimeno Actualidad","isPartOf":{"@id":"https:\/\/torredonjimenoactualidad.com\/#website"},"datePublished":"2025-11-24T15:53:04+00:00","dateModified":"2025-11-24T15:53:05+00:00","breadcrumb":{"@id":"https:\/\/torredonjimenoactualidad.com\/index.php\/2025\/11\/24\/diputacion-destina-45-000-euros-a-proyectos-de-cruz-roja-de-insercion-laboral-de-colectivos-vulnerables\/#breadcrumb"},"inLanguage":"es","potentialAction":[{"@type":"ReadAction","target":["https:\/\/torredonjimenoactualidad.com\/index.php\/2025\/11\/24\/diputacion-destina-45-000-euros-a-proyectos-de-cruz-roja-de-insercion-laboral-de-colectivos-vulnerables\/"]}]},{"@type":"BreadcrumbList","@id":"https:\/\/torredonjimenoactualidad.com\/index.php\/2025\/11\/24\/diputacion-destina-45-000-euros-a-proyectos-de-cruz-roja-de-insercion-laboral-de-colectivos-vulnerables\/#breadcrumb","itemListElement":[{"@type":"ListItem","position":1,"name":"Portada","item":"https:\/\/torredonjimenoactualidad.com\/"},{"@type":"ListItem","position":2,"name":"Diputaci\u00f3n destina 45.000 euros a proyectos de Cruz Roja de inserci\u00f3n laboral de colectivos vulnerables"}]},{"@type":"WebSite","@id":"https:\/\/torredonjimenoactualidad.com\/#website","url":"https:\/\/torredonjimenoactualidad.com\/","name":"Torredonjimeno Actualidad","description":"","publisher":{"@id":"https:\/\/torredonjimenoactualidad.com\/#organization"},"potentialAction":[{"@type":"SearchAction","target":{"@type":"EntryPoint","urlTemplate":"https:\/\/torredonjimenoactualidad.com\/?s={search_term_string}"},"query-input":"required name=search_term_string"}],"inLanguage":"es"},{"@type":"Organization","@id":"https:\/\/torredonjimenoactualidad.com\/#organization","name":"Torredonjimeno Actualidad","url":"https:\/\/torredonjimenoactualidad.com\/","logo":{"@type":"ImageObject","inLanguage":"es","@id":"https:\/\/torredonjimenoactualidad.com\/#\/schema\/logo\/image\/","url":"https:\/\/torredonjimenoactualidad.com\/wp-content\/uploads\/2023\/02\/logo-torredonjimeno-544x180-1.png","contentUrl":"https:\/\/torredonjimenoactualidad.com\/wp-content\/uploads\/2023\/02\/logo-torredonjimeno-544x180-1.png","width":545,"height":112,"caption":"Torredonjimeno Actualidad"},"image":{"@id":"https:\/\/torredonjimenoactualidad.com\/#\/schema\/logo\/image\/"}},{"@type":"Person","@id":"https:\/\/torredonjimenoactualidad.com\/#\/schema\/person\/11f05803cdf40dbeb7f4fbf2365c9ac5","name":"Redaccion","image":{"@type":"ImageObject","inLanguage":"es","@id":"https:\/\/torredonjimenoactualidad.com\/#\/schema\/person\/image\/","url":"https:\/\/secure.gravatar.com\/avatar\/5917bab7eff43e17746fd29b509939469470810b6b989b7cc2f89e3188399bf3?s=96&d=mm&r=g","contentUrl":"https:\/\/secure.gravatar.com\/avatar\/5917bab7eff43e17746fd29b509939469470810b6b989b7cc2f89e3188399bf3?s=96&d=mm&r=g","caption":"Redaccion"},"url":"https:\/\/torredonjimenoactualidad.com\/index.php\/author\/jose-bueno\/"}]}},"_links":{"self":[{"href":"https:\/\/torredonjimenoactualidad.com\/index.php\/wp-json\/wp\/v2\/posts\/4143","targetHints":{"allow":["GET"]}}],"collection":[{"href":"https:\/\/torredonjimenoactualidad.com\/index.php\/wp-json\/wp\/v2\/posts"}],"about":[{"href":"https:\/\/torredonjimenoactualidad.com\/index.php\/wp-json\/wp\/v2\/types\/post"}],"author":[{"embeddable":true,"href":"https:\/\/torredonjimenoactualidad.com\/index.php\/wp-json\/wp\/v2\/users\/3"}],"replies":[{"embeddable":true,"href":"https:\/\/torredonjimenoactualidad.com\/index.php\/wp-json\/wp\/v2\/comments?post=4143"}],"version-history":[{"count":1,"href":"https:\/\/torredonjimenoactualidad.com\/index.php\/wp-json\/wp\/v2\/posts\/4143\/revisions"}],"predecessor-version":[{"id":4145,"href":"https:\/\/torredonjimenoactualidad.com\/index.php\/wp-json\/wp\/v2\/posts\/4143\/revisions\/4145"}],"wp:featuredmedia":[{"embeddable":true,"href":"https:\/\/torredonjimenoactualidad.com\/index.php\/wp-json\/wp\/v2\/media\/4144"}],"wp:attachment":[{"href":"https:\/\/torredonjimenoactualidad.com\/index.php\/wp-json\/wp\/v2\/media?parent=4143"}],"wp:term":[{"taxonomy":"category","embeddable":true,"href":"https:\/\/torredonjimenoactualidad.com\/index.php\/wp-json\/wp\/v2\/categories?post=4143"},{"taxonomy":"post_tag","embeddable":true,"href":"https:\/\/torredonjimenoactualidad.com\/index.php\/wp-json\/wp\/v2\/tags?post=4143"}],"curies":[{"name":"wp","href":"https:\/\/api.w.org\/{rel}","templated":true}]}}