{"id":4140,"date":"2025-11-24T13:38:01","date_gmt":"2025-11-24T13:38:01","guid":{"rendered":"https:\/\/torredonjimenoactualidad.com\/?p=4140"},"modified":"2025-11-24T13:38:02","modified_gmt":"2025-11-24T13:38:02","slug":"la-junta-licita-dos-proyectos-para-intervenir-en-otros-42-kilometros-de-la-a-306-entre-jaen-y-cordoba","status":"publish","type":"post","link":"https:\/\/torredonjimenoactualidad.com\/index.php\/2025\/11\/24\/la-junta-licita-dos-proyectos-para-intervenir-en-otros-42-kilometros-de-la-a-306-entre-jaen-y-cordoba\/","title":{"rendered":"La Junta licita dos proyectos para intervenir en otros 42 kil\u00f3metros de la A-306, entre Ja\u00e9n y C\u00f3rdoba"},"content":{"rendered":"\n<p>La Consejer\u00eda de Fomento, Articulaci\u00f3n del Territorio y Vivienda ha licitado por unos 800.000 euros dos contratos de redacci\u00f3n de los proyectos de reforma integral de los 42 kil\u00f3metros de la A-306 en los que se van a intervenir. Esta actuaci\u00f3n se suma a la ya ejecutada en otros 15 kil\u00f3metros de esta v\u00eda en Torredonjimeno (Ja\u00e9n) y que, seg\u00fan la Consejer\u00eda, \u00abha tra\u00eddo consigo una reducci\u00f3n de la accidentabilidad en este tramo\u00bb.<\/p>\n\n\n\n<p>Con estos dos nuevos proyectos se busca \u00abla mejora de seguridad vial y aumento de capacidad\u00bb de la carretera que conecta las provincias de C\u00f3rdoba y Ja\u00e9n (A-306). La consejera de Fomento, Roc\u00edo D\u00edaz, ha se\u00f1alado que \u00abes el momento de continuar con la remodelaci\u00f3n de una v\u00eda capital para conectar las provincias de C\u00f3rdoba y Ja\u00e9n\u00bb, tras recordar que en los \u00faltimos a\u00f1os el Gobierno andaluz ha realizado \u00abla mayor inversi\u00f3n en la historia de esta carretera, con m\u00e1s de 18 millones de euros\u00bb.<\/p>\n\n\n\n<p>\u00abVamos a seguir actuando en los 42 kil\u00f3metros restantes de la carretera A-306\u00bb, ha dicho D\u00edaz. La redacci\u00f3n de los proyectos suma una inversi\u00f3n de m\u00e1s de 800.000 euros y se han dividido en dos tramos, como se comunic\u00f3 hace meses a los municipios afectados.<\/p>\n\n\n\n<p>El tramo cordob\u00e9s parte de El Carpio (C\u00f3rdoba) y cuenta con 22,7 kil\u00f3metros hasta el l\u00edmite con la provincia de Ja\u00e9n con un presupuesto de 405.972 euros. Atraviesa los t\u00e9rminos municipales cordobeses de Ca\u00f1ete de las Torres, Bujalance y El Carpio.<\/p>\n\n\n\n<p>Por su parte, el tramo de Ja\u00e9n tendr\u00e1 19,1 kil\u00f3metros, comprende desde el inicio de la provincia de Ja\u00e9n hasta llegar al punto de la carretera ya rehabilitada hace un a\u00f1o. En total, son 19,1 kil\u00f3metros y tiene un presupuesto base de licitaci\u00f3n de 401.275 euros. La actuaci\u00f3n contempla la mejora de la seguridad y capacidad mediante actuaciones como mejora del firme o la inclusi\u00f3n de un tercer carril para veh\u00edculos lentos.<\/p>\n\n\n\n<p>Dentro de la redacci\u00f3n del proyecto, tambi\u00e9n se abrir\u00e1 un proceso de di\u00e1logo para buscar la mejor soluci\u00f3n para esta v\u00eda dentro de las posibilidades t\u00e9cnicas. La Consejer\u00eda de Fomento ha incidido en que se trata de proyectar intervenciones que mejorar\u00e1n las prestaciones de la carretera \u00absin descartar la conversi\u00f3n futura en autov\u00eda\u00bb.<\/p>\n\n\n\n<p>En ese sentido, el Gobierno andaluz culmin\u00f3 el a\u00f1o pasado con una inversi\u00f3n de 18 millones de euros la mejora de la capacidad de un tramo de m\u00e1s de 15 kil\u00f3metros en el t\u00e9rmino municipal de Torredonjimeno, entre los kil\u00f3metros 41,8 y 57, que presentaba niveles bajos de servicio debido a la numerosa presencia de veh\u00edculos pesados &#8211;sobre todo, maquinaria agr\u00edcola&#8211; que \u00abcompromet\u00edan la seguridad vial y dificultaba el adelantamiento\u00bb.<\/p>\n\n\n\n<p>Las obras han consistido en el ensanche de la calzada, un nuevo carril para la circulaci\u00f3n de veh\u00edculos lentos para tr\u00e1fico pesado o veh\u00edculos agr\u00edcolas de dos kil\u00f3metros, la rehabilitaci\u00f3n integral del firme con Masai y la eliminaci\u00f3n de 51 accesos directos, cuyo tr\u00e1fico se ha canalizado a trav\u00e9s de nuevas v\u00edas de servicio y nuevos cruces menos peligrosos.<\/p>\n\n\n\n<p>La carretera A-306 entre Torredonjimeno y El Carpio tiene una longitud de 58 kil\u00f3metros y actualmente soporta un tr\u00e1fico de 2.964 veh\u00edculos al d\u00eda, con un 15 por ciento de pesados en Ja\u00e9n y de 4.328 veh\u00edculos al d\u00eda, con un cinco por ciento de pesados, en la provincia de C\u00f3rdoba.<\/p>\n","protected":false},"excerpt":{"rendered":"<p>La Consejer\u00eda de Fomento, Articulaci\u00f3n del Territorio y Vivienda ha licitado por unos 800.000 euros dos contratos de redacci\u00f3n de los proyectos de reforma integral de los 42 kil\u00f3metros de la A-306 en los que se van a intervenir. Esta actuaci\u00f3n se suma a la ya ejecutada en otros 15 kil\u00f3metros de esta v\u00eda en &hellip;<\/p>\n<p class=\"read-more\"> <a class=\"\" href=\"https:\/\/torredonjimenoactualidad.com\/index.php\/2025\/11\/24\/la-junta-licita-dos-proyectos-para-intervenir-en-otros-42-kilometros-de-la-a-306-entre-jaen-y-cordoba\/\"> <span class=\"screen-reader-text\">La Junta licita dos proyectos para intervenir en otros 42 kil\u00f3metros de la A-306, entre Ja\u00e9n y C\u00f3rdoba<\/span> Leer m\u00e1s &raquo;<\/a><\/p>\n","protected":false},"author":3,"featured_media":4141,"comment_status":"closed","ping_status":"open","sticky":false,"template":"","format":"standard","meta":{"site-sidebar-layout":"default","site-content-layout":"default","ast-global-header-display":"","ast-main-header-display":"","ast-hfb-above-header-display":"","ast-hfb-below-header-display":"","ast-hfb-mobile-header-display":"","site-post-title":"","ast-breadcrumbs-content":"","ast-featured-img":"","footer-sml-layout":"","theme-transparent-header-meta":"","adv-header-id-meta":"","stick-header-meta":"","header-above-stick-meta":"","header-main-stick-meta":"","header-below-stick-meta":"","footnotes":""},"categories":[8],"tags":[],"class_list":["post-4140","post","type-post","status-publish","format-standard","has-post-thumbnail","hentry","category-provincia"],"yoast_head":"<!-- This site is optimized with the Yoast SEO plugin v20.8 - https:\/\/yoast.com\/wordpress\/plugins\/seo\/ -->\n<title>La Junta licita dos proyectos para intervenir en otros 42 kil\u00f3metros de la A-306, entre Ja\u00e9n y C\u00f3rdoba - Torredonjimeno Actualidad<\/title>\n<meta name=\"robots\" content=\"index, follow, max-snippet:-1, max-image-preview:large, max-video-preview:-1\" \/>\n<link rel=\"canonical\" href=\"https:\/\/torredonjimenoactualidad.com\/index.php\/2025\/11\/24\/la-junta-licita-dos-proyectos-para-intervenir-en-otros-42-kilometros-de-la-a-306-entre-jaen-y-cordoba\/\" \/>\n<meta property=\"og:locale\" content=\"es_ES\" \/>\n<meta property=\"og:type\" content=\"article\" \/>\n<meta property=\"og:title\" content=\"La Junta licita dos proyectos para intervenir en otros 42 kil\u00f3metros de la A-306, entre Ja\u00e9n y C\u00f3rdoba - Torredonjimeno Actualidad\" \/>\n<meta property=\"og:description\" content=\"La Consejer\u00eda de Fomento, Articulaci\u00f3n del Territorio y Vivienda ha licitado por unos 800.000 euros dos contratos de redacci\u00f3n de los proyectos de reforma integral de los 42 kil\u00f3metros de la A-306 en los que se van a intervenir. Esta actuaci\u00f3n se suma a la ya ejecutada en otros 15 kil\u00f3metros de esta v\u00eda en &hellip; La Junta licita dos proyectos para intervenir en otros 42 kil\u00f3metros de la A-306, entre Ja\u00e9n y C\u00f3rdoba Leer m\u00e1s &raquo;\" \/>\n<meta property=\"og:url\" content=\"https:\/\/torredonjimenoactualidad.com\/index.php\/2025\/11\/24\/la-junta-licita-dos-proyectos-para-intervenir-en-otros-42-kilometros-de-la-a-306-entre-jaen-y-cordoba\/\" \/>\n<meta property=\"og:site_name\" content=\"Torredonjimeno Actualidad\" \/>\n<meta property=\"article:published_time\" content=\"2025-11-24T13:38:01+00:00\" \/>\n<meta property=\"article:modified_time\" content=\"2025-11-24T13:38:02+00:00\" \/>\n<meta property=\"og:image\" content=\"https:\/\/torredonjimenoactualidad.com\/wp-content\/uploads\/2025\/11\/fotonoticia_20251124125258_1920.jpg\" \/>\n\t<meta property=\"og:image:width\" content=\"1920\" \/>\n\t<meta property=\"og:image:height\" content=\"1097\" \/>\n\t<meta property=\"og:image:type\" content=\"image\/jpeg\" \/>\n<meta name=\"author\" content=\"Redaccion\" \/>\n<meta name=\"twitter:card\" content=\"summary_large_image\" \/>\n<meta name=\"twitter:label1\" content=\"Escrito por\" \/>\n\t<meta name=\"twitter:data1\" content=\"Redaccion\" \/>\n\t<meta name=\"twitter:label2\" content=\"Tiempo de lectura\" \/>\n\t<meta name=\"twitter:data2\" content=\"3 minutos\" \/>\n<script type=\"application\/ld+json\" class=\"yoast-schema-graph\">{\"@context\":\"https:\/\/schema.org\",\"@graph\":[{\"@type\":\"Article\",\"@id\":\"https:\/\/torredonjimenoactualidad.com\/index.php\/2025\/11\/24\/la-junta-licita-dos-proyectos-para-intervenir-en-otros-42-kilometros-de-la-a-306-entre-jaen-y-cordoba\/#article\",\"isPartOf\":{\"@id\":\"https:\/\/torredonjimenoactualidad.com\/index.php\/2025\/11\/24\/la-junta-licita-dos-proyectos-para-intervenir-en-otros-42-kilometros-de-la-a-306-entre-jaen-y-cordoba\/\"},\"author\":{\"name\":\"Redaccion\",\"@id\":\"https:\/\/torredonjimenoactualidad.com\/#\/schema\/person\/11f05803cdf40dbeb7f4fbf2365c9ac5\"},\"headline\":\"La Junta licita dos proyectos para intervenir en otros 42 kil\u00f3metros de la A-306, entre Ja\u00e9n y C\u00f3rdoba\",\"datePublished\":\"2025-11-24T13:38:01+00:00\",\"dateModified\":\"2025-11-24T13:38:02+00:00\",\"mainEntityOfPage\":{\"@id\":\"https:\/\/torredonjimenoactualidad.com\/index.php\/2025\/11\/24\/la-junta-licita-dos-proyectos-para-intervenir-en-otros-42-kilometros-de-la-a-306-entre-jaen-y-cordoba\/\"},\"wordCount\":632,\"publisher\":{\"@id\":\"https:\/\/torredonjimenoactualidad.com\/#organization\"},\"articleSection\":[\"provincia\"],\"inLanguage\":\"es\"},{\"@type\":\"WebPage\",\"@id\":\"https:\/\/torredonjimenoactualidad.com\/index.php\/2025\/11\/24\/la-junta-licita-dos-proyectos-para-intervenir-en-otros-42-kilometros-de-la-a-306-entre-jaen-y-cordoba\/\",\"url\":\"https:\/\/torredonjimenoactualidad.com\/index.php\/2025\/11\/24\/la-junta-licita-dos-proyectos-para-intervenir-en-otros-42-kilometros-de-la-a-306-entre-jaen-y-cordoba\/\",\"name\":\"La Junta licita dos proyectos para intervenir en otros 42 kil\u00f3metros de la A-306, entre Ja\u00e9n y C\u00f3rdoba - Torredonjimeno Actualidad\",\"isPartOf\":{\"@id\":\"https:\/\/torredonjimenoactualidad.com\/#website\"},\"datePublished\":\"2025-11-24T13:38:01+00:00\",\"dateModified\":\"2025-11-24T13:38:02+00:00\",\"breadcrumb\":{\"@id\":\"https:\/\/torredonjimenoactualidad.com\/index.php\/2025\/11\/24\/la-junta-licita-dos-proyectos-para-intervenir-en-otros-42-kilometros-de-la-a-306-entre-jaen-y-cordoba\/#breadcrumb\"},\"inLanguage\":\"es\",\"potentialAction\":[{\"@type\":\"ReadAction\",\"target\":[\"https:\/\/torredonjimenoactualidad.com\/index.php\/2025\/11\/24\/la-junta-licita-dos-proyectos-para-intervenir-en-otros-42-kilometros-de-la-a-306-entre-jaen-y-cordoba\/\"]}]},{\"@type\":\"BreadcrumbList\",\"@id\":\"https:\/\/torredonjimenoactualidad.com\/index.php\/2025\/11\/24\/la-junta-licita-dos-proyectos-para-intervenir-en-otros-42-kilometros-de-la-a-306-entre-jaen-y-cordoba\/#breadcrumb\",\"itemListElement\":[{\"@type\":\"ListItem\",\"position\":1,\"name\":\"Portada\",\"item\":\"https:\/\/torredonjimenoactualidad.com\/\"},{\"@type\":\"ListItem\",\"position\":2,\"name\":\"La Junta licita dos proyectos para intervenir en otros 42 kil\u00f3metros de la A-306, entre Ja\u00e9n y C\u00f3rdoba\"}]},{\"@type\":\"WebSite\",\"@id\":\"https:\/\/torredonjimenoactualidad.com\/#website\",\"url\":\"https:\/\/torredonjimenoactualidad.com\/\",\"name\":\"Torredonjimeno Actualidad\",\"description\":\"\",\"publisher\":{\"@id\":\"https:\/\/torredonjimenoactualidad.com\/#organization\"},\"potentialAction\":[{\"@type\":\"SearchAction\",\"target\":{\"@type\":\"EntryPoint\",\"urlTemplate\":\"https:\/\/torredonjimenoactualidad.com\/?s={search_term_string}\"},\"query-input\":\"required name=search_term_string\"}],\"inLanguage\":\"es\"},{\"@type\":\"Organization\",\"@id\":\"https:\/\/torredonjimenoactualidad.com\/#organization\",\"name\":\"Torredonjimeno Actualidad\",\"url\":\"https:\/\/torredonjimenoactualidad.com\/\",\"logo\":{\"@type\":\"ImageObject\",\"inLanguage\":\"es\",\"@id\":\"https:\/\/torredonjimenoactualidad.com\/#\/schema\/logo\/image\/\",\"url\":\"https:\/\/torredonjimenoactualidad.com\/wp-content\/uploads\/2023\/02\/logo-torredonjimeno-544x180-1.png\",\"contentUrl\":\"https:\/\/torredonjimenoactualidad.com\/wp-content\/uploads\/2023\/02\/logo-torredonjimeno-544x180-1.png\",\"width\":545,\"height\":112,\"caption\":\"Torredonjimeno Actualidad\"},\"image\":{\"@id\":\"https:\/\/torredonjimenoactualidad.com\/#\/schema\/logo\/image\/\"}},{\"@type\":\"Person\",\"@id\":\"https:\/\/torredonjimenoactualidad.com\/#\/schema\/person\/11f05803cdf40dbeb7f4fbf2365c9ac5\",\"name\":\"Redaccion\",\"image\":{\"@type\":\"ImageObject\",\"inLanguage\":\"es\",\"@id\":\"https:\/\/torredonjimenoactualidad.com\/#\/schema\/person\/image\/\",\"url\":\"https:\/\/secure.gravatar.com\/avatar\/5917bab7eff43e17746fd29b509939469470810b6b989b7cc2f89e3188399bf3?s=96&d=mm&r=g\",\"contentUrl\":\"https:\/\/secure.gravatar.com\/avatar\/5917bab7eff43e17746fd29b509939469470810b6b989b7cc2f89e3188399bf3?s=96&d=mm&r=g\",\"caption\":\"Redaccion\"},\"url\":\"https:\/\/torredonjimenoactualidad.com\/index.php\/author\/jose-bueno\/\"}]}<\/script>\n<!-- \/ Yoast SEO plugin. -->","yoast_head_json":{"title":"La Junta licita dos proyectos para intervenir en otros 42 kil\u00f3metros de la A-306, entre Ja\u00e9n y C\u00f3rdoba - Torredonjimeno Actualidad","robots":{"index":"index","follow":"follow","max-snippet":"max-snippet:-1","max-image-preview":"max-image-preview:large","max-video-preview":"max-video-preview:-1"},"canonical":"https:\/\/torredonjimenoactualidad.com\/index.php\/2025\/11\/24\/la-junta-licita-dos-proyectos-para-intervenir-en-otros-42-kilometros-de-la-a-306-entre-jaen-y-cordoba\/","og_locale":"es_ES","og_type":"article","og_title":"La Junta licita dos proyectos para intervenir en otros 42 kil\u00f3metros de la A-306, entre Ja\u00e9n y C\u00f3rdoba - Torredonjimeno Actualidad","og_description":"La Consejer\u00eda de Fomento, Articulaci\u00f3n del Territorio y Vivienda ha licitado por unos 800.000 euros dos contratos de redacci\u00f3n de los proyectos de reforma integral de los 42 kil\u00f3metros de la A-306 en los que se van a intervenir. Esta actuaci\u00f3n se suma a la ya ejecutada en otros 15 kil\u00f3metros de esta v\u00eda en &hellip; La Junta licita dos proyectos para intervenir en otros 42 kil\u00f3metros de la A-306, entre Ja\u00e9n y C\u00f3rdoba Leer m\u00e1s &raquo;","og_url":"https:\/\/torredonjimenoactualidad.com\/index.php\/2025\/11\/24\/la-junta-licita-dos-proyectos-para-intervenir-en-otros-42-kilometros-de-la-a-306-entre-jaen-y-cordoba\/","og_site_name":"Torredonjimeno Actualidad","article_published_time":"2025-11-24T13:38:01+00:00","article_modified_time":"2025-11-24T13:38:02+00:00","og_image":[{"width":1920,"height":1097,"url":"https:\/\/torredonjimenoactualidad.com\/wp-content\/uploads\/2025\/11\/fotonoticia_20251124125258_1920.jpg","type":"image\/jpeg"}],"author":"Redaccion","twitter_card":"summary_large_image","twitter_misc":{"Escrito por":"Redaccion","Tiempo de lectura":"3 minutos"},"schema":{"@context":"https:\/\/schema.org","@graph":[{"@type":"Article","@id":"https:\/\/torredonjimenoactualidad.com\/index.php\/2025\/11\/24\/la-junta-licita-dos-proyectos-para-intervenir-en-otros-42-kilometros-de-la-a-306-entre-jaen-y-cordoba\/#article","isPartOf":{"@id":"https:\/\/torredonjimenoactualidad.com\/index.php\/2025\/11\/24\/la-junta-licita-dos-proyectos-para-intervenir-en-otros-42-kilometros-de-la-a-306-entre-jaen-y-cordoba\/"},"author":{"name":"Redaccion","@id":"https:\/\/torredonjimenoactualidad.com\/#\/schema\/person\/11f05803cdf40dbeb7f4fbf2365c9ac5"},"headline":"La Junta licita dos proyectos para intervenir en otros 42 kil\u00f3metros de la A-306, entre Ja\u00e9n y C\u00f3rdoba","datePublished":"2025-11-24T13:38:01+00:00","dateModified":"2025-11-24T13:38:02+00:00","mainEntityOfPage":{"@id":"https:\/\/torredonjimenoactualidad.com\/index.php\/2025\/11\/24\/la-junta-licita-dos-proyectos-para-intervenir-en-otros-42-kilometros-de-la-a-306-entre-jaen-y-cordoba\/"},"wordCount":632,"publisher":{"@id":"https:\/\/torredonjimenoactualidad.com\/#organization"},"articleSection":["provincia"],"inLanguage":"es"},{"@type":"WebPage","@id":"https:\/\/torredonjimenoactualidad.com\/index.php\/2025\/11\/24\/la-junta-licita-dos-proyectos-para-intervenir-en-otros-42-kilometros-de-la-a-306-entre-jaen-y-cordoba\/","url":"https:\/\/torredonjimenoactualidad.com\/index.php\/2025\/11\/24\/la-junta-licita-dos-proyectos-para-intervenir-en-otros-42-kilometros-de-la-a-306-entre-jaen-y-cordoba\/","name":"La Junta licita dos proyectos para intervenir en otros 42 kil\u00f3metros de la A-306, entre Ja\u00e9n y C\u00f3rdoba - Torredonjimeno Actualidad","isPartOf":{"@id":"https:\/\/torredonjimenoactualidad.com\/#website"},"datePublished":"2025-11-24T13:38:01+00:00","dateModified":"2025-11-24T13:38:02+00:00","breadcrumb":{"@id":"https:\/\/torredonjimenoactualidad.com\/index.php\/2025\/11\/24\/la-junta-licita-dos-proyectos-para-intervenir-en-otros-42-kilometros-de-la-a-306-entre-jaen-y-cordoba\/#breadcrumb"},"inLanguage":"es","potentialAction":[{"@type":"ReadAction","target":["https:\/\/torredonjimenoactualidad.com\/index.php\/2025\/11\/24\/la-junta-licita-dos-proyectos-para-intervenir-en-otros-42-kilometros-de-la-a-306-entre-jaen-y-cordoba\/"]}]},{"@type":"BreadcrumbList","@id":"https:\/\/torredonjimenoactualidad.com\/index.php\/2025\/11\/24\/la-junta-licita-dos-proyectos-para-intervenir-en-otros-42-kilometros-de-la-a-306-entre-jaen-y-cordoba\/#breadcrumb","itemListElement":[{"@type":"ListItem","position":1,"name":"Portada","item":"https:\/\/torredonjimenoactualidad.com\/"},{"@type":"ListItem","position":2,"name":"La Junta licita dos proyectos para intervenir en otros 42 kil\u00f3metros de la A-306, entre Ja\u00e9n y C\u00f3rdoba"}]},{"@type":"WebSite","@id":"https:\/\/torredonjimenoactualidad.com\/#website","url":"https:\/\/torredonjimenoactualidad.com\/","name":"Torredonjimeno Actualidad","description":"","publisher":{"@id":"https:\/\/torredonjimenoactualidad.com\/#organization"},"potentialAction":[{"@type":"SearchAction","target":{"@type":"EntryPoint","urlTemplate":"https:\/\/torredonjimenoactualidad.com\/?s={search_term_string}"},"query-input":"required name=search_term_string"}],"inLanguage":"es"},{"@type":"Organization","@id":"https:\/\/torredonjimenoactualidad.com\/#organization","name":"Torredonjimeno Actualidad","url":"https:\/\/torredonjimenoactualidad.com\/","logo":{"@type":"ImageObject","inLanguage":"es","@id":"https:\/\/torredonjimenoactualidad.com\/#\/schema\/logo\/image\/","url":"https:\/\/torredonjimenoactualidad.com\/wp-content\/uploads\/2023\/02\/logo-torredonjimeno-544x180-1.png","contentUrl":"https:\/\/torredonjimenoactualidad.com\/wp-content\/uploads\/2023\/02\/logo-torredonjimeno-544x180-1.png","width":545,"height":112,"caption":"Torredonjimeno Actualidad"},"image":{"@id":"https:\/\/torredonjimenoactualidad.com\/#\/schema\/logo\/image\/"}},{"@type":"Person","@id":"https:\/\/torredonjimenoactualidad.com\/#\/schema\/person\/11f05803cdf40dbeb7f4fbf2365c9ac5","name":"Redaccion","image":{"@type":"ImageObject","inLanguage":"es","@id":"https:\/\/torredonjimenoactualidad.com\/#\/schema\/person\/image\/","url":"https:\/\/secure.gravatar.com\/avatar\/5917bab7eff43e17746fd29b509939469470810b6b989b7cc2f89e3188399bf3?s=96&d=mm&r=g","contentUrl":"https:\/\/secure.gravatar.com\/avatar\/5917bab7eff43e17746fd29b509939469470810b6b989b7cc2f89e3188399bf3?s=96&d=mm&r=g","caption":"Redaccion"},"url":"https:\/\/torredonjimenoactualidad.com\/index.php\/author\/jose-bueno\/"}]}},"_links":{"self":[{"href":"https:\/\/torredonjimenoactualidad.com\/index.php\/wp-json\/wp\/v2\/posts\/4140","targetHints":{"allow":["GET"]}}],"collection":[{"href":"https:\/\/torredonjimenoactualidad.com\/index.php\/wp-json\/wp\/v2\/posts"}],"about":[{"href":"https:\/\/torredonjimenoactualidad.com\/index.php\/wp-json\/wp\/v2\/types\/post"}],"author":[{"embeddable":true,"href":"https:\/\/torredonjimenoactualidad.com\/index.php\/wp-json\/wp\/v2\/users\/3"}],"replies":[{"embeddable":true,"href":"https:\/\/torredonjimenoactualidad.com\/index.php\/wp-json\/wp\/v2\/comments?post=4140"}],"version-history":[{"count":1,"href":"https:\/\/torredonjimenoactualidad.com\/index.php\/wp-json\/wp\/v2\/posts\/4140\/revisions"}],"predecessor-version":[{"id":4142,"href":"https:\/\/torredonjimenoactualidad.com\/index.php\/wp-json\/wp\/v2\/posts\/4140\/revisions\/4142"}],"wp:featuredmedia":[{"embeddable":true,"href":"https:\/\/torredonjimenoactualidad.com\/index.php\/wp-json\/wp\/v2\/media\/4141"}],"wp:attachment":[{"href":"https:\/\/torredonjimenoactualidad.com\/index.php\/wp-json\/wp\/v2\/media?parent=4140"}],"wp:term":[{"taxonomy":"category","embeddable":true,"href":"https:\/\/torredonjimenoactualidad.com\/index.php\/wp-json\/wp\/v2\/categories?post=4140"},{"taxonomy":"post_tag","embeddable":true,"href":"https:\/\/torredonjimenoactualidad.com\/index.php\/wp-json\/wp\/v2\/tags?post=4140"}],"curies":[{"name":"wp","href":"https:\/\/api.w.org\/{rel}","templated":true}]}}