{"id":4137,"date":"2025-11-24T11:58:22","date_gmt":"2025-11-24T11:58:22","guid":{"rendered":"https:\/\/torredonjimenoactualidad.com\/?p=4137"},"modified":"2025-11-24T11:58:23","modified_gmt":"2025-11-24T11:58:23","slug":"el-psoe-de-torredonjimeno-llevara-al-pleno-una-mocion-para-exigir-transparencia-sobre-la-planta-de-biogas","status":"publish","type":"post","link":"https:\/\/torredonjimenoactualidad.com\/index.php\/2025\/11\/24\/el-psoe-de-torredonjimeno-llevara-al-pleno-una-mocion-para-exigir-transparencia-sobre-la-planta-de-biogas\/","title":{"rendered":"El PSOE de Torredonjimeno llevar\u00e1 al pleno una moci\u00f3n para exigir transparencia sobre la planta de biog\u00e1s"},"content":{"rendered":"\n<p>El PSOE de Torredonjimeno presentar\u00e1 en el pr\u00f3ximo pleno municipal, previsto para el jueves&nbsp;<strong>27 de noviembre<\/strong>, una moci\u00f3n orientada a la&nbsp;<strong>defensa del territorio, la salud p\u00fablica y la transparencia<\/strong>&nbsp;ante el proyecto de instalaci\u00f3n de una planta de biog\u00e1s en el t\u00e9rmino municipal.<\/p>\n\n\n\n<p>La iniciativa llega tras la reciente celebraci\u00f3n de una&nbsp;<strong>asamblea extraordinaria<\/strong>&nbsp;organizada por la agrupaci\u00f3n socialista, en la que militantes y simpatizantes debatieron la falta de informaci\u00f3n existente sobre este proyecto. En dicho encuentro, se acord\u00f3 solicitar al Ayuntamiento la creaci\u00f3n de una&nbsp;<strong>comisi\u00f3n informativa<\/strong>&nbsp;espec\u00edfica que analice la propuesta y permita conocer su alcance real.<\/p>\n\n\n\n<p>Los socialistas consideran que el debate generado en el municipio exige una respuesta clara por parte del Consistorio. Sin embargo, seg\u00fan denuncia la formaci\u00f3n, la \u00fanica informaci\u00f3n trasladada a la ciudadan\u00eda ha sido la derivada de un encuentro entre el alcalde tosiriano y su hom\u00f3logo de Jamilena, sin que se haya ofrecido una exposici\u00f3n directa y detallada del proyecto.<\/p>\n\n\n\n<p>\u201cQueremos poner esta cuesti\u00f3n sobre la mesa en el plenario, el m\u00e1ximo \u00f3rgano municipal, y hacerlo con luz y taqu\u00edgrafos\u201d, ha se\u00f1alado el secretario general del PSOE de Torredonjimeno y portavoz municipal,&nbsp;<strong>Manolo Anguita<\/strong>. \u201cLos vecinos y las vecinas de Torredonjimeno se merec\u00edan explicaciones de primera mano por parte de su m\u00e1xima autoridad, y no enterarse de esta forma\u201d, ha lamentado.<\/p>\n\n\n\n<p>Con esta moci\u00f3n, el PSOE busca que el Ayuntamiento adopte una postura clara y abra v\u00edas de comunicaci\u00f3n con la ciudadan\u00eda en un asunto que, aseguran, afecta directamente al&nbsp;<strong>modelo de desarrollo local<\/strong>&nbsp;y a la&nbsp;<strong>salud p\u00fablica<\/strong>&nbsp;del municipio.<\/p>\n","protected":false},"excerpt":{"rendered":"<p>El PSOE de Torredonjimeno presentar\u00e1 en el pr\u00f3ximo pleno municipal, previsto para el jueves&nbsp;27 de noviembre, una moci\u00f3n orientada a la&nbsp;defensa del territorio, la salud p\u00fablica y la transparencia&nbsp;ante el proyecto de instalaci\u00f3n de una planta de biog\u00e1s en el t\u00e9rmino municipal. La iniciativa llega tras la reciente celebraci\u00f3n de una&nbsp;asamblea extraordinaria&nbsp;organizada por la agrupaci\u00f3n &hellip;<\/p>\n<p class=\"read-more\"> <a class=\"\" href=\"https:\/\/torredonjimenoactualidad.com\/index.php\/2025\/11\/24\/el-psoe-de-torredonjimeno-llevara-al-pleno-una-mocion-para-exigir-transparencia-sobre-la-planta-de-biogas\/\"> <span class=\"screen-reader-text\">El PSOE de Torredonjimeno llevar\u00e1 al pleno una moci\u00f3n para exigir transparencia sobre la planta de biog\u00e1s<\/span> Leer m\u00e1s &raquo;<\/a><\/p>\n","protected":false},"author":2,"featured_media":4138,"comment_status":"closed","ping_status":"open","sticky":false,"template":"","format":"standard","meta":{"site-sidebar-layout":"default","site-content-layout":"default","ast-global-header-display":"","ast-main-header-display":"","ast-hfb-above-header-display":"","ast-hfb-below-header-display":"","ast-hfb-mobile-header-display":"","site-post-title":"","ast-breadcrumbs-content":"","ast-featured-img":"","footer-sml-layout":"","theme-transparent-header-meta":"","adv-header-id-meta":"","stick-header-meta":"","header-above-stick-meta":"","header-main-stick-meta":"","header-below-stick-meta":"","footnotes":""},"categories":[7],"tags":[],"class_list":["post-4137","post","type-post","status-publish","format-standard","has-post-thumbnail","hentry","category-local"],"yoast_head":"<!-- This site is optimized with the Yoast SEO plugin v20.8 - https:\/\/yoast.com\/wordpress\/plugins\/seo\/ -->\n<title>El PSOE de Torredonjimeno llevar\u00e1 al pleno una moci\u00f3n para exigir transparencia sobre la planta de biog\u00e1s - Torredonjimeno Actualidad<\/title>\n<meta name=\"robots\" content=\"index, follow, max-snippet:-1, max-image-preview:large, max-video-preview:-1\" \/>\n<link rel=\"canonical\" href=\"https:\/\/torredonjimenoactualidad.com\/index.php\/2025\/11\/24\/el-psoe-de-torredonjimeno-llevara-al-pleno-una-mocion-para-exigir-transparencia-sobre-la-planta-de-biogas\/\" \/>\n<meta property=\"og:locale\" content=\"es_ES\" \/>\n<meta property=\"og:type\" content=\"article\" \/>\n<meta property=\"og:title\" content=\"El PSOE de Torredonjimeno llevar\u00e1 al pleno una moci\u00f3n para exigir transparencia sobre la planta de biog\u00e1s - Torredonjimeno Actualidad\" \/>\n<meta property=\"og:description\" content=\"El PSOE de Torredonjimeno presentar\u00e1 en el pr\u00f3ximo pleno municipal, previsto para el jueves&nbsp;27 de noviembre, una moci\u00f3n orientada a la&nbsp;defensa del territorio, la salud p\u00fablica y la transparencia&nbsp;ante el proyecto de instalaci\u00f3n de una planta de biog\u00e1s en el t\u00e9rmino municipal. La iniciativa llega tras la reciente celebraci\u00f3n de una&nbsp;asamblea extraordinaria&nbsp;organizada por la agrupaci\u00f3n &hellip; El PSOE de Torredonjimeno llevar\u00e1 al pleno una moci\u00f3n para exigir transparencia sobre la planta de biog\u00e1s Leer m\u00e1s &raquo;\" \/>\n<meta property=\"og:url\" content=\"https:\/\/torredonjimenoactualidad.com\/index.php\/2025\/11\/24\/el-psoe-de-torredonjimeno-llevara-al-pleno-una-mocion-para-exigir-transparencia-sobre-la-planta-de-biogas\/\" \/>\n<meta property=\"og:site_name\" content=\"Torredonjimeno Actualidad\" \/>\n<meta property=\"article:published_time\" content=\"2025-11-24T11:58:22+00:00\" \/>\n<meta property=\"article:modified_time\" content=\"2025-11-24T11:58:23+00:00\" \/>\n<meta property=\"og:image\" content=\"https:\/\/torredonjimenoactualidad.com\/wp-content\/uploads\/2025\/11\/F94339CC-9B08-4EB7-999B-EC4F18AA8C32-scaled.jpg\" \/>\n\t<meta property=\"og:image:width\" content=\"2560\" \/>\n\t<meta property=\"og:image:height\" content=\"1463\" \/>\n\t<meta property=\"og:image:type\" content=\"image\/jpeg\" \/>\n<meta name=\"author\" content=\"Alba Mar\u00eda Torres\" \/>\n<meta name=\"twitter:card\" content=\"summary_large_image\" \/>\n<meta name=\"twitter:label1\" content=\"Escrito por\" \/>\n\t<meta name=\"twitter:data1\" content=\"Alba Mar\u00eda Torres\" \/>\n\t<meta name=\"twitter:label2\" content=\"Tiempo de lectura\" \/>\n\t<meta name=\"twitter:data2\" content=\"2 minutos\" \/>\n<script type=\"application\/ld+json\" class=\"yoast-schema-graph\">{\"@context\":\"https:\/\/schema.org\",\"@graph\":[{\"@type\":\"Article\",\"@id\":\"https:\/\/torredonjimenoactualidad.com\/index.php\/2025\/11\/24\/el-psoe-de-torredonjimeno-llevara-al-pleno-una-mocion-para-exigir-transparencia-sobre-la-planta-de-biogas\/#article\",\"isPartOf\":{\"@id\":\"https:\/\/torredonjimenoactualidad.com\/index.php\/2025\/11\/24\/el-psoe-de-torredonjimeno-llevara-al-pleno-una-mocion-para-exigir-transparencia-sobre-la-planta-de-biogas\/\"},\"author\":{\"name\":\"Alba Mar\u00eda Torres\",\"@id\":\"https:\/\/torredonjimenoactualidad.com\/#\/schema\/person\/84de5f233e783ef2c75151a532b54977\"},\"headline\":\"El PSOE de Torredonjimeno llevar\u00e1 al pleno una moci\u00f3n para exigir transparencia sobre la planta de biog\u00e1s\",\"datePublished\":\"2025-11-24T11:58:22+00:00\",\"dateModified\":\"2025-11-24T11:58:23+00:00\",\"mainEntityOfPage\":{\"@id\":\"https:\/\/torredonjimenoactualidad.com\/index.php\/2025\/11\/24\/el-psoe-de-torredonjimeno-llevara-al-pleno-una-mocion-para-exigir-transparencia-sobre-la-planta-de-biogas\/\"},\"wordCount\":320,\"publisher\":{\"@id\":\"https:\/\/torredonjimenoactualidad.com\/#organization\"},\"articleSection\":[\"local\"],\"inLanguage\":\"es\"},{\"@type\":\"WebPage\",\"@id\":\"https:\/\/torredonjimenoactualidad.com\/index.php\/2025\/11\/24\/el-psoe-de-torredonjimeno-llevara-al-pleno-una-mocion-para-exigir-transparencia-sobre-la-planta-de-biogas\/\",\"url\":\"https:\/\/torredonjimenoactualidad.com\/index.php\/2025\/11\/24\/el-psoe-de-torredonjimeno-llevara-al-pleno-una-mocion-para-exigir-transparencia-sobre-la-planta-de-biogas\/\",\"name\":\"El PSOE de Torredonjimeno llevar\u00e1 al pleno una moci\u00f3n para exigir transparencia sobre la planta de biog\u00e1s - Torredonjimeno Actualidad\",\"isPartOf\":{\"@id\":\"https:\/\/torredonjimenoactualidad.com\/#website\"},\"datePublished\":\"2025-11-24T11:58:22+00:00\",\"dateModified\":\"2025-11-24T11:58:23+00:00\",\"breadcrumb\":{\"@id\":\"https:\/\/torredonjimenoactualidad.com\/index.php\/2025\/11\/24\/el-psoe-de-torredonjimeno-llevara-al-pleno-una-mocion-para-exigir-transparencia-sobre-la-planta-de-biogas\/#breadcrumb\"},\"inLanguage\":\"es\",\"potentialAction\":[{\"@type\":\"ReadAction\",\"target\":[\"https:\/\/torredonjimenoactualidad.com\/index.php\/2025\/11\/24\/el-psoe-de-torredonjimeno-llevara-al-pleno-una-mocion-para-exigir-transparencia-sobre-la-planta-de-biogas\/\"]}]},{\"@type\":\"BreadcrumbList\",\"@id\":\"https:\/\/torredonjimenoactualidad.com\/index.php\/2025\/11\/24\/el-psoe-de-torredonjimeno-llevara-al-pleno-una-mocion-para-exigir-transparencia-sobre-la-planta-de-biogas\/#breadcrumb\",\"itemListElement\":[{\"@type\":\"ListItem\",\"position\":1,\"name\":\"Portada\",\"item\":\"https:\/\/torredonjimenoactualidad.com\/\"},{\"@type\":\"ListItem\",\"position\":2,\"name\":\"El PSOE de Torredonjimeno llevar\u00e1 al pleno una moci\u00f3n para exigir transparencia sobre la planta de biog\u00e1s\"}]},{\"@type\":\"WebSite\",\"@id\":\"https:\/\/torredonjimenoactualidad.com\/#website\",\"url\":\"https:\/\/torredonjimenoactualidad.com\/\",\"name\":\"Torredonjimeno Actualidad\",\"description\":\"\",\"publisher\":{\"@id\":\"https:\/\/torredonjimenoactualidad.com\/#organization\"},\"potentialAction\":[{\"@type\":\"SearchAction\",\"target\":{\"@type\":\"EntryPoint\",\"urlTemplate\":\"https:\/\/torredonjimenoactualidad.com\/?s={search_term_string}\"},\"query-input\":\"required name=search_term_string\"}],\"inLanguage\":\"es\"},{\"@type\":\"Organization\",\"@id\":\"https:\/\/torredonjimenoactualidad.com\/#organization\",\"name\":\"Torredonjimeno Actualidad\",\"url\":\"https:\/\/torredonjimenoactualidad.com\/\",\"logo\":{\"@type\":\"ImageObject\",\"inLanguage\":\"es\",\"@id\":\"https:\/\/torredonjimenoactualidad.com\/#\/schema\/logo\/image\/\",\"url\":\"https:\/\/torredonjimenoactualidad.com\/wp-content\/uploads\/2023\/02\/logo-torredonjimeno-544x180-1.png\",\"contentUrl\":\"https:\/\/torredonjimenoactualidad.com\/wp-content\/uploads\/2023\/02\/logo-torredonjimeno-544x180-1.png\",\"width\":545,\"height\":112,\"caption\":\"Torredonjimeno Actualidad\"},\"image\":{\"@id\":\"https:\/\/torredonjimenoactualidad.com\/#\/schema\/logo\/image\/\"}},{\"@type\":\"Person\",\"@id\":\"https:\/\/torredonjimenoactualidad.com\/#\/schema\/person\/84de5f233e783ef2c75151a532b54977\",\"name\":\"Alba Mar\u00eda Torres\",\"image\":{\"@type\":\"ImageObject\",\"inLanguage\":\"es\",\"@id\":\"https:\/\/torredonjimenoactualidad.com\/#\/schema\/person\/image\/\",\"url\":\"https:\/\/secure.gravatar.com\/avatar\/f9371f188c71501b4475a9ba2a71595850ec72967f800a2ed8e3e2102859ed65?s=96&d=mm&r=g\",\"contentUrl\":\"https:\/\/secure.gravatar.com\/avatar\/f9371f188c71501b4475a9ba2a71595850ec72967f800a2ed8e3e2102859ed65?s=96&d=mm&r=g\",\"caption\":\"Alba Mar\u00eda Torres\"},\"url\":\"https:\/\/torredonjimenoactualidad.com\/index.php\/author\/alba-torres\/\"}]}<\/script>\n<!-- \/ Yoast SEO plugin. -->","yoast_head_json":{"title":"El PSOE de Torredonjimeno llevar\u00e1 al pleno una moci\u00f3n para exigir transparencia sobre la planta de biog\u00e1s - Torredonjimeno Actualidad","robots":{"index":"index","follow":"follow","max-snippet":"max-snippet:-1","max-image-preview":"max-image-preview:large","max-video-preview":"max-video-preview:-1"},"canonical":"https:\/\/torredonjimenoactualidad.com\/index.php\/2025\/11\/24\/el-psoe-de-torredonjimeno-llevara-al-pleno-una-mocion-para-exigir-transparencia-sobre-la-planta-de-biogas\/","og_locale":"es_ES","og_type":"article","og_title":"El PSOE de Torredonjimeno llevar\u00e1 al pleno una moci\u00f3n para exigir transparencia sobre la planta de biog\u00e1s - Torredonjimeno Actualidad","og_description":"El PSOE de Torredonjimeno presentar\u00e1 en el pr\u00f3ximo pleno municipal, previsto para el jueves&nbsp;27 de noviembre, una moci\u00f3n orientada a la&nbsp;defensa del territorio, la salud p\u00fablica y la transparencia&nbsp;ante el proyecto de instalaci\u00f3n de una planta de biog\u00e1s en el t\u00e9rmino municipal. La iniciativa llega tras la reciente celebraci\u00f3n de una&nbsp;asamblea extraordinaria&nbsp;organizada por la agrupaci\u00f3n &hellip; El PSOE de Torredonjimeno llevar\u00e1 al pleno una moci\u00f3n para exigir transparencia sobre la planta de biog\u00e1s Leer m\u00e1s &raquo;","og_url":"https:\/\/torredonjimenoactualidad.com\/index.php\/2025\/11\/24\/el-psoe-de-torredonjimeno-llevara-al-pleno-una-mocion-para-exigir-transparencia-sobre-la-planta-de-biogas\/","og_site_name":"Torredonjimeno Actualidad","article_published_time":"2025-11-24T11:58:22+00:00","article_modified_time":"2025-11-24T11:58:23+00:00","og_image":[{"width":2560,"height":1463,"url":"https:\/\/torredonjimenoactualidad.com\/wp-content\/uploads\/2025\/11\/F94339CC-9B08-4EB7-999B-EC4F18AA8C32-scaled.jpg","type":"image\/jpeg"}],"author":"Alba Mar\u00eda Torres","twitter_card":"summary_large_image","twitter_misc":{"Escrito por":"Alba Mar\u00eda Torres","Tiempo de lectura":"2 minutos"},"schema":{"@context":"https:\/\/schema.org","@graph":[{"@type":"Article","@id":"https:\/\/torredonjimenoactualidad.com\/index.php\/2025\/11\/24\/el-psoe-de-torredonjimeno-llevara-al-pleno-una-mocion-para-exigir-transparencia-sobre-la-planta-de-biogas\/#article","isPartOf":{"@id":"https:\/\/torredonjimenoactualidad.com\/index.php\/2025\/11\/24\/el-psoe-de-torredonjimeno-llevara-al-pleno-una-mocion-para-exigir-transparencia-sobre-la-planta-de-biogas\/"},"author":{"name":"Alba Mar\u00eda Torres","@id":"https:\/\/torredonjimenoactualidad.com\/#\/schema\/person\/84de5f233e783ef2c75151a532b54977"},"headline":"El PSOE de Torredonjimeno llevar\u00e1 al pleno una moci\u00f3n para exigir transparencia sobre la planta de biog\u00e1s","datePublished":"2025-11-24T11:58:22+00:00","dateModified":"2025-11-24T11:58:23+00:00","mainEntityOfPage":{"@id":"https:\/\/torredonjimenoactualidad.com\/index.php\/2025\/11\/24\/el-psoe-de-torredonjimeno-llevara-al-pleno-una-mocion-para-exigir-transparencia-sobre-la-planta-de-biogas\/"},"wordCount":320,"publisher":{"@id":"https:\/\/torredonjimenoactualidad.com\/#organization"},"articleSection":["local"],"inLanguage":"es"},{"@type":"WebPage","@id":"https:\/\/torredonjimenoactualidad.com\/index.php\/2025\/11\/24\/el-psoe-de-torredonjimeno-llevara-al-pleno-una-mocion-para-exigir-transparencia-sobre-la-planta-de-biogas\/","url":"https:\/\/torredonjimenoactualidad.com\/index.php\/2025\/11\/24\/el-psoe-de-torredonjimeno-llevara-al-pleno-una-mocion-para-exigir-transparencia-sobre-la-planta-de-biogas\/","name":"El PSOE de Torredonjimeno llevar\u00e1 al pleno una moci\u00f3n para exigir transparencia sobre la planta de biog\u00e1s - Torredonjimeno Actualidad","isPartOf":{"@id":"https:\/\/torredonjimenoactualidad.com\/#website"},"datePublished":"2025-11-24T11:58:22+00:00","dateModified":"2025-11-24T11:58:23+00:00","breadcrumb":{"@id":"https:\/\/torredonjimenoactualidad.com\/index.php\/2025\/11\/24\/el-psoe-de-torredonjimeno-llevara-al-pleno-una-mocion-para-exigir-transparencia-sobre-la-planta-de-biogas\/#breadcrumb"},"inLanguage":"es","potentialAction":[{"@type":"ReadAction","target":["https:\/\/torredonjimenoactualidad.com\/index.php\/2025\/11\/24\/el-psoe-de-torredonjimeno-llevara-al-pleno-una-mocion-para-exigir-transparencia-sobre-la-planta-de-biogas\/"]}]},{"@type":"BreadcrumbList","@id":"https:\/\/torredonjimenoactualidad.com\/index.php\/2025\/11\/24\/el-psoe-de-torredonjimeno-llevara-al-pleno-una-mocion-para-exigir-transparencia-sobre-la-planta-de-biogas\/#breadcrumb","itemListElement":[{"@type":"ListItem","position":1,"name":"Portada","item":"https:\/\/torredonjimenoactualidad.com\/"},{"@type":"ListItem","position":2,"name":"El PSOE de Torredonjimeno llevar\u00e1 al pleno una moci\u00f3n para exigir transparencia sobre la planta de biog\u00e1s"}]},{"@type":"WebSite","@id":"https:\/\/torredonjimenoactualidad.com\/#website","url":"https:\/\/torredonjimenoactualidad.com\/","name":"Torredonjimeno Actualidad","description":"","publisher":{"@id":"https:\/\/torredonjimenoactualidad.com\/#organization"},"potentialAction":[{"@type":"SearchAction","target":{"@type":"EntryPoint","urlTemplate":"https:\/\/torredonjimenoactualidad.com\/?s={search_term_string}"},"query-input":"required name=search_term_string"}],"inLanguage":"es"},{"@type":"Organization","@id":"https:\/\/torredonjimenoactualidad.com\/#organization","name":"Torredonjimeno Actualidad","url":"https:\/\/torredonjimenoactualidad.com\/","logo":{"@type":"ImageObject","inLanguage":"es","@id":"https:\/\/torredonjimenoactualidad.com\/#\/schema\/logo\/image\/","url":"https:\/\/torredonjimenoactualidad.com\/wp-content\/uploads\/2023\/02\/logo-torredonjimeno-544x180-1.png","contentUrl":"https:\/\/torredonjimenoactualidad.com\/wp-content\/uploads\/2023\/02\/logo-torredonjimeno-544x180-1.png","width":545,"height":112,"caption":"Torredonjimeno Actualidad"},"image":{"@id":"https:\/\/torredonjimenoactualidad.com\/#\/schema\/logo\/image\/"}},{"@type":"Person","@id":"https:\/\/torredonjimenoactualidad.com\/#\/schema\/person\/84de5f233e783ef2c75151a532b54977","name":"Alba Mar\u00eda Torres","image":{"@type":"ImageObject","inLanguage":"es","@id":"https:\/\/torredonjimenoactualidad.com\/#\/schema\/person\/image\/","url":"https:\/\/secure.gravatar.com\/avatar\/f9371f188c71501b4475a9ba2a71595850ec72967f800a2ed8e3e2102859ed65?s=96&d=mm&r=g","contentUrl":"https:\/\/secure.gravatar.com\/avatar\/f9371f188c71501b4475a9ba2a71595850ec72967f800a2ed8e3e2102859ed65?s=96&d=mm&r=g","caption":"Alba Mar\u00eda Torres"},"url":"https:\/\/torredonjimenoactualidad.com\/index.php\/author\/alba-torres\/"}]}},"_links":{"self":[{"href":"https:\/\/torredonjimenoactualidad.com\/index.php\/wp-json\/wp\/v2\/posts\/4137","targetHints":{"allow":["GET"]}}],"collection":[{"href":"https:\/\/torredonjimenoactualidad.com\/index.php\/wp-json\/wp\/v2\/posts"}],"about":[{"href":"https:\/\/torredonjimenoactualidad.com\/index.php\/wp-json\/wp\/v2\/types\/post"}],"author":[{"embeddable":true,"href":"https:\/\/torredonjimenoactualidad.com\/index.php\/wp-json\/wp\/v2\/users\/2"}],"replies":[{"embeddable":true,"href":"https:\/\/torredonjimenoactualidad.com\/index.php\/wp-json\/wp\/v2\/comments?post=4137"}],"version-history":[{"count":1,"href":"https:\/\/torredonjimenoactualidad.com\/index.php\/wp-json\/wp\/v2\/posts\/4137\/revisions"}],"predecessor-version":[{"id":4139,"href":"https:\/\/torredonjimenoactualidad.com\/index.php\/wp-json\/wp\/v2\/posts\/4137\/revisions\/4139"}],"wp:featuredmedia":[{"embeddable":true,"href":"https:\/\/torredonjimenoactualidad.com\/index.php\/wp-json\/wp\/v2\/media\/4138"}],"wp:attachment":[{"href":"https:\/\/torredonjimenoactualidad.com\/index.php\/wp-json\/wp\/v2\/media?parent=4137"}],"wp:term":[{"taxonomy":"category","embeddable":true,"href":"https:\/\/torredonjimenoactualidad.com\/index.php\/wp-json\/wp\/v2\/categories?post=4137"},{"taxonomy":"post_tag","embeddable":true,"href":"https:\/\/torredonjimenoactualidad.com\/index.php\/wp-json\/wp\/v2\/tags?post=4137"}],"curies":[{"name":"wp","href":"https:\/\/api.w.org\/{rel}","templated":true}]}}