{"id":4121,"date":"2025-11-20T16:02:42","date_gmt":"2025-11-20T16:02:42","guid":{"rendered":"https:\/\/torredonjimenoactualidad.com\/?p=4121"},"modified":"2025-11-20T16:22:06","modified_gmt":"2025-11-20T16:22:06","slug":"torredonjimeno-en-el-centro-del-debate-por-la-falta-de-regulacion-de-las-plantas-de-biometano-en-andalucia","status":"publish","type":"post","link":"https:\/\/torredonjimenoactualidad.com\/index.php\/2025\/11\/20\/torredonjimeno-en-el-centro-del-debate-por-la-falta-de-regulacion-de-las-plantas-de-biometano-en-andalucia\/","title":{"rendered":"Torredonjimeno, en el centro del debate por la falta de regulaci\u00f3n de las plantas de biometano en Andaluc\u00eda"},"content":{"rendered":"\n<p>La discusi\u00f3n sobre la instalaci\u00f3n de plantas de biometano ha estallado en varios municipios andaluces y coloca a&nbsp;<strong>Torredonjimeno<\/strong>&nbsp;como uno de los puntos clave del conflicto. La Junta de Andaluc\u00eda ha rechazado por tercera vez en menos de 72 horas una iniciativa parlamentaria del PSOE que reclamaba una regulaci\u00f3n espec\u00edfica para estas instalaciones, incluyendo distancias m\u00ednimas a las zonas habitadas, informes sanitarios y estudios de olores, as\u00ed como la suspensi\u00f3n cautelar de los proyectos actualmente en tramitaci\u00f3n.<\/p>\n\n\n\n<p>El parlamentario socialista V\u00edctor Torres critic\u00f3 que el Gobierno andaluz \u201cdeje a los ayuntamientos a su suerte\u201d en un asunto que, seg\u00fan insisti\u00f3, no puede recaer exclusivamente en la administraci\u00f3n local. Record\u00f3 que los municipios no pueden oponerse a proyectos que cuenten con todos los informes favorables, ya que podr\u00edan incurrir en prevaricaci\u00f3n, por lo que reclam\u00f3 a la Junta \u201cplanificaci\u00f3n, informaci\u00f3n y transparencia\u201d.<\/p>\n\n\n\n<p>La propuesta socialista fue trasladada a las Consejer\u00edas de Sostenibilidad, Industria y Fomento, encontrando la negativa del PP en las tres. Mientras tanto, la tensi\u00f3n crece en municipios como\u00a0<strong>Torredonjimeno y Jamilena<\/strong>, ambos gobernados por el Partido Popular, a ra\u00edz de un proyecto que plantea instalar una planta en suelo tosiriano a tan solo 500 metros del casco urbano jamilenuo. Este caso ilustra el conflicto territorial que, seg\u00fan Torres, afecta a alcaldes de todos los colores pol\u00edticos.<\/p>\n\n\n\n<p>En la provincia de Ja\u00e9n tambi\u00e9n existe rechazo social en Baeza, donde se contemplan hasta tres plantas en Puente del Obispo, as\u00ed como en Alcal\u00e1 la Real y And\u00fajar, donde los equipos municipales han anunciado modificaciones urban\u00edsticas que, seg\u00fan el PSOE, \u201cno llegar\u00e1n a tiempo\u201d.<\/p>\n\n\n\n<p>Torres defendi\u00f3 que su partido apoya las energ\u00edas renovables, \u201cpero no de cualquier manera\u201d, y urgi\u00f3 a la Junta a asumir su competencia exclusiva en ordenaci\u00f3n del territorio. Reclam\u00f3 que se establezcan distancias m\u00ednimas entre plantas y poblaci\u00f3n, se realicen informes sanitarios y de olores y se delimiten mapas de ubicaci\u00f3n.<\/p>\n\n\n\n<p>A la espera de una respuesta auton\u00f3mica, el debate contin\u00faa creciendo. Torredonjimeno, junto a otros municipios afectados, reclama una regulaci\u00f3n clara que aporte seguridad jur\u00eddica tanto a las administraciones locales como a los vecinos.<\/p>\n\n\n\n<figure class=\"wp-block-embed is-type-video is-provider-youtube wp-block-embed-youtube wp-embed-aspect-16-9 wp-has-aspect-ratio\"><div class=\"wp-block-embed__wrapper\">\n<div class=\"ast-oembed-container\" style=\"height: 100%;\"><iframe loading=\"lazy\" title=\"Torredonjimeno, en el centro del debate por la falta de regulaci\u00f3n de las plantas de biometano\" width=\"500\" height=\"281\" src=\"https:\/\/www.youtube.com\/embed\/tCaw4nrokb8?feature=oembed\" frameborder=\"0\" allow=\"accelerometer; autoplay; clipboard-write; encrypted-media; gyroscope; picture-in-picture; web-share\" referrerpolicy=\"strict-origin-when-cross-origin\" allowfullscreen><\/iframe><\/div>\n<\/div><\/figure>\n","protected":false},"excerpt":{"rendered":"<p>La discusi\u00f3n sobre la instalaci\u00f3n de plantas de biometano ha estallado en varios municipios andaluces y coloca a&nbsp;Torredonjimeno&nbsp;como uno de los puntos clave del conflicto. La Junta de Andaluc\u00eda ha rechazado por tercera vez en menos de 72 horas una iniciativa parlamentaria del PSOE que reclamaba una regulaci\u00f3n espec\u00edfica para estas instalaciones, incluyendo distancias m\u00ednimas &hellip;<\/p>\n<p class=\"read-more\"> <a class=\"\" href=\"https:\/\/torredonjimenoactualidad.com\/index.php\/2025\/11\/20\/torredonjimeno-en-el-centro-del-debate-por-la-falta-de-regulacion-de-las-plantas-de-biometano-en-andalucia\/\"> <span class=\"screen-reader-text\">Torredonjimeno, en el centro del debate por la falta de regulaci\u00f3n de las plantas de biometano en Andaluc\u00eda<\/span> Leer m\u00e1s &raquo;<\/a><\/p>\n","protected":false},"author":2,"featured_media":4122,"comment_status":"closed","ping_status":"open","sticky":false,"template":"","format":"standard","meta":{"site-sidebar-layout":"default","site-content-layout":"default","ast-global-header-display":"","ast-main-header-display":"","ast-hfb-above-header-display":"","ast-hfb-below-header-display":"","ast-hfb-mobile-header-display":"","site-post-title":"","ast-breadcrumbs-content":"","ast-featured-img":"","footer-sml-layout":"","theme-transparent-header-meta":"","adv-header-id-meta":"","stick-header-meta":"","header-above-stick-meta":"","header-main-stick-meta":"","header-below-stick-meta":"","footnotes":""},"categories":[8],"tags":[],"class_list":["post-4121","post","type-post","status-publish","format-standard","has-post-thumbnail","hentry","category-provincia"],"yoast_head":"<!-- This site is optimized with the Yoast SEO plugin v20.8 - https:\/\/yoast.com\/wordpress\/plugins\/seo\/ -->\n<title>Torredonjimeno, en el centro del debate por la falta de regulaci\u00f3n de las plantas de biometano en Andaluc\u00eda - Torredonjimeno Actualidad<\/title>\n<meta name=\"robots\" content=\"index, follow, max-snippet:-1, max-image-preview:large, max-video-preview:-1\" \/>\n<link rel=\"canonical\" href=\"https:\/\/torredonjimenoactualidad.com\/index.php\/2025\/11\/20\/torredonjimeno-en-el-centro-del-debate-por-la-falta-de-regulacion-de-las-plantas-de-biometano-en-andalucia\/\" \/>\n<meta property=\"og:locale\" content=\"es_ES\" \/>\n<meta property=\"og:type\" content=\"article\" \/>\n<meta property=\"og:title\" content=\"Torredonjimeno, en el centro del debate por la falta de regulaci\u00f3n de las plantas de biometano en Andaluc\u00eda - Torredonjimeno Actualidad\" \/>\n<meta property=\"og:description\" content=\"La discusi\u00f3n sobre la instalaci\u00f3n de plantas de biometano ha estallado en varios municipios andaluces y coloca a&nbsp;Torredonjimeno&nbsp;como uno de los puntos clave del conflicto. La Junta de Andaluc\u00eda ha rechazado por tercera vez en menos de 72 horas una iniciativa parlamentaria del PSOE que reclamaba una regulaci\u00f3n espec\u00edfica para estas instalaciones, incluyendo distancias m\u00ednimas &hellip; Torredonjimeno, en el centro del debate por la falta de regulaci\u00f3n de las plantas de biometano en Andaluc\u00eda Leer m\u00e1s &raquo;\" \/>\n<meta property=\"og:url\" content=\"https:\/\/torredonjimenoactualidad.com\/index.php\/2025\/11\/20\/torredonjimeno-en-el-centro-del-debate-por-la-falta-de-regulacion-de-las-plantas-de-biometano-en-andalucia\/\" \/>\n<meta property=\"og:site_name\" content=\"Torredonjimeno Actualidad\" \/>\n<meta property=\"article:published_time\" content=\"2025-11-20T16:02:42+00:00\" \/>\n<meta property=\"article:modified_time\" content=\"2025-11-20T16:22:06+00:00\" \/>\n<meta property=\"og:image\" content=\"https:\/\/torredonjimenoactualidad.com\/wp-content\/uploads\/2025\/11\/victortorres.jpg\" \/>\n\t<meta property=\"og:image:width\" content=\"905\" \/>\n\t<meta property=\"og:image:height\" content=\"517\" \/>\n\t<meta property=\"og:image:type\" content=\"image\/jpeg\" \/>\n<meta name=\"author\" content=\"Alba Mar\u00eda Torres\" \/>\n<meta name=\"twitter:card\" content=\"summary_large_image\" \/>\n<meta name=\"twitter:label1\" content=\"Escrito por\" \/>\n\t<meta name=\"twitter:data1\" content=\"Alba Mar\u00eda Torres\" \/>\n\t<meta name=\"twitter:label2\" content=\"Tiempo de lectura\" \/>\n\t<meta name=\"twitter:data2\" content=\"2 minutos\" \/>\n<script type=\"application\/ld+json\" class=\"yoast-schema-graph\">{\"@context\":\"https:\/\/schema.org\",\"@graph\":[{\"@type\":\"Article\",\"@id\":\"https:\/\/torredonjimenoactualidad.com\/index.php\/2025\/11\/20\/torredonjimeno-en-el-centro-del-debate-por-la-falta-de-regulacion-de-las-plantas-de-biometano-en-andalucia\/#article\",\"isPartOf\":{\"@id\":\"https:\/\/torredonjimenoactualidad.com\/index.php\/2025\/11\/20\/torredonjimeno-en-el-centro-del-debate-por-la-falta-de-regulacion-de-las-plantas-de-biometano-en-andalucia\/\"},\"author\":{\"name\":\"Alba Mar\u00eda Torres\",\"@id\":\"https:\/\/torredonjimenoactualidad.com\/#\/schema\/person\/84de5f233e783ef2c75151a532b54977\"},\"headline\":\"Torredonjimeno, en el centro del debate por la falta de regulaci\u00f3n de las plantas de biometano en Andaluc\u00eda\",\"datePublished\":\"2025-11-20T16:02:42+00:00\",\"dateModified\":\"2025-11-20T16:22:06+00:00\",\"mainEntityOfPage\":{\"@id\":\"https:\/\/torredonjimenoactualidad.com\/index.php\/2025\/11\/20\/torredonjimeno-en-el-centro-del-debate-por-la-falta-de-regulacion-de-las-plantas-de-biometano-en-andalucia\/\"},\"wordCount\":413,\"publisher\":{\"@id\":\"https:\/\/torredonjimenoactualidad.com\/#organization\"},\"articleSection\":[\"provincia\"],\"inLanguage\":\"es\"},{\"@type\":\"WebPage\",\"@id\":\"https:\/\/torredonjimenoactualidad.com\/index.php\/2025\/11\/20\/torredonjimeno-en-el-centro-del-debate-por-la-falta-de-regulacion-de-las-plantas-de-biometano-en-andalucia\/\",\"url\":\"https:\/\/torredonjimenoactualidad.com\/index.php\/2025\/11\/20\/torredonjimeno-en-el-centro-del-debate-por-la-falta-de-regulacion-de-las-plantas-de-biometano-en-andalucia\/\",\"name\":\"Torredonjimeno, en el centro del debate por la falta de regulaci\u00f3n de las plantas de biometano en Andaluc\u00eda - Torredonjimeno Actualidad\",\"isPartOf\":{\"@id\":\"https:\/\/torredonjimenoactualidad.com\/#website\"},\"datePublished\":\"2025-11-20T16:02:42+00:00\",\"dateModified\":\"2025-11-20T16:22:06+00:00\",\"breadcrumb\":{\"@id\":\"https:\/\/torredonjimenoactualidad.com\/index.php\/2025\/11\/20\/torredonjimeno-en-el-centro-del-debate-por-la-falta-de-regulacion-de-las-plantas-de-biometano-en-andalucia\/#breadcrumb\"},\"inLanguage\":\"es\",\"potentialAction\":[{\"@type\":\"ReadAction\",\"target\":[\"https:\/\/torredonjimenoactualidad.com\/index.php\/2025\/11\/20\/torredonjimeno-en-el-centro-del-debate-por-la-falta-de-regulacion-de-las-plantas-de-biometano-en-andalucia\/\"]}]},{\"@type\":\"BreadcrumbList\",\"@id\":\"https:\/\/torredonjimenoactualidad.com\/index.php\/2025\/11\/20\/torredonjimeno-en-el-centro-del-debate-por-la-falta-de-regulacion-de-las-plantas-de-biometano-en-andalucia\/#breadcrumb\",\"itemListElement\":[{\"@type\":\"ListItem\",\"position\":1,\"name\":\"Portada\",\"item\":\"https:\/\/torredonjimenoactualidad.com\/\"},{\"@type\":\"ListItem\",\"position\":2,\"name\":\"Torredonjimeno, en el centro del debate por la falta de regulaci\u00f3n de las plantas de biometano en Andaluc\u00eda\"}]},{\"@type\":\"WebSite\",\"@id\":\"https:\/\/torredonjimenoactualidad.com\/#website\",\"url\":\"https:\/\/torredonjimenoactualidad.com\/\",\"name\":\"Torredonjimeno Actualidad\",\"description\":\"\",\"publisher\":{\"@id\":\"https:\/\/torredonjimenoactualidad.com\/#organization\"},\"potentialAction\":[{\"@type\":\"SearchAction\",\"target\":{\"@type\":\"EntryPoint\",\"urlTemplate\":\"https:\/\/torredonjimenoactualidad.com\/?s={search_term_string}\"},\"query-input\":\"required name=search_term_string\"}],\"inLanguage\":\"es\"},{\"@type\":\"Organization\",\"@id\":\"https:\/\/torredonjimenoactualidad.com\/#organization\",\"name\":\"Torredonjimeno Actualidad\",\"url\":\"https:\/\/torredonjimenoactualidad.com\/\",\"logo\":{\"@type\":\"ImageObject\",\"inLanguage\":\"es\",\"@id\":\"https:\/\/torredonjimenoactualidad.com\/#\/schema\/logo\/image\/\",\"url\":\"https:\/\/torredonjimenoactualidad.com\/wp-content\/uploads\/2023\/02\/logo-torredonjimeno-544x180-1.png\",\"contentUrl\":\"https:\/\/torredonjimenoactualidad.com\/wp-content\/uploads\/2023\/02\/logo-torredonjimeno-544x180-1.png\",\"width\":545,\"height\":112,\"caption\":\"Torredonjimeno Actualidad\"},\"image\":{\"@id\":\"https:\/\/torredonjimenoactualidad.com\/#\/schema\/logo\/image\/\"}},{\"@type\":\"Person\",\"@id\":\"https:\/\/torredonjimenoactualidad.com\/#\/schema\/person\/84de5f233e783ef2c75151a532b54977\",\"name\":\"Alba Mar\u00eda Torres\",\"image\":{\"@type\":\"ImageObject\",\"inLanguage\":\"es\",\"@id\":\"https:\/\/torredonjimenoactualidad.com\/#\/schema\/person\/image\/\",\"url\":\"https:\/\/secure.gravatar.com\/avatar\/f9371f188c71501b4475a9ba2a71595850ec72967f800a2ed8e3e2102859ed65?s=96&d=mm&r=g\",\"contentUrl\":\"https:\/\/secure.gravatar.com\/avatar\/f9371f188c71501b4475a9ba2a71595850ec72967f800a2ed8e3e2102859ed65?s=96&d=mm&r=g\",\"caption\":\"Alba Mar\u00eda Torres\"},\"url\":\"https:\/\/torredonjimenoactualidad.com\/index.php\/author\/alba-torres\/\"}]}<\/script>\n<!-- \/ Yoast SEO plugin. -->","yoast_head_json":{"title":"Torredonjimeno, en el centro del debate por la falta de regulaci\u00f3n de las plantas de biometano en Andaluc\u00eda - Torredonjimeno Actualidad","robots":{"index":"index","follow":"follow","max-snippet":"max-snippet:-1","max-image-preview":"max-image-preview:large","max-video-preview":"max-video-preview:-1"},"canonical":"https:\/\/torredonjimenoactualidad.com\/index.php\/2025\/11\/20\/torredonjimeno-en-el-centro-del-debate-por-la-falta-de-regulacion-de-las-plantas-de-biometano-en-andalucia\/","og_locale":"es_ES","og_type":"article","og_title":"Torredonjimeno, en el centro del debate por la falta de regulaci\u00f3n de las plantas de biometano en Andaluc\u00eda - Torredonjimeno Actualidad","og_description":"La discusi\u00f3n sobre la instalaci\u00f3n de plantas de biometano ha estallado en varios municipios andaluces y coloca a&nbsp;Torredonjimeno&nbsp;como uno de los puntos clave del conflicto. La Junta de Andaluc\u00eda ha rechazado por tercera vez en menos de 72 horas una iniciativa parlamentaria del PSOE que reclamaba una regulaci\u00f3n espec\u00edfica para estas instalaciones, incluyendo distancias m\u00ednimas &hellip; Torredonjimeno, en el centro del debate por la falta de regulaci\u00f3n de las plantas de biometano en Andaluc\u00eda Leer m\u00e1s &raquo;","og_url":"https:\/\/torredonjimenoactualidad.com\/index.php\/2025\/11\/20\/torredonjimeno-en-el-centro-del-debate-por-la-falta-de-regulacion-de-las-plantas-de-biometano-en-andalucia\/","og_site_name":"Torredonjimeno Actualidad","article_published_time":"2025-11-20T16:02:42+00:00","article_modified_time":"2025-11-20T16:22:06+00:00","og_image":[{"width":905,"height":517,"url":"https:\/\/torredonjimenoactualidad.com\/wp-content\/uploads\/2025\/11\/victortorres.jpg","type":"image\/jpeg"}],"author":"Alba Mar\u00eda Torres","twitter_card":"summary_large_image","twitter_misc":{"Escrito por":"Alba Mar\u00eda Torres","Tiempo de lectura":"2 minutos"},"schema":{"@context":"https:\/\/schema.org","@graph":[{"@type":"Article","@id":"https:\/\/torredonjimenoactualidad.com\/index.php\/2025\/11\/20\/torredonjimeno-en-el-centro-del-debate-por-la-falta-de-regulacion-de-las-plantas-de-biometano-en-andalucia\/#article","isPartOf":{"@id":"https:\/\/torredonjimenoactualidad.com\/index.php\/2025\/11\/20\/torredonjimeno-en-el-centro-del-debate-por-la-falta-de-regulacion-de-las-plantas-de-biometano-en-andalucia\/"},"author":{"name":"Alba Mar\u00eda Torres","@id":"https:\/\/torredonjimenoactualidad.com\/#\/schema\/person\/84de5f233e783ef2c75151a532b54977"},"headline":"Torredonjimeno, en el centro del debate por la falta de regulaci\u00f3n de las plantas de biometano en Andaluc\u00eda","datePublished":"2025-11-20T16:02:42+00:00","dateModified":"2025-11-20T16:22:06+00:00","mainEntityOfPage":{"@id":"https:\/\/torredonjimenoactualidad.com\/index.php\/2025\/11\/20\/torredonjimeno-en-el-centro-del-debate-por-la-falta-de-regulacion-de-las-plantas-de-biometano-en-andalucia\/"},"wordCount":413,"publisher":{"@id":"https:\/\/torredonjimenoactualidad.com\/#organization"},"articleSection":["provincia"],"inLanguage":"es"},{"@type":"WebPage","@id":"https:\/\/torredonjimenoactualidad.com\/index.php\/2025\/11\/20\/torredonjimeno-en-el-centro-del-debate-por-la-falta-de-regulacion-de-las-plantas-de-biometano-en-andalucia\/","url":"https:\/\/torredonjimenoactualidad.com\/index.php\/2025\/11\/20\/torredonjimeno-en-el-centro-del-debate-por-la-falta-de-regulacion-de-las-plantas-de-biometano-en-andalucia\/","name":"Torredonjimeno, en el centro del debate por la falta de regulaci\u00f3n de las plantas de biometano en Andaluc\u00eda - Torredonjimeno Actualidad","isPartOf":{"@id":"https:\/\/torredonjimenoactualidad.com\/#website"},"datePublished":"2025-11-20T16:02:42+00:00","dateModified":"2025-11-20T16:22:06+00:00","breadcrumb":{"@id":"https:\/\/torredonjimenoactualidad.com\/index.php\/2025\/11\/20\/torredonjimeno-en-el-centro-del-debate-por-la-falta-de-regulacion-de-las-plantas-de-biometano-en-andalucia\/#breadcrumb"},"inLanguage":"es","potentialAction":[{"@type":"ReadAction","target":["https:\/\/torredonjimenoactualidad.com\/index.php\/2025\/11\/20\/torredonjimeno-en-el-centro-del-debate-por-la-falta-de-regulacion-de-las-plantas-de-biometano-en-andalucia\/"]}]},{"@type":"BreadcrumbList","@id":"https:\/\/torredonjimenoactualidad.com\/index.php\/2025\/11\/20\/torredonjimeno-en-el-centro-del-debate-por-la-falta-de-regulacion-de-las-plantas-de-biometano-en-andalucia\/#breadcrumb","itemListElement":[{"@type":"ListItem","position":1,"name":"Portada","item":"https:\/\/torredonjimenoactualidad.com\/"},{"@type":"ListItem","position":2,"name":"Torredonjimeno, en el centro del debate por la falta de regulaci\u00f3n de las plantas de biometano en Andaluc\u00eda"}]},{"@type":"WebSite","@id":"https:\/\/torredonjimenoactualidad.com\/#website","url":"https:\/\/torredonjimenoactualidad.com\/","name":"Torredonjimeno Actualidad","description":"","publisher":{"@id":"https:\/\/torredonjimenoactualidad.com\/#organization"},"potentialAction":[{"@type":"SearchAction","target":{"@type":"EntryPoint","urlTemplate":"https:\/\/torredonjimenoactualidad.com\/?s={search_term_string}"},"query-input":"required name=search_term_string"}],"inLanguage":"es"},{"@type":"Organization","@id":"https:\/\/torredonjimenoactualidad.com\/#organization","name":"Torredonjimeno Actualidad","url":"https:\/\/torredonjimenoactualidad.com\/","logo":{"@type":"ImageObject","inLanguage":"es","@id":"https:\/\/torredonjimenoactualidad.com\/#\/schema\/logo\/image\/","url":"https:\/\/torredonjimenoactualidad.com\/wp-content\/uploads\/2023\/02\/logo-torredonjimeno-544x180-1.png","contentUrl":"https:\/\/torredonjimenoactualidad.com\/wp-content\/uploads\/2023\/02\/logo-torredonjimeno-544x180-1.png","width":545,"height":112,"caption":"Torredonjimeno Actualidad"},"image":{"@id":"https:\/\/torredonjimenoactualidad.com\/#\/schema\/logo\/image\/"}},{"@type":"Person","@id":"https:\/\/torredonjimenoactualidad.com\/#\/schema\/person\/84de5f233e783ef2c75151a532b54977","name":"Alba Mar\u00eda Torres","image":{"@type":"ImageObject","inLanguage":"es","@id":"https:\/\/torredonjimenoactualidad.com\/#\/schema\/person\/image\/","url":"https:\/\/secure.gravatar.com\/avatar\/f9371f188c71501b4475a9ba2a71595850ec72967f800a2ed8e3e2102859ed65?s=96&d=mm&r=g","contentUrl":"https:\/\/secure.gravatar.com\/avatar\/f9371f188c71501b4475a9ba2a71595850ec72967f800a2ed8e3e2102859ed65?s=96&d=mm&r=g","caption":"Alba Mar\u00eda Torres"},"url":"https:\/\/torredonjimenoactualidad.com\/index.php\/author\/alba-torres\/"}]}},"_links":{"self":[{"href":"https:\/\/torredonjimenoactualidad.com\/index.php\/wp-json\/wp\/v2\/posts\/4121","targetHints":{"allow":["GET"]}}],"collection":[{"href":"https:\/\/torredonjimenoactualidad.com\/index.php\/wp-json\/wp\/v2\/posts"}],"about":[{"href":"https:\/\/torredonjimenoactualidad.com\/index.php\/wp-json\/wp\/v2\/types\/post"}],"author":[{"embeddable":true,"href":"https:\/\/torredonjimenoactualidad.com\/index.php\/wp-json\/wp\/v2\/users\/2"}],"replies":[{"embeddable":true,"href":"https:\/\/torredonjimenoactualidad.com\/index.php\/wp-json\/wp\/v2\/comments?post=4121"}],"version-history":[{"count":3,"href":"https:\/\/torredonjimenoactualidad.com\/index.php\/wp-json\/wp\/v2\/posts\/4121\/revisions"}],"predecessor-version":[{"id":4126,"href":"https:\/\/torredonjimenoactualidad.com\/index.php\/wp-json\/wp\/v2\/posts\/4121\/revisions\/4126"}],"wp:featuredmedia":[{"embeddable":true,"href":"https:\/\/torredonjimenoactualidad.com\/index.php\/wp-json\/wp\/v2\/media\/4122"}],"wp:attachment":[{"href":"https:\/\/torredonjimenoactualidad.com\/index.php\/wp-json\/wp\/v2\/media?parent=4121"}],"wp:term":[{"taxonomy":"category","embeddable":true,"href":"https:\/\/torredonjimenoactualidad.com\/index.php\/wp-json\/wp\/v2\/categories?post=4121"},{"taxonomy":"post_tag","embeddable":true,"href":"https:\/\/torredonjimenoactualidad.com\/index.php\/wp-json\/wp\/v2\/tags?post=4121"}],"curies":[{"name":"wp","href":"https:\/\/api.w.org\/{rel}","templated":true}]}}