{"id":4117,"date":"2025-11-20T15:43:07","date_gmt":"2025-11-20T15:43:07","guid":{"rendered":"https:\/\/torredonjimenoactualidad.com\/?p=4117"},"modified":"2025-11-20T15:43:09","modified_gmt":"2025-11-20T15:43:09","slug":"el-pp-valora-el-resultado-de-su-viaje-a-bruselas-para-defender-una-pac-justa-con-la-provincia","status":"publish","type":"post","link":"https:\/\/torredonjimenoactualidad.com\/index.php\/2025\/11\/20\/el-pp-valora-el-resultado-de-su-viaje-a-bruselas-para-defender-una-pac-justa-con-la-provincia\/","title":{"rendered":"El PP valora el resultado de su viaje a Bruselas para defender \u00abuna PAC justa\u00bb con la provincia"},"content":{"rendered":"\n<p>El PP de Ja\u00e9n ha valorado el resultado del viaje que el presidente provincial \u00c9rik Dom\u00ednguez, junto a diversos alcaldes &#8216;populares&#8217;, ha realizado esta semana a Bruselas para defender una Pol\u00edtica Agraria Com\u00fan (PAC) \u00abjusta\u00bb con la provincia.<\/p>\n\n\n\n<p>\u00abQuer\u00edamos que quienes tienen que tomar las decisiones sobre la futura PAC nos escucharan y lo han hecho; quer\u00edamos aprender m\u00e1s sobre c\u00f3mo se gestan este tipo de pol\u00edticas y lo hemos hecho, quer\u00edamos darle voz a los agricultores y ganaderos de la provincia de Ja\u00e9n y lo hemos hecho\u00bb, ha afirmado este jueves en una nota Dom\u00ednguez.<\/p>\n\n\n\n<p>Al respecto, ha explicado que han tenido la oportunidad de entregar las mociones aprobadas en los ayuntamientos a favor de una PAC que no suponga p\u00e9rdidas econ\u00f3micas para el campo jiennense, tanto a la presidenta del Parlamento Europeo, Roberta Metsola, como al comisario europeo de Agricultura, Christophe Hansen.<\/p>\n\n\n\n<p>En este sentido, el vicesecretario provincial de Desarrollo Rural del PP jiennense y alcalde de Arquillos, Miguel \u00c1ngel Manrique, ha se\u00f1alado la necesidad de una \u00abdefensa y protecci\u00f3n de Europa, sobre todo, en cultivos como el olivar tradicional\u00bb.<\/p>\n\n\n\n<p>\u00abEn municipios como Arquillos, y muchos m\u00e1s de nuestra provincia, proteger nuestro campo significa tambi\u00e9n frenar la despoblaci\u00f3n, significa dar oportunidades a los j\u00f3venes, significa generaci\u00f3n de empleo y es algo a lo que no podemos renunciar en provincias rurales como Ja\u00e9n y no vamos a parar hasta no lograr esa PAC justa con la provincia\u00bb, ha asegurado.<\/p>\n\n\n\n<p>Los dirigentes del PP tambi\u00e9n han asistido al Congreso de J\u00f3venes Agricultores, una jornada centrada en la defensa del campo, el relevo generacional y el futuro de la agricultura europea. Intervenciones, paneles tecnol\u00f3gicos, debates y espacios de di\u00e1logo que han puesto en valor el trabajo de quienes sostienen el medio rural y la necesidad de pol\u00edticas que garanticen oportunidades para las nuevas generaciones.<\/p>\n\n\n\n<p>\u00abHa sido una oportunidad \u00fanica para nosotros esta experiencia porque hemos podido aprender mucho y, sobre todo, hemos cumplido con una de nuestras m\u00e1ximas obligaciones que es velar por los intereses de nuestros vecinos, de aquellos a los que vemos irse al campo cuando a\u00fan no ha salido el sol y lo vemos volver a casa de noche, tras horas de duro trabajo y para los que la PAC es fundamental\u00bb, ha dicho.<\/p>\n\n\n\n<p>El presidente del PP de Ja\u00e9n ha considerado que \u00abla pelota est\u00e1 en el tejado del Gobierno de Espa\u00f1a\u00bb. \u00abCon que un solo pa\u00eds diga que no, tendr\u00e1 que plantearse un nuevo marco europeo y que, ese s\u00ed, sea beneficioso para nuestro campo\u00bb, ha indicado, no sin valorar la labor en ese sentido de la europarlamentaria Carmen Crespo o el presidente de la Junta, Juanma Moreno.<\/p>\n","protected":false},"excerpt":{"rendered":"<p>El PP de Ja\u00e9n ha valorado el resultado del viaje que el presidente provincial \u00c9rik Dom\u00ednguez, junto a diversos alcaldes &#8216;populares&#8217;, ha realizado esta semana a Bruselas para defender una Pol\u00edtica Agraria Com\u00fan (PAC) \u00abjusta\u00bb con la provincia. \u00abQuer\u00edamos que quienes tienen que tomar las decisiones sobre la futura PAC nos escucharan y lo han &hellip;<\/p>\n<p class=\"read-more\"> <a class=\"\" href=\"https:\/\/torredonjimenoactualidad.com\/index.php\/2025\/11\/20\/el-pp-valora-el-resultado-de-su-viaje-a-bruselas-para-defender-una-pac-justa-con-la-provincia\/\"> <span class=\"screen-reader-text\">El PP valora el resultado de su viaje a Bruselas para defender \u00abuna PAC justa\u00bb con la provincia<\/span> Leer m\u00e1s &raquo;<\/a><\/p>\n","protected":false},"author":3,"featured_media":4118,"comment_status":"closed","ping_status":"open","sticky":false,"template":"","format":"standard","meta":{"site-sidebar-layout":"default","site-content-layout":"default","ast-global-header-display":"","ast-main-header-display":"","ast-hfb-above-header-display":"","ast-hfb-below-header-display":"","ast-hfb-mobile-header-display":"","site-post-title":"","ast-breadcrumbs-content":"","ast-featured-img":"","footer-sml-layout":"","theme-transparent-header-meta":"","adv-header-id-meta":"","stick-header-meta":"","header-above-stick-meta":"","header-main-stick-meta":"","header-below-stick-meta":"","footnotes":""},"categories":[8],"tags":[],"class_list":["post-4117","post","type-post","status-publish","format-standard","has-post-thumbnail","hentry","category-provincia"],"yoast_head":"<!-- This site is optimized with the Yoast SEO plugin v20.8 - https:\/\/yoast.com\/wordpress\/plugins\/seo\/ -->\n<title>El PP valora el resultado de su viaje a Bruselas para defender &quot;una PAC justa&quot; con la provincia - Torredonjimeno Actualidad<\/title>\n<meta name=\"robots\" content=\"index, follow, max-snippet:-1, max-image-preview:large, max-video-preview:-1\" \/>\n<link rel=\"canonical\" href=\"https:\/\/torredonjimenoactualidad.com\/index.php\/2025\/11\/20\/el-pp-valora-el-resultado-de-su-viaje-a-bruselas-para-defender-una-pac-justa-con-la-provincia\/\" \/>\n<meta property=\"og:locale\" content=\"es_ES\" \/>\n<meta property=\"og:type\" content=\"article\" \/>\n<meta property=\"og:title\" content=\"El PP valora el resultado de su viaje a Bruselas para defender &quot;una PAC justa&quot; con la provincia - Torredonjimeno Actualidad\" \/>\n<meta property=\"og:description\" content=\"El PP de Ja\u00e9n ha valorado el resultado del viaje que el presidente provincial \u00c9rik Dom\u00ednguez, junto a diversos alcaldes &#8216;populares&#8217;, ha realizado esta semana a Bruselas para defender una Pol\u00edtica Agraria Com\u00fan (PAC) \u00abjusta\u00bb con la provincia. \u00abQuer\u00edamos que quienes tienen que tomar las decisiones sobre la futura PAC nos escucharan y lo han &hellip; El PP valora el resultado de su viaje a Bruselas para defender \u00abuna PAC justa\u00bb con la provincia Leer m\u00e1s &raquo;\" \/>\n<meta property=\"og:url\" content=\"https:\/\/torredonjimenoactualidad.com\/index.php\/2025\/11\/20\/el-pp-valora-el-resultado-de-su-viaje-a-bruselas-para-defender-una-pac-justa-con-la-provincia\/\" \/>\n<meta property=\"og:site_name\" content=\"Torredonjimeno Actualidad\" \/>\n<meta property=\"article:published_time\" content=\"2025-11-20T15:43:07+00:00\" \/>\n<meta property=\"article:modified_time\" content=\"2025-11-20T15:43:09+00:00\" \/>\n<meta property=\"og:image\" content=\"https:\/\/torredonjimenoactualidad.com\/wp-content\/uploads\/2025\/11\/fotonoticia_20251120142906_1920.jpg\" \/>\n\t<meta property=\"og:image:width\" content=\"1920\" \/>\n\t<meta property=\"og:image:height\" content=\"1097\" \/>\n\t<meta property=\"og:image:type\" content=\"image\/jpeg\" \/>\n<meta name=\"author\" content=\"Redaccion\" \/>\n<meta name=\"twitter:card\" content=\"summary_large_image\" \/>\n<meta name=\"twitter:label1\" content=\"Escrito por\" \/>\n\t<meta name=\"twitter:data1\" content=\"Redaccion\" \/>\n\t<meta name=\"twitter:label2\" content=\"Tiempo de lectura\" \/>\n\t<meta name=\"twitter:data2\" content=\"3 minutos\" \/>\n<script type=\"application\/ld+json\" class=\"yoast-schema-graph\">{\"@context\":\"https:\/\/schema.org\",\"@graph\":[{\"@type\":\"Article\",\"@id\":\"https:\/\/torredonjimenoactualidad.com\/index.php\/2025\/11\/20\/el-pp-valora-el-resultado-de-su-viaje-a-bruselas-para-defender-una-pac-justa-con-la-provincia\/#article\",\"isPartOf\":{\"@id\":\"https:\/\/torredonjimenoactualidad.com\/index.php\/2025\/11\/20\/el-pp-valora-el-resultado-de-su-viaje-a-bruselas-para-defender-una-pac-justa-con-la-provincia\/\"},\"author\":{\"name\":\"Redaccion\",\"@id\":\"https:\/\/torredonjimenoactualidad.com\/#\/schema\/person\/11f05803cdf40dbeb7f4fbf2365c9ac5\"},\"headline\":\"El PP valora el resultado de su viaje a Bruselas para defender \u00abuna PAC justa\u00bb con la provincia\",\"datePublished\":\"2025-11-20T15:43:07+00:00\",\"dateModified\":\"2025-11-20T15:43:09+00:00\",\"mainEntityOfPage\":{\"@id\":\"https:\/\/torredonjimenoactualidad.com\/index.php\/2025\/11\/20\/el-pp-valora-el-resultado-de-su-viaje-a-bruselas-para-defender-una-pac-justa-con-la-provincia\/\"},\"wordCount\":492,\"publisher\":{\"@id\":\"https:\/\/torredonjimenoactualidad.com\/#organization\"},\"articleSection\":[\"provincia\"],\"inLanguage\":\"es\"},{\"@type\":\"WebPage\",\"@id\":\"https:\/\/torredonjimenoactualidad.com\/index.php\/2025\/11\/20\/el-pp-valora-el-resultado-de-su-viaje-a-bruselas-para-defender-una-pac-justa-con-la-provincia\/\",\"url\":\"https:\/\/torredonjimenoactualidad.com\/index.php\/2025\/11\/20\/el-pp-valora-el-resultado-de-su-viaje-a-bruselas-para-defender-una-pac-justa-con-la-provincia\/\",\"name\":\"El PP valora el resultado de su viaje a Bruselas para defender \\\"una PAC justa\\\" con la provincia - Torredonjimeno Actualidad\",\"isPartOf\":{\"@id\":\"https:\/\/torredonjimenoactualidad.com\/#website\"},\"datePublished\":\"2025-11-20T15:43:07+00:00\",\"dateModified\":\"2025-11-20T15:43:09+00:00\",\"breadcrumb\":{\"@id\":\"https:\/\/torredonjimenoactualidad.com\/index.php\/2025\/11\/20\/el-pp-valora-el-resultado-de-su-viaje-a-bruselas-para-defender-una-pac-justa-con-la-provincia\/#breadcrumb\"},\"inLanguage\":\"es\",\"potentialAction\":[{\"@type\":\"ReadAction\",\"target\":[\"https:\/\/torredonjimenoactualidad.com\/index.php\/2025\/11\/20\/el-pp-valora-el-resultado-de-su-viaje-a-bruselas-para-defender-una-pac-justa-con-la-provincia\/\"]}]},{\"@type\":\"BreadcrumbList\",\"@id\":\"https:\/\/torredonjimenoactualidad.com\/index.php\/2025\/11\/20\/el-pp-valora-el-resultado-de-su-viaje-a-bruselas-para-defender-una-pac-justa-con-la-provincia\/#breadcrumb\",\"itemListElement\":[{\"@type\":\"ListItem\",\"position\":1,\"name\":\"Portada\",\"item\":\"https:\/\/torredonjimenoactualidad.com\/\"},{\"@type\":\"ListItem\",\"position\":2,\"name\":\"El PP valora el resultado de su viaje a Bruselas para defender \u00abuna PAC justa\u00bb con la provincia\"}]},{\"@type\":\"WebSite\",\"@id\":\"https:\/\/torredonjimenoactualidad.com\/#website\",\"url\":\"https:\/\/torredonjimenoactualidad.com\/\",\"name\":\"Torredonjimeno Actualidad\",\"description\":\"\",\"publisher\":{\"@id\":\"https:\/\/torredonjimenoactualidad.com\/#organization\"},\"potentialAction\":[{\"@type\":\"SearchAction\",\"target\":{\"@type\":\"EntryPoint\",\"urlTemplate\":\"https:\/\/torredonjimenoactualidad.com\/?s={search_term_string}\"},\"query-input\":\"required name=search_term_string\"}],\"inLanguage\":\"es\"},{\"@type\":\"Organization\",\"@id\":\"https:\/\/torredonjimenoactualidad.com\/#organization\",\"name\":\"Torredonjimeno Actualidad\",\"url\":\"https:\/\/torredonjimenoactualidad.com\/\",\"logo\":{\"@type\":\"ImageObject\",\"inLanguage\":\"es\",\"@id\":\"https:\/\/torredonjimenoactualidad.com\/#\/schema\/logo\/image\/\",\"url\":\"https:\/\/torredonjimenoactualidad.com\/wp-content\/uploads\/2023\/02\/logo-torredonjimeno-544x180-1.png\",\"contentUrl\":\"https:\/\/torredonjimenoactualidad.com\/wp-content\/uploads\/2023\/02\/logo-torredonjimeno-544x180-1.png\",\"width\":545,\"height\":112,\"caption\":\"Torredonjimeno Actualidad\"},\"image\":{\"@id\":\"https:\/\/torredonjimenoactualidad.com\/#\/schema\/logo\/image\/\"}},{\"@type\":\"Person\",\"@id\":\"https:\/\/torredonjimenoactualidad.com\/#\/schema\/person\/11f05803cdf40dbeb7f4fbf2365c9ac5\",\"name\":\"Redaccion\",\"image\":{\"@type\":\"ImageObject\",\"inLanguage\":\"es\",\"@id\":\"https:\/\/torredonjimenoactualidad.com\/#\/schema\/person\/image\/\",\"url\":\"https:\/\/secure.gravatar.com\/avatar\/5917bab7eff43e17746fd29b509939469470810b6b989b7cc2f89e3188399bf3?s=96&d=mm&r=g\",\"contentUrl\":\"https:\/\/secure.gravatar.com\/avatar\/5917bab7eff43e17746fd29b509939469470810b6b989b7cc2f89e3188399bf3?s=96&d=mm&r=g\",\"caption\":\"Redaccion\"},\"url\":\"https:\/\/torredonjimenoactualidad.com\/index.php\/author\/jose-bueno\/\"}]}<\/script>\n<!-- \/ Yoast SEO plugin. -->","yoast_head_json":{"title":"El PP valora el resultado de su viaje a Bruselas para defender \"una PAC justa\" con la provincia - Torredonjimeno Actualidad","robots":{"index":"index","follow":"follow","max-snippet":"max-snippet:-1","max-image-preview":"max-image-preview:large","max-video-preview":"max-video-preview:-1"},"canonical":"https:\/\/torredonjimenoactualidad.com\/index.php\/2025\/11\/20\/el-pp-valora-el-resultado-de-su-viaje-a-bruselas-para-defender-una-pac-justa-con-la-provincia\/","og_locale":"es_ES","og_type":"article","og_title":"El PP valora el resultado de su viaje a Bruselas para defender \"una PAC justa\" con la provincia - Torredonjimeno Actualidad","og_description":"El PP de Ja\u00e9n ha valorado el resultado del viaje que el presidente provincial \u00c9rik Dom\u00ednguez, junto a diversos alcaldes &#8216;populares&#8217;, ha realizado esta semana a Bruselas para defender una Pol\u00edtica Agraria Com\u00fan (PAC) \u00abjusta\u00bb con la provincia. \u00abQuer\u00edamos que quienes tienen que tomar las decisiones sobre la futura PAC nos escucharan y lo han &hellip; El PP valora el resultado de su viaje a Bruselas para defender \u00abuna PAC justa\u00bb con la provincia Leer m\u00e1s &raquo;","og_url":"https:\/\/torredonjimenoactualidad.com\/index.php\/2025\/11\/20\/el-pp-valora-el-resultado-de-su-viaje-a-bruselas-para-defender-una-pac-justa-con-la-provincia\/","og_site_name":"Torredonjimeno Actualidad","article_published_time":"2025-11-20T15:43:07+00:00","article_modified_time":"2025-11-20T15:43:09+00:00","og_image":[{"width":1920,"height":1097,"url":"https:\/\/torredonjimenoactualidad.com\/wp-content\/uploads\/2025\/11\/fotonoticia_20251120142906_1920.jpg","type":"image\/jpeg"}],"author":"Redaccion","twitter_card":"summary_large_image","twitter_misc":{"Escrito por":"Redaccion","Tiempo de lectura":"3 minutos"},"schema":{"@context":"https:\/\/schema.org","@graph":[{"@type":"Article","@id":"https:\/\/torredonjimenoactualidad.com\/index.php\/2025\/11\/20\/el-pp-valora-el-resultado-de-su-viaje-a-bruselas-para-defender-una-pac-justa-con-la-provincia\/#article","isPartOf":{"@id":"https:\/\/torredonjimenoactualidad.com\/index.php\/2025\/11\/20\/el-pp-valora-el-resultado-de-su-viaje-a-bruselas-para-defender-una-pac-justa-con-la-provincia\/"},"author":{"name":"Redaccion","@id":"https:\/\/torredonjimenoactualidad.com\/#\/schema\/person\/11f05803cdf40dbeb7f4fbf2365c9ac5"},"headline":"El PP valora el resultado de su viaje a Bruselas para defender \u00abuna PAC justa\u00bb con la provincia","datePublished":"2025-11-20T15:43:07+00:00","dateModified":"2025-11-20T15:43:09+00:00","mainEntityOfPage":{"@id":"https:\/\/torredonjimenoactualidad.com\/index.php\/2025\/11\/20\/el-pp-valora-el-resultado-de-su-viaje-a-bruselas-para-defender-una-pac-justa-con-la-provincia\/"},"wordCount":492,"publisher":{"@id":"https:\/\/torredonjimenoactualidad.com\/#organization"},"articleSection":["provincia"],"inLanguage":"es"},{"@type":"WebPage","@id":"https:\/\/torredonjimenoactualidad.com\/index.php\/2025\/11\/20\/el-pp-valora-el-resultado-de-su-viaje-a-bruselas-para-defender-una-pac-justa-con-la-provincia\/","url":"https:\/\/torredonjimenoactualidad.com\/index.php\/2025\/11\/20\/el-pp-valora-el-resultado-de-su-viaje-a-bruselas-para-defender-una-pac-justa-con-la-provincia\/","name":"El PP valora el resultado de su viaje a Bruselas para defender \"una PAC justa\" con la provincia - Torredonjimeno Actualidad","isPartOf":{"@id":"https:\/\/torredonjimenoactualidad.com\/#website"},"datePublished":"2025-11-20T15:43:07+00:00","dateModified":"2025-11-20T15:43:09+00:00","breadcrumb":{"@id":"https:\/\/torredonjimenoactualidad.com\/index.php\/2025\/11\/20\/el-pp-valora-el-resultado-de-su-viaje-a-bruselas-para-defender-una-pac-justa-con-la-provincia\/#breadcrumb"},"inLanguage":"es","potentialAction":[{"@type":"ReadAction","target":["https:\/\/torredonjimenoactualidad.com\/index.php\/2025\/11\/20\/el-pp-valora-el-resultado-de-su-viaje-a-bruselas-para-defender-una-pac-justa-con-la-provincia\/"]}]},{"@type":"BreadcrumbList","@id":"https:\/\/torredonjimenoactualidad.com\/index.php\/2025\/11\/20\/el-pp-valora-el-resultado-de-su-viaje-a-bruselas-para-defender-una-pac-justa-con-la-provincia\/#breadcrumb","itemListElement":[{"@type":"ListItem","position":1,"name":"Portada","item":"https:\/\/torredonjimenoactualidad.com\/"},{"@type":"ListItem","position":2,"name":"El PP valora el resultado de su viaje a Bruselas para defender \u00abuna PAC justa\u00bb con la provincia"}]},{"@type":"WebSite","@id":"https:\/\/torredonjimenoactualidad.com\/#website","url":"https:\/\/torredonjimenoactualidad.com\/","name":"Torredonjimeno Actualidad","description":"","publisher":{"@id":"https:\/\/torredonjimenoactualidad.com\/#organization"},"potentialAction":[{"@type":"SearchAction","target":{"@type":"EntryPoint","urlTemplate":"https:\/\/torredonjimenoactualidad.com\/?s={search_term_string}"},"query-input":"required name=search_term_string"}],"inLanguage":"es"},{"@type":"Organization","@id":"https:\/\/torredonjimenoactualidad.com\/#organization","name":"Torredonjimeno Actualidad","url":"https:\/\/torredonjimenoactualidad.com\/","logo":{"@type":"ImageObject","inLanguage":"es","@id":"https:\/\/torredonjimenoactualidad.com\/#\/schema\/logo\/image\/","url":"https:\/\/torredonjimenoactualidad.com\/wp-content\/uploads\/2023\/02\/logo-torredonjimeno-544x180-1.png","contentUrl":"https:\/\/torredonjimenoactualidad.com\/wp-content\/uploads\/2023\/02\/logo-torredonjimeno-544x180-1.png","width":545,"height":112,"caption":"Torredonjimeno Actualidad"},"image":{"@id":"https:\/\/torredonjimenoactualidad.com\/#\/schema\/logo\/image\/"}},{"@type":"Person","@id":"https:\/\/torredonjimenoactualidad.com\/#\/schema\/person\/11f05803cdf40dbeb7f4fbf2365c9ac5","name":"Redaccion","image":{"@type":"ImageObject","inLanguage":"es","@id":"https:\/\/torredonjimenoactualidad.com\/#\/schema\/person\/image\/","url":"https:\/\/secure.gravatar.com\/avatar\/5917bab7eff43e17746fd29b509939469470810b6b989b7cc2f89e3188399bf3?s=96&d=mm&r=g","contentUrl":"https:\/\/secure.gravatar.com\/avatar\/5917bab7eff43e17746fd29b509939469470810b6b989b7cc2f89e3188399bf3?s=96&d=mm&r=g","caption":"Redaccion"},"url":"https:\/\/torredonjimenoactualidad.com\/index.php\/author\/jose-bueno\/"}]}},"_links":{"self":[{"href":"https:\/\/torredonjimenoactualidad.com\/index.php\/wp-json\/wp\/v2\/posts\/4117","targetHints":{"allow":["GET"]}}],"collection":[{"href":"https:\/\/torredonjimenoactualidad.com\/index.php\/wp-json\/wp\/v2\/posts"}],"about":[{"href":"https:\/\/torredonjimenoactualidad.com\/index.php\/wp-json\/wp\/v2\/types\/post"}],"author":[{"embeddable":true,"href":"https:\/\/torredonjimenoactualidad.com\/index.php\/wp-json\/wp\/v2\/users\/3"}],"replies":[{"embeddable":true,"href":"https:\/\/torredonjimenoactualidad.com\/index.php\/wp-json\/wp\/v2\/comments?post=4117"}],"version-history":[{"count":1,"href":"https:\/\/torredonjimenoactualidad.com\/index.php\/wp-json\/wp\/v2\/posts\/4117\/revisions"}],"predecessor-version":[{"id":4119,"href":"https:\/\/torredonjimenoactualidad.com\/index.php\/wp-json\/wp\/v2\/posts\/4117\/revisions\/4119"}],"wp:featuredmedia":[{"embeddable":true,"href":"https:\/\/torredonjimenoactualidad.com\/index.php\/wp-json\/wp\/v2\/media\/4118"}],"wp:attachment":[{"href":"https:\/\/torredonjimenoactualidad.com\/index.php\/wp-json\/wp\/v2\/media?parent=4117"}],"wp:term":[{"taxonomy":"category","embeddable":true,"href":"https:\/\/torredonjimenoactualidad.com\/index.php\/wp-json\/wp\/v2\/categories?post=4117"},{"taxonomy":"post_tag","embeddable":true,"href":"https:\/\/torredonjimenoactualidad.com\/index.php\/wp-json\/wp\/v2\/tags?post=4117"}],"curies":[{"name":"wp","href":"https:\/\/api.w.org\/{rel}","templated":true}]}}