{"id":4080,"date":"2025-11-18T14:49:14","date_gmt":"2025-11-18T14:49:14","guid":{"rendered":"https:\/\/torredonjimenoactualidad.com\/?p=4080"},"modified":"2025-11-18T14:49:16","modified_gmt":"2025-11-18T14:49:16","slug":"el-presupuesto-de-diputacion-para-2026-contara-con-3975-millones-de-euros-y-sera-el-mas-inversor","status":"publish","type":"post","link":"https:\/\/torredonjimenoactualidad.com\/index.php\/2025\/11\/18\/el-presupuesto-de-diputacion-para-2026-contara-con-3975-millones-de-euros-y-sera-el-mas-inversor\/","title":{"rendered":"El presupuesto de Diputaci\u00f3n para 2026 contar\u00e1 con 397,5 millones de euros y ser\u00e1 \u00abel m\u00e1s inversor\u00bb"},"content":{"rendered":"\n<p>La Diputaci\u00f3n de Ja\u00e9n ha presentado este martes su proyecto de presupuesto para el a\u00f1o 2026, que ascender\u00e1 a 397,5 millones de euros y ser\u00e1 \u00abel m\u00e1s inversor de la historia\u00bb.<\/p>\n\n\n\n<p>La vicepresidenta tercera y diputada de Econom\u00eda, Hacienda, Asistencia a Municipios y Recursos Humanos, Pilar Parra, ha presentado este presupuesto de \u00abmuy ambicioso, ya que supera al del a\u00f1o anterior, que ya era el mayor de la historia\u00bb.<\/p>\n\n\n\n<p>En concreto, contempla 25,36 millones de euros m\u00e1s, lo que supone un aumento de un 6,8 por ciento y le permite acercarse a los 400 millones. De ellos, 82 millones ir\u00e1n destinados a inversiones, \u00abla mayor cantidad que nunca hemos dedicado a este cap\u00edtulo\u00bb y que crece un 10,6 por ciento.<\/p>\n\n\n\n<p>\u00abEs un presupuesto que rezuma municipalismo, que lucha contra la sequ\u00eda y el cambio clim\u00e1tico, favorece la conectividad y apuesta por las prestaciones sociales y las actividades de car\u00e1cter econ\u00f3mico\u00bb, ha asegurado. Su conformaci\u00f3n ha sido posible, seg\u00fan ha dicho, \u00abpor el mayor incremento de los ingresos que provienen del Gobierno de Espa\u00f1a, de la PIE\u00bb.<\/p>\n\n\n\n<p>Parra ha destacado datos como que el gasto por habitante asciende a 642,5 euros y ha detallado algunas de las caracter\u00edsticas de este presupuesto \u00abexpansivo, municipalista, prorrural, tambi\u00e9n transformador, con partidas muy importantes que conllevan proyectos transformadores para la provincia, ecol\u00f3gico, social, captador de fondos europeos y muy inversor, lo que conlleva generaci\u00f3n de empleo\u00bb.<\/p>\n\n\n\n<p>Entre las partidas que ha resaltado, \u00abbien por su intensidad, por su novedad o porque tienen un efecto transformador con el objetivo de seguir contribuyendo al cambio de modelo productivo en la provincia de Ja\u00e9n\u00bb, se encuentran algunas vinculadas al Cetedex.<\/p>\n\n\n\n<p>Se trata de mantener \u00abesa l\u00ednea de trabajo tratando de conformar ese ecosistema en torno a la pol\u00edtica industrial de defensa\u00bb. \u00abTenemos distintos instrumentos, como es el caso de la Oficina o la C\u00e1tedra Cetedex, tambi\u00e9n la Incubadora de Alta Tecnolog\u00eda de Geolit o ese convenio que firmamos con el Principado de Asturias, con la C\u00e1mara de Comercio de Oviedo y la C\u00e1mara de Comercio de Linares para reforzar la Ruta de la Plata, que viene tambi\u00e9n a incidir en todas esas empresas que est\u00e1n vinculadas a la defensa y a la seguridad\u00bb, ha comentado.<\/p>\n\n\n\n<p>En este \u00e1mbito del empleo, en 2026 se \u00abvolver\u00e1 a poner en marcha la convocatoria de tres millones de euros para atraer empresas y para que seamos competitivos a la hora de posibilitar la llegada de nuevas firmas o la ampliaci\u00f3n de l\u00edneas de negocio en las empresas existentes en la provincia\u00bb.<\/p>\n\n\n\n<h2 class=\"wp-block-heading\">AGUA<\/h2>\n\n\n\n<p>Adem\u00e1s, las cuentas vienen marcadas \u00abpor el agua, por la lucha contra la sequ\u00eda\u00bb, con el Plan Urgente de Infraestructuras Hidr\u00e1ulicas. De la inversi\u00f3n global de 206 millones de euros prevista junto al Gobierno en los pr\u00f3ximos a\u00f1os, de los cuales la Diputaci\u00f3n aportar\u00e1 90 millones de euros, en el presupuesto de 2026 se consignar\u00e1n 6,3 millones destinados b\u00e1sicamente a expropiaciones.<\/p>\n\n\n\n<p>Tambi\u00e9n ha hablado del convenio establecido con la Confederaci\u00f3n Hidrogr\u00e1fica del Guadalquivir para mejoras en el sistema del Quiebrajano. \u00abEste proyecto tiene un presupuesto total de tres millones de euros, de los cuales la Diputaci\u00f3n aporta 1,1 millones\u00bb, ha precisado. A ello ha sumado la iniciativa novedosa financiada con fondos propios de la Diputaci\u00f3n para el control de fugas de los sistemas de abastecimiento de La Loma, El Rumblar, El Condado y El V\u00edboras.<\/p>\n\n\n\n<p>En su repaso a los proyectos previstos para el a\u00f1o pr\u00f3ximo, tambi\u00e9n se ha referido a propuestas que a\u00fan no aparecen en el presupuesto pero que s\u00ed se desarrollar\u00e1n en 2026, como el mill\u00f3n de euros en materia de vivienda dentro del Centro de Innovaci\u00f3n Territorial de Segura. Esa partida se repartir\u00e1 entre \u00abj\u00f3venes que quieran vivir en esta zona y tener como residencia habitual alguno de los 13 municipios de la comarca, para lo cual tendr\u00e1n que comprar una vivienda vac\u00eda entre las que existen actualmente\u00bb.<\/p>\n\n\n\n<h2 class=\"wp-block-heading\">INFRAESTRUCTURAS Y POL\u00cdTICAS SOCIALES<\/h2>\n\n\n\n<p>Otro cap\u00edtulo fundamental es el relativo a infraestructuras. As\u00ed, en materia de carreteras, el Plan Accede se incrementar\u00e1 hasta los 25 millones. Adem\u00e1s, se van a poner al servicio de la ciudadan\u00eda y de los ayuntamientos los dos nuevos parques de bomberos de M\u00e1gina Oriental y Occidental, en Bedmar y Cambil y se recoge una partida de 1,8 millones para su mantenimiento.<\/p>\n\n\n\n<p>Por otra parte, se seguir\u00e1 \u00abinvirtiendo en pol\u00edticas sociales para blindar el estado de bienestar\u00bb, de ah\u00ed que el presupuesto del \u00e1rea de Igualdad, Bienestar Social y Juventud se incremente en once millones de euros, superando ya los 121 millones en total.<\/p>\n\n\n\n<p>\u00abEs una competencia delegada que, seg\u00fan la ley, deber\u00eda venir acompa\u00f1ada de la financiaci\u00f3n suficiente por parte de la Junta, pero lo cierto es que es deficitaria y que la Diputaci\u00f3n tiene que poner de fondos propios 35 millones\u00bb, ha subrayado.<\/p>\n\n\n\n<p>Con esta partida, que es la m\u00e1s importante del presupuesto, se incrementar\u00e1 la Ayuda a Domicilio, que pasa de 66,3 millones a 75 millones; se invirtir\u00e1 un mill\u00f3n de euros en la residencia de personas mayores Santa Teresa y 600.000 euros en la L\u00f3pez Barneo.<\/p>\n\n\n\n<p>Este presupuesto, seg\u00fan ha agregado, tambi\u00e9n es \u00abcaptador de fondos europeos\u00bb. En este contexto, se ha referido a la concesi\u00f3n de los fondos EDIL, que van a suponer la ejecuci\u00f3n de seis proyectos en municipios menores de 20.000 habitantes por valor de m\u00e1s de 42 millones. Una partida que \u00abno aparece a\u00fan en el presupuesto\u00bb, pero que \u00abluego tendr\u00e1 reflejo a trav\u00e9s de incorporaciones de cr\u00e9dito\u00bb.<\/p>\n\n\n\n<h2 class=\"wp-block-heading\">EMPLEO<\/h2>\n\n\n\n<p>Estas cuentas tambi\u00e9n \u00abhacen una parada importante en las pol\u00edticas de empleo\u00bb, aunque la Diputaci\u00f3n no tenga \u00abcompetencia, ni delegaci\u00f3n, ni financiaci\u00f3n\u00bb. Su presupuesto aumenta un 50 por ciento, hasta los 11,8 millones.<\/p>\n\n\n\n<p>Incluir\u00e1 partidas para \u00abseguir consagrando Geolit como ese ecosistema innovador, con 1,8 millones de euros\u00bb, programas destinados a j\u00f3venes para que realicen pr\u00e1cticas en el extranjero y tambi\u00e9n dinero para el retorno de ese talento a la provincia.<\/p>\n\n\n\n<p>A ello ha unido el programa Proempleo, para ayudar a colectivos que tienen dificultades en la inserci\u00f3n laboral; tres millones de euros para la implantaci\u00f3n de nuevas empresas o la ampliaci\u00f3n de otras ya existentes en la provincia que generen 15 puestos de trabajo o m\u00e1s, o los 1,2 millones de euros para proyectos de ayuntamientos generadores de empleo.<\/p>\n\n\n\n<p>Ha se\u00f1alado, asimismo, el Tecnol\u00f3gico de Innovaci\u00f3n y Empleo Rural de La Bobadilla, con un segundo pabell\u00f3n, que tiene 1,5 millones de presupuesto, aunque para 2026 se refleja cerca de un mill\u00f3n. Con respecto a Ifeja y el Olivo Arena, habr\u00e1 mejoras en el pabell\u00f3n principal por 2,6 millones, de los cuales en 2026 se invertir\u00e1n 1,7 millones. Adem\u00e1s, se prev\u00e9 un aparcamiento con cerca de 2.000 plazas y un presupuesto de 4,5 millones\u00bb, de los que la anualidad de 2026 ser\u00e1n 3,96 millones.<\/p>\n\n\n\n<h2 class=\"wp-block-heading\">CULTURA<\/h2>\n\n\n\n<p>La cultura tambi\u00e9n tendr\u00e1 un peso importante y aumenta sus fondos en un mill\u00f3n de euros, hasta los 13 millones, que se destinar\u00e1n a realizar m\u00e1s actividades y patrocinios. En cuanto a la oferta tur\u00edstica, ha aludido a proyectos europeos muy importantes, de en torno a 22 millones, que en su mayor\u00eda se van a concluir antes de junio.<\/p>\n\n\n\n<p>En transici\u00f3n digital, ha valorado los 3,8 millones para mantenimiento de la plataforma digital para los ayuntamientos menores de 20.000 habitantes. En materia de transici\u00f3n ecol\u00f3gica, ha apuntado los 700.000 euros en ayudas para el Plan de Lucha contra el Cambio Clim\u00e1tico o proyectos como Renaturav\u00eda (3,2 millones) y Bioforeste (1,8 millones).<\/p>\n\n\n\n<p>Tambi\u00e9n ha destacado aspectos como los 690.000 euros para la estrategia Degusta Ja\u00e9n, el Plan Provincial de Obras y Servicios (16,16 millones), 9,3 millones para bomberos o 318.000 para las ELA. Por \u00faltimo, ha recalcado que \u00abes un presupuesto equilibrado\u00bb en el que la deuda bajar\u00e1 \u00abostensiblemente\u00bb y \u00abse quedar\u00e1 en unos 50 de los 96 que hay en la actualidad.<\/p>\n","protected":false},"excerpt":{"rendered":"<p>La Diputaci\u00f3n de Ja\u00e9n ha presentado este martes su proyecto de presupuesto para el a\u00f1o 2026, que ascender\u00e1 a 397,5 millones de euros y ser\u00e1 \u00abel m\u00e1s inversor de la historia\u00bb. La vicepresidenta tercera y diputada de Econom\u00eda, Hacienda, Asistencia a Municipios y Recursos Humanos, Pilar Parra, ha presentado este presupuesto de \u00abmuy ambicioso, ya &hellip;<\/p>\n<p class=\"read-more\"> <a class=\"\" href=\"https:\/\/torredonjimenoactualidad.com\/index.php\/2025\/11\/18\/el-presupuesto-de-diputacion-para-2026-contara-con-3975-millones-de-euros-y-sera-el-mas-inversor\/\"> <span class=\"screen-reader-text\">El presupuesto de Diputaci\u00f3n para 2026 contar\u00e1 con 397,5 millones de euros y ser\u00e1 \u00abel m\u00e1s inversor\u00bb<\/span> Leer m\u00e1s &raquo;<\/a><\/p>\n","protected":false},"author":3,"featured_media":4081,"comment_status":"closed","ping_status":"open","sticky":false,"template":"","format":"standard","meta":{"site-sidebar-layout":"default","site-content-layout":"default","ast-global-header-display":"","ast-main-header-display":"","ast-hfb-above-header-display":"","ast-hfb-below-header-display":"","ast-hfb-mobile-header-display":"","site-post-title":"","ast-breadcrumbs-content":"","ast-featured-img":"","footer-sml-layout":"","theme-transparent-header-meta":"","adv-header-id-meta":"","stick-header-meta":"","header-above-stick-meta":"","header-main-stick-meta":"","header-below-stick-meta":"","footnotes":""},"categories":[1],"tags":[],"class_list":["post-4080","post","type-post","status-publish","format-standard","has-post-thumbnail","hentry","category-sin-categoria"],"yoast_head":"<!-- This site is optimized with the Yoast SEO plugin v20.8 - https:\/\/yoast.com\/wordpress\/plugins\/seo\/ -->\n<title>El presupuesto de Diputaci\u00f3n para 2026 contar\u00e1 con 397,5 millones de euros y ser\u00e1 &quot;el m\u00e1s inversor&quot; - Torredonjimeno Actualidad<\/title>\n<meta name=\"robots\" content=\"index, follow, max-snippet:-1, max-image-preview:large, max-video-preview:-1\" \/>\n<link rel=\"canonical\" href=\"https:\/\/torredonjimenoactualidad.com\/index.php\/2025\/11\/18\/el-presupuesto-de-diputacion-para-2026-contara-con-3975-millones-de-euros-y-sera-el-mas-inversor\/\" \/>\n<meta property=\"og:locale\" content=\"es_ES\" \/>\n<meta property=\"og:type\" content=\"article\" \/>\n<meta property=\"og:title\" content=\"El presupuesto de Diputaci\u00f3n para 2026 contar\u00e1 con 397,5 millones de euros y ser\u00e1 &quot;el m\u00e1s inversor&quot; - Torredonjimeno Actualidad\" \/>\n<meta property=\"og:description\" content=\"La Diputaci\u00f3n de Ja\u00e9n ha presentado este martes su proyecto de presupuesto para el a\u00f1o 2026, que ascender\u00e1 a 397,5 millones de euros y ser\u00e1 \u00abel m\u00e1s inversor de la historia\u00bb. La vicepresidenta tercera y diputada de Econom\u00eda, Hacienda, Asistencia a Municipios y Recursos Humanos, Pilar Parra, ha presentado este presupuesto de \u00abmuy ambicioso, ya &hellip; El presupuesto de Diputaci\u00f3n para 2026 contar\u00e1 con 397,5 millones de euros y ser\u00e1 \u00abel m\u00e1s inversor\u00bb Leer m\u00e1s &raquo;\" \/>\n<meta property=\"og:url\" content=\"https:\/\/torredonjimenoactualidad.com\/index.php\/2025\/11\/18\/el-presupuesto-de-diputacion-para-2026-contara-con-3975-millones-de-euros-y-sera-el-mas-inversor\/\" \/>\n<meta property=\"og:site_name\" content=\"Torredonjimeno Actualidad\" \/>\n<meta property=\"article:published_time\" content=\"2025-11-18T14:49:14+00:00\" \/>\n<meta property=\"article:modified_time\" content=\"2025-11-18T14:49:16+00:00\" \/>\n<meta property=\"og:image\" content=\"https:\/\/torredonjimenoactualidad.com\/wp-content\/uploads\/2025\/11\/20251118_Presentacixn_proyecto_presupuestos_Diputacion_para_2026_x1x.jpg\" \/>\n\t<meta property=\"og:image:width\" content=\"1545\" \/>\n\t<meta property=\"og:image:height\" content=\"883\" \/>\n\t<meta property=\"og:image:type\" content=\"image\/jpeg\" \/>\n<meta name=\"author\" content=\"Redaccion\" \/>\n<meta name=\"twitter:card\" content=\"summary_large_image\" \/>\n<meta name=\"twitter:label1\" content=\"Escrito por\" \/>\n\t<meta name=\"twitter:data1\" content=\"Redaccion\" \/>\n\t<meta name=\"twitter:label2\" content=\"Tiempo de lectura\" \/>\n\t<meta name=\"twitter:data2\" content=\"6 minutos\" \/>\n<script type=\"application\/ld+json\" class=\"yoast-schema-graph\">{\"@context\":\"https:\/\/schema.org\",\"@graph\":[{\"@type\":\"Article\",\"@id\":\"https:\/\/torredonjimenoactualidad.com\/index.php\/2025\/11\/18\/el-presupuesto-de-diputacion-para-2026-contara-con-3975-millones-de-euros-y-sera-el-mas-inversor\/#article\",\"isPartOf\":{\"@id\":\"https:\/\/torredonjimenoactualidad.com\/index.php\/2025\/11\/18\/el-presupuesto-de-diputacion-para-2026-contara-con-3975-millones-de-euros-y-sera-el-mas-inversor\/\"},\"author\":{\"name\":\"Redaccion\",\"@id\":\"https:\/\/torredonjimenoactualidad.com\/#\/schema\/person\/11f05803cdf40dbeb7f4fbf2365c9ac5\"},\"headline\":\"El presupuesto de Diputaci\u00f3n para 2026 contar\u00e1 con 397,5 millones de euros y ser\u00e1 \u00abel m\u00e1s inversor\u00bb\",\"datePublished\":\"2025-11-18T14:49:14+00:00\",\"dateModified\":\"2025-11-18T14:49:16+00:00\",\"mainEntityOfPage\":{\"@id\":\"https:\/\/torredonjimenoactualidad.com\/index.php\/2025\/11\/18\/el-presupuesto-de-diputacion-para-2026-contara-con-3975-millones-de-euros-y-sera-el-mas-inversor\/\"},\"wordCount\":1368,\"publisher\":{\"@id\":\"https:\/\/torredonjimenoactualidad.com\/#organization\"},\"inLanguage\":\"es\"},{\"@type\":\"WebPage\",\"@id\":\"https:\/\/torredonjimenoactualidad.com\/index.php\/2025\/11\/18\/el-presupuesto-de-diputacion-para-2026-contara-con-3975-millones-de-euros-y-sera-el-mas-inversor\/\",\"url\":\"https:\/\/torredonjimenoactualidad.com\/index.php\/2025\/11\/18\/el-presupuesto-de-diputacion-para-2026-contara-con-3975-millones-de-euros-y-sera-el-mas-inversor\/\",\"name\":\"El presupuesto de Diputaci\u00f3n para 2026 contar\u00e1 con 397,5 millones de euros y ser\u00e1 \\\"el m\u00e1s inversor\\\" - Torredonjimeno Actualidad\",\"isPartOf\":{\"@id\":\"https:\/\/torredonjimenoactualidad.com\/#website\"},\"datePublished\":\"2025-11-18T14:49:14+00:00\",\"dateModified\":\"2025-11-18T14:49:16+00:00\",\"breadcrumb\":{\"@id\":\"https:\/\/torredonjimenoactualidad.com\/index.php\/2025\/11\/18\/el-presupuesto-de-diputacion-para-2026-contara-con-3975-millones-de-euros-y-sera-el-mas-inversor\/#breadcrumb\"},\"inLanguage\":\"es\",\"potentialAction\":[{\"@type\":\"ReadAction\",\"target\":[\"https:\/\/torredonjimenoactualidad.com\/index.php\/2025\/11\/18\/el-presupuesto-de-diputacion-para-2026-contara-con-3975-millones-de-euros-y-sera-el-mas-inversor\/\"]}]},{\"@type\":\"BreadcrumbList\",\"@id\":\"https:\/\/torredonjimenoactualidad.com\/index.php\/2025\/11\/18\/el-presupuesto-de-diputacion-para-2026-contara-con-3975-millones-de-euros-y-sera-el-mas-inversor\/#breadcrumb\",\"itemListElement\":[{\"@type\":\"ListItem\",\"position\":1,\"name\":\"Portada\",\"item\":\"https:\/\/torredonjimenoactualidad.com\/\"},{\"@type\":\"ListItem\",\"position\":2,\"name\":\"El presupuesto de Diputaci\u00f3n para 2026 contar\u00e1 con 397,5 millones de euros y ser\u00e1 \u00abel m\u00e1s inversor\u00bb\"}]},{\"@type\":\"WebSite\",\"@id\":\"https:\/\/torredonjimenoactualidad.com\/#website\",\"url\":\"https:\/\/torredonjimenoactualidad.com\/\",\"name\":\"Torredonjimeno Actualidad\",\"description\":\"\",\"publisher\":{\"@id\":\"https:\/\/torredonjimenoactualidad.com\/#organization\"},\"potentialAction\":[{\"@type\":\"SearchAction\",\"target\":{\"@type\":\"EntryPoint\",\"urlTemplate\":\"https:\/\/torredonjimenoactualidad.com\/?s={search_term_string}\"},\"query-input\":\"required name=search_term_string\"}],\"inLanguage\":\"es\"},{\"@type\":\"Organization\",\"@id\":\"https:\/\/torredonjimenoactualidad.com\/#organization\",\"name\":\"Torredonjimeno Actualidad\",\"url\":\"https:\/\/torredonjimenoactualidad.com\/\",\"logo\":{\"@type\":\"ImageObject\",\"inLanguage\":\"es\",\"@id\":\"https:\/\/torredonjimenoactualidad.com\/#\/schema\/logo\/image\/\",\"url\":\"https:\/\/torredonjimenoactualidad.com\/wp-content\/uploads\/2023\/02\/logo-torredonjimeno-544x180-1.png\",\"contentUrl\":\"https:\/\/torredonjimenoactualidad.com\/wp-content\/uploads\/2023\/02\/logo-torredonjimeno-544x180-1.png\",\"width\":545,\"height\":112,\"caption\":\"Torredonjimeno Actualidad\"},\"image\":{\"@id\":\"https:\/\/torredonjimenoactualidad.com\/#\/schema\/logo\/image\/\"}},{\"@type\":\"Person\",\"@id\":\"https:\/\/torredonjimenoactualidad.com\/#\/schema\/person\/11f05803cdf40dbeb7f4fbf2365c9ac5\",\"name\":\"Redaccion\",\"image\":{\"@type\":\"ImageObject\",\"inLanguage\":\"es\",\"@id\":\"https:\/\/torredonjimenoactualidad.com\/#\/schema\/person\/image\/\",\"url\":\"https:\/\/secure.gravatar.com\/avatar\/5917bab7eff43e17746fd29b509939469470810b6b989b7cc2f89e3188399bf3?s=96&d=mm&r=g\",\"contentUrl\":\"https:\/\/secure.gravatar.com\/avatar\/5917bab7eff43e17746fd29b509939469470810b6b989b7cc2f89e3188399bf3?s=96&d=mm&r=g\",\"caption\":\"Redaccion\"},\"url\":\"https:\/\/torredonjimenoactualidad.com\/index.php\/author\/jose-bueno\/\"}]}<\/script>\n<!-- \/ Yoast SEO plugin. -->","yoast_head_json":{"title":"El presupuesto de Diputaci\u00f3n para 2026 contar\u00e1 con 397,5 millones de euros y ser\u00e1 \"el m\u00e1s inversor\" - Torredonjimeno Actualidad","robots":{"index":"index","follow":"follow","max-snippet":"max-snippet:-1","max-image-preview":"max-image-preview:large","max-video-preview":"max-video-preview:-1"},"canonical":"https:\/\/torredonjimenoactualidad.com\/index.php\/2025\/11\/18\/el-presupuesto-de-diputacion-para-2026-contara-con-3975-millones-de-euros-y-sera-el-mas-inversor\/","og_locale":"es_ES","og_type":"article","og_title":"El presupuesto de Diputaci\u00f3n para 2026 contar\u00e1 con 397,5 millones de euros y ser\u00e1 \"el m\u00e1s inversor\" - Torredonjimeno Actualidad","og_description":"La Diputaci\u00f3n de Ja\u00e9n ha presentado este martes su proyecto de presupuesto para el a\u00f1o 2026, que ascender\u00e1 a 397,5 millones de euros y ser\u00e1 \u00abel m\u00e1s inversor de la historia\u00bb. La vicepresidenta tercera y diputada de Econom\u00eda, Hacienda, Asistencia a Municipios y Recursos Humanos, Pilar Parra, ha presentado este presupuesto de \u00abmuy ambicioso, ya &hellip; El presupuesto de Diputaci\u00f3n para 2026 contar\u00e1 con 397,5 millones de euros y ser\u00e1 \u00abel m\u00e1s inversor\u00bb Leer m\u00e1s &raquo;","og_url":"https:\/\/torredonjimenoactualidad.com\/index.php\/2025\/11\/18\/el-presupuesto-de-diputacion-para-2026-contara-con-3975-millones-de-euros-y-sera-el-mas-inversor\/","og_site_name":"Torredonjimeno Actualidad","article_published_time":"2025-11-18T14:49:14+00:00","article_modified_time":"2025-11-18T14:49:16+00:00","og_image":[{"width":1545,"height":883,"url":"https:\/\/torredonjimenoactualidad.com\/wp-content\/uploads\/2025\/11\/20251118_Presentacixn_proyecto_presupuestos_Diputacion_para_2026_x1x.jpg","type":"image\/jpeg"}],"author":"Redaccion","twitter_card":"summary_large_image","twitter_misc":{"Escrito por":"Redaccion","Tiempo de lectura":"6 minutos"},"schema":{"@context":"https:\/\/schema.org","@graph":[{"@type":"Article","@id":"https:\/\/torredonjimenoactualidad.com\/index.php\/2025\/11\/18\/el-presupuesto-de-diputacion-para-2026-contara-con-3975-millones-de-euros-y-sera-el-mas-inversor\/#article","isPartOf":{"@id":"https:\/\/torredonjimenoactualidad.com\/index.php\/2025\/11\/18\/el-presupuesto-de-diputacion-para-2026-contara-con-3975-millones-de-euros-y-sera-el-mas-inversor\/"},"author":{"name":"Redaccion","@id":"https:\/\/torredonjimenoactualidad.com\/#\/schema\/person\/11f05803cdf40dbeb7f4fbf2365c9ac5"},"headline":"El presupuesto de Diputaci\u00f3n para 2026 contar\u00e1 con 397,5 millones de euros y ser\u00e1 \u00abel m\u00e1s inversor\u00bb","datePublished":"2025-11-18T14:49:14+00:00","dateModified":"2025-11-18T14:49:16+00:00","mainEntityOfPage":{"@id":"https:\/\/torredonjimenoactualidad.com\/index.php\/2025\/11\/18\/el-presupuesto-de-diputacion-para-2026-contara-con-3975-millones-de-euros-y-sera-el-mas-inversor\/"},"wordCount":1368,"publisher":{"@id":"https:\/\/torredonjimenoactualidad.com\/#organization"},"inLanguage":"es"},{"@type":"WebPage","@id":"https:\/\/torredonjimenoactualidad.com\/index.php\/2025\/11\/18\/el-presupuesto-de-diputacion-para-2026-contara-con-3975-millones-de-euros-y-sera-el-mas-inversor\/","url":"https:\/\/torredonjimenoactualidad.com\/index.php\/2025\/11\/18\/el-presupuesto-de-diputacion-para-2026-contara-con-3975-millones-de-euros-y-sera-el-mas-inversor\/","name":"El presupuesto de Diputaci\u00f3n para 2026 contar\u00e1 con 397,5 millones de euros y ser\u00e1 \"el m\u00e1s inversor\" - Torredonjimeno Actualidad","isPartOf":{"@id":"https:\/\/torredonjimenoactualidad.com\/#website"},"datePublished":"2025-11-18T14:49:14+00:00","dateModified":"2025-11-18T14:49:16+00:00","breadcrumb":{"@id":"https:\/\/torredonjimenoactualidad.com\/index.php\/2025\/11\/18\/el-presupuesto-de-diputacion-para-2026-contara-con-3975-millones-de-euros-y-sera-el-mas-inversor\/#breadcrumb"},"inLanguage":"es","potentialAction":[{"@type":"ReadAction","target":["https:\/\/torredonjimenoactualidad.com\/index.php\/2025\/11\/18\/el-presupuesto-de-diputacion-para-2026-contara-con-3975-millones-de-euros-y-sera-el-mas-inversor\/"]}]},{"@type":"BreadcrumbList","@id":"https:\/\/torredonjimenoactualidad.com\/index.php\/2025\/11\/18\/el-presupuesto-de-diputacion-para-2026-contara-con-3975-millones-de-euros-y-sera-el-mas-inversor\/#breadcrumb","itemListElement":[{"@type":"ListItem","position":1,"name":"Portada","item":"https:\/\/torredonjimenoactualidad.com\/"},{"@type":"ListItem","position":2,"name":"El presupuesto de Diputaci\u00f3n para 2026 contar\u00e1 con 397,5 millones de euros y ser\u00e1 \u00abel m\u00e1s inversor\u00bb"}]},{"@type":"WebSite","@id":"https:\/\/torredonjimenoactualidad.com\/#website","url":"https:\/\/torredonjimenoactualidad.com\/","name":"Torredonjimeno Actualidad","description":"","publisher":{"@id":"https:\/\/torredonjimenoactualidad.com\/#organization"},"potentialAction":[{"@type":"SearchAction","target":{"@type":"EntryPoint","urlTemplate":"https:\/\/torredonjimenoactualidad.com\/?s={search_term_string}"},"query-input":"required name=search_term_string"}],"inLanguage":"es"},{"@type":"Organization","@id":"https:\/\/torredonjimenoactualidad.com\/#organization","name":"Torredonjimeno Actualidad","url":"https:\/\/torredonjimenoactualidad.com\/","logo":{"@type":"ImageObject","inLanguage":"es","@id":"https:\/\/torredonjimenoactualidad.com\/#\/schema\/logo\/image\/","url":"https:\/\/torredonjimenoactualidad.com\/wp-content\/uploads\/2023\/02\/logo-torredonjimeno-544x180-1.png","contentUrl":"https:\/\/torredonjimenoactualidad.com\/wp-content\/uploads\/2023\/02\/logo-torredonjimeno-544x180-1.png","width":545,"height":112,"caption":"Torredonjimeno Actualidad"},"image":{"@id":"https:\/\/torredonjimenoactualidad.com\/#\/schema\/logo\/image\/"}},{"@type":"Person","@id":"https:\/\/torredonjimenoactualidad.com\/#\/schema\/person\/11f05803cdf40dbeb7f4fbf2365c9ac5","name":"Redaccion","image":{"@type":"ImageObject","inLanguage":"es","@id":"https:\/\/torredonjimenoactualidad.com\/#\/schema\/person\/image\/","url":"https:\/\/secure.gravatar.com\/avatar\/5917bab7eff43e17746fd29b509939469470810b6b989b7cc2f89e3188399bf3?s=96&d=mm&r=g","contentUrl":"https:\/\/secure.gravatar.com\/avatar\/5917bab7eff43e17746fd29b509939469470810b6b989b7cc2f89e3188399bf3?s=96&d=mm&r=g","caption":"Redaccion"},"url":"https:\/\/torredonjimenoactualidad.com\/index.php\/author\/jose-bueno\/"}]}},"_links":{"self":[{"href":"https:\/\/torredonjimenoactualidad.com\/index.php\/wp-json\/wp\/v2\/posts\/4080","targetHints":{"allow":["GET"]}}],"collection":[{"href":"https:\/\/torredonjimenoactualidad.com\/index.php\/wp-json\/wp\/v2\/posts"}],"about":[{"href":"https:\/\/torredonjimenoactualidad.com\/index.php\/wp-json\/wp\/v2\/types\/post"}],"author":[{"embeddable":true,"href":"https:\/\/torredonjimenoactualidad.com\/index.php\/wp-json\/wp\/v2\/users\/3"}],"replies":[{"embeddable":true,"href":"https:\/\/torredonjimenoactualidad.com\/index.php\/wp-json\/wp\/v2\/comments?post=4080"}],"version-history":[{"count":1,"href":"https:\/\/torredonjimenoactualidad.com\/index.php\/wp-json\/wp\/v2\/posts\/4080\/revisions"}],"predecessor-version":[{"id":4082,"href":"https:\/\/torredonjimenoactualidad.com\/index.php\/wp-json\/wp\/v2\/posts\/4080\/revisions\/4082"}],"wp:featuredmedia":[{"embeddable":true,"href":"https:\/\/torredonjimenoactualidad.com\/index.php\/wp-json\/wp\/v2\/media\/4081"}],"wp:attachment":[{"href":"https:\/\/torredonjimenoactualidad.com\/index.php\/wp-json\/wp\/v2\/media?parent=4080"}],"wp:term":[{"taxonomy":"category","embeddable":true,"href":"https:\/\/torredonjimenoactualidad.com\/index.php\/wp-json\/wp\/v2\/categories?post=4080"},{"taxonomy":"post_tag","embeddable":true,"href":"https:\/\/torredonjimenoactualidad.com\/index.php\/wp-json\/wp\/v2\/tags?post=4080"}],"curies":[{"name":"wp","href":"https:\/\/api.w.org\/{rel}","templated":true}]}}