{"id":4077,"date":"2025-11-17T11:27:40","date_gmt":"2025-11-17T11:27:40","guid":{"rendered":"https:\/\/torredonjimenoactualidad.com\/?p=4077"},"modified":"2025-11-17T11:27:41","modified_gmt":"2025-11-17T11:27:41","slug":"la-banda-de-musica-de-torredonjimeno-presenta-un-concierto-epico-para-celebrar-santa-cecilia","status":"publish","type":"post","link":"https:\/\/torredonjimenoactualidad.com\/index.php\/2025\/11\/17\/la-banda-de-musica-de-torredonjimeno-presenta-un-concierto-epico-para-celebrar-santa-cecilia\/","title":{"rendered":"La Banda de M\u00fasica de Torredonjimeno presenta un concierto \u00e9pico para celebrar Santa Cecilia"},"content":{"rendered":"\n<p>Torredonjimeno ya cuenta los d\u00edas para disfrutar de uno de los eventos musicales m\u00e1s llamativos del a\u00f1o. La Banda de M\u00fasica de Torredonjimeno celebrar\u00e1 Santa Cecilia con un espectacular concierto inspirado en el universo de los&nbsp;<em>Vengadores<\/em>, un homenaje a los h\u00e9roes que tanto admiramos y a la m\u00fasica del cine que ha marcado una \u00e9poca.<\/p>\n\n\n\n<p>La presentaci\u00f3n oficial del cartel tuvo lugar en el&nbsp;<strong>Ayuntamiento de Torredonjimeno<\/strong>, en un acto que reuni\u00f3 a representantes municipales y de la agrupaci\u00f3n musical. Asistieron&nbsp;<strong>Manuel S\u00e1nchez<\/strong>, presidente de la Asociaci\u00f3n Banda de M\u00fasica de Torredonjimeno; la&nbsp;<strong>concejala de Cultura, Sela Ib\u00e1\u00f1ez<\/strong>; y la&nbsp;<strong>teniente de alcalde, Juana Mari L\u00f3pez<\/strong>, quienes mostraron su apoyo a esta iniciativa que combina cultura, juventud y participaci\u00f3n ciudadana.<\/p>\n\n\n\n<p>El concierto se celebrar\u00e1 el&nbsp;<strong>21 de noviembre<\/strong>&nbsp;a las&nbsp;<strong>21:00 horas<\/strong>&nbsp;en el&nbsp;<strong>Teatro Municipal de Torredonjimeno<\/strong>, donde la banda interpretar\u00e1 una selecci\u00f3n de bandas sonoras \u00e9picas cargadas de emoci\u00f3n, energ\u00eda y esp\u00edritu heroico. La&nbsp;<strong>entrada ser\u00e1 libre hasta completar aforo<\/strong>, por lo que se recomienda acudir con antelaci\u00f3n para no quedarse sin sitio.<\/p>\n\n\n\n<p>La Banda de M\u00fasica invita a todos los vecinos y vecinas a sumarse a esta velada especial, que promete ser inolvidable. \u00a1La m\u00fasica del cine, la fuerza de los h\u00e9roes y el talento local se unen en una noche \u00fanica!<\/p>\n","protected":false},"excerpt":{"rendered":"<p>Torredonjimeno ya cuenta los d\u00edas para disfrutar de uno de los eventos musicales m\u00e1s llamativos del a\u00f1o. La Banda de M\u00fasica de Torredonjimeno celebrar\u00e1 Santa Cecilia con un espectacular concierto inspirado en el universo de los&nbsp;Vengadores, un homenaje a los h\u00e9roes que tanto admiramos y a la m\u00fasica del cine que ha marcado una \u00e9poca. &hellip;<\/p>\n<p class=\"read-more\"> <a class=\"\" href=\"https:\/\/torredonjimenoactualidad.com\/index.php\/2025\/11\/17\/la-banda-de-musica-de-torredonjimeno-presenta-un-concierto-epico-para-celebrar-santa-cecilia\/\"> <span class=\"screen-reader-text\">La Banda de M\u00fasica de Torredonjimeno presenta un concierto \u00e9pico para celebrar Santa Cecilia<\/span> Leer m\u00e1s &raquo;<\/a><\/p>\n","protected":false},"author":2,"featured_media":4078,"comment_status":"closed","ping_status":"open","sticky":false,"template":"","format":"standard","meta":{"site-sidebar-layout":"default","site-content-layout":"default","ast-global-header-display":"","ast-main-header-display":"","ast-hfb-above-header-display":"","ast-hfb-below-header-display":"","ast-hfb-mobile-header-display":"","site-post-title":"","ast-breadcrumbs-content":"","ast-featured-img":"","footer-sml-layout":"","theme-transparent-header-meta":"","adv-header-id-meta":"","stick-header-meta":"","header-above-stick-meta":"","header-main-stick-meta":"","header-below-stick-meta":"","footnotes":""},"categories":[1],"tags":[],"class_list":["post-4077","post","type-post","status-publish","format-standard","has-post-thumbnail","hentry","category-sin-categoria"],"yoast_head":"<!-- This site is optimized with the Yoast SEO plugin v20.8 - https:\/\/yoast.com\/wordpress\/plugins\/seo\/ -->\n<title>La Banda de M\u00fasica de Torredonjimeno presenta un concierto \u00e9pico para celebrar Santa Cecilia - Torredonjimeno Actualidad<\/title>\n<meta name=\"robots\" content=\"index, follow, max-snippet:-1, max-image-preview:large, max-video-preview:-1\" \/>\n<link rel=\"canonical\" href=\"https:\/\/torredonjimenoactualidad.com\/index.php\/2025\/11\/17\/la-banda-de-musica-de-torredonjimeno-presenta-un-concierto-epico-para-celebrar-santa-cecilia\/\" \/>\n<meta property=\"og:locale\" content=\"es_ES\" \/>\n<meta property=\"og:type\" content=\"article\" \/>\n<meta property=\"og:title\" content=\"La Banda de M\u00fasica de Torredonjimeno presenta un concierto \u00e9pico para celebrar Santa Cecilia - Torredonjimeno Actualidad\" \/>\n<meta property=\"og:description\" content=\"Torredonjimeno ya cuenta los d\u00edas para disfrutar de uno de los eventos musicales m\u00e1s llamativos del a\u00f1o. La Banda de M\u00fasica de Torredonjimeno celebrar\u00e1 Santa Cecilia con un espectacular concierto inspirado en el universo de los&nbsp;Vengadores, un homenaje a los h\u00e9roes que tanto admiramos y a la m\u00fasica del cine que ha marcado una \u00e9poca. &hellip; La Banda de M\u00fasica de Torredonjimeno presenta un concierto \u00e9pico para celebrar Santa Cecilia Leer m\u00e1s &raquo;\" \/>\n<meta property=\"og:url\" content=\"https:\/\/torredonjimenoactualidad.com\/index.php\/2025\/11\/17\/la-banda-de-musica-de-torredonjimeno-presenta-un-concierto-epico-para-celebrar-santa-cecilia\/\" \/>\n<meta property=\"og:site_name\" content=\"Torredonjimeno Actualidad\" \/>\n<meta property=\"article:published_time\" content=\"2025-11-17T11:27:40+00:00\" \/>\n<meta property=\"article:modified_time\" content=\"2025-11-17T11:27:41+00:00\" \/>\n<meta property=\"og:image\" content=\"https:\/\/torredonjimenoactualidad.com\/wp-content\/uploads\/2025\/11\/584076830_1181337420851851_7088518261451609153_n.jpg\" \/>\n\t<meta property=\"og:image:width\" content=\"1200\" \/>\n\t<meta property=\"og:image:height\" content=\"686\" \/>\n\t<meta property=\"og:image:type\" content=\"image\/jpeg\" \/>\n<meta name=\"author\" content=\"Alba Mar\u00eda Torres\" \/>\n<meta name=\"twitter:card\" content=\"summary_large_image\" \/>\n<meta name=\"twitter:label1\" content=\"Escrito por\" \/>\n\t<meta name=\"twitter:data1\" content=\"Alba Mar\u00eda Torres\" \/>\n\t<meta name=\"twitter:label2\" content=\"Tiempo de lectura\" \/>\n\t<meta name=\"twitter:data2\" content=\"1 minuto\" \/>\n<script type=\"application\/ld+json\" class=\"yoast-schema-graph\">{\"@context\":\"https:\/\/schema.org\",\"@graph\":[{\"@type\":\"Article\",\"@id\":\"https:\/\/torredonjimenoactualidad.com\/index.php\/2025\/11\/17\/la-banda-de-musica-de-torredonjimeno-presenta-un-concierto-epico-para-celebrar-santa-cecilia\/#article\",\"isPartOf\":{\"@id\":\"https:\/\/torredonjimenoactualidad.com\/index.php\/2025\/11\/17\/la-banda-de-musica-de-torredonjimeno-presenta-un-concierto-epico-para-celebrar-santa-cecilia\/\"},\"author\":{\"name\":\"Alba Mar\u00eda Torres\",\"@id\":\"https:\/\/torredonjimenoactualidad.com\/#\/schema\/person\/84de5f233e783ef2c75151a532b54977\"},\"headline\":\"La Banda de M\u00fasica de Torredonjimeno presenta un concierto \u00e9pico para celebrar Santa Cecilia\",\"datePublished\":\"2025-11-17T11:27:40+00:00\",\"dateModified\":\"2025-11-17T11:27:41+00:00\",\"mainEntityOfPage\":{\"@id\":\"https:\/\/torredonjimenoactualidad.com\/index.php\/2025\/11\/17\/la-banda-de-musica-de-torredonjimeno-presenta-un-concierto-epico-para-celebrar-santa-cecilia\/\"},\"wordCount\":262,\"publisher\":{\"@id\":\"https:\/\/torredonjimenoactualidad.com\/#organization\"},\"inLanguage\":\"es\"},{\"@type\":\"WebPage\",\"@id\":\"https:\/\/torredonjimenoactualidad.com\/index.php\/2025\/11\/17\/la-banda-de-musica-de-torredonjimeno-presenta-un-concierto-epico-para-celebrar-santa-cecilia\/\",\"url\":\"https:\/\/torredonjimenoactualidad.com\/index.php\/2025\/11\/17\/la-banda-de-musica-de-torredonjimeno-presenta-un-concierto-epico-para-celebrar-santa-cecilia\/\",\"name\":\"La Banda de M\u00fasica de Torredonjimeno presenta un concierto \u00e9pico para celebrar Santa Cecilia - Torredonjimeno Actualidad\",\"isPartOf\":{\"@id\":\"https:\/\/torredonjimenoactualidad.com\/#website\"},\"datePublished\":\"2025-11-17T11:27:40+00:00\",\"dateModified\":\"2025-11-17T11:27:41+00:00\",\"breadcrumb\":{\"@id\":\"https:\/\/torredonjimenoactualidad.com\/index.php\/2025\/11\/17\/la-banda-de-musica-de-torredonjimeno-presenta-un-concierto-epico-para-celebrar-santa-cecilia\/#breadcrumb\"},\"inLanguage\":\"es\",\"potentialAction\":[{\"@type\":\"ReadAction\",\"target\":[\"https:\/\/torredonjimenoactualidad.com\/index.php\/2025\/11\/17\/la-banda-de-musica-de-torredonjimeno-presenta-un-concierto-epico-para-celebrar-santa-cecilia\/\"]}]},{\"@type\":\"BreadcrumbList\",\"@id\":\"https:\/\/torredonjimenoactualidad.com\/index.php\/2025\/11\/17\/la-banda-de-musica-de-torredonjimeno-presenta-un-concierto-epico-para-celebrar-santa-cecilia\/#breadcrumb\",\"itemListElement\":[{\"@type\":\"ListItem\",\"position\":1,\"name\":\"Portada\",\"item\":\"https:\/\/torredonjimenoactualidad.com\/\"},{\"@type\":\"ListItem\",\"position\":2,\"name\":\"La Banda de M\u00fasica de Torredonjimeno presenta un concierto \u00e9pico para celebrar Santa Cecilia\"}]},{\"@type\":\"WebSite\",\"@id\":\"https:\/\/torredonjimenoactualidad.com\/#website\",\"url\":\"https:\/\/torredonjimenoactualidad.com\/\",\"name\":\"Torredonjimeno Actualidad\",\"description\":\"\",\"publisher\":{\"@id\":\"https:\/\/torredonjimenoactualidad.com\/#organization\"},\"potentialAction\":[{\"@type\":\"SearchAction\",\"target\":{\"@type\":\"EntryPoint\",\"urlTemplate\":\"https:\/\/torredonjimenoactualidad.com\/?s={search_term_string}\"},\"query-input\":\"required name=search_term_string\"}],\"inLanguage\":\"es\"},{\"@type\":\"Organization\",\"@id\":\"https:\/\/torredonjimenoactualidad.com\/#organization\",\"name\":\"Torredonjimeno Actualidad\",\"url\":\"https:\/\/torredonjimenoactualidad.com\/\",\"logo\":{\"@type\":\"ImageObject\",\"inLanguage\":\"es\",\"@id\":\"https:\/\/torredonjimenoactualidad.com\/#\/schema\/logo\/image\/\",\"url\":\"https:\/\/torredonjimenoactualidad.com\/wp-content\/uploads\/2023\/02\/logo-torredonjimeno-544x180-1.png\",\"contentUrl\":\"https:\/\/torredonjimenoactualidad.com\/wp-content\/uploads\/2023\/02\/logo-torredonjimeno-544x180-1.png\",\"width\":545,\"height\":112,\"caption\":\"Torredonjimeno Actualidad\"},\"image\":{\"@id\":\"https:\/\/torredonjimenoactualidad.com\/#\/schema\/logo\/image\/\"}},{\"@type\":\"Person\",\"@id\":\"https:\/\/torredonjimenoactualidad.com\/#\/schema\/person\/84de5f233e783ef2c75151a532b54977\",\"name\":\"Alba Mar\u00eda Torres\",\"image\":{\"@type\":\"ImageObject\",\"inLanguage\":\"es\",\"@id\":\"https:\/\/torredonjimenoactualidad.com\/#\/schema\/person\/image\/\",\"url\":\"https:\/\/secure.gravatar.com\/avatar\/f9371f188c71501b4475a9ba2a71595850ec72967f800a2ed8e3e2102859ed65?s=96&d=mm&r=g\",\"contentUrl\":\"https:\/\/secure.gravatar.com\/avatar\/f9371f188c71501b4475a9ba2a71595850ec72967f800a2ed8e3e2102859ed65?s=96&d=mm&r=g\",\"caption\":\"Alba Mar\u00eda Torres\"},\"url\":\"https:\/\/torredonjimenoactualidad.com\/index.php\/author\/alba-torres\/\"}]}<\/script>\n<!-- \/ Yoast SEO plugin. -->","yoast_head_json":{"title":"La Banda de M\u00fasica de Torredonjimeno presenta un concierto \u00e9pico para celebrar Santa Cecilia - Torredonjimeno Actualidad","robots":{"index":"index","follow":"follow","max-snippet":"max-snippet:-1","max-image-preview":"max-image-preview:large","max-video-preview":"max-video-preview:-1"},"canonical":"https:\/\/torredonjimenoactualidad.com\/index.php\/2025\/11\/17\/la-banda-de-musica-de-torredonjimeno-presenta-un-concierto-epico-para-celebrar-santa-cecilia\/","og_locale":"es_ES","og_type":"article","og_title":"La Banda de M\u00fasica de Torredonjimeno presenta un concierto \u00e9pico para celebrar Santa Cecilia - Torredonjimeno Actualidad","og_description":"Torredonjimeno ya cuenta los d\u00edas para disfrutar de uno de los eventos musicales m\u00e1s llamativos del a\u00f1o. La Banda de M\u00fasica de Torredonjimeno celebrar\u00e1 Santa Cecilia con un espectacular concierto inspirado en el universo de los&nbsp;Vengadores, un homenaje a los h\u00e9roes que tanto admiramos y a la m\u00fasica del cine que ha marcado una \u00e9poca. &hellip; La Banda de M\u00fasica de Torredonjimeno presenta un concierto \u00e9pico para celebrar Santa Cecilia Leer m\u00e1s &raquo;","og_url":"https:\/\/torredonjimenoactualidad.com\/index.php\/2025\/11\/17\/la-banda-de-musica-de-torredonjimeno-presenta-un-concierto-epico-para-celebrar-santa-cecilia\/","og_site_name":"Torredonjimeno Actualidad","article_published_time":"2025-11-17T11:27:40+00:00","article_modified_time":"2025-11-17T11:27:41+00:00","og_image":[{"width":1200,"height":686,"url":"https:\/\/torredonjimenoactualidad.com\/wp-content\/uploads\/2025\/11\/584076830_1181337420851851_7088518261451609153_n.jpg","type":"image\/jpeg"}],"author":"Alba Mar\u00eda Torres","twitter_card":"summary_large_image","twitter_misc":{"Escrito por":"Alba Mar\u00eda Torres","Tiempo de lectura":"1 minuto"},"schema":{"@context":"https:\/\/schema.org","@graph":[{"@type":"Article","@id":"https:\/\/torredonjimenoactualidad.com\/index.php\/2025\/11\/17\/la-banda-de-musica-de-torredonjimeno-presenta-un-concierto-epico-para-celebrar-santa-cecilia\/#article","isPartOf":{"@id":"https:\/\/torredonjimenoactualidad.com\/index.php\/2025\/11\/17\/la-banda-de-musica-de-torredonjimeno-presenta-un-concierto-epico-para-celebrar-santa-cecilia\/"},"author":{"name":"Alba Mar\u00eda Torres","@id":"https:\/\/torredonjimenoactualidad.com\/#\/schema\/person\/84de5f233e783ef2c75151a532b54977"},"headline":"La Banda de M\u00fasica de Torredonjimeno presenta un concierto \u00e9pico para celebrar Santa Cecilia","datePublished":"2025-11-17T11:27:40+00:00","dateModified":"2025-11-17T11:27:41+00:00","mainEntityOfPage":{"@id":"https:\/\/torredonjimenoactualidad.com\/index.php\/2025\/11\/17\/la-banda-de-musica-de-torredonjimeno-presenta-un-concierto-epico-para-celebrar-santa-cecilia\/"},"wordCount":262,"publisher":{"@id":"https:\/\/torredonjimenoactualidad.com\/#organization"},"inLanguage":"es"},{"@type":"WebPage","@id":"https:\/\/torredonjimenoactualidad.com\/index.php\/2025\/11\/17\/la-banda-de-musica-de-torredonjimeno-presenta-un-concierto-epico-para-celebrar-santa-cecilia\/","url":"https:\/\/torredonjimenoactualidad.com\/index.php\/2025\/11\/17\/la-banda-de-musica-de-torredonjimeno-presenta-un-concierto-epico-para-celebrar-santa-cecilia\/","name":"La Banda de M\u00fasica de Torredonjimeno presenta un concierto \u00e9pico para celebrar Santa Cecilia - Torredonjimeno Actualidad","isPartOf":{"@id":"https:\/\/torredonjimenoactualidad.com\/#website"},"datePublished":"2025-11-17T11:27:40+00:00","dateModified":"2025-11-17T11:27:41+00:00","breadcrumb":{"@id":"https:\/\/torredonjimenoactualidad.com\/index.php\/2025\/11\/17\/la-banda-de-musica-de-torredonjimeno-presenta-un-concierto-epico-para-celebrar-santa-cecilia\/#breadcrumb"},"inLanguage":"es","potentialAction":[{"@type":"ReadAction","target":["https:\/\/torredonjimenoactualidad.com\/index.php\/2025\/11\/17\/la-banda-de-musica-de-torredonjimeno-presenta-un-concierto-epico-para-celebrar-santa-cecilia\/"]}]},{"@type":"BreadcrumbList","@id":"https:\/\/torredonjimenoactualidad.com\/index.php\/2025\/11\/17\/la-banda-de-musica-de-torredonjimeno-presenta-un-concierto-epico-para-celebrar-santa-cecilia\/#breadcrumb","itemListElement":[{"@type":"ListItem","position":1,"name":"Portada","item":"https:\/\/torredonjimenoactualidad.com\/"},{"@type":"ListItem","position":2,"name":"La Banda de M\u00fasica de Torredonjimeno presenta un concierto \u00e9pico para celebrar Santa Cecilia"}]},{"@type":"WebSite","@id":"https:\/\/torredonjimenoactualidad.com\/#website","url":"https:\/\/torredonjimenoactualidad.com\/","name":"Torredonjimeno Actualidad","description":"","publisher":{"@id":"https:\/\/torredonjimenoactualidad.com\/#organization"},"potentialAction":[{"@type":"SearchAction","target":{"@type":"EntryPoint","urlTemplate":"https:\/\/torredonjimenoactualidad.com\/?s={search_term_string}"},"query-input":"required name=search_term_string"}],"inLanguage":"es"},{"@type":"Organization","@id":"https:\/\/torredonjimenoactualidad.com\/#organization","name":"Torredonjimeno Actualidad","url":"https:\/\/torredonjimenoactualidad.com\/","logo":{"@type":"ImageObject","inLanguage":"es","@id":"https:\/\/torredonjimenoactualidad.com\/#\/schema\/logo\/image\/","url":"https:\/\/torredonjimenoactualidad.com\/wp-content\/uploads\/2023\/02\/logo-torredonjimeno-544x180-1.png","contentUrl":"https:\/\/torredonjimenoactualidad.com\/wp-content\/uploads\/2023\/02\/logo-torredonjimeno-544x180-1.png","width":545,"height":112,"caption":"Torredonjimeno Actualidad"},"image":{"@id":"https:\/\/torredonjimenoactualidad.com\/#\/schema\/logo\/image\/"}},{"@type":"Person","@id":"https:\/\/torredonjimenoactualidad.com\/#\/schema\/person\/84de5f233e783ef2c75151a532b54977","name":"Alba Mar\u00eda Torres","image":{"@type":"ImageObject","inLanguage":"es","@id":"https:\/\/torredonjimenoactualidad.com\/#\/schema\/person\/image\/","url":"https:\/\/secure.gravatar.com\/avatar\/f9371f188c71501b4475a9ba2a71595850ec72967f800a2ed8e3e2102859ed65?s=96&d=mm&r=g","contentUrl":"https:\/\/secure.gravatar.com\/avatar\/f9371f188c71501b4475a9ba2a71595850ec72967f800a2ed8e3e2102859ed65?s=96&d=mm&r=g","caption":"Alba Mar\u00eda Torres"},"url":"https:\/\/torredonjimenoactualidad.com\/index.php\/author\/alba-torres\/"}]}},"_links":{"self":[{"href":"https:\/\/torredonjimenoactualidad.com\/index.php\/wp-json\/wp\/v2\/posts\/4077","targetHints":{"allow":["GET"]}}],"collection":[{"href":"https:\/\/torredonjimenoactualidad.com\/index.php\/wp-json\/wp\/v2\/posts"}],"about":[{"href":"https:\/\/torredonjimenoactualidad.com\/index.php\/wp-json\/wp\/v2\/types\/post"}],"author":[{"embeddable":true,"href":"https:\/\/torredonjimenoactualidad.com\/index.php\/wp-json\/wp\/v2\/users\/2"}],"replies":[{"embeddable":true,"href":"https:\/\/torredonjimenoactualidad.com\/index.php\/wp-json\/wp\/v2\/comments?post=4077"}],"version-history":[{"count":1,"href":"https:\/\/torredonjimenoactualidad.com\/index.php\/wp-json\/wp\/v2\/posts\/4077\/revisions"}],"predecessor-version":[{"id":4079,"href":"https:\/\/torredonjimenoactualidad.com\/index.php\/wp-json\/wp\/v2\/posts\/4077\/revisions\/4079"}],"wp:featuredmedia":[{"embeddable":true,"href":"https:\/\/torredonjimenoactualidad.com\/index.php\/wp-json\/wp\/v2\/media\/4078"}],"wp:attachment":[{"href":"https:\/\/torredonjimenoactualidad.com\/index.php\/wp-json\/wp\/v2\/media?parent=4077"}],"wp:term":[{"taxonomy":"category","embeddable":true,"href":"https:\/\/torredonjimenoactualidad.com\/index.php\/wp-json\/wp\/v2\/categories?post=4077"},{"taxonomy":"post_tag","embeddable":true,"href":"https:\/\/torredonjimenoactualidad.com\/index.php\/wp-json\/wp\/v2\/tags?post=4077"}],"curies":[{"name":"wp","href":"https:\/\/api.w.org\/{rel}","templated":true}]}}