{"id":4062,"date":"2025-11-14T16:51:22","date_gmt":"2025-11-14T16:51:22","guid":{"rendered":"https:\/\/torredonjimenoactualidad.com\/?p=4062"},"modified":"2025-11-14T16:51:23","modified_gmt":"2025-11-14T16:51:23","slug":"nueva-edicion-de-las-jornadas-forma-tea-para-visibilizar-y-comprender-el-tea","status":"publish","type":"post","link":"https:\/\/torredonjimenoactualidad.com\/index.php\/2025\/11\/14\/nueva-edicion-de-las-jornadas-forma-tea-para-visibilizar-y-comprender-el-tea\/","title":{"rendered":"Nueva edici\u00f3n de las Jornadas Forma-TEA para visibilizar y comprender el TEA"},"content":{"rendered":"\n<p>Dar a conocer al mundo el trastorno del espectro autista (TEA). Ese es el objetivo principal que persigue un a\u00f1o m\u00e1s la Asociaci\u00f3n Autismo Ja\u00e9n con la organizaci\u00f3n de las Jornadas Forma-TEA, una iniciativa que cuenta con la colaboraci\u00f3n del Ayuntamiento de Torredonjimeno. La nueva edici\u00f3n arrancar\u00e1 el pr\u00f3ximo\u00a026 de noviembre\u00a0y contempla la celebraci\u00f3n de\u00a0cuatro talleres formativos\u00a0dirigidos tanto a profesionales como a la ciudadan\u00eda en general.<\/p>\n\n\n\n<p>La presentaci\u00f3n oficial ha tenido lugar esta ma\u00f1ana, con la participaci\u00f3n de la concejala de Salud,&nbsp;Sele Ib\u00e1\u00f1ez, quien ha animado \u201ca toda la ciudadan\u00eda\u201d a inscribirse en estos cursos que, como record\u00f3, \u201cpromueven la comprensi\u00f3n del TEA y ofrecen herramientas pr\u00e1cticas para el acompa\u00f1amiento, inclusi\u00f3n y apoyo de las personas con autismo\u201d. Ib\u00e1\u00f1ez subray\u00f3 que la formaci\u00f3n est\u00e1 orientada especialmente a&nbsp;docentes, orientadores, profesionales del \u00e1mbito social y sanitario, familias con personas diagnosticadas y voluntariado, aunque permanece abierta a cualquier persona interesada.<\/p>\n\n\n\n<p>Entre los beneficios de esta formaci\u00f3n, la concejala destac\u00f3 \u201cla mejora de las competencias profesionales para trabajar con personas con TEA, el fortalecimiento del acompa\u00f1amiento familiar y la construcci\u00f3n de una comunidad m\u00e1s inclusiva\u201d, adem\u00e1s de ofrecer a los asistentes un&nbsp;certificado de participaci\u00f3n. \u201cEs un paso importante para fomentar la inclusi\u00f3n real de las personas con TEA en Torredonjimeno\u201d, afirm\u00f3.<\/p>\n\n\n\n<h3 class=\"wp-block-heading\">\u201cEl TEA no es una enfermedad\u201d<\/h3>\n\n\n\n<p>Por su parte,&nbsp;Nani Martos, representante de Autismo Ja\u00e9n y ponente en las jornadas, record\u00f3 que el TEA \u201cno es una enfermedad, sino un trastorno del neurodesarrollo\u201d, una aclaraci\u00f3n que sigue siendo necesaria porque \u201ca d\u00eda de hoy todav\u00eda hay quien lo confunde\u201d. Martos explic\u00f3 que el autismo engloba \u201cun conjunto amplio de condiciones que afectan a la comunicaci\u00f3n verbal y no verbal, a la interacci\u00f3n social y a la flexibilidad de conducta\u201d.<\/p>\n\n\n\n<p>La ponente se\u00f1al\u00f3 que los casos \u201cvan en aumento cada a\u00f1o\u201d, lo que est\u00e1 generando situaciones de desbordamiento en los centros educativos \u201cpor falta de herramientas, no por falta de competencia\u201d. Precisamente por ello considera imprescindible acercar este tipo de formaciones a profesionales, familias y tambi\u00e9n a la poblaci\u00f3n general. \u201cNo hace falta tener titulaci\u00f3n previa\u201d, insisti\u00f3. \u201cHemos tenido incluso abuelas que quer\u00edan entender mejor a sus nietos con TEA. Eso llena el coraz\u00f3n\u201d.<\/p>\n\n\n\n<p>Martos subray\u00f3 que comprender este trastorno \u201ces cosa de todos\u201d, ya que \u201cpr\u00e1cticamente todo el mundo conoce hoy a alguien cercano que convive con el autismo\u201d.<\/p>\n\n\n\n<h3 class=\"wp-block-heading\">Cuatro talleres para profundizar en el autismo<\/h3>\n\n\n\n<p>Las Jornadas Formatea se celebrar\u00e1n&nbsp;los mi\u00e9rcoles a las 17:00 horas en la Casa Municipal de Cultura. Cada sesi\u00f3n abordar\u00e1 un aspecto concreto del TEA:<\/p>\n\n\n\n<ul class=\"wp-block-list\">\n<li><strong>26 de noviembre:<\/strong>\u00a0Se\u00f1ales de alerta e iniciaci\u00f3n del proceso diagn\u00f3stico. Orientado especialmente a docentes e infantil, abordar\u00e1 las primeras conductas que pueden despertar sospechas y los pasos a seguir.<\/li>\n\n\n\n<li><strong>3 de diciembre:<\/strong>\u00a0Apoyos visuales como herramienta de intervenci\u00f3n. Un taller clave, ya que \u201clos chicos con TEA son aprendices visuales y necesitan este tipo de informaci\u00f3n\u201d, explic\u00f3 Martos.<\/li>\n\n\n\n<li><strong>10 de diciembre:<\/strong>\u00a0Intervenci\u00f3n en el TEA: abordaje de la comunicaci\u00f3n desde la ecolalia. Una de las tem\u00e1ticas m\u00e1s demandadas en ediciones anteriores.<\/li>\n\n\n\n<li><strong>17 de diciembre<\/strong>:\u00a0Apoyo conductual positivo y autonom\u00eda. Sesi\u00f3n de cierre centrada en estrategias para la vida diaria.<\/li>\n<\/ul>\n\n\n\n<h3 class=\"wp-block-heading\">Inscripciones abiertas y gratuitas<\/h3>\n\n\n\n<p>La participaci\u00f3n en estas jornadas es&nbsp;totalmente gratuita. Las inscripciones pueden formalizarse en la&nbsp;Casa Municipal de Cultura&nbsp;o escaneando el&nbsp;c\u00f3digo QR&nbsp;disponible en el cartel oficial.<\/p>\n\n\n\n<p>Autismo Ja\u00e9n y el Ayuntamiento animan a toda la ciudadan\u00eda a sumarse a esta iniciativa formativa que, a\u00f1o tras a\u00f1o, contribuye a construir un Torredonjimeno m\u00e1s inclusivo y sensibilizado con la realidad del TEA.<\/p>\n","protected":false},"excerpt":{"rendered":"<p>Dar a conocer al mundo el trastorno del espectro autista (TEA). Ese es el objetivo principal que persigue un a\u00f1o m\u00e1s la Asociaci\u00f3n Autismo Ja\u00e9n con la organizaci\u00f3n de las Jornadas Forma-TEA, una iniciativa que cuenta con la colaboraci\u00f3n del Ayuntamiento de Torredonjimeno. La nueva edici\u00f3n arrancar\u00e1 el pr\u00f3ximo\u00a026 de noviembre\u00a0y contempla la celebraci\u00f3n de\u00a0cuatro &hellip;<\/p>\n<p class=\"read-more\"> <a class=\"\" href=\"https:\/\/torredonjimenoactualidad.com\/index.php\/2025\/11\/14\/nueva-edicion-de-las-jornadas-forma-tea-para-visibilizar-y-comprender-el-tea\/\"> <span class=\"screen-reader-text\">Nueva edici\u00f3n de las Jornadas Forma-TEA para visibilizar y comprender el TEA<\/span> Leer m\u00e1s &raquo;<\/a><\/p>\n","protected":false},"author":3,"featured_media":4063,"comment_status":"closed","ping_status":"open","sticky":false,"template":"","format":"standard","meta":{"site-sidebar-layout":"default","site-content-layout":"default","ast-global-header-display":"","ast-main-header-display":"","ast-hfb-above-header-display":"","ast-hfb-below-header-display":"","ast-hfb-mobile-header-display":"","site-post-title":"","ast-breadcrumbs-content":"","ast-featured-img":"","footer-sml-layout":"","theme-transparent-header-meta":"","adv-header-id-meta":"","stick-header-meta":"","header-above-stick-meta":"","header-main-stick-meta":"","header-below-stick-meta":"","footnotes":""},"categories":[1],"tags":[],"class_list":["post-4062","post","type-post","status-publish","format-standard","has-post-thumbnail","hentry","category-sin-categoria"],"yoast_head":"<!-- This site is optimized with the Yoast SEO plugin v20.8 - https:\/\/yoast.com\/wordpress\/plugins\/seo\/ -->\n<title>Nueva edici\u00f3n de las Jornadas Forma-TEA para visibilizar y comprender el TEA - Torredonjimeno Actualidad<\/title>\n<meta name=\"robots\" content=\"index, follow, max-snippet:-1, max-image-preview:large, max-video-preview:-1\" \/>\n<link rel=\"canonical\" href=\"https:\/\/torredonjimenoactualidad.com\/index.php\/2025\/11\/14\/nueva-edicion-de-las-jornadas-forma-tea-para-visibilizar-y-comprender-el-tea\/\" \/>\n<meta property=\"og:locale\" content=\"es_ES\" \/>\n<meta property=\"og:type\" content=\"article\" \/>\n<meta property=\"og:title\" content=\"Nueva edici\u00f3n de las Jornadas Forma-TEA para visibilizar y comprender el TEA - Torredonjimeno Actualidad\" \/>\n<meta property=\"og:description\" content=\"Dar a conocer al mundo el trastorno del espectro autista (TEA). Ese es el objetivo principal que persigue un a\u00f1o m\u00e1s la Asociaci\u00f3n Autismo Ja\u00e9n con la organizaci\u00f3n de las Jornadas Forma-TEA, una iniciativa que cuenta con la colaboraci\u00f3n del Ayuntamiento de Torredonjimeno. La nueva edici\u00f3n arrancar\u00e1 el pr\u00f3ximo\u00a026 de noviembre\u00a0y contempla la celebraci\u00f3n de\u00a0cuatro &hellip; Nueva edici\u00f3n de las Jornadas Forma-TEA para visibilizar y comprender el TEA Leer m\u00e1s &raquo;\" \/>\n<meta property=\"og:url\" content=\"https:\/\/torredonjimenoactualidad.com\/index.php\/2025\/11\/14\/nueva-edicion-de-las-jornadas-forma-tea-para-visibilizar-y-comprender-el-tea\/\" \/>\n<meta property=\"og:site_name\" content=\"Torredonjimeno Actualidad\" \/>\n<meta property=\"article:published_time\" content=\"2025-11-14T16:51:22+00:00\" \/>\n<meta property=\"article:modified_time\" content=\"2025-11-14T16:51:23+00:00\" \/>\n<meta property=\"og:image\" content=\"https:\/\/torredonjimenoactualidad.com\/wp-content\/uploads\/2025\/11\/aa75de07-ea81-46fc-8d34-97b8c8583614.jpg\" \/>\n\t<meta property=\"og:image:width\" content=\"1134\" \/>\n\t<meta property=\"og:image:height\" content=\"648\" \/>\n\t<meta property=\"og:image:type\" content=\"image\/jpeg\" \/>\n<meta name=\"author\" content=\"Redaccion\" \/>\n<meta name=\"twitter:card\" content=\"summary_large_image\" \/>\n<meta name=\"twitter:label1\" content=\"Escrito por\" \/>\n\t<meta name=\"twitter:data1\" content=\"Redaccion\" \/>\n\t<meta name=\"twitter:label2\" content=\"Tiempo de lectura\" \/>\n\t<meta name=\"twitter:data2\" content=\"3 minutos\" \/>\n<script type=\"application\/ld+json\" class=\"yoast-schema-graph\">{\"@context\":\"https:\/\/schema.org\",\"@graph\":[{\"@type\":\"Article\",\"@id\":\"https:\/\/torredonjimenoactualidad.com\/index.php\/2025\/11\/14\/nueva-edicion-de-las-jornadas-forma-tea-para-visibilizar-y-comprender-el-tea\/#article\",\"isPartOf\":{\"@id\":\"https:\/\/torredonjimenoactualidad.com\/index.php\/2025\/11\/14\/nueva-edicion-de-las-jornadas-forma-tea-para-visibilizar-y-comprender-el-tea\/\"},\"author\":{\"name\":\"Redaccion\",\"@id\":\"https:\/\/torredonjimenoactualidad.com\/#\/schema\/person\/11f05803cdf40dbeb7f4fbf2365c9ac5\"},\"headline\":\"Nueva edici\u00f3n de las Jornadas Forma-TEA para visibilizar y comprender el TEA\",\"datePublished\":\"2025-11-14T16:51:22+00:00\",\"dateModified\":\"2025-11-14T16:51:23+00:00\",\"mainEntityOfPage\":{\"@id\":\"https:\/\/torredonjimenoactualidad.com\/index.php\/2025\/11\/14\/nueva-edicion-de-las-jornadas-forma-tea-para-visibilizar-y-comprender-el-tea\/\"},\"wordCount\":671,\"publisher\":{\"@id\":\"https:\/\/torredonjimenoactualidad.com\/#organization\"},\"inLanguage\":\"es\"},{\"@type\":\"WebPage\",\"@id\":\"https:\/\/torredonjimenoactualidad.com\/index.php\/2025\/11\/14\/nueva-edicion-de-las-jornadas-forma-tea-para-visibilizar-y-comprender-el-tea\/\",\"url\":\"https:\/\/torredonjimenoactualidad.com\/index.php\/2025\/11\/14\/nueva-edicion-de-las-jornadas-forma-tea-para-visibilizar-y-comprender-el-tea\/\",\"name\":\"Nueva edici\u00f3n de las Jornadas Forma-TEA para visibilizar y comprender el TEA - Torredonjimeno Actualidad\",\"isPartOf\":{\"@id\":\"https:\/\/torredonjimenoactualidad.com\/#website\"},\"datePublished\":\"2025-11-14T16:51:22+00:00\",\"dateModified\":\"2025-11-14T16:51:23+00:00\",\"breadcrumb\":{\"@id\":\"https:\/\/torredonjimenoactualidad.com\/index.php\/2025\/11\/14\/nueva-edicion-de-las-jornadas-forma-tea-para-visibilizar-y-comprender-el-tea\/#breadcrumb\"},\"inLanguage\":\"es\",\"potentialAction\":[{\"@type\":\"ReadAction\",\"target\":[\"https:\/\/torredonjimenoactualidad.com\/index.php\/2025\/11\/14\/nueva-edicion-de-las-jornadas-forma-tea-para-visibilizar-y-comprender-el-tea\/\"]}]},{\"@type\":\"BreadcrumbList\",\"@id\":\"https:\/\/torredonjimenoactualidad.com\/index.php\/2025\/11\/14\/nueva-edicion-de-las-jornadas-forma-tea-para-visibilizar-y-comprender-el-tea\/#breadcrumb\",\"itemListElement\":[{\"@type\":\"ListItem\",\"position\":1,\"name\":\"Portada\",\"item\":\"https:\/\/torredonjimenoactualidad.com\/\"},{\"@type\":\"ListItem\",\"position\":2,\"name\":\"Nueva edici\u00f3n de las Jornadas Forma-TEA para visibilizar y comprender el TEA\"}]},{\"@type\":\"WebSite\",\"@id\":\"https:\/\/torredonjimenoactualidad.com\/#website\",\"url\":\"https:\/\/torredonjimenoactualidad.com\/\",\"name\":\"Torredonjimeno Actualidad\",\"description\":\"\",\"publisher\":{\"@id\":\"https:\/\/torredonjimenoactualidad.com\/#organization\"},\"potentialAction\":[{\"@type\":\"SearchAction\",\"target\":{\"@type\":\"EntryPoint\",\"urlTemplate\":\"https:\/\/torredonjimenoactualidad.com\/?s={search_term_string}\"},\"query-input\":\"required name=search_term_string\"}],\"inLanguage\":\"es\"},{\"@type\":\"Organization\",\"@id\":\"https:\/\/torredonjimenoactualidad.com\/#organization\",\"name\":\"Torredonjimeno Actualidad\",\"url\":\"https:\/\/torredonjimenoactualidad.com\/\",\"logo\":{\"@type\":\"ImageObject\",\"inLanguage\":\"es\",\"@id\":\"https:\/\/torredonjimenoactualidad.com\/#\/schema\/logo\/image\/\",\"url\":\"https:\/\/torredonjimenoactualidad.com\/wp-content\/uploads\/2023\/02\/logo-torredonjimeno-544x180-1.png\",\"contentUrl\":\"https:\/\/torredonjimenoactualidad.com\/wp-content\/uploads\/2023\/02\/logo-torredonjimeno-544x180-1.png\",\"width\":545,\"height\":112,\"caption\":\"Torredonjimeno Actualidad\"},\"image\":{\"@id\":\"https:\/\/torredonjimenoactualidad.com\/#\/schema\/logo\/image\/\"}},{\"@type\":\"Person\",\"@id\":\"https:\/\/torredonjimenoactualidad.com\/#\/schema\/person\/11f05803cdf40dbeb7f4fbf2365c9ac5\",\"name\":\"Redaccion\",\"image\":{\"@type\":\"ImageObject\",\"inLanguage\":\"es\",\"@id\":\"https:\/\/torredonjimenoactualidad.com\/#\/schema\/person\/image\/\",\"url\":\"https:\/\/secure.gravatar.com\/avatar\/5917bab7eff43e17746fd29b509939469470810b6b989b7cc2f89e3188399bf3?s=96&d=mm&r=g\",\"contentUrl\":\"https:\/\/secure.gravatar.com\/avatar\/5917bab7eff43e17746fd29b509939469470810b6b989b7cc2f89e3188399bf3?s=96&d=mm&r=g\",\"caption\":\"Redaccion\"},\"url\":\"https:\/\/torredonjimenoactualidad.com\/index.php\/author\/jose-bueno\/\"}]}<\/script>\n<!-- \/ Yoast SEO plugin. -->","yoast_head_json":{"title":"Nueva edici\u00f3n de las Jornadas Forma-TEA para visibilizar y comprender el TEA - Torredonjimeno Actualidad","robots":{"index":"index","follow":"follow","max-snippet":"max-snippet:-1","max-image-preview":"max-image-preview:large","max-video-preview":"max-video-preview:-1"},"canonical":"https:\/\/torredonjimenoactualidad.com\/index.php\/2025\/11\/14\/nueva-edicion-de-las-jornadas-forma-tea-para-visibilizar-y-comprender-el-tea\/","og_locale":"es_ES","og_type":"article","og_title":"Nueva edici\u00f3n de las Jornadas Forma-TEA para visibilizar y comprender el TEA - Torredonjimeno Actualidad","og_description":"Dar a conocer al mundo el trastorno del espectro autista (TEA). Ese es el objetivo principal que persigue un a\u00f1o m\u00e1s la Asociaci\u00f3n Autismo Ja\u00e9n con la organizaci\u00f3n de las Jornadas Forma-TEA, una iniciativa que cuenta con la colaboraci\u00f3n del Ayuntamiento de Torredonjimeno. La nueva edici\u00f3n arrancar\u00e1 el pr\u00f3ximo\u00a026 de noviembre\u00a0y contempla la celebraci\u00f3n de\u00a0cuatro &hellip; Nueva edici\u00f3n de las Jornadas Forma-TEA para visibilizar y comprender el TEA Leer m\u00e1s &raquo;","og_url":"https:\/\/torredonjimenoactualidad.com\/index.php\/2025\/11\/14\/nueva-edicion-de-las-jornadas-forma-tea-para-visibilizar-y-comprender-el-tea\/","og_site_name":"Torredonjimeno Actualidad","article_published_time":"2025-11-14T16:51:22+00:00","article_modified_time":"2025-11-14T16:51:23+00:00","og_image":[{"width":1134,"height":648,"url":"https:\/\/torredonjimenoactualidad.com\/wp-content\/uploads\/2025\/11\/aa75de07-ea81-46fc-8d34-97b8c8583614.jpg","type":"image\/jpeg"}],"author":"Redaccion","twitter_card":"summary_large_image","twitter_misc":{"Escrito por":"Redaccion","Tiempo de lectura":"3 minutos"},"schema":{"@context":"https:\/\/schema.org","@graph":[{"@type":"Article","@id":"https:\/\/torredonjimenoactualidad.com\/index.php\/2025\/11\/14\/nueva-edicion-de-las-jornadas-forma-tea-para-visibilizar-y-comprender-el-tea\/#article","isPartOf":{"@id":"https:\/\/torredonjimenoactualidad.com\/index.php\/2025\/11\/14\/nueva-edicion-de-las-jornadas-forma-tea-para-visibilizar-y-comprender-el-tea\/"},"author":{"name":"Redaccion","@id":"https:\/\/torredonjimenoactualidad.com\/#\/schema\/person\/11f05803cdf40dbeb7f4fbf2365c9ac5"},"headline":"Nueva edici\u00f3n de las Jornadas Forma-TEA para visibilizar y comprender el TEA","datePublished":"2025-11-14T16:51:22+00:00","dateModified":"2025-11-14T16:51:23+00:00","mainEntityOfPage":{"@id":"https:\/\/torredonjimenoactualidad.com\/index.php\/2025\/11\/14\/nueva-edicion-de-las-jornadas-forma-tea-para-visibilizar-y-comprender-el-tea\/"},"wordCount":671,"publisher":{"@id":"https:\/\/torredonjimenoactualidad.com\/#organization"},"inLanguage":"es"},{"@type":"WebPage","@id":"https:\/\/torredonjimenoactualidad.com\/index.php\/2025\/11\/14\/nueva-edicion-de-las-jornadas-forma-tea-para-visibilizar-y-comprender-el-tea\/","url":"https:\/\/torredonjimenoactualidad.com\/index.php\/2025\/11\/14\/nueva-edicion-de-las-jornadas-forma-tea-para-visibilizar-y-comprender-el-tea\/","name":"Nueva edici\u00f3n de las Jornadas Forma-TEA para visibilizar y comprender el TEA - Torredonjimeno Actualidad","isPartOf":{"@id":"https:\/\/torredonjimenoactualidad.com\/#website"},"datePublished":"2025-11-14T16:51:22+00:00","dateModified":"2025-11-14T16:51:23+00:00","breadcrumb":{"@id":"https:\/\/torredonjimenoactualidad.com\/index.php\/2025\/11\/14\/nueva-edicion-de-las-jornadas-forma-tea-para-visibilizar-y-comprender-el-tea\/#breadcrumb"},"inLanguage":"es","potentialAction":[{"@type":"ReadAction","target":["https:\/\/torredonjimenoactualidad.com\/index.php\/2025\/11\/14\/nueva-edicion-de-las-jornadas-forma-tea-para-visibilizar-y-comprender-el-tea\/"]}]},{"@type":"BreadcrumbList","@id":"https:\/\/torredonjimenoactualidad.com\/index.php\/2025\/11\/14\/nueva-edicion-de-las-jornadas-forma-tea-para-visibilizar-y-comprender-el-tea\/#breadcrumb","itemListElement":[{"@type":"ListItem","position":1,"name":"Portada","item":"https:\/\/torredonjimenoactualidad.com\/"},{"@type":"ListItem","position":2,"name":"Nueva edici\u00f3n de las Jornadas Forma-TEA para visibilizar y comprender el TEA"}]},{"@type":"WebSite","@id":"https:\/\/torredonjimenoactualidad.com\/#website","url":"https:\/\/torredonjimenoactualidad.com\/","name":"Torredonjimeno Actualidad","description":"","publisher":{"@id":"https:\/\/torredonjimenoactualidad.com\/#organization"},"potentialAction":[{"@type":"SearchAction","target":{"@type":"EntryPoint","urlTemplate":"https:\/\/torredonjimenoactualidad.com\/?s={search_term_string}"},"query-input":"required name=search_term_string"}],"inLanguage":"es"},{"@type":"Organization","@id":"https:\/\/torredonjimenoactualidad.com\/#organization","name":"Torredonjimeno Actualidad","url":"https:\/\/torredonjimenoactualidad.com\/","logo":{"@type":"ImageObject","inLanguage":"es","@id":"https:\/\/torredonjimenoactualidad.com\/#\/schema\/logo\/image\/","url":"https:\/\/torredonjimenoactualidad.com\/wp-content\/uploads\/2023\/02\/logo-torredonjimeno-544x180-1.png","contentUrl":"https:\/\/torredonjimenoactualidad.com\/wp-content\/uploads\/2023\/02\/logo-torredonjimeno-544x180-1.png","width":545,"height":112,"caption":"Torredonjimeno Actualidad"},"image":{"@id":"https:\/\/torredonjimenoactualidad.com\/#\/schema\/logo\/image\/"}},{"@type":"Person","@id":"https:\/\/torredonjimenoactualidad.com\/#\/schema\/person\/11f05803cdf40dbeb7f4fbf2365c9ac5","name":"Redaccion","image":{"@type":"ImageObject","inLanguage":"es","@id":"https:\/\/torredonjimenoactualidad.com\/#\/schema\/person\/image\/","url":"https:\/\/secure.gravatar.com\/avatar\/5917bab7eff43e17746fd29b509939469470810b6b989b7cc2f89e3188399bf3?s=96&d=mm&r=g","contentUrl":"https:\/\/secure.gravatar.com\/avatar\/5917bab7eff43e17746fd29b509939469470810b6b989b7cc2f89e3188399bf3?s=96&d=mm&r=g","caption":"Redaccion"},"url":"https:\/\/torredonjimenoactualidad.com\/index.php\/author\/jose-bueno\/"}]}},"_links":{"self":[{"href":"https:\/\/torredonjimenoactualidad.com\/index.php\/wp-json\/wp\/v2\/posts\/4062","targetHints":{"allow":["GET"]}}],"collection":[{"href":"https:\/\/torredonjimenoactualidad.com\/index.php\/wp-json\/wp\/v2\/posts"}],"about":[{"href":"https:\/\/torredonjimenoactualidad.com\/index.php\/wp-json\/wp\/v2\/types\/post"}],"author":[{"embeddable":true,"href":"https:\/\/torredonjimenoactualidad.com\/index.php\/wp-json\/wp\/v2\/users\/3"}],"replies":[{"embeddable":true,"href":"https:\/\/torredonjimenoactualidad.com\/index.php\/wp-json\/wp\/v2\/comments?post=4062"}],"version-history":[{"count":1,"href":"https:\/\/torredonjimenoactualidad.com\/index.php\/wp-json\/wp\/v2\/posts\/4062\/revisions"}],"predecessor-version":[{"id":4064,"href":"https:\/\/torredonjimenoactualidad.com\/index.php\/wp-json\/wp\/v2\/posts\/4062\/revisions\/4064"}],"wp:featuredmedia":[{"embeddable":true,"href":"https:\/\/torredonjimenoactualidad.com\/index.php\/wp-json\/wp\/v2\/media\/4063"}],"wp:attachment":[{"href":"https:\/\/torredonjimenoactualidad.com\/index.php\/wp-json\/wp\/v2\/media?parent=4062"}],"wp:term":[{"taxonomy":"category","embeddable":true,"href":"https:\/\/torredonjimenoactualidad.com\/index.php\/wp-json\/wp\/v2\/categories?post=4062"},{"taxonomy":"post_tag","embeddable":true,"href":"https:\/\/torredonjimenoactualidad.com\/index.php\/wp-json\/wp\/v2\/tags?post=4062"}],"curies":[{"name":"wp","href":"https:\/\/api.w.org\/{rel}","templated":true}]}}