{"id":4040,"date":"2025-11-10T15:12:11","date_gmt":"2025-11-10T15:12:11","guid":{"rendered":"https:\/\/torredonjimenoactualidad.com\/?p=4040"},"modified":"2025-11-10T15:12:13","modified_gmt":"2025-11-10T15:12:13","slug":"exito-rotundo-de-la-xii-fiesta-del-primer-aceite-de-jaen-en-martos-miles-de-visitantes-y-record-de-ventas","status":"publish","type":"post","link":"https:\/\/torredonjimenoactualidad.com\/index.php\/2025\/11\/10\/exito-rotundo-de-la-xii-fiesta-del-primer-aceite-de-jaen-en-martos-miles-de-visitantes-y-record-de-ventas\/","title":{"rendered":"\u00c9xito rotundo de la XII Fiesta del Primer Aceite de Ja\u00e9n en Martos: miles de visitantes y r\u00e9cord de ventas"},"content":{"rendered":"\n<p>La XII edici\u00f3n de la&nbsp;<strong>Fiesta del Primer Aceite de Ja\u00e9n<\/strong>, organizada por la&nbsp;<strong>Diputaci\u00f3n Provincial<\/strong>, ha cerrado este fin de semana en&nbsp;<strong>Martos<\/strong>&nbsp;con un balance \u201cm\u00e1s que positivo\u201d. Seg\u00fan destac\u00f3 el diputado de Promoci\u00f3n y Turismo,&nbsp;<strong>Francisco Javier Lozano<\/strong>, el evento ha estado marcado por \u201cla gran afluencia de p\u00fablico\u201d y por el \u201celevado volumen de ventas de aceites de esta cosecha\u201d.<\/p>\n\n\n\n<p>Durante las dos jornadas de celebraci\u00f3n,&nbsp;<strong>miles de visitantes<\/strong>&nbsp;se acercaron hasta la ciudad marte\u00f1a atra\u00eddos por los&nbsp;<strong>aceites tempranos<\/strong>&nbsp;y por la&nbsp;<strong>amplia oferta de actividades complementarias<\/strong>, que colgaron el cartel de completo. \u201cHan sido miles de personas las que han visitado la feria, adquiriendo de forma masiva los primeros aceites y disfrutando de las catas, talleres y actuaciones\u201d, se\u00f1al\u00f3 Lozano, quien agradeci\u00f3 al Ayuntamiento de Martos su colaboraci\u00f3n e implicaci\u00f3n en la organizaci\u00f3n.<\/p>\n\n\n\n<p>El diputado calific\u00f3 esta edici\u00f3n de&nbsp;<strong>\u201c\u00e9xito rotundo\u201d<\/strong>, asegurando que el evento \u201cest\u00e1 cumpliendo con creces sus objetivos\u201d. \u201cNo s\u00f3lo hemos vuelto a refrendar nuestro liderazgo como provincia m\u00e1s importante del mundo en la producci\u00f3n de aceite de oliva de calidad, sino que tambi\u00e9n se ha puesto de manifiesto la enorme atracci\u00f3n que genera la cultura del olivar\u201d, subray\u00f3.<\/p>\n\n\n\n<p>El respaldo del p\u00fablico se ha dejado notar tambi\u00e9n en las ventas: las&nbsp;<strong>93 marcas de aceite de oliva virgen extra<\/strong>&nbsp;presentes, junto a&nbsp;<strong>empresas de cosm\u00e9tica y artesan\u00eda de la madera<\/strong>, manifestaron su satisfacci\u00f3n por la gran acogida recibida. En total, un&nbsp;<strong>centenar de expositores<\/strong>&nbsp;participaron en la feria.<\/p>\n\n\n\n<p>Las&nbsp;<strong>catas de las denominaciones de origen<\/strong>&nbsp;Sierra M\u00e1gina, Sierra de Cazorla y Sierra de Segura, junto a la&nbsp;<strong>IGP Aceite de Ja\u00e9n<\/strong>, agotaron todas sus plazas. Lo mismo ocurri\u00f3 con el&nbsp;<strong>taller de microalmazara<\/strong>&nbsp;de Oleoescuela Guardi\u00e1n de los Trofeos y las&nbsp;<strong>visitas guiadas<\/strong>&nbsp;por enclaves hist\u00f3ricos de Martos.<\/p>\n\n\n\n<p>El&nbsp;<strong>preg\u00f3n<\/strong>, a cargo del periodista&nbsp;<strong>Javier Ruiz<\/strong>, tambi\u00e9n congreg\u00f3 a numeroso p\u00fablico, en un acto en el que se nombr\u00f3&nbsp;<strong>embajador del aceite<\/strong>&nbsp;al presidente ejecutivo de Europa Press,&nbsp;<strong>As\u00eds Mart\u00edn de Cabiedes<\/strong>.<\/p>\n\n\n\n<p>El ambiente festivo se complet\u00f3 con&nbsp;<strong>desayunos con aceite temprano<\/strong>, una&nbsp;<strong>degustaci\u00f3n gastron\u00f3mica<\/strong>&nbsp;del chef&nbsp;<strong>Juan Jos\u00e9 Mesa<\/strong>&nbsp;(Restaurante Radis),&nbsp;<strong>actuaciones musicales<\/strong>&nbsp;del grupo&nbsp;<strong>Apache<\/strong>&nbsp;e&nbsp;<strong>Irene Mart\u00ednez<\/strong>, adem\u00e1s de espect\u00e1culos flamencos a cargo de&nbsp;<strong>Carmen Laguna<\/strong>&nbsp;y la&nbsp;<strong>Escuela Municipal de Danza<\/strong>, junto a actividades infantiles.<\/p>\n\n\n\n<p>Tras su paso por Martos, la&nbsp;<strong>Fiesta Anual del Primer Aceite de Ja\u00e9n<\/strong>&nbsp;se&nbsp;<strong>trasladar\u00e1 a Fuenlabrada (Madrid)<\/strong>&nbsp;del&nbsp;<strong>14 al 16 de noviembre<\/strong>, donde 35 empresas mostrar\u00e1n nuevamente lo mejor del oro l\u00edquido jiennense. All\u00ed tambi\u00e9n se celebrar\u00e1n&nbsp;<strong>catas, desayunos con AOVE temprano<\/strong>&nbsp;y&nbsp;<strong>degustaciones de productos Degusta Ja\u00e9n<\/strong>, continuando as\u00ed la promoci\u00f3n nacional del aceite de oliva virgen extra de la provincia.<\/p>\n","protected":false},"excerpt":{"rendered":"<p>La XII edici\u00f3n de la&nbsp;Fiesta del Primer Aceite de Ja\u00e9n, organizada por la&nbsp;Diputaci\u00f3n Provincial, ha cerrado este fin de semana en&nbsp;Martos&nbsp;con un balance \u201cm\u00e1s que positivo\u201d. Seg\u00fan destac\u00f3 el diputado de Promoci\u00f3n y Turismo,&nbsp;Francisco Javier Lozano, el evento ha estado marcado por \u201cla gran afluencia de p\u00fablico\u201d y por el \u201celevado volumen de ventas de &hellip;<\/p>\n<p class=\"read-more\"> <a class=\"\" href=\"https:\/\/torredonjimenoactualidad.com\/index.php\/2025\/11\/10\/exito-rotundo-de-la-xii-fiesta-del-primer-aceite-de-jaen-en-martos-miles-de-visitantes-y-record-de-ventas\/\"> <span class=\"screen-reader-text\">\u00c9xito rotundo de la XII Fiesta del Primer Aceite de Ja\u00e9n en Martos: miles de visitantes y r\u00e9cord de ventas<\/span> Leer m\u00e1s &raquo;<\/a><\/p>\n","protected":false},"author":2,"featured_media":4041,"comment_status":"closed","ping_status":"open","sticky":false,"template":"","format":"standard","meta":{"site-sidebar-layout":"default","site-content-layout":"default","ast-global-header-display":"","ast-main-header-display":"","ast-hfb-above-header-display":"","ast-hfb-below-header-display":"","ast-hfb-mobile-header-display":"","site-post-title":"","ast-breadcrumbs-content":"","ast-featured-img":"","footer-sml-layout":"","theme-transparent-header-meta":"","adv-header-id-meta":"","stick-header-meta":"","header-above-stick-meta":"","header-main-stick-meta":"","header-below-stick-meta":"","footnotes":""},"categories":[1],"tags":[],"class_list":["post-4040","post","type-post","status-publish","format-standard","has-post-thumbnail","hentry","category-sin-categoria"],"yoast_head":"<!-- This site is optimized with the Yoast SEO plugin v20.8 - https:\/\/yoast.com\/wordpress\/plugins\/seo\/ -->\n<title>\u00c9xito rotundo de la XII Fiesta del Primer Aceite de Ja\u00e9n en Martos: miles de visitantes y r\u00e9cord de ventas - Torredonjimeno Actualidad<\/title>\n<meta name=\"robots\" content=\"index, follow, max-snippet:-1, max-image-preview:large, max-video-preview:-1\" \/>\n<link rel=\"canonical\" href=\"https:\/\/torredonjimenoactualidad.com\/index.php\/2025\/11\/10\/exito-rotundo-de-la-xii-fiesta-del-primer-aceite-de-jaen-en-martos-miles-de-visitantes-y-record-de-ventas\/\" \/>\n<meta property=\"og:locale\" content=\"es_ES\" \/>\n<meta property=\"og:type\" content=\"article\" \/>\n<meta property=\"og:title\" content=\"\u00c9xito rotundo de la XII Fiesta del Primer Aceite de Ja\u00e9n en Martos: miles de visitantes y r\u00e9cord de ventas - Torredonjimeno Actualidad\" \/>\n<meta property=\"og:description\" content=\"La XII edici\u00f3n de la&nbsp;Fiesta del Primer Aceite de Ja\u00e9n, organizada por la&nbsp;Diputaci\u00f3n Provincial, ha cerrado este fin de semana en&nbsp;Martos&nbsp;con un balance \u201cm\u00e1s que positivo\u201d. Seg\u00fan destac\u00f3 el diputado de Promoci\u00f3n y Turismo,&nbsp;Francisco Javier Lozano, el evento ha estado marcado por \u201cla gran afluencia de p\u00fablico\u201d y por el \u201celevado volumen de ventas de &hellip; \u00c9xito rotundo de la XII Fiesta del Primer Aceite de Ja\u00e9n en Martos: miles de visitantes y r\u00e9cord de ventas Leer m\u00e1s &raquo;\" \/>\n<meta property=\"og:url\" content=\"https:\/\/torredonjimenoactualidad.com\/index.php\/2025\/11\/10\/exito-rotundo-de-la-xii-fiesta-del-primer-aceite-de-jaen-en-martos-miles-de-visitantes-y-record-de-ventas\/\" \/>\n<meta property=\"og:site_name\" content=\"Torredonjimeno Actualidad\" \/>\n<meta property=\"article:published_time\" content=\"2025-11-10T15:12:11+00:00\" \/>\n<meta property=\"article:modified_time\" content=\"2025-11-10T15:12:13+00:00\" \/>\n<meta property=\"og:image\" content=\"https:\/\/torredonjimenoactualidad.com\/wp-content\/uploads\/2025\/11\/fotonoticia_20251110142953_1920.jpg\" \/>\n\t<meta property=\"og:image:width\" content=\"1920\" \/>\n\t<meta property=\"og:image:height\" content=\"1097\" \/>\n\t<meta property=\"og:image:type\" content=\"image\/jpeg\" \/>\n<meta name=\"author\" content=\"Alba Mar\u00eda Torres\" \/>\n<meta name=\"twitter:card\" content=\"summary_large_image\" \/>\n<meta name=\"twitter:label1\" content=\"Escrito por\" \/>\n\t<meta name=\"twitter:data1\" content=\"Alba Mar\u00eda Torres\" \/>\n\t<meta name=\"twitter:label2\" content=\"Tiempo de lectura\" \/>\n\t<meta name=\"twitter:data2\" content=\"3 minutos\" \/>\n<script type=\"application\/ld+json\" class=\"yoast-schema-graph\">{\"@context\":\"https:\/\/schema.org\",\"@graph\":[{\"@type\":\"Article\",\"@id\":\"https:\/\/torredonjimenoactualidad.com\/index.php\/2025\/11\/10\/exito-rotundo-de-la-xii-fiesta-del-primer-aceite-de-jaen-en-martos-miles-de-visitantes-y-record-de-ventas\/#article\",\"isPartOf\":{\"@id\":\"https:\/\/torredonjimenoactualidad.com\/index.php\/2025\/11\/10\/exito-rotundo-de-la-xii-fiesta-del-primer-aceite-de-jaen-en-martos-miles-de-visitantes-y-record-de-ventas\/\"},\"author\":{\"name\":\"Alba Mar\u00eda Torres\",\"@id\":\"https:\/\/torredonjimenoactualidad.com\/#\/schema\/person\/84de5f233e783ef2c75151a532b54977\"},\"headline\":\"\u00c9xito rotundo de la XII Fiesta del Primer Aceite de Ja\u00e9n en Martos: miles de visitantes y r\u00e9cord de ventas\",\"datePublished\":\"2025-11-10T15:12:11+00:00\",\"dateModified\":\"2025-11-10T15:12:13+00:00\",\"mainEntityOfPage\":{\"@id\":\"https:\/\/torredonjimenoactualidad.com\/index.php\/2025\/11\/10\/exito-rotundo-de-la-xii-fiesta-del-primer-aceite-de-jaen-en-martos-miles-de-visitantes-y-record-de-ventas\/\"},\"wordCount\":556,\"publisher\":{\"@id\":\"https:\/\/torredonjimenoactualidad.com\/#organization\"},\"inLanguage\":\"es\"},{\"@type\":\"WebPage\",\"@id\":\"https:\/\/torredonjimenoactualidad.com\/index.php\/2025\/11\/10\/exito-rotundo-de-la-xii-fiesta-del-primer-aceite-de-jaen-en-martos-miles-de-visitantes-y-record-de-ventas\/\",\"url\":\"https:\/\/torredonjimenoactualidad.com\/index.php\/2025\/11\/10\/exito-rotundo-de-la-xii-fiesta-del-primer-aceite-de-jaen-en-martos-miles-de-visitantes-y-record-de-ventas\/\",\"name\":\"\u00c9xito rotundo de la XII Fiesta del Primer Aceite de Ja\u00e9n en Martos: miles de visitantes y r\u00e9cord de ventas - Torredonjimeno Actualidad\",\"isPartOf\":{\"@id\":\"https:\/\/torredonjimenoactualidad.com\/#website\"},\"datePublished\":\"2025-11-10T15:12:11+00:00\",\"dateModified\":\"2025-11-10T15:12:13+00:00\",\"breadcrumb\":{\"@id\":\"https:\/\/torredonjimenoactualidad.com\/index.php\/2025\/11\/10\/exito-rotundo-de-la-xii-fiesta-del-primer-aceite-de-jaen-en-martos-miles-de-visitantes-y-record-de-ventas\/#breadcrumb\"},\"inLanguage\":\"es\",\"potentialAction\":[{\"@type\":\"ReadAction\",\"target\":[\"https:\/\/torredonjimenoactualidad.com\/index.php\/2025\/11\/10\/exito-rotundo-de-la-xii-fiesta-del-primer-aceite-de-jaen-en-martos-miles-de-visitantes-y-record-de-ventas\/\"]}]},{\"@type\":\"BreadcrumbList\",\"@id\":\"https:\/\/torredonjimenoactualidad.com\/index.php\/2025\/11\/10\/exito-rotundo-de-la-xii-fiesta-del-primer-aceite-de-jaen-en-martos-miles-de-visitantes-y-record-de-ventas\/#breadcrumb\",\"itemListElement\":[{\"@type\":\"ListItem\",\"position\":1,\"name\":\"Portada\",\"item\":\"https:\/\/torredonjimenoactualidad.com\/\"},{\"@type\":\"ListItem\",\"position\":2,\"name\":\"\u00c9xito rotundo de la XII Fiesta del Primer Aceite de Ja\u00e9n en Martos: miles de visitantes y r\u00e9cord de ventas\"}]},{\"@type\":\"WebSite\",\"@id\":\"https:\/\/torredonjimenoactualidad.com\/#website\",\"url\":\"https:\/\/torredonjimenoactualidad.com\/\",\"name\":\"Torredonjimeno Actualidad\",\"description\":\"\",\"publisher\":{\"@id\":\"https:\/\/torredonjimenoactualidad.com\/#organization\"},\"potentialAction\":[{\"@type\":\"SearchAction\",\"target\":{\"@type\":\"EntryPoint\",\"urlTemplate\":\"https:\/\/torredonjimenoactualidad.com\/?s={search_term_string}\"},\"query-input\":\"required name=search_term_string\"}],\"inLanguage\":\"es\"},{\"@type\":\"Organization\",\"@id\":\"https:\/\/torredonjimenoactualidad.com\/#organization\",\"name\":\"Torredonjimeno Actualidad\",\"url\":\"https:\/\/torredonjimenoactualidad.com\/\",\"logo\":{\"@type\":\"ImageObject\",\"inLanguage\":\"es\",\"@id\":\"https:\/\/torredonjimenoactualidad.com\/#\/schema\/logo\/image\/\",\"url\":\"https:\/\/torredonjimenoactualidad.com\/wp-content\/uploads\/2023\/02\/logo-torredonjimeno-544x180-1.png\",\"contentUrl\":\"https:\/\/torredonjimenoactualidad.com\/wp-content\/uploads\/2023\/02\/logo-torredonjimeno-544x180-1.png\",\"width\":545,\"height\":112,\"caption\":\"Torredonjimeno Actualidad\"},\"image\":{\"@id\":\"https:\/\/torredonjimenoactualidad.com\/#\/schema\/logo\/image\/\"}},{\"@type\":\"Person\",\"@id\":\"https:\/\/torredonjimenoactualidad.com\/#\/schema\/person\/84de5f233e783ef2c75151a532b54977\",\"name\":\"Alba Mar\u00eda Torres\",\"image\":{\"@type\":\"ImageObject\",\"inLanguage\":\"es\",\"@id\":\"https:\/\/torredonjimenoactualidad.com\/#\/schema\/person\/image\/\",\"url\":\"https:\/\/secure.gravatar.com\/avatar\/f9371f188c71501b4475a9ba2a71595850ec72967f800a2ed8e3e2102859ed65?s=96&d=mm&r=g\",\"contentUrl\":\"https:\/\/secure.gravatar.com\/avatar\/f9371f188c71501b4475a9ba2a71595850ec72967f800a2ed8e3e2102859ed65?s=96&d=mm&r=g\",\"caption\":\"Alba Mar\u00eda Torres\"},\"url\":\"https:\/\/torredonjimenoactualidad.com\/index.php\/author\/alba-torres\/\"}]}<\/script>\n<!-- \/ Yoast SEO plugin. -->","yoast_head_json":{"title":"\u00c9xito rotundo de la XII Fiesta del Primer Aceite de Ja\u00e9n en Martos: miles de visitantes y r\u00e9cord de ventas - Torredonjimeno Actualidad","robots":{"index":"index","follow":"follow","max-snippet":"max-snippet:-1","max-image-preview":"max-image-preview:large","max-video-preview":"max-video-preview:-1"},"canonical":"https:\/\/torredonjimenoactualidad.com\/index.php\/2025\/11\/10\/exito-rotundo-de-la-xii-fiesta-del-primer-aceite-de-jaen-en-martos-miles-de-visitantes-y-record-de-ventas\/","og_locale":"es_ES","og_type":"article","og_title":"\u00c9xito rotundo de la XII Fiesta del Primer Aceite de Ja\u00e9n en Martos: miles de visitantes y r\u00e9cord de ventas - Torredonjimeno Actualidad","og_description":"La XII edici\u00f3n de la&nbsp;Fiesta del Primer Aceite de Ja\u00e9n, organizada por la&nbsp;Diputaci\u00f3n Provincial, ha cerrado este fin de semana en&nbsp;Martos&nbsp;con un balance \u201cm\u00e1s que positivo\u201d. Seg\u00fan destac\u00f3 el diputado de Promoci\u00f3n y Turismo,&nbsp;Francisco Javier Lozano, el evento ha estado marcado por \u201cla gran afluencia de p\u00fablico\u201d y por el \u201celevado volumen de ventas de &hellip; \u00c9xito rotundo de la XII Fiesta del Primer Aceite de Ja\u00e9n en Martos: miles de visitantes y r\u00e9cord de ventas Leer m\u00e1s &raquo;","og_url":"https:\/\/torredonjimenoactualidad.com\/index.php\/2025\/11\/10\/exito-rotundo-de-la-xii-fiesta-del-primer-aceite-de-jaen-en-martos-miles-de-visitantes-y-record-de-ventas\/","og_site_name":"Torredonjimeno Actualidad","article_published_time":"2025-11-10T15:12:11+00:00","article_modified_time":"2025-11-10T15:12:13+00:00","og_image":[{"width":1920,"height":1097,"url":"https:\/\/torredonjimenoactualidad.com\/wp-content\/uploads\/2025\/11\/fotonoticia_20251110142953_1920.jpg","type":"image\/jpeg"}],"author":"Alba Mar\u00eda Torres","twitter_card":"summary_large_image","twitter_misc":{"Escrito por":"Alba Mar\u00eda Torres","Tiempo de lectura":"3 minutos"},"schema":{"@context":"https:\/\/schema.org","@graph":[{"@type":"Article","@id":"https:\/\/torredonjimenoactualidad.com\/index.php\/2025\/11\/10\/exito-rotundo-de-la-xii-fiesta-del-primer-aceite-de-jaen-en-martos-miles-de-visitantes-y-record-de-ventas\/#article","isPartOf":{"@id":"https:\/\/torredonjimenoactualidad.com\/index.php\/2025\/11\/10\/exito-rotundo-de-la-xii-fiesta-del-primer-aceite-de-jaen-en-martos-miles-de-visitantes-y-record-de-ventas\/"},"author":{"name":"Alba Mar\u00eda Torres","@id":"https:\/\/torredonjimenoactualidad.com\/#\/schema\/person\/84de5f233e783ef2c75151a532b54977"},"headline":"\u00c9xito rotundo de la XII Fiesta del Primer Aceite de Ja\u00e9n en Martos: miles de visitantes y r\u00e9cord de ventas","datePublished":"2025-11-10T15:12:11+00:00","dateModified":"2025-11-10T15:12:13+00:00","mainEntityOfPage":{"@id":"https:\/\/torredonjimenoactualidad.com\/index.php\/2025\/11\/10\/exito-rotundo-de-la-xii-fiesta-del-primer-aceite-de-jaen-en-martos-miles-de-visitantes-y-record-de-ventas\/"},"wordCount":556,"publisher":{"@id":"https:\/\/torredonjimenoactualidad.com\/#organization"},"inLanguage":"es"},{"@type":"WebPage","@id":"https:\/\/torredonjimenoactualidad.com\/index.php\/2025\/11\/10\/exito-rotundo-de-la-xii-fiesta-del-primer-aceite-de-jaen-en-martos-miles-de-visitantes-y-record-de-ventas\/","url":"https:\/\/torredonjimenoactualidad.com\/index.php\/2025\/11\/10\/exito-rotundo-de-la-xii-fiesta-del-primer-aceite-de-jaen-en-martos-miles-de-visitantes-y-record-de-ventas\/","name":"\u00c9xito rotundo de la XII Fiesta del Primer Aceite de Ja\u00e9n en Martos: miles de visitantes y r\u00e9cord de ventas - Torredonjimeno Actualidad","isPartOf":{"@id":"https:\/\/torredonjimenoactualidad.com\/#website"},"datePublished":"2025-11-10T15:12:11+00:00","dateModified":"2025-11-10T15:12:13+00:00","breadcrumb":{"@id":"https:\/\/torredonjimenoactualidad.com\/index.php\/2025\/11\/10\/exito-rotundo-de-la-xii-fiesta-del-primer-aceite-de-jaen-en-martos-miles-de-visitantes-y-record-de-ventas\/#breadcrumb"},"inLanguage":"es","potentialAction":[{"@type":"ReadAction","target":["https:\/\/torredonjimenoactualidad.com\/index.php\/2025\/11\/10\/exito-rotundo-de-la-xii-fiesta-del-primer-aceite-de-jaen-en-martos-miles-de-visitantes-y-record-de-ventas\/"]}]},{"@type":"BreadcrumbList","@id":"https:\/\/torredonjimenoactualidad.com\/index.php\/2025\/11\/10\/exito-rotundo-de-la-xii-fiesta-del-primer-aceite-de-jaen-en-martos-miles-de-visitantes-y-record-de-ventas\/#breadcrumb","itemListElement":[{"@type":"ListItem","position":1,"name":"Portada","item":"https:\/\/torredonjimenoactualidad.com\/"},{"@type":"ListItem","position":2,"name":"\u00c9xito rotundo de la XII Fiesta del Primer Aceite de Ja\u00e9n en Martos: miles de visitantes y r\u00e9cord de ventas"}]},{"@type":"WebSite","@id":"https:\/\/torredonjimenoactualidad.com\/#website","url":"https:\/\/torredonjimenoactualidad.com\/","name":"Torredonjimeno Actualidad","description":"","publisher":{"@id":"https:\/\/torredonjimenoactualidad.com\/#organization"},"potentialAction":[{"@type":"SearchAction","target":{"@type":"EntryPoint","urlTemplate":"https:\/\/torredonjimenoactualidad.com\/?s={search_term_string}"},"query-input":"required name=search_term_string"}],"inLanguage":"es"},{"@type":"Organization","@id":"https:\/\/torredonjimenoactualidad.com\/#organization","name":"Torredonjimeno Actualidad","url":"https:\/\/torredonjimenoactualidad.com\/","logo":{"@type":"ImageObject","inLanguage":"es","@id":"https:\/\/torredonjimenoactualidad.com\/#\/schema\/logo\/image\/","url":"https:\/\/torredonjimenoactualidad.com\/wp-content\/uploads\/2023\/02\/logo-torredonjimeno-544x180-1.png","contentUrl":"https:\/\/torredonjimenoactualidad.com\/wp-content\/uploads\/2023\/02\/logo-torredonjimeno-544x180-1.png","width":545,"height":112,"caption":"Torredonjimeno Actualidad"},"image":{"@id":"https:\/\/torredonjimenoactualidad.com\/#\/schema\/logo\/image\/"}},{"@type":"Person","@id":"https:\/\/torredonjimenoactualidad.com\/#\/schema\/person\/84de5f233e783ef2c75151a532b54977","name":"Alba Mar\u00eda Torres","image":{"@type":"ImageObject","inLanguage":"es","@id":"https:\/\/torredonjimenoactualidad.com\/#\/schema\/person\/image\/","url":"https:\/\/secure.gravatar.com\/avatar\/f9371f188c71501b4475a9ba2a71595850ec72967f800a2ed8e3e2102859ed65?s=96&d=mm&r=g","contentUrl":"https:\/\/secure.gravatar.com\/avatar\/f9371f188c71501b4475a9ba2a71595850ec72967f800a2ed8e3e2102859ed65?s=96&d=mm&r=g","caption":"Alba Mar\u00eda Torres"},"url":"https:\/\/torredonjimenoactualidad.com\/index.php\/author\/alba-torres\/"}]}},"_links":{"self":[{"href":"https:\/\/torredonjimenoactualidad.com\/index.php\/wp-json\/wp\/v2\/posts\/4040","targetHints":{"allow":["GET"]}}],"collection":[{"href":"https:\/\/torredonjimenoactualidad.com\/index.php\/wp-json\/wp\/v2\/posts"}],"about":[{"href":"https:\/\/torredonjimenoactualidad.com\/index.php\/wp-json\/wp\/v2\/types\/post"}],"author":[{"embeddable":true,"href":"https:\/\/torredonjimenoactualidad.com\/index.php\/wp-json\/wp\/v2\/users\/2"}],"replies":[{"embeddable":true,"href":"https:\/\/torredonjimenoactualidad.com\/index.php\/wp-json\/wp\/v2\/comments?post=4040"}],"version-history":[{"count":1,"href":"https:\/\/torredonjimenoactualidad.com\/index.php\/wp-json\/wp\/v2\/posts\/4040\/revisions"}],"predecessor-version":[{"id":4042,"href":"https:\/\/torredonjimenoactualidad.com\/index.php\/wp-json\/wp\/v2\/posts\/4040\/revisions\/4042"}],"wp:featuredmedia":[{"embeddable":true,"href":"https:\/\/torredonjimenoactualidad.com\/index.php\/wp-json\/wp\/v2\/media\/4041"}],"wp:attachment":[{"href":"https:\/\/torredonjimenoactualidad.com\/index.php\/wp-json\/wp\/v2\/media?parent=4040"}],"wp:term":[{"taxonomy":"category","embeddable":true,"href":"https:\/\/torredonjimenoactualidad.com\/index.php\/wp-json\/wp\/v2\/categories?post=4040"},{"taxonomy":"post_tag","embeddable":true,"href":"https:\/\/torredonjimenoactualidad.com\/index.php\/wp-json\/wp\/v2\/tags?post=4040"}],"curies":[{"name":"wp","href":"https:\/\/api.w.org\/{rel}","templated":true}]}}