{"id":3764,"date":"2025-08-25T12:40:27","date_gmt":"2025-08-25T12:40:27","guid":{"rendered":"https:\/\/torredonjimenoactualidad.com\/?p=3764"},"modified":"2025-08-25T12:40:29","modified_gmt":"2025-08-25T12:40:29","slug":"torredonjimeno-recibira-14-700-euros-para-recuperar-las-quebradas-dentro-del-plan-provincial-de-lucha-contra-el-cambio-climatico","status":"publish","type":"post","link":"https:\/\/torredonjimenoactualidad.com\/index.php\/2025\/08\/25\/torredonjimeno-recibira-14-700-euros-para-recuperar-las-quebradas-dentro-del-plan-provincial-de-lucha-contra-el-cambio-climatico\/","title":{"rendered":"Torredonjimeno recibir\u00e1 14.700 euros para recuperar Las Quebradas dentro del Plan Provincial de Lucha contra el Cambio Clim\u00e1tico"},"content":{"rendered":"\n<p>Torredonjimeno ser\u00e1 uno de los 66 municipios de la provincia de Ja\u00e9n que este a\u00f1o se beneficiar\u00e1n de las subvenciones incluidas en el Plan Provincial de Lucha contra el Cambio Clim\u00e1tico, una iniciativa impulsada por la Diputaci\u00f3n de Ja\u00e9n que ha incrementado su presupuesto hasta alcanzar los&nbsp;<strong>640.000 euros<\/strong>.<\/p>\n\n\n\n<p>En el caso concreto de Torredonjimeno, la ayuda asciende a&nbsp;<strong>14.700 euros<\/strong>, cantidad que se destinar\u00e1 a&nbsp;<strong>acciones de mejora y recuperaci\u00f3n en el parque periurbano de Las Quebradas<\/strong>, un entorno de gran valor medioambiental y paisaj\u00edstico. El proyecto contempla la&nbsp;<strong>plantaci\u00f3n de vegetaci\u00f3n aut\u00f3ctona<\/strong>&nbsp;y el&nbsp;<strong>fomento de la biodiversidad<\/strong>, con el objetivo de reforzar este espacio natural y ponerlo en valor como recurso sostenible para la ciudadan\u00eda.<\/p>\n\n\n\n<p>La diputada de Medio Ambiente y Cambio Clim\u00e1tico,&nbsp;<strong>Isabel Uceda<\/strong>, ha detallado que estas subvenciones se dividen en dos l\u00edneas: una dotada con 100.000 euros destinada a proyectos de sensibilizaci\u00f3n, formaci\u00f3n y participaci\u00f3n ciudadana, y otra con 540.000 euros enfocada en la mitigaci\u00f3n del cambio clim\u00e1tico, la adaptaci\u00f3n y la transici\u00f3n energ\u00e9tica.<\/p>\n\n\n\n<p>\u201cSon proyectos que demuestran el alcance de las acciones impulsadas por la Diputaci\u00f3n de Ja\u00e9n en colaboraci\u00f3n con los ayuntamientos y que contribuir\u00e1n activamente a cumplir los objetivos del Plan Provincial de Lucha contra el Cambio Clim\u00e1tico\u201d, ha se\u00f1alado Uceda.<\/p>\n\n\n\n<p>Entre los 66 proyectos aprobados, 27 corresponden a iniciativas de sensibilizaci\u00f3n y 39 a proyectos de inversi\u00f3n. Algunos ejemplos son la creaci\u00f3n de refugios clim\u00e1ticos mediante la plantaci\u00f3n de \u00e1rboles en Marmolejo o la instalaci\u00f3n de sistemas fotovoltaicos en Esca\u00f1uela y G\u00e9nave.<\/p>\n\n\n\n<p>El Plan Provincial de Lucha contra el Cambio Clim\u00e1tico contempla un total de&nbsp;<strong>16 programas, 47 proyectos y 294 acciones<\/strong>&nbsp;que abarcan desde la gesti\u00f3n energ\u00e9tica y la protecci\u00f3n del medio natural hasta aspectos econ\u00f3micos como la agricultura, el turismo o el comercio, adem\u00e1s de cuestiones sociales vinculadas al bienestar ciudadano.<\/p>\n","protected":false},"excerpt":{"rendered":"<p>Torredonjimeno ser\u00e1 uno de los 66 municipios de la provincia de Ja\u00e9n que este a\u00f1o se beneficiar\u00e1n de las subvenciones incluidas en el Plan Provincial de Lucha contra el Cambio Clim\u00e1tico, una iniciativa impulsada por la Diputaci\u00f3n de Ja\u00e9n que ha incrementado su presupuesto hasta alcanzar los&nbsp;640.000 euros. En el caso concreto de Torredonjimeno, la &hellip;<\/p>\n<p class=\"read-more\"> <a class=\"\" href=\"https:\/\/torredonjimenoactualidad.com\/index.php\/2025\/08\/25\/torredonjimeno-recibira-14-700-euros-para-recuperar-las-quebradas-dentro-del-plan-provincial-de-lucha-contra-el-cambio-climatico\/\"> <span class=\"screen-reader-text\">Torredonjimeno recibir\u00e1 14.700 euros para recuperar Las Quebradas dentro del Plan Provincial de Lucha contra el Cambio Clim\u00e1tico<\/span> Leer m\u00e1s &raquo;<\/a><\/p>\n","protected":false},"author":2,"featured_media":3765,"comment_status":"closed","ping_status":"open","sticky":false,"template":"","format":"standard","meta":{"site-sidebar-layout":"default","site-content-layout":"default","ast-global-header-display":"","ast-main-header-display":"","ast-hfb-above-header-display":"","ast-hfb-below-header-display":"","ast-hfb-mobile-header-display":"","site-post-title":"","ast-breadcrumbs-content":"","ast-featured-img":"","footer-sml-layout":"","theme-transparent-header-meta":"","adv-header-id-meta":"","stick-header-meta":"","header-above-stick-meta":"","header-main-stick-meta":"","header-below-stick-meta":"","footnotes":""},"categories":[7],"tags":[],"class_list":["post-3764","post","type-post","status-publish","format-standard","has-post-thumbnail","hentry","category-local"],"yoast_head":"<!-- This site is optimized with the Yoast SEO plugin v20.8 - https:\/\/yoast.com\/wordpress\/plugins\/seo\/ -->\n<title>Torredonjimeno recibir\u00e1 14.700 euros para recuperar Las Quebradas dentro del Plan Provincial de Lucha contra el Cambio Clim\u00e1tico - Torredonjimeno Actualidad<\/title>\n<meta name=\"robots\" content=\"index, follow, max-snippet:-1, max-image-preview:large, max-video-preview:-1\" \/>\n<link rel=\"canonical\" href=\"https:\/\/torredonjimenoactualidad.com\/index.php\/2025\/08\/25\/torredonjimeno-recibira-14-700-euros-para-recuperar-las-quebradas-dentro-del-plan-provincial-de-lucha-contra-el-cambio-climatico\/\" \/>\n<meta property=\"og:locale\" content=\"es_ES\" \/>\n<meta property=\"og:type\" content=\"article\" \/>\n<meta property=\"og:title\" content=\"Torredonjimeno recibir\u00e1 14.700 euros para recuperar Las Quebradas dentro del Plan Provincial de Lucha contra el Cambio Clim\u00e1tico - Torredonjimeno Actualidad\" \/>\n<meta property=\"og:description\" content=\"Torredonjimeno ser\u00e1 uno de los 66 municipios de la provincia de Ja\u00e9n que este a\u00f1o se beneficiar\u00e1n de las subvenciones incluidas en el Plan Provincial de Lucha contra el Cambio Clim\u00e1tico, una iniciativa impulsada por la Diputaci\u00f3n de Ja\u00e9n que ha incrementado su presupuesto hasta alcanzar los&nbsp;640.000 euros. En el caso concreto de Torredonjimeno, la &hellip; Torredonjimeno recibir\u00e1 14.700 euros para recuperar Las Quebradas dentro del Plan Provincial de Lucha contra el Cambio Clim\u00e1tico Leer m\u00e1s &raquo;\" \/>\n<meta property=\"og:url\" content=\"https:\/\/torredonjimenoactualidad.com\/index.php\/2025\/08\/25\/torredonjimeno-recibira-14-700-euros-para-recuperar-las-quebradas-dentro-del-plan-provincial-de-lucha-contra-el-cambio-climatico\/\" \/>\n<meta property=\"og:site_name\" content=\"Torredonjimeno Actualidad\" \/>\n<meta property=\"article:published_time\" content=\"2025-08-25T12:40:27+00:00\" \/>\n<meta property=\"article:modified_time\" content=\"2025-08-25T12:40:29+00:00\" \/>\n<meta property=\"og:image\" content=\"https:\/\/torredonjimenoactualidad.com\/wp-content\/uploads\/2025\/08\/DSC02690-1024x586.jpg\" \/>\n\t<meta property=\"og:image:width\" content=\"1024\" \/>\n\t<meta property=\"og:image:height\" content=\"586\" \/>\n\t<meta property=\"og:image:type\" content=\"image\/jpeg\" \/>\n<meta name=\"author\" content=\"Alba Mar\u00eda Torres\" \/>\n<meta name=\"twitter:card\" content=\"summary_large_image\" \/>\n<meta name=\"twitter:label1\" content=\"Escrito por\" \/>\n\t<meta name=\"twitter:data1\" content=\"Alba Mar\u00eda Torres\" \/>\n\t<meta name=\"twitter:label2\" content=\"Tiempo de lectura\" \/>\n\t<meta name=\"twitter:data2\" content=\"2 minutos\" \/>\n<script type=\"application\/ld+json\" class=\"yoast-schema-graph\">{\"@context\":\"https:\/\/schema.org\",\"@graph\":[{\"@type\":\"Article\",\"@id\":\"https:\/\/torredonjimenoactualidad.com\/index.php\/2025\/08\/25\/torredonjimeno-recibira-14-700-euros-para-recuperar-las-quebradas-dentro-del-plan-provincial-de-lucha-contra-el-cambio-climatico\/#article\",\"isPartOf\":{\"@id\":\"https:\/\/torredonjimenoactualidad.com\/index.php\/2025\/08\/25\/torredonjimeno-recibira-14-700-euros-para-recuperar-las-quebradas-dentro-del-plan-provincial-de-lucha-contra-el-cambio-climatico\/\"},\"author\":{\"name\":\"Alba Mar\u00eda Torres\",\"@id\":\"https:\/\/torredonjimenoactualidad.com\/#\/schema\/person\/84de5f233e783ef2c75151a532b54977\"},\"headline\":\"Torredonjimeno recibir\u00e1 14.700 euros para recuperar Las Quebradas dentro del Plan Provincial de Lucha contra el Cambio Clim\u00e1tico\",\"datePublished\":\"2025-08-25T12:40:27+00:00\",\"dateModified\":\"2025-08-25T12:40:29+00:00\",\"mainEntityOfPage\":{\"@id\":\"https:\/\/torredonjimenoactualidad.com\/index.php\/2025\/08\/25\/torredonjimeno-recibira-14-700-euros-para-recuperar-las-quebradas-dentro-del-plan-provincial-de-lucha-contra-el-cambio-climatico\/\"},\"wordCount\":361,\"publisher\":{\"@id\":\"https:\/\/torredonjimenoactualidad.com\/#organization\"},\"articleSection\":[\"local\"],\"inLanguage\":\"es\"},{\"@type\":\"WebPage\",\"@id\":\"https:\/\/torredonjimenoactualidad.com\/index.php\/2025\/08\/25\/torredonjimeno-recibira-14-700-euros-para-recuperar-las-quebradas-dentro-del-plan-provincial-de-lucha-contra-el-cambio-climatico\/\",\"url\":\"https:\/\/torredonjimenoactualidad.com\/index.php\/2025\/08\/25\/torredonjimeno-recibira-14-700-euros-para-recuperar-las-quebradas-dentro-del-plan-provincial-de-lucha-contra-el-cambio-climatico\/\",\"name\":\"Torredonjimeno recibir\u00e1 14.700 euros para recuperar Las Quebradas dentro del Plan Provincial de Lucha contra el Cambio Clim\u00e1tico - Torredonjimeno Actualidad\",\"isPartOf\":{\"@id\":\"https:\/\/torredonjimenoactualidad.com\/#website\"},\"datePublished\":\"2025-08-25T12:40:27+00:00\",\"dateModified\":\"2025-08-25T12:40:29+00:00\",\"breadcrumb\":{\"@id\":\"https:\/\/torredonjimenoactualidad.com\/index.php\/2025\/08\/25\/torredonjimeno-recibira-14-700-euros-para-recuperar-las-quebradas-dentro-del-plan-provincial-de-lucha-contra-el-cambio-climatico\/#breadcrumb\"},\"inLanguage\":\"es\",\"potentialAction\":[{\"@type\":\"ReadAction\",\"target\":[\"https:\/\/torredonjimenoactualidad.com\/index.php\/2025\/08\/25\/torredonjimeno-recibira-14-700-euros-para-recuperar-las-quebradas-dentro-del-plan-provincial-de-lucha-contra-el-cambio-climatico\/\"]}]},{\"@type\":\"BreadcrumbList\",\"@id\":\"https:\/\/torredonjimenoactualidad.com\/index.php\/2025\/08\/25\/torredonjimeno-recibira-14-700-euros-para-recuperar-las-quebradas-dentro-del-plan-provincial-de-lucha-contra-el-cambio-climatico\/#breadcrumb\",\"itemListElement\":[{\"@type\":\"ListItem\",\"position\":1,\"name\":\"Portada\",\"item\":\"https:\/\/torredonjimenoactualidad.com\/\"},{\"@type\":\"ListItem\",\"position\":2,\"name\":\"Torredonjimeno recibir\u00e1 14.700 euros para recuperar Las Quebradas dentro del Plan Provincial de Lucha contra el Cambio Clim\u00e1tico\"}]},{\"@type\":\"WebSite\",\"@id\":\"https:\/\/torredonjimenoactualidad.com\/#website\",\"url\":\"https:\/\/torredonjimenoactualidad.com\/\",\"name\":\"Torredonjimeno Actualidad\",\"description\":\"\",\"publisher\":{\"@id\":\"https:\/\/torredonjimenoactualidad.com\/#organization\"},\"potentialAction\":[{\"@type\":\"SearchAction\",\"target\":{\"@type\":\"EntryPoint\",\"urlTemplate\":\"https:\/\/torredonjimenoactualidad.com\/?s={search_term_string}\"},\"query-input\":\"required name=search_term_string\"}],\"inLanguage\":\"es\"},{\"@type\":\"Organization\",\"@id\":\"https:\/\/torredonjimenoactualidad.com\/#organization\",\"name\":\"Torredonjimeno Actualidad\",\"url\":\"https:\/\/torredonjimenoactualidad.com\/\",\"logo\":{\"@type\":\"ImageObject\",\"inLanguage\":\"es\",\"@id\":\"https:\/\/torredonjimenoactualidad.com\/#\/schema\/logo\/image\/\",\"url\":\"https:\/\/torredonjimenoactualidad.com\/wp-content\/uploads\/2023\/02\/logo-torredonjimeno-544x180-1.png\",\"contentUrl\":\"https:\/\/torredonjimenoactualidad.com\/wp-content\/uploads\/2023\/02\/logo-torredonjimeno-544x180-1.png\",\"width\":545,\"height\":112,\"caption\":\"Torredonjimeno Actualidad\"},\"image\":{\"@id\":\"https:\/\/torredonjimenoactualidad.com\/#\/schema\/logo\/image\/\"}},{\"@type\":\"Person\",\"@id\":\"https:\/\/torredonjimenoactualidad.com\/#\/schema\/person\/84de5f233e783ef2c75151a532b54977\",\"name\":\"Alba Mar\u00eda Torres\",\"image\":{\"@type\":\"ImageObject\",\"inLanguage\":\"es\",\"@id\":\"https:\/\/torredonjimenoactualidad.com\/#\/schema\/person\/image\/\",\"url\":\"https:\/\/secure.gravatar.com\/avatar\/f9371f188c71501b4475a9ba2a71595850ec72967f800a2ed8e3e2102859ed65?s=96&d=mm&r=g\",\"contentUrl\":\"https:\/\/secure.gravatar.com\/avatar\/f9371f188c71501b4475a9ba2a71595850ec72967f800a2ed8e3e2102859ed65?s=96&d=mm&r=g\",\"caption\":\"Alba Mar\u00eda Torres\"},\"url\":\"https:\/\/torredonjimenoactualidad.com\/index.php\/author\/alba-torres\/\"}]}<\/script>\n<!-- \/ Yoast SEO plugin. -->","yoast_head_json":{"title":"Torredonjimeno recibir\u00e1 14.700 euros para recuperar Las Quebradas dentro del Plan Provincial de Lucha contra el Cambio Clim\u00e1tico - Torredonjimeno Actualidad","robots":{"index":"index","follow":"follow","max-snippet":"max-snippet:-1","max-image-preview":"max-image-preview:large","max-video-preview":"max-video-preview:-1"},"canonical":"https:\/\/torredonjimenoactualidad.com\/index.php\/2025\/08\/25\/torredonjimeno-recibira-14-700-euros-para-recuperar-las-quebradas-dentro-del-plan-provincial-de-lucha-contra-el-cambio-climatico\/","og_locale":"es_ES","og_type":"article","og_title":"Torredonjimeno recibir\u00e1 14.700 euros para recuperar Las Quebradas dentro del Plan Provincial de Lucha contra el Cambio Clim\u00e1tico - Torredonjimeno Actualidad","og_description":"Torredonjimeno ser\u00e1 uno de los 66 municipios de la provincia de Ja\u00e9n que este a\u00f1o se beneficiar\u00e1n de las subvenciones incluidas en el Plan Provincial de Lucha contra el Cambio Clim\u00e1tico, una iniciativa impulsada por la Diputaci\u00f3n de Ja\u00e9n que ha incrementado su presupuesto hasta alcanzar los&nbsp;640.000 euros. En el caso concreto de Torredonjimeno, la &hellip; Torredonjimeno recibir\u00e1 14.700 euros para recuperar Las Quebradas dentro del Plan Provincial de Lucha contra el Cambio Clim\u00e1tico Leer m\u00e1s &raquo;","og_url":"https:\/\/torredonjimenoactualidad.com\/index.php\/2025\/08\/25\/torredonjimeno-recibira-14-700-euros-para-recuperar-las-quebradas-dentro-del-plan-provincial-de-lucha-contra-el-cambio-climatico\/","og_site_name":"Torredonjimeno Actualidad","article_published_time":"2025-08-25T12:40:27+00:00","article_modified_time":"2025-08-25T12:40:29+00:00","og_image":[{"width":1024,"height":586,"url":"https:\/\/torredonjimenoactualidad.com\/wp-content\/uploads\/2025\/08\/DSC02690-1024x586.jpg","type":"image\/jpeg"}],"author":"Alba Mar\u00eda Torres","twitter_card":"summary_large_image","twitter_misc":{"Escrito por":"Alba Mar\u00eda Torres","Tiempo de lectura":"2 minutos"},"schema":{"@context":"https:\/\/schema.org","@graph":[{"@type":"Article","@id":"https:\/\/torredonjimenoactualidad.com\/index.php\/2025\/08\/25\/torredonjimeno-recibira-14-700-euros-para-recuperar-las-quebradas-dentro-del-plan-provincial-de-lucha-contra-el-cambio-climatico\/#article","isPartOf":{"@id":"https:\/\/torredonjimenoactualidad.com\/index.php\/2025\/08\/25\/torredonjimeno-recibira-14-700-euros-para-recuperar-las-quebradas-dentro-del-plan-provincial-de-lucha-contra-el-cambio-climatico\/"},"author":{"name":"Alba Mar\u00eda Torres","@id":"https:\/\/torredonjimenoactualidad.com\/#\/schema\/person\/84de5f233e783ef2c75151a532b54977"},"headline":"Torredonjimeno recibir\u00e1 14.700 euros para recuperar Las Quebradas dentro del Plan Provincial de Lucha contra el Cambio Clim\u00e1tico","datePublished":"2025-08-25T12:40:27+00:00","dateModified":"2025-08-25T12:40:29+00:00","mainEntityOfPage":{"@id":"https:\/\/torredonjimenoactualidad.com\/index.php\/2025\/08\/25\/torredonjimeno-recibira-14-700-euros-para-recuperar-las-quebradas-dentro-del-plan-provincial-de-lucha-contra-el-cambio-climatico\/"},"wordCount":361,"publisher":{"@id":"https:\/\/torredonjimenoactualidad.com\/#organization"},"articleSection":["local"],"inLanguage":"es"},{"@type":"WebPage","@id":"https:\/\/torredonjimenoactualidad.com\/index.php\/2025\/08\/25\/torredonjimeno-recibira-14-700-euros-para-recuperar-las-quebradas-dentro-del-plan-provincial-de-lucha-contra-el-cambio-climatico\/","url":"https:\/\/torredonjimenoactualidad.com\/index.php\/2025\/08\/25\/torredonjimeno-recibira-14-700-euros-para-recuperar-las-quebradas-dentro-del-plan-provincial-de-lucha-contra-el-cambio-climatico\/","name":"Torredonjimeno recibir\u00e1 14.700 euros para recuperar Las Quebradas dentro del Plan Provincial de Lucha contra el Cambio Clim\u00e1tico - Torredonjimeno Actualidad","isPartOf":{"@id":"https:\/\/torredonjimenoactualidad.com\/#website"},"datePublished":"2025-08-25T12:40:27+00:00","dateModified":"2025-08-25T12:40:29+00:00","breadcrumb":{"@id":"https:\/\/torredonjimenoactualidad.com\/index.php\/2025\/08\/25\/torredonjimeno-recibira-14-700-euros-para-recuperar-las-quebradas-dentro-del-plan-provincial-de-lucha-contra-el-cambio-climatico\/#breadcrumb"},"inLanguage":"es","potentialAction":[{"@type":"ReadAction","target":["https:\/\/torredonjimenoactualidad.com\/index.php\/2025\/08\/25\/torredonjimeno-recibira-14-700-euros-para-recuperar-las-quebradas-dentro-del-plan-provincial-de-lucha-contra-el-cambio-climatico\/"]}]},{"@type":"BreadcrumbList","@id":"https:\/\/torredonjimenoactualidad.com\/index.php\/2025\/08\/25\/torredonjimeno-recibira-14-700-euros-para-recuperar-las-quebradas-dentro-del-plan-provincial-de-lucha-contra-el-cambio-climatico\/#breadcrumb","itemListElement":[{"@type":"ListItem","position":1,"name":"Portada","item":"https:\/\/torredonjimenoactualidad.com\/"},{"@type":"ListItem","position":2,"name":"Torredonjimeno recibir\u00e1 14.700 euros para recuperar Las Quebradas dentro del Plan Provincial de Lucha contra el Cambio Clim\u00e1tico"}]},{"@type":"WebSite","@id":"https:\/\/torredonjimenoactualidad.com\/#website","url":"https:\/\/torredonjimenoactualidad.com\/","name":"Torredonjimeno Actualidad","description":"","publisher":{"@id":"https:\/\/torredonjimenoactualidad.com\/#organization"},"potentialAction":[{"@type":"SearchAction","target":{"@type":"EntryPoint","urlTemplate":"https:\/\/torredonjimenoactualidad.com\/?s={search_term_string}"},"query-input":"required name=search_term_string"}],"inLanguage":"es"},{"@type":"Organization","@id":"https:\/\/torredonjimenoactualidad.com\/#organization","name":"Torredonjimeno Actualidad","url":"https:\/\/torredonjimenoactualidad.com\/","logo":{"@type":"ImageObject","inLanguage":"es","@id":"https:\/\/torredonjimenoactualidad.com\/#\/schema\/logo\/image\/","url":"https:\/\/torredonjimenoactualidad.com\/wp-content\/uploads\/2023\/02\/logo-torredonjimeno-544x180-1.png","contentUrl":"https:\/\/torredonjimenoactualidad.com\/wp-content\/uploads\/2023\/02\/logo-torredonjimeno-544x180-1.png","width":545,"height":112,"caption":"Torredonjimeno Actualidad"},"image":{"@id":"https:\/\/torredonjimenoactualidad.com\/#\/schema\/logo\/image\/"}},{"@type":"Person","@id":"https:\/\/torredonjimenoactualidad.com\/#\/schema\/person\/84de5f233e783ef2c75151a532b54977","name":"Alba Mar\u00eda Torres","image":{"@type":"ImageObject","inLanguage":"es","@id":"https:\/\/torredonjimenoactualidad.com\/#\/schema\/person\/image\/","url":"https:\/\/secure.gravatar.com\/avatar\/f9371f188c71501b4475a9ba2a71595850ec72967f800a2ed8e3e2102859ed65?s=96&d=mm&r=g","contentUrl":"https:\/\/secure.gravatar.com\/avatar\/f9371f188c71501b4475a9ba2a71595850ec72967f800a2ed8e3e2102859ed65?s=96&d=mm&r=g","caption":"Alba Mar\u00eda Torres"},"url":"https:\/\/torredonjimenoactualidad.com\/index.php\/author\/alba-torres\/"}]}},"_links":{"self":[{"href":"https:\/\/torredonjimenoactualidad.com\/index.php\/wp-json\/wp\/v2\/posts\/3764","targetHints":{"allow":["GET"]}}],"collection":[{"href":"https:\/\/torredonjimenoactualidad.com\/index.php\/wp-json\/wp\/v2\/posts"}],"about":[{"href":"https:\/\/torredonjimenoactualidad.com\/index.php\/wp-json\/wp\/v2\/types\/post"}],"author":[{"embeddable":true,"href":"https:\/\/torredonjimenoactualidad.com\/index.php\/wp-json\/wp\/v2\/users\/2"}],"replies":[{"embeddable":true,"href":"https:\/\/torredonjimenoactualidad.com\/index.php\/wp-json\/wp\/v2\/comments?post=3764"}],"version-history":[{"count":1,"href":"https:\/\/torredonjimenoactualidad.com\/index.php\/wp-json\/wp\/v2\/posts\/3764\/revisions"}],"predecessor-version":[{"id":3766,"href":"https:\/\/torredonjimenoactualidad.com\/index.php\/wp-json\/wp\/v2\/posts\/3764\/revisions\/3766"}],"wp:featuredmedia":[{"embeddable":true,"href":"https:\/\/torredonjimenoactualidad.com\/index.php\/wp-json\/wp\/v2\/media\/3765"}],"wp:attachment":[{"href":"https:\/\/torredonjimenoactualidad.com\/index.php\/wp-json\/wp\/v2\/media?parent=3764"}],"wp:term":[{"taxonomy":"category","embeddable":true,"href":"https:\/\/torredonjimenoactualidad.com\/index.php\/wp-json\/wp\/v2\/categories?post=3764"},{"taxonomy":"post_tag","embeddable":true,"href":"https:\/\/torredonjimenoactualidad.com\/index.php\/wp-json\/wp\/v2\/tags?post=3764"}],"curies":[{"name":"wp","href":"https:\/\/api.w.org\/{rel}","templated":true}]}}