{"id":3749,"date":"2025-08-21T15:21:45","date_gmt":"2025-08-21T15:21:45","guid":{"rendered":"https:\/\/torredonjimenoactualidad.com\/?p=3749"},"modified":"2025-08-21T15:24:57","modified_gmt":"2025-08-21T15:24:57","slug":"el-papa-leon-xiv-convoca-una-jornada-de-oracion-y-ayuno-por-la-paz-este-viernes","status":"publish","type":"post","link":"https:\/\/torredonjimenoactualidad.com\/index.php\/2025\/08\/21\/el-papa-leon-xiv-convoca-una-jornada-de-oracion-y-ayuno-por-la-paz-este-viernes\/","title":{"rendered":"El Papa Le\u00f3n XIV convoca una jornada de oraci\u00f3n y ayuno por la paz este viernes"},"content":{"rendered":"\n<p>Durante la audiencia general celebrada este pasado mi\u00e9rcoles 20 de agosto en el Aula Pablo VI, el Papa Le\u00f3n XIV volvi\u00f3 a insistir en la necesidad de oraciones por la paz y convoc\u00f3 a los fieles a una jornada especial de ayuno y oraci\u00f3n el pr\u00f3ximo viernes, 22 de agosto, coincidiendo con la memoria lit\u00fargica de la Sant\u00edsima Virgen Mar\u00eda, Reina.<\/p>\n\n\n\n<p>El Pont\u00edfice invit\u00f3 a los creyentes a encomendarse de manera particular a la intercesi\u00f3n de Mar\u00eda, pidiendo al Se\u00f1or \u201cque nos conceda la paz y la justicia, y que enjugue las l\u00e1grimas de quienes sufren a causa de los conflictos armados en curso\u201d.<\/p>\n\n\n\n<p>En sus palabras, Le\u00f3n XIV record\u00f3 que la Virgen Mar\u00eda es venerada como Madre de los creyentes y tambi\u00e9n como Reina de la Paz. \u201cMientras nuestra tierra sigue herida por las guerras en Tierra Santa, en Ucrania y en tantas otras regiones del mundo, confiamos a la Virgen Reina nuestro anhelo de concordia y reconciliaci\u00f3n\u201d, se\u00f1al\u00f3.<\/p>\n\n\n\n<p>Con esta convocatoria, el Papa refuerza su llamamiento constante a la oraci\u00f3n como camino de esperanza frente a la violencia y los conflictos que marcan la actualidad internacional.<\/p>\n","protected":false},"excerpt":{"rendered":"<p>Durante la audiencia general celebrada este pasado mi\u00e9rcoles 20 de agosto en el Aula Pablo VI, el Papa Le\u00f3n XIV volvi\u00f3 a insistir en la necesidad de oraciones por la paz y convoc\u00f3 a los fieles a una jornada especial de ayuno y oraci\u00f3n el pr\u00f3ximo viernes, 22 de agosto, coincidiendo con la memoria lit\u00fargica &hellip;<\/p>\n<p class=\"read-more\"> <a class=\"\" href=\"https:\/\/torredonjimenoactualidad.com\/index.php\/2025\/08\/21\/el-papa-leon-xiv-convoca-una-jornada-de-oracion-y-ayuno-por-la-paz-este-viernes\/\"> <span class=\"screen-reader-text\">El Papa Le\u00f3n XIV convoca una jornada de oraci\u00f3n y ayuno por la paz este viernes<\/span> Leer m\u00e1s &raquo;<\/a><\/p>\n","protected":false},"author":2,"featured_media":3750,"comment_status":"closed","ping_status":"open","sticky":false,"template":"","format":"standard","meta":{"site-sidebar-layout":"default","site-content-layout":"default","ast-global-header-display":"","ast-main-header-display":"","ast-hfb-above-header-display":"","ast-hfb-below-header-display":"","ast-hfb-mobile-header-display":"","site-post-title":"","ast-breadcrumbs-content":"","ast-featured-img":"","footer-sml-layout":"","theme-transparent-header-meta":"","adv-header-id-meta":"","stick-header-meta":"","header-above-stick-meta":"","header-main-stick-meta":"","header-below-stick-meta":"","footnotes":""},"categories":[8],"tags":[],"class_list":["post-3749","post","type-post","status-publish","format-standard","has-post-thumbnail","hentry","category-provincia"],"yoast_head":"<!-- This site is optimized with the Yoast SEO plugin v20.8 - https:\/\/yoast.com\/wordpress\/plugins\/seo\/ -->\n<title>El Papa Le\u00f3n XIV convoca una jornada de oraci\u00f3n y ayuno por la paz este viernes - Torredonjimeno Actualidad<\/title>\n<meta name=\"robots\" content=\"index, follow, max-snippet:-1, max-image-preview:large, max-video-preview:-1\" \/>\n<link rel=\"canonical\" href=\"https:\/\/torredonjimenoactualidad.com\/index.php\/2025\/08\/21\/el-papa-leon-xiv-convoca-una-jornada-de-oracion-y-ayuno-por-la-paz-este-viernes\/\" \/>\n<meta property=\"og:locale\" content=\"es_ES\" \/>\n<meta property=\"og:type\" content=\"article\" \/>\n<meta property=\"og:title\" content=\"El Papa Le\u00f3n XIV convoca una jornada de oraci\u00f3n y ayuno por la paz este viernes - Torredonjimeno Actualidad\" \/>\n<meta property=\"og:description\" content=\"Durante la audiencia general celebrada este pasado mi\u00e9rcoles 20 de agosto en el Aula Pablo VI, el Papa Le\u00f3n XIV volvi\u00f3 a insistir en la necesidad de oraciones por la paz y convoc\u00f3 a los fieles a una jornada especial de ayuno y oraci\u00f3n el pr\u00f3ximo viernes, 22 de agosto, coincidiendo con la memoria lit\u00fargica &hellip; El Papa Le\u00f3n XIV convoca una jornada de oraci\u00f3n y ayuno por la paz este viernes Leer m\u00e1s &raquo;\" \/>\n<meta property=\"og:url\" content=\"https:\/\/torredonjimenoactualidad.com\/index.php\/2025\/08\/21\/el-papa-leon-xiv-convoca-una-jornada-de-oracion-y-ayuno-por-la-paz-este-viernes\/\" \/>\n<meta property=\"og:site_name\" content=\"Torredonjimeno Actualidad\" \/>\n<meta property=\"article:published_time\" content=\"2025-08-21T15:21:45+00:00\" \/>\n<meta property=\"article:modified_time\" content=\"2025-08-21T15:24:57+00:00\" \/>\n<meta property=\"og:image\" content=\"https:\/\/torredonjimenoactualidad.com\/wp-content\/uploads\/2025\/08\/cq5dam.thumbnail.cropped.1500.844.jpeg\" \/>\n\t<meta property=\"og:image:width\" content=\"1280\" \/>\n\t<meta property=\"og:image:height\" content=\"732\" \/>\n\t<meta property=\"og:image:type\" content=\"image\/jpeg\" \/>\n<meta name=\"author\" content=\"Alba Mar\u00eda Torres\" \/>\n<meta name=\"twitter:card\" content=\"summary_large_image\" \/>\n<meta name=\"twitter:label1\" content=\"Escrito por\" \/>\n\t<meta name=\"twitter:data1\" content=\"Alba Mar\u00eda Torres\" \/>\n\t<meta name=\"twitter:label2\" content=\"Tiempo de lectura\" \/>\n\t<meta name=\"twitter:data2\" content=\"1 minuto\" \/>\n<script type=\"application\/ld+json\" class=\"yoast-schema-graph\">{\"@context\":\"https:\/\/schema.org\",\"@graph\":[{\"@type\":\"Article\",\"@id\":\"https:\/\/torredonjimenoactualidad.com\/index.php\/2025\/08\/21\/el-papa-leon-xiv-convoca-una-jornada-de-oracion-y-ayuno-por-la-paz-este-viernes\/#article\",\"isPartOf\":{\"@id\":\"https:\/\/torredonjimenoactualidad.com\/index.php\/2025\/08\/21\/el-papa-leon-xiv-convoca-una-jornada-de-oracion-y-ayuno-por-la-paz-este-viernes\/\"},\"author\":{\"name\":\"Alba Mar\u00eda Torres\",\"@id\":\"https:\/\/torredonjimenoactualidad.com\/#\/schema\/person\/84de5f233e783ef2c75151a532b54977\"},\"headline\":\"El Papa Le\u00f3n XIV convoca una jornada de oraci\u00f3n y ayuno por la paz este viernes\",\"datePublished\":\"2025-08-21T15:21:45+00:00\",\"dateModified\":\"2025-08-21T15:24:57+00:00\",\"mainEntityOfPage\":{\"@id\":\"https:\/\/torredonjimenoactualidad.com\/index.php\/2025\/08\/21\/el-papa-leon-xiv-convoca-una-jornada-de-oracion-y-ayuno-por-la-paz-este-viernes\/\"},\"wordCount\":222,\"publisher\":{\"@id\":\"https:\/\/torredonjimenoactualidad.com\/#organization\"},\"articleSection\":[\"provincia\"],\"inLanguage\":\"es\"},{\"@type\":\"WebPage\",\"@id\":\"https:\/\/torredonjimenoactualidad.com\/index.php\/2025\/08\/21\/el-papa-leon-xiv-convoca-una-jornada-de-oracion-y-ayuno-por-la-paz-este-viernes\/\",\"url\":\"https:\/\/torredonjimenoactualidad.com\/index.php\/2025\/08\/21\/el-papa-leon-xiv-convoca-una-jornada-de-oracion-y-ayuno-por-la-paz-este-viernes\/\",\"name\":\"El Papa Le\u00f3n XIV convoca una jornada de oraci\u00f3n y ayuno por la paz este viernes - Torredonjimeno Actualidad\",\"isPartOf\":{\"@id\":\"https:\/\/torredonjimenoactualidad.com\/#website\"},\"datePublished\":\"2025-08-21T15:21:45+00:00\",\"dateModified\":\"2025-08-21T15:24:57+00:00\",\"breadcrumb\":{\"@id\":\"https:\/\/torredonjimenoactualidad.com\/index.php\/2025\/08\/21\/el-papa-leon-xiv-convoca-una-jornada-de-oracion-y-ayuno-por-la-paz-este-viernes\/#breadcrumb\"},\"inLanguage\":\"es\",\"potentialAction\":[{\"@type\":\"ReadAction\",\"target\":[\"https:\/\/torredonjimenoactualidad.com\/index.php\/2025\/08\/21\/el-papa-leon-xiv-convoca-una-jornada-de-oracion-y-ayuno-por-la-paz-este-viernes\/\"]}]},{\"@type\":\"BreadcrumbList\",\"@id\":\"https:\/\/torredonjimenoactualidad.com\/index.php\/2025\/08\/21\/el-papa-leon-xiv-convoca-una-jornada-de-oracion-y-ayuno-por-la-paz-este-viernes\/#breadcrumb\",\"itemListElement\":[{\"@type\":\"ListItem\",\"position\":1,\"name\":\"Portada\",\"item\":\"https:\/\/torredonjimenoactualidad.com\/\"},{\"@type\":\"ListItem\",\"position\":2,\"name\":\"El Papa Le\u00f3n XIV convoca una jornada de oraci\u00f3n y ayuno por la paz este viernes\"}]},{\"@type\":\"WebSite\",\"@id\":\"https:\/\/torredonjimenoactualidad.com\/#website\",\"url\":\"https:\/\/torredonjimenoactualidad.com\/\",\"name\":\"Torredonjimeno Actualidad\",\"description\":\"\",\"publisher\":{\"@id\":\"https:\/\/torredonjimenoactualidad.com\/#organization\"},\"potentialAction\":[{\"@type\":\"SearchAction\",\"target\":{\"@type\":\"EntryPoint\",\"urlTemplate\":\"https:\/\/torredonjimenoactualidad.com\/?s={search_term_string}\"},\"query-input\":\"required name=search_term_string\"}],\"inLanguage\":\"es\"},{\"@type\":\"Organization\",\"@id\":\"https:\/\/torredonjimenoactualidad.com\/#organization\",\"name\":\"Torredonjimeno Actualidad\",\"url\":\"https:\/\/torredonjimenoactualidad.com\/\",\"logo\":{\"@type\":\"ImageObject\",\"inLanguage\":\"es\",\"@id\":\"https:\/\/torredonjimenoactualidad.com\/#\/schema\/logo\/image\/\",\"url\":\"https:\/\/torredonjimenoactualidad.com\/wp-content\/uploads\/2023\/02\/logo-torredonjimeno-544x180-1.png\",\"contentUrl\":\"https:\/\/torredonjimenoactualidad.com\/wp-content\/uploads\/2023\/02\/logo-torredonjimeno-544x180-1.png\",\"width\":545,\"height\":112,\"caption\":\"Torredonjimeno Actualidad\"},\"image\":{\"@id\":\"https:\/\/torredonjimenoactualidad.com\/#\/schema\/logo\/image\/\"}},{\"@type\":\"Person\",\"@id\":\"https:\/\/torredonjimenoactualidad.com\/#\/schema\/person\/84de5f233e783ef2c75151a532b54977\",\"name\":\"Alba Mar\u00eda Torres\",\"image\":{\"@type\":\"ImageObject\",\"inLanguage\":\"es\",\"@id\":\"https:\/\/torredonjimenoactualidad.com\/#\/schema\/person\/image\/\",\"url\":\"https:\/\/secure.gravatar.com\/avatar\/f9371f188c71501b4475a9ba2a71595850ec72967f800a2ed8e3e2102859ed65?s=96&d=mm&r=g\",\"contentUrl\":\"https:\/\/secure.gravatar.com\/avatar\/f9371f188c71501b4475a9ba2a71595850ec72967f800a2ed8e3e2102859ed65?s=96&d=mm&r=g\",\"caption\":\"Alba Mar\u00eda Torres\"},\"url\":\"https:\/\/torredonjimenoactualidad.com\/index.php\/author\/alba-torres\/\"}]}<\/script>\n<!-- \/ Yoast SEO plugin. -->","yoast_head_json":{"title":"El Papa Le\u00f3n XIV convoca una jornada de oraci\u00f3n y ayuno por la paz este viernes - Torredonjimeno Actualidad","robots":{"index":"index","follow":"follow","max-snippet":"max-snippet:-1","max-image-preview":"max-image-preview:large","max-video-preview":"max-video-preview:-1"},"canonical":"https:\/\/torredonjimenoactualidad.com\/index.php\/2025\/08\/21\/el-papa-leon-xiv-convoca-una-jornada-de-oracion-y-ayuno-por-la-paz-este-viernes\/","og_locale":"es_ES","og_type":"article","og_title":"El Papa Le\u00f3n XIV convoca una jornada de oraci\u00f3n y ayuno por la paz este viernes - Torredonjimeno Actualidad","og_description":"Durante la audiencia general celebrada este pasado mi\u00e9rcoles 20 de agosto en el Aula Pablo VI, el Papa Le\u00f3n XIV volvi\u00f3 a insistir en la necesidad de oraciones por la paz y convoc\u00f3 a los fieles a una jornada especial de ayuno y oraci\u00f3n el pr\u00f3ximo viernes, 22 de agosto, coincidiendo con la memoria lit\u00fargica &hellip; El Papa Le\u00f3n XIV convoca una jornada de oraci\u00f3n y ayuno por la paz este viernes Leer m\u00e1s &raquo;","og_url":"https:\/\/torredonjimenoactualidad.com\/index.php\/2025\/08\/21\/el-papa-leon-xiv-convoca-una-jornada-de-oracion-y-ayuno-por-la-paz-este-viernes\/","og_site_name":"Torredonjimeno Actualidad","article_published_time":"2025-08-21T15:21:45+00:00","article_modified_time":"2025-08-21T15:24:57+00:00","og_image":[{"width":1280,"height":732,"url":"https:\/\/torredonjimenoactualidad.com\/wp-content\/uploads\/2025\/08\/cq5dam.thumbnail.cropped.1500.844.jpeg","type":"image\/jpeg"}],"author":"Alba Mar\u00eda Torres","twitter_card":"summary_large_image","twitter_misc":{"Escrito por":"Alba Mar\u00eda Torres","Tiempo de lectura":"1 minuto"},"schema":{"@context":"https:\/\/schema.org","@graph":[{"@type":"Article","@id":"https:\/\/torredonjimenoactualidad.com\/index.php\/2025\/08\/21\/el-papa-leon-xiv-convoca-una-jornada-de-oracion-y-ayuno-por-la-paz-este-viernes\/#article","isPartOf":{"@id":"https:\/\/torredonjimenoactualidad.com\/index.php\/2025\/08\/21\/el-papa-leon-xiv-convoca-una-jornada-de-oracion-y-ayuno-por-la-paz-este-viernes\/"},"author":{"name":"Alba Mar\u00eda Torres","@id":"https:\/\/torredonjimenoactualidad.com\/#\/schema\/person\/84de5f233e783ef2c75151a532b54977"},"headline":"El Papa Le\u00f3n XIV convoca una jornada de oraci\u00f3n y ayuno por la paz este viernes","datePublished":"2025-08-21T15:21:45+00:00","dateModified":"2025-08-21T15:24:57+00:00","mainEntityOfPage":{"@id":"https:\/\/torredonjimenoactualidad.com\/index.php\/2025\/08\/21\/el-papa-leon-xiv-convoca-una-jornada-de-oracion-y-ayuno-por-la-paz-este-viernes\/"},"wordCount":222,"publisher":{"@id":"https:\/\/torredonjimenoactualidad.com\/#organization"},"articleSection":["provincia"],"inLanguage":"es"},{"@type":"WebPage","@id":"https:\/\/torredonjimenoactualidad.com\/index.php\/2025\/08\/21\/el-papa-leon-xiv-convoca-una-jornada-de-oracion-y-ayuno-por-la-paz-este-viernes\/","url":"https:\/\/torredonjimenoactualidad.com\/index.php\/2025\/08\/21\/el-papa-leon-xiv-convoca-una-jornada-de-oracion-y-ayuno-por-la-paz-este-viernes\/","name":"El Papa Le\u00f3n XIV convoca una jornada de oraci\u00f3n y ayuno por la paz este viernes - Torredonjimeno Actualidad","isPartOf":{"@id":"https:\/\/torredonjimenoactualidad.com\/#website"},"datePublished":"2025-08-21T15:21:45+00:00","dateModified":"2025-08-21T15:24:57+00:00","breadcrumb":{"@id":"https:\/\/torredonjimenoactualidad.com\/index.php\/2025\/08\/21\/el-papa-leon-xiv-convoca-una-jornada-de-oracion-y-ayuno-por-la-paz-este-viernes\/#breadcrumb"},"inLanguage":"es","potentialAction":[{"@type":"ReadAction","target":["https:\/\/torredonjimenoactualidad.com\/index.php\/2025\/08\/21\/el-papa-leon-xiv-convoca-una-jornada-de-oracion-y-ayuno-por-la-paz-este-viernes\/"]}]},{"@type":"BreadcrumbList","@id":"https:\/\/torredonjimenoactualidad.com\/index.php\/2025\/08\/21\/el-papa-leon-xiv-convoca-una-jornada-de-oracion-y-ayuno-por-la-paz-este-viernes\/#breadcrumb","itemListElement":[{"@type":"ListItem","position":1,"name":"Portada","item":"https:\/\/torredonjimenoactualidad.com\/"},{"@type":"ListItem","position":2,"name":"El Papa Le\u00f3n XIV convoca una jornada de oraci\u00f3n y ayuno por la paz este viernes"}]},{"@type":"WebSite","@id":"https:\/\/torredonjimenoactualidad.com\/#website","url":"https:\/\/torredonjimenoactualidad.com\/","name":"Torredonjimeno Actualidad","description":"","publisher":{"@id":"https:\/\/torredonjimenoactualidad.com\/#organization"},"potentialAction":[{"@type":"SearchAction","target":{"@type":"EntryPoint","urlTemplate":"https:\/\/torredonjimenoactualidad.com\/?s={search_term_string}"},"query-input":"required name=search_term_string"}],"inLanguage":"es"},{"@type":"Organization","@id":"https:\/\/torredonjimenoactualidad.com\/#organization","name":"Torredonjimeno Actualidad","url":"https:\/\/torredonjimenoactualidad.com\/","logo":{"@type":"ImageObject","inLanguage":"es","@id":"https:\/\/torredonjimenoactualidad.com\/#\/schema\/logo\/image\/","url":"https:\/\/torredonjimenoactualidad.com\/wp-content\/uploads\/2023\/02\/logo-torredonjimeno-544x180-1.png","contentUrl":"https:\/\/torredonjimenoactualidad.com\/wp-content\/uploads\/2023\/02\/logo-torredonjimeno-544x180-1.png","width":545,"height":112,"caption":"Torredonjimeno Actualidad"},"image":{"@id":"https:\/\/torredonjimenoactualidad.com\/#\/schema\/logo\/image\/"}},{"@type":"Person","@id":"https:\/\/torredonjimenoactualidad.com\/#\/schema\/person\/84de5f233e783ef2c75151a532b54977","name":"Alba Mar\u00eda Torres","image":{"@type":"ImageObject","inLanguage":"es","@id":"https:\/\/torredonjimenoactualidad.com\/#\/schema\/person\/image\/","url":"https:\/\/secure.gravatar.com\/avatar\/f9371f188c71501b4475a9ba2a71595850ec72967f800a2ed8e3e2102859ed65?s=96&d=mm&r=g","contentUrl":"https:\/\/secure.gravatar.com\/avatar\/f9371f188c71501b4475a9ba2a71595850ec72967f800a2ed8e3e2102859ed65?s=96&d=mm&r=g","caption":"Alba Mar\u00eda Torres"},"url":"https:\/\/torredonjimenoactualidad.com\/index.php\/author\/alba-torres\/"}]}},"_links":{"self":[{"href":"https:\/\/torredonjimenoactualidad.com\/index.php\/wp-json\/wp\/v2\/posts\/3749","targetHints":{"allow":["GET"]}}],"collection":[{"href":"https:\/\/torredonjimenoactualidad.com\/index.php\/wp-json\/wp\/v2\/posts"}],"about":[{"href":"https:\/\/torredonjimenoactualidad.com\/index.php\/wp-json\/wp\/v2\/types\/post"}],"author":[{"embeddable":true,"href":"https:\/\/torredonjimenoactualidad.com\/index.php\/wp-json\/wp\/v2\/users\/2"}],"replies":[{"embeddable":true,"href":"https:\/\/torredonjimenoactualidad.com\/index.php\/wp-json\/wp\/v2\/comments?post=3749"}],"version-history":[{"count":2,"href":"https:\/\/torredonjimenoactualidad.com\/index.php\/wp-json\/wp\/v2\/posts\/3749\/revisions"}],"predecessor-version":[{"id":3753,"href":"https:\/\/torredonjimenoactualidad.com\/index.php\/wp-json\/wp\/v2\/posts\/3749\/revisions\/3753"}],"wp:featuredmedia":[{"embeddable":true,"href":"https:\/\/torredonjimenoactualidad.com\/index.php\/wp-json\/wp\/v2\/media\/3750"}],"wp:attachment":[{"href":"https:\/\/torredonjimenoactualidad.com\/index.php\/wp-json\/wp\/v2\/media?parent=3749"}],"wp:term":[{"taxonomy":"category","embeddable":true,"href":"https:\/\/torredonjimenoactualidad.com\/index.php\/wp-json\/wp\/v2\/categories?post=3749"},{"taxonomy":"post_tag","embeddable":true,"href":"https:\/\/torredonjimenoactualidad.com\/index.php\/wp-json\/wp\/v2\/tags?post=3749"}],"curies":[{"name":"wp","href":"https:\/\/api.w.org\/{rel}","templated":true}]}}