{"id":3728,"date":"2025-08-21T15:43:34","date_gmt":"2025-08-21T15:43:34","guid":{"rendered":"https:\/\/torredonjimenoactualidad.com\/?p=3728"},"modified":"2025-08-21T16:12:59","modified_gmt":"2025-08-21T16:12:59","slug":"dos-jovenes-tosirianos-viviran-un-ano-de-estudios-en-canada-gracias-a-la-fundacion-amancio-ortega","status":"publish","type":"post","link":"https:\/\/torredonjimenoactualidad.com\/index.php\/2025\/08\/21\/dos-jovenes-tosirianos-viviran-un-ano-de-estudios-en-canada-gracias-a-la-fundacion-amancio-ortega\/","title":{"rendered":"Dos jovenes tosirianos vivir\u00e1n un a\u00f1o de estudios en Canad\u00e1 gracias a la Fundaci\u00f3n Amancio Ortega"},"content":{"rendered":"\n<p><strong>Javier P\u00e9rez Caravaca<\/strong> <strong>y Mar\u00eda Melero M\u00e1rmol han conseguido una de las codiciadas becas de la Fundaci\u00f3n Amancio Ortega y cursar\u00e1n 1\u00ba de Bachillerato en el extranjero.<\/strong><\/p>\n\n\n\n<p>El esfuerzo acad\u00e9mico de dos j\u00f3venes de Torredonjimeno tendr\u00e1 premio m\u00e1s all\u00e1 de nuestras fronteras. Javier y Mar\u00eda, que acaban de concluir la ESO en el IES Santo Reino y en el IES Acebuche, respectivamente, han sido seleccionados para participar en el prestigioso programa de becas de la Fundaci\u00f3n Amancio Ortega, lo que les permitir\u00e1 continuar sus estudios en Canad\u00e1 durante el curso 2025\/2026.<\/p>\n\n\n\n<p>La experiencia no ser\u00e1 la misma para ambos: Javier residir\u00e1 en Carleton Place, en la regi\u00f3n de Ontario, mientras que Mar\u00eda lo har\u00e1 en North Wiltshire, en la Isla del Pr\u00edncipe Eduardo. Dos destinos muy distintos, aunque unidos por la misma ilusi\u00f3n: aprender en otro sistema educativo y vivir en un entorno cultural completamente diferente.<\/p>\n\n\n\n<p>Las becas cubren todos los gastos de estancia, viajes y matr\u00edcula, y ofrecen la posibilidad de integrarse en familias canadienses, lo que garantiza una inmersi\u00f3n ling\u00fc\u00edstica y cultural plena. Para Javier y Mar\u00eda, ser\u00e1 la primera vez que pasen tanto tiempo lejos de casa, pero la ilusi\u00f3n pesa m\u00e1s que el v\u00e9rtigo: \u201cSabemos que habr\u00e1 momentos dif\u00edciles, pero no queremos perder ni una sola oportunidad de lo que vamos a vivir\u201d, reconocen.<\/p>\n\n\n\n<p>Antes de su marcha, amigos y familiares les han mostrado su apoyo con una bandera de Espa\u00f1a cargada de mensajes de \u00e1nimo, que se convertir\u00e1 en el mejor recuerdo en esta nueva aventura.<\/p>\n\n\n\n<figure class=\"wp-block-image aligncenter size-full\"><img loading=\"lazy\" decoding=\"async\" width=\"720\" height=\"686\" src=\"https:\/\/torredonjimenoactualidad.com\/wp-content\/uploads\/2025\/08\/533541352_1322559022947040_1471919222656742038_n.jpg\" alt=\"\" class=\"wp-image-3761\" srcset=\"https:\/\/torredonjimenoactualidad.com\/wp-content\/uploads\/2025\/08\/533541352_1322559022947040_1471919222656742038_n.jpg 720w, https:\/\/torredonjimenoactualidad.com\/wp-content\/uploads\/2025\/08\/533541352_1322559022947040_1471919222656742038_n-300x286.jpg 300w\" sizes=\"auto, (max-width: 720px) 100vw, 720px\" \/><\/figure>\n\n\n\n<p>Con este logro, Torredonjimeno vuelve a demostrar que el talento joven no tiene fronteras y que el esfuerzo abre puertas hacia horizontes impensables.<\/p>\n\n\n\n<figure class=\"wp-block-image aligncenter size-large\"><img loading=\"lazy\" decoding=\"async\" width=\"1024\" height=\"585\" src=\"https:\/\/torredonjimenoactualidad.com\/wp-content\/uploads\/2025\/08\/534876531_4051901571739215_3794827398496214155_n-1024x585.jpg\" alt=\"\" class=\"wp-image-3755\" srcset=\"https:\/\/torredonjimenoactualidad.com\/wp-content\/uploads\/2025\/08\/534876531_4051901571739215_3794827398496214155_n-1024x585.jpg 1024w, https:\/\/torredonjimenoactualidad.com\/wp-content\/uploads\/2025\/08\/534876531_4051901571739215_3794827398496214155_n-300x171.jpg 300w, https:\/\/torredonjimenoactualidad.com\/wp-content\/uploads\/2025\/08\/534876531_4051901571739215_3794827398496214155_n-768x439.jpg 768w, https:\/\/torredonjimenoactualidad.com\/wp-content\/uploads\/2025\/08\/534876531_4051901571739215_3794827398496214155_n-1536x877.jpg 1536w, https:\/\/torredonjimenoactualidad.com\/wp-content\/uploads\/2025\/08\/534876531_4051901571739215_3794827398496214155_n-2048x1170.jpg 2048w\" sizes=\"auto, (max-width: 1024px) 100vw, 1024px\" \/><\/figure>\n","protected":false},"excerpt":{"rendered":"<p>Javier P\u00e9rez Caravaca y Mar\u00eda Melero M\u00e1rmol han conseguido una de las codiciadas becas de la Fundaci\u00f3n Amancio Ortega y cursar\u00e1n 1\u00ba de Bachillerato en el extranjero. El esfuerzo acad\u00e9mico de dos j\u00f3venes de Torredonjimeno tendr\u00e1 premio m\u00e1s all\u00e1 de nuestras fronteras. Javier y Mar\u00eda, que acaban de concluir la ESO en el IES Santo &hellip;<\/p>\n<p class=\"read-more\"> <a class=\"\" href=\"https:\/\/torredonjimenoactualidad.com\/index.php\/2025\/08\/21\/dos-jovenes-tosirianos-viviran-un-ano-de-estudios-en-canada-gracias-a-la-fundacion-amancio-ortega\/\"> <span class=\"screen-reader-text\">Dos jovenes tosirianos vivir\u00e1n un a\u00f1o de estudios en Canad\u00e1 gracias a la Fundaci\u00f3n Amancio Ortega<\/span> Leer m\u00e1s &raquo;<\/a><\/p>\n","protected":false},"author":2,"featured_media":3754,"comment_status":"closed","ping_status":"open","sticky":false,"template":"","format":"standard","meta":{"site-sidebar-layout":"default","site-content-layout":"default","ast-global-header-display":"","ast-main-header-display":"","ast-hfb-above-header-display":"","ast-hfb-below-header-display":"","ast-hfb-mobile-header-display":"","site-post-title":"","ast-breadcrumbs-content":"","ast-featured-img":"","footer-sml-layout":"","theme-transparent-header-meta":"","adv-header-id-meta":"","stick-header-meta":"","header-above-stick-meta":"","header-main-stick-meta":"","header-below-stick-meta":"","footnotes":""},"categories":[7],"tags":[],"class_list":["post-3728","post","type-post","status-publish","format-standard","has-post-thumbnail","hentry","category-local"],"yoast_head":"<!-- This site is optimized with the Yoast SEO plugin v20.8 - https:\/\/yoast.com\/wordpress\/plugins\/seo\/ -->\n<title>Dos jovenes tosirianos vivir\u00e1n un a\u00f1o de estudios en Canad\u00e1 gracias a la Fundaci\u00f3n Amancio Ortega - Torredonjimeno Actualidad<\/title>\n<meta name=\"robots\" content=\"index, follow, max-snippet:-1, max-image-preview:large, max-video-preview:-1\" \/>\n<link rel=\"canonical\" href=\"https:\/\/torredonjimenoactualidad.com\/index.php\/2025\/08\/21\/dos-jovenes-tosirianos-viviran-un-ano-de-estudios-en-canada-gracias-a-la-fundacion-amancio-ortega\/\" \/>\n<meta property=\"og:locale\" content=\"es_ES\" \/>\n<meta property=\"og:type\" content=\"article\" \/>\n<meta property=\"og:title\" content=\"Dos jovenes tosirianos vivir\u00e1n un a\u00f1o de estudios en Canad\u00e1 gracias a la Fundaci\u00f3n Amancio Ortega - Torredonjimeno Actualidad\" \/>\n<meta property=\"og:description\" content=\"Javier P\u00e9rez Caravaca y Mar\u00eda Melero M\u00e1rmol han conseguido una de las codiciadas becas de la Fundaci\u00f3n Amancio Ortega y cursar\u00e1n 1\u00ba de Bachillerato en el extranjero. El esfuerzo acad\u00e9mico de dos j\u00f3venes de Torredonjimeno tendr\u00e1 premio m\u00e1s all\u00e1 de nuestras fronteras. Javier y Mar\u00eda, que acaban de concluir la ESO en el IES Santo &hellip; Dos jovenes tosirianos vivir\u00e1n un a\u00f1o de estudios en Canad\u00e1 gracias a la Fundaci\u00f3n Amancio Ortega Leer m\u00e1s &raquo;\" \/>\n<meta property=\"og:url\" content=\"https:\/\/torredonjimenoactualidad.com\/index.php\/2025\/08\/21\/dos-jovenes-tosirianos-viviran-un-ano-de-estudios-en-canada-gracias-a-la-fundacion-amancio-ortega\/\" \/>\n<meta property=\"og:site_name\" content=\"Torredonjimeno Actualidad\" \/>\n<meta property=\"article:published_time\" content=\"2025-08-21T15:43:34+00:00\" \/>\n<meta property=\"article:modified_time\" content=\"2025-08-21T16:12:59+00:00\" \/>\n<meta property=\"og:image\" content=\"https:\/\/torredonjimenoactualidad.com\/wp-content\/uploads\/2025\/08\/531830520_795289606302632_6100744420076681568_n.jpg\" \/>\n\t<meta property=\"og:image:width\" content=\"1027\" \/>\n\t<meta property=\"og:image:height\" content=\"587\" \/>\n\t<meta property=\"og:image:type\" content=\"image\/jpeg\" \/>\n<meta name=\"author\" content=\"Alba Mar\u00eda Torres\" \/>\n<meta name=\"twitter:card\" content=\"summary_large_image\" \/>\n<meta name=\"twitter:label1\" content=\"Escrito por\" \/>\n\t<meta name=\"twitter:data1\" content=\"Alba Mar\u00eda Torres\" \/>\n\t<meta name=\"twitter:label2\" content=\"Tiempo de lectura\" \/>\n\t<meta name=\"twitter:data2\" content=\"2 minutos\" \/>\n<script type=\"application\/ld+json\" class=\"yoast-schema-graph\">{\"@context\":\"https:\/\/schema.org\",\"@graph\":[{\"@type\":\"Article\",\"@id\":\"https:\/\/torredonjimenoactualidad.com\/index.php\/2025\/08\/21\/dos-jovenes-tosirianos-viviran-un-ano-de-estudios-en-canada-gracias-a-la-fundacion-amancio-ortega\/#article\",\"isPartOf\":{\"@id\":\"https:\/\/torredonjimenoactualidad.com\/index.php\/2025\/08\/21\/dos-jovenes-tosirianos-viviran-un-ano-de-estudios-en-canada-gracias-a-la-fundacion-amancio-ortega\/\"},\"author\":{\"name\":\"Alba Mar\u00eda Torres\",\"@id\":\"https:\/\/torredonjimenoactualidad.com\/#\/schema\/person\/84de5f233e783ef2c75151a532b54977\"},\"headline\":\"Dos jovenes tosirianos vivir\u00e1n un a\u00f1o de estudios en Canad\u00e1 gracias a la Fundaci\u00f3n Amancio Ortega\",\"datePublished\":\"2025-08-21T15:43:34+00:00\",\"dateModified\":\"2025-08-21T16:12:59+00:00\",\"mainEntityOfPage\":{\"@id\":\"https:\/\/torredonjimenoactualidad.com\/index.php\/2025\/08\/21\/dos-jovenes-tosirianos-viviran-un-ano-de-estudios-en-canada-gracias-a-la-fundacion-amancio-ortega\/\"},\"wordCount\":314,\"publisher\":{\"@id\":\"https:\/\/torredonjimenoactualidad.com\/#organization\"},\"articleSection\":[\"local\"],\"inLanguage\":\"es\"},{\"@type\":\"WebPage\",\"@id\":\"https:\/\/torredonjimenoactualidad.com\/index.php\/2025\/08\/21\/dos-jovenes-tosirianos-viviran-un-ano-de-estudios-en-canada-gracias-a-la-fundacion-amancio-ortega\/\",\"url\":\"https:\/\/torredonjimenoactualidad.com\/index.php\/2025\/08\/21\/dos-jovenes-tosirianos-viviran-un-ano-de-estudios-en-canada-gracias-a-la-fundacion-amancio-ortega\/\",\"name\":\"Dos jovenes tosirianos vivir\u00e1n un a\u00f1o de estudios en Canad\u00e1 gracias a la Fundaci\u00f3n Amancio Ortega - Torredonjimeno Actualidad\",\"isPartOf\":{\"@id\":\"https:\/\/torredonjimenoactualidad.com\/#website\"},\"datePublished\":\"2025-08-21T15:43:34+00:00\",\"dateModified\":\"2025-08-21T16:12:59+00:00\",\"breadcrumb\":{\"@id\":\"https:\/\/torredonjimenoactualidad.com\/index.php\/2025\/08\/21\/dos-jovenes-tosirianos-viviran-un-ano-de-estudios-en-canada-gracias-a-la-fundacion-amancio-ortega\/#breadcrumb\"},\"inLanguage\":\"es\",\"potentialAction\":[{\"@type\":\"ReadAction\",\"target\":[\"https:\/\/torredonjimenoactualidad.com\/index.php\/2025\/08\/21\/dos-jovenes-tosirianos-viviran-un-ano-de-estudios-en-canada-gracias-a-la-fundacion-amancio-ortega\/\"]}]},{\"@type\":\"BreadcrumbList\",\"@id\":\"https:\/\/torredonjimenoactualidad.com\/index.php\/2025\/08\/21\/dos-jovenes-tosirianos-viviran-un-ano-de-estudios-en-canada-gracias-a-la-fundacion-amancio-ortega\/#breadcrumb\",\"itemListElement\":[{\"@type\":\"ListItem\",\"position\":1,\"name\":\"Portada\",\"item\":\"https:\/\/torredonjimenoactualidad.com\/\"},{\"@type\":\"ListItem\",\"position\":2,\"name\":\"Dos jovenes tosirianos vivir\u00e1n un a\u00f1o de estudios en Canad\u00e1 gracias a la Fundaci\u00f3n Amancio Ortega\"}]},{\"@type\":\"WebSite\",\"@id\":\"https:\/\/torredonjimenoactualidad.com\/#website\",\"url\":\"https:\/\/torredonjimenoactualidad.com\/\",\"name\":\"Torredonjimeno Actualidad\",\"description\":\"\",\"publisher\":{\"@id\":\"https:\/\/torredonjimenoactualidad.com\/#organization\"},\"potentialAction\":[{\"@type\":\"SearchAction\",\"target\":{\"@type\":\"EntryPoint\",\"urlTemplate\":\"https:\/\/torredonjimenoactualidad.com\/?s={search_term_string}\"},\"query-input\":\"required name=search_term_string\"}],\"inLanguage\":\"es\"},{\"@type\":\"Organization\",\"@id\":\"https:\/\/torredonjimenoactualidad.com\/#organization\",\"name\":\"Torredonjimeno Actualidad\",\"url\":\"https:\/\/torredonjimenoactualidad.com\/\",\"logo\":{\"@type\":\"ImageObject\",\"inLanguage\":\"es\",\"@id\":\"https:\/\/torredonjimenoactualidad.com\/#\/schema\/logo\/image\/\",\"url\":\"https:\/\/torredonjimenoactualidad.com\/wp-content\/uploads\/2023\/02\/logo-torredonjimeno-544x180-1.png\",\"contentUrl\":\"https:\/\/torredonjimenoactualidad.com\/wp-content\/uploads\/2023\/02\/logo-torredonjimeno-544x180-1.png\",\"width\":545,\"height\":112,\"caption\":\"Torredonjimeno Actualidad\"},\"image\":{\"@id\":\"https:\/\/torredonjimenoactualidad.com\/#\/schema\/logo\/image\/\"}},{\"@type\":\"Person\",\"@id\":\"https:\/\/torredonjimenoactualidad.com\/#\/schema\/person\/84de5f233e783ef2c75151a532b54977\",\"name\":\"Alba Mar\u00eda Torres\",\"image\":{\"@type\":\"ImageObject\",\"inLanguage\":\"es\",\"@id\":\"https:\/\/torredonjimenoactualidad.com\/#\/schema\/person\/image\/\",\"url\":\"https:\/\/secure.gravatar.com\/avatar\/f9371f188c71501b4475a9ba2a71595850ec72967f800a2ed8e3e2102859ed65?s=96&d=mm&r=g\",\"contentUrl\":\"https:\/\/secure.gravatar.com\/avatar\/f9371f188c71501b4475a9ba2a71595850ec72967f800a2ed8e3e2102859ed65?s=96&d=mm&r=g\",\"caption\":\"Alba Mar\u00eda Torres\"},\"url\":\"https:\/\/torredonjimenoactualidad.com\/index.php\/author\/alba-torres\/\"}]}<\/script>\n<!-- \/ Yoast SEO plugin. -->","yoast_head_json":{"title":"Dos jovenes tosirianos vivir\u00e1n un a\u00f1o de estudios en Canad\u00e1 gracias a la Fundaci\u00f3n Amancio Ortega - Torredonjimeno Actualidad","robots":{"index":"index","follow":"follow","max-snippet":"max-snippet:-1","max-image-preview":"max-image-preview:large","max-video-preview":"max-video-preview:-1"},"canonical":"https:\/\/torredonjimenoactualidad.com\/index.php\/2025\/08\/21\/dos-jovenes-tosirianos-viviran-un-ano-de-estudios-en-canada-gracias-a-la-fundacion-amancio-ortega\/","og_locale":"es_ES","og_type":"article","og_title":"Dos jovenes tosirianos vivir\u00e1n un a\u00f1o de estudios en Canad\u00e1 gracias a la Fundaci\u00f3n Amancio Ortega - Torredonjimeno Actualidad","og_description":"Javier P\u00e9rez Caravaca y Mar\u00eda Melero M\u00e1rmol han conseguido una de las codiciadas becas de la Fundaci\u00f3n Amancio Ortega y cursar\u00e1n 1\u00ba de Bachillerato en el extranjero. El esfuerzo acad\u00e9mico de dos j\u00f3venes de Torredonjimeno tendr\u00e1 premio m\u00e1s all\u00e1 de nuestras fronteras. Javier y Mar\u00eda, que acaban de concluir la ESO en el IES Santo &hellip; Dos jovenes tosirianos vivir\u00e1n un a\u00f1o de estudios en Canad\u00e1 gracias a la Fundaci\u00f3n Amancio Ortega Leer m\u00e1s &raquo;","og_url":"https:\/\/torredonjimenoactualidad.com\/index.php\/2025\/08\/21\/dos-jovenes-tosirianos-viviran-un-ano-de-estudios-en-canada-gracias-a-la-fundacion-amancio-ortega\/","og_site_name":"Torredonjimeno Actualidad","article_published_time":"2025-08-21T15:43:34+00:00","article_modified_time":"2025-08-21T16:12:59+00:00","og_image":[{"width":1027,"height":587,"url":"https:\/\/torredonjimenoactualidad.com\/wp-content\/uploads\/2025\/08\/531830520_795289606302632_6100744420076681568_n.jpg","type":"image\/jpeg"}],"author":"Alba Mar\u00eda Torres","twitter_card":"summary_large_image","twitter_misc":{"Escrito por":"Alba Mar\u00eda Torres","Tiempo de lectura":"2 minutos"},"schema":{"@context":"https:\/\/schema.org","@graph":[{"@type":"Article","@id":"https:\/\/torredonjimenoactualidad.com\/index.php\/2025\/08\/21\/dos-jovenes-tosirianos-viviran-un-ano-de-estudios-en-canada-gracias-a-la-fundacion-amancio-ortega\/#article","isPartOf":{"@id":"https:\/\/torredonjimenoactualidad.com\/index.php\/2025\/08\/21\/dos-jovenes-tosirianos-viviran-un-ano-de-estudios-en-canada-gracias-a-la-fundacion-amancio-ortega\/"},"author":{"name":"Alba Mar\u00eda Torres","@id":"https:\/\/torredonjimenoactualidad.com\/#\/schema\/person\/84de5f233e783ef2c75151a532b54977"},"headline":"Dos jovenes tosirianos vivir\u00e1n un a\u00f1o de estudios en Canad\u00e1 gracias a la Fundaci\u00f3n Amancio Ortega","datePublished":"2025-08-21T15:43:34+00:00","dateModified":"2025-08-21T16:12:59+00:00","mainEntityOfPage":{"@id":"https:\/\/torredonjimenoactualidad.com\/index.php\/2025\/08\/21\/dos-jovenes-tosirianos-viviran-un-ano-de-estudios-en-canada-gracias-a-la-fundacion-amancio-ortega\/"},"wordCount":314,"publisher":{"@id":"https:\/\/torredonjimenoactualidad.com\/#organization"},"articleSection":["local"],"inLanguage":"es"},{"@type":"WebPage","@id":"https:\/\/torredonjimenoactualidad.com\/index.php\/2025\/08\/21\/dos-jovenes-tosirianos-viviran-un-ano-de-estudios-en-canada-gracias-a-la-fundacion-amancio-ortega\/","url":"https:\/\/torredonjimenoactualidad.com\/index.php\/2025\/08\/21\/dos-jovenes-tosirianos-viviran-un-ano-de-estudios-en-canada-gracias-a-la-fundacion-amancio-ortega\/","name":"Dos jovenes tosirianos vivir\u00e1n un a\u00f1o de estudios en Canad\u00e1 gracias a la Fundaci\u00f3n Amancio Ortega - Torredonjimeno Actualidad","isPartOf":{"@id":"https:\/\/torredonjimenoactualidad.com\/#website"},"datePublished":"2025-08-21T15:43:34+00:00","dateModified":"2025-08-21T16:12:59+00:00","breadcrumb":{"@id":"https:\/\/torredonjimenoactualidad.com\/index.php\/2025\/08\/21\/dos-jovenes-tosirianos-viviran-un-ano-de-estudios-en-canada-gracias-a-la-fundacion-amancio-ortega\/#breadcrumb"},"inLanguage":"es","potentialAction":[{"@type":"ReadAction","target":["https:\/\/torredonjimenoactualidad.com\/index.php\/2025\/08\/21\/dos-jovenes-tosirianos-viviran-un-ano-de-estudios-en-canada-gracias-a-la-fundacion-amancio-ortega\/"]}]},{"@type":"BreadcrumbList","@id":"https:\/\/torredonjimenoactualidad.com\/index.php\/2025\/08\/21\/dos-jovenes-tosirianos-viviran-un-ano-de-estudios-en-canada-gracias-a-la-fundacion-amancio-ortega\/#breadcrumb","itemListElement":[{"@type":"ListItem","position":1,"name":"Portada","item":"https:\/\/torredonjimenoactualidad.com\/"},{"@type":"ListItem","position":2,"name":"Dos jovenes tosirianos vivir\u00e1n un a\u00f1o de estudios en Canad\u00e1 gracias a la Fundaci\u00f3n Amancio Ortega"}]},{"@type":"WebSite","@id":"https:\/\/torredonjimenoactualidad.com\/#website","url":"https:\/\/torredonjimenoactualidad.com\/","name":"Torredonjimeno Actualidad","description":"","publisher":{"@id":"https:\/\/torredonjimenoactualidad.com\/#organization"},"potentialAction":[{"@type":"SearchAction","target":{"@type":"EntryPoint","urlTemplate":"https:\/\/torredonjimenoactualidad.com\/?s={search_term_string}"},"query-input":"required name=search_term_string"}],"inLanguage":"es"},{"@type":"Organization","@id":"https:\/\/torredonjimenoactualidad.com\/#organization","name":"Torredonjimeno Actualidad","url":"https:\/\/torredonjimenoactualidad.com\/","logo":{"@type":"ImageObject","inLanguage":"es","@id":"https:\/\/torredonjimenoactualidad.com\/#\/schema\/logo\/image\/","url":"https:\/\/torredonjimenoactualidad.com\/wp-content\/uploads\/2023\/02\/logo-torredonjimeno-544x180-1.png","contentUrl":"https:\/\/torredonjimenoactualidad.com\/wp-content\/uploads\/2023\/02\/logo-torredonjimeno-544x180-1.png","width":545,"height":112,"caption":"Torredonjimeno Actualidad"},"image":{"@id":"https:\/\/torredonjimenoactualidad.com\/#\/schema\/logo\/image\/"}},{"@type":"Person","@id":"https:\/\/torredonjimenoactualidad.com\/#\/schema\/person\/84de5f233e783ef2c75151a532b54977","name":"Alba Mar\u00eda Torres","image":{"@type":"ImageObject","inLanguage":"es","@id":"https:\/\/torredonjimenoactualidad.com\/#\/schema\/person\/image\/","url":"https:\/\/secure.gravatar.com\/avatar\/f9371f188c71501b4475a9ba2a71595850ec72967f800a2ed8e3e2102859ed65?s=96&d=mm&r=g","contentUrl":"https:\/\/secure.gravatar.com\/avatar\/f9371f188c71501b4475a9ba2a71595850ec72967f800a2ed8e3e2102859ed65?s=96&d=mm&r=g","caption":"Alba Mar\u00eda Torres"},"url":"https:\/\/torredonjimenoactualidad.com\/index.php\/author\/alba-torres\/"}]}},"_links":{"self":[{"href":"https:\/\/torredonjimenoactualidad.com\/index.php\/wp-json\/wp\/v2\/posts\/3728","targetHints":{"allow":["GET"]}}],"collection":[{"href":"https:\/\/torredonjimenoactualidad.com\/index.php\/wp-json\/wp\/v2\/posts"}],"about":[{"href":"https:\/\/torredonjimenoactualidad.com\/index.php\/wp-json\/wp\/v2\/types\/post"}],"author":[{"embeddable":true,"href":"https:\/\/torredonjimenoactualidad.com\/index.php\/wp-json\/wp\/v2\/users\/2"}],"replies":[{"embeddable":true,"href":"https:\/\/torredonjimenoactualidad.com\/index.php\/wp-json\/wp\/v2\/comments?post=3728"}],"version-history":[{"count":5,"href":"https:\/\/torredonjimenoactualidad.com\/index.php\/wp-json\/wp\/v2\/posts\/3728\/revisions"}],"predecessor-version":[{"id":3763,"href":"https:\/\/torredonjimenoactualidad.com\/index.php\/wp-json\/wp\/v2\/posts\/3728\/revisions\/3763"}],"wp:featuredmedia":[{"embeddable":true,"href":"https:\/\/torredonjimenoactualidad.com\/index.php\/wp-json\/wp\/v2\/media\/3754"}],"wp:attachment":[{"href":"https:\/\/torredonjimenoactualidad.com\/index.php\/wp-json\/wp\/v2\/media?parent=3728"}],"wp:term":[{"taxonomy":"category","embeddable":true,"href":"https:\/\/torredonjimenoactualidad.com\/index.php\/wp-json\/wp\/v2\/categories?post=3728"},{"taxonomy":"post_tag","embeddable":true,"href":"https:\/\/torredonjimenoactualidad.com\/index.php\/wp-json\/wp\/v2\/tags?post=3728"}],"curies":[{"name":"wp","href":"https:\/\/api.w.org\/{rel}","templated":true}]}}