{"id":3691,"date":"2025-08-08T08:11:23","date_gmt":"2025-08-08T08:11:23","guid":{"rendered":"https:\/\/torredonjimenoactualidad.com\/?p=3691"},"modified":"2025-08-08T08:11:24","modified_gmt":"2025-08-08T08:11:24","slug":"el-ingreso-minimo-vital-llega-ya-a-mas-de-20-000-hogares-en-jaen-y-alcanza-a-67-476-personas","status":"publish","type":"post","link":"https:\/\/torredonjimenoactualidad.com\/index.php\/2025\/08\/08\/el-ingreso-minimo-vital-llega-ya-a-mas-de-20-000-hogares-en-jaen-y-alcanza-a-67-476-personas\/","title":{"rendered":"El Ingreso M\u00ednimo Vital llega ya a m\u00e1s de 20.000 hogares en Ja\u00e9n y alcanza a 67.476 personas"},"content":{"rendered":"\n<p><strong>Cinco a\u00f1os despu\u00e9s de su puesta en marcha, esta prestaci\u00f3n social se consolida como herramienta clave contra la pobreza, con especial impacto en menores y mujeres<\/strong><\/p>\n\n\n\n<p>El Ingreso M\u00ednimo Vital (IMV) se ha convertido en una \u00abpalanca esencial\u00bb para miles de familias jiennenses que enfrentan situaciones de vulnerabilidad. As\u00ed lo ha manifestado el subdelegado del Gobierno en Ja\u00e9n, Manuel Fern\u00e1ndez, tras conocerse los \u00faltimos datos publicados por el Instituto Nacional de la Seguridad Social (INSS), correspondientes al mes de julio.<\/p>\n\n\n\n<p>Seg\u00fan estas cifras, el IMV llega actualmente a&nbsp;<strong>20.665 hogares en la provincia de Ja\u00e9n<\/strong>, donde viven&nbsp;<strong>67.476 personas<\/strong>, lo que supone un incremento del&nbsp;<strong>17,9 %<\/strong>&nbsp;respecto al mismo periodo del a\u00f1o anterior. En total, hay&nbsp;<strong>3.150 prestaciones activas m\u00e1s<\/strong>&nbsp;que en julio de 2024, y&nbsp;<strong>10.143 beneficiarios m\u00e1s<\/strong>, un 17,6 % de aumento interanual.<\/p>\n\n\n\n<p>Desde su creaci\u00f3n en junio de 2020, esta ayuda ha alcanzado ya a&nbsp;<strong>88.511 jiennenses<\/strong>, de los que&nbsp;<strong>38.227 son menores de edad<\/strong>, lo que representa el&nbsp;<strong>43 %<\/strong>&nbsp;del total. La cuant\u00eda media que perciben los hogares beneficiarios es de&nbsp;<strong>459,56 euros mensuales<\/strong>, una ayuda que busca garantizar la cobertura de las necesidades b\u00e1sicas.<\/p>\n\n\n\n<p>Uno de los aspectos m\u00e1s destacados del IMV en la provincia es su&nbsp;<strong>perfil marcadamente femenino<\/strong>:&nbsp;<strong>14.919 mujeres<\/strong>&nbsp;son titulares de la prestaci\u00f3n, lo que supone un&nbsp;<strong>72,1 %<\/strong>&nbsp;del total. Adem\u00e1s, el 77,7 % de los hogares beneficiarios tienen menores a su cargo, y de ellos,&nbsp;<strong>2.843 son monoparentales<\/strong>, es decir, con un solo adulto responsable \u2014habitualmente una mujer\u2014, lo que representa un&nbsp;<strong>17,7 %<\/strong>&nbsp;de los hogares con menores.<\/p>\n\n\n\n<p>Una de las herramientas clave del IMV es el&nbsp;<strong>Complemento de Ayuda para la Infancia (CAPI)<\/strong>, destinado a combatir la pobreza infantil. En julio,&nbsp;<strong>16.264 unidades de convivencia<\/strong>&nbsp;en Ja\u00e9n lo percibieron. Esta ayuda complementaria oscila entre&nbsp;<strong>57,5 y 115 euros por menor<\/strong>, dependiendo de la edad, y ha supuesto una&nbsp;<strong>media de 67,7 euros por ni\u00f1o y 124,6 euros por hogar<\/strong>.<\/p>\n\n\n\n<p>Desde 2020, el IMV ha alcanzado en Ja\u00e9n a&nbsp;<strong>27.642 hogares<\/strong>, en un esfuerzo conjunto del Estado que, en cinco a\u00f1os, ha destinado&nbsp;<strong>339 millones de euros a la provincia<\/strong>&nbsp;para abonar esta prestaci\u00f3n. En el conjunto de Andaluc\u00eda, la cifra asciende a&nbsp;<strong>4.700 millones de euros<\/strong>, dentro de los&nbsp;<strong>16.204,7 millones<\/strong>&nbsp;invertidos a nivel nacional.<\/p>\n\n\n\n<p>\u201cEl Ingreso M\u00ednimo Vital ha demostrado ser, en estos cinco a\u00f1os, una herramienta eficaz e imprescindible para reducir la pobreza extrema y la desigualdad, especialmente entre ni\u00f1os, ni\u00f1as y adolescentes\u201d, ha afirmado el subdelegado Manuel Fern\u00e1ndez. \u201cDetr\u00e1s de cada dato hay una vida, un hogar que se apoya en esta ayuda para mirar al futuro con un poco m\u00e1s de certeza\u201d, ha concluido.<\/p>\n","protected":false},"excerpt":{"rendered":"<p>Cinco a\u00f1os despu\u00e9s de su puesta en marcha, esta prestaci\u00f3n social se consolida como herramienta clave contra la pobreza, con especial impacto en menores y mujeres El Ingreso M\u00ednimo Vital (IMV) se ha convertido en una \u00abpalanca esencial\u00bb para miles de familias jiennenses que enfrentan situaciones de vulnerabilidad. As\u00ed lo ha manifestado el subdelegado del &hellip;<\/p>\n<p class=\"read-more\"> <a class=\"\" href=\"https:\/\/torredonjimenoactualidad.com\/index.php\/2025\/08\/08\/el-ingreso-minimo-vital-llega-ya-a-mas-de-20-000-hogares-en-jaen-y-alcanza-a-67-476-personas\/\"> <span class=\"screen-reader-text\">El Ingreso M\u00ednimo Vital llega ya a m\u00e1s de 20.000 hogares en Ja\u00e9n y alcanza a 67.476 personas<\/span> Leer m\u00e1s &raquo;<\/a><\/p>\n","protected":false},"author":2,"featured_media":3692,"comment_status":"closed","ping_status":"open","sticky":false,"template":"","format":"standard","meta":{"site-sidebar-layout":"default","site-content-layout":"default","ast-global-header-display":"","ast-main-header-display":"","ast-hfb-above-header-display":"","ast-hfb-below-header-display":"","ast-hfb-mobile-header-display":"","site-post-title":"","ast-breadcrumbs-content":"","ast-featured-img":"","footer-sml-layout":"","theme-transparent-header-meta":"","adv-header-id-meta":"","stick-header-meta":"","header-above-stick-meta":"","header-main-stick-meta":"","header-below-stick-meta":"","footnotes":""},"categories":[8],"tags":[],"class_list":["post-3691","post","type-post","status-publish","format-standard","has-post-thumbnail","hentry","category-provincia"],"yoast_head":"<!-- This site is optimized with the Yoast SEO plugin v20.8 - https:\/\/yoast.com\/wordpress\/plugins\/seo\/ -->\n<title>El Ingreso M\u00ednimo Vital llega ya a m\u00e1s de 20.000 hogares en Ja\u00e9n y alcanza a 67.476 personas - Torredonjimeno Actualidad<\/title>\n<meta name=\"robots\" content=\"index, follow, max-snippet:-1, max-image-preview:large, max-video-preview:-1\" \/>\n<link rel=\"canonical\" href=\"https:\/\/torredonjimenoactualidad.com\/index.php\/2025\/08\/08\/el-ingreso-minimo-vital-llega-ya-a-mas-de-20-000-hogares-en-jaen-y-alcanza-a-67-476-personas\/\" \/>\n<meta property=\"og:locale\" content=\"es_ES\" \/>\n<meta property=\"og:type\" content=\"article\" \/>\n<meta property=\"og:title\" content=\"El Ingreso M\u00ednimo Vital llega ya a m\u00e1s de 20.000 hogares en Ja\u00e9n y alcanza a 67.476 personas - Torredonjimeno Actualidad\" \/>\n<meta property=\"og:description\" content=\"Cinco a\u00f1os despu\u00e9s de su puesta en marcha, esta prestaci\u00f3n social se consolida como herramienta clave contra la pobreza, con especial impacto en menores y mujeres El Ingreso M\u00ednimo Vital (IMV) se ha convertido en una \u00abpalanca esencial\u00bb para miles de familias jiennenses que enfrentan situaciones de vulnerabilidad. As\u00ed lo ha manifestado el subdelegado del &hellip; El Ingreso M\u00ednimo Vital llega ya a m\u00e1s de 20.000 hogares en Ja\u00e9n y alcanza a 67.476 personas Leer m\u00e1s &raquo;\" \/>\n<meta property=\"og:url\" content=\"https:\/\/torredonjimenoactualidad.com\/index.php\/2025\/08\/08\/el-ingreso-minimo-vital-llega-ya-a-mas-de-20-000-hogares-en-jaen-y-alcanza-a-67-476-personas\/\" \/>\n<meta property=\"og:site_name\" content=\"Torredonjimeno Actualidad\" \/>\n<meta property=\"article:published_time\" content=\"2025-08-08T08:11:23+00:00\" \/>\n<meta property=\"article:modified_time\" content=\"2025-08-08T08:11:24+00:00\" \/>\n<meta property=\"og:image\" content=\"https:\/\/torredonjimenoactualidad.com\/wp-content\/uploads\/2025\/08\/fotonoticia_20250807172217_1920.jpg\" \/>\n\t<meta property=\"og:image:width\" content=\"1920\" \/>\n\t<meta property=\"og:image:height\" content=\"1097\" \/>\n\t<meta property=\"og:image:type\" content=\"image\/jpeg\" \/>\n<meta name=\"author\" content=\"Alba Mar\u00eda Torres\" \/>\n<meta name=\"twitter:card\" content=\"summary_large_image\" \/>\n<meta name=\"twitter:label1\" content=\"Escrito por\" \/>\n\t<meta name=\"twitter:data1\" content=\"Alba Mar\u00eda Torres\" \/>\n\t<meta name=\"twitter:label2\" content=\"Tiempo de lectura\" \/>\n\t<meta name=\"twitter:data2\" content=\"3 minutos\" \/>\n<script type=\"application\/ld+json\" class=\"yoast-schema-graph\">{\"@context\":\"https:\/\/schema.org\",\"@graph\":[{\"@type\":\"Article\",\"@id\":\"https:\/\/torredonjimenoactualidad.com\/index.php\/2025\/08\/08\/el-ingreso-minimo-vital-llega-ya-a-mas-de-20-000-hogares-en-jaen-y-alcanza-a-67-476-personas\/#article\",\"isPartOf\":{\"@id\":\"https:\/\/torredonjimenoactualidad.com\/index.php\/2025\/08\/08\/el-ingreso-minimo-vital-llega-ya-a-mas-de-20-000-hogares-en-jaen-y-alcanza-a-67-476-personas\/\"},\"author\":{\"name\":\"Alba Mar\u00eda Torres\",\"@id\":\"https:\/\/torredonjimenoactualidad.com\/#\/schema\/person\/84de5f233e783ef2c75151a532b54977\"},\"headline\":\"El Ingreso M\u00ednimo Vital llega ya a m\u00e1s de 20.000 hogares en Ja\u00e9n y alcanza a 67.476 personas\",\"datePublished\":\"2025-08-08T08:11:23+00:00\",\"dateModified\":\"2025-08-08T08:11:24+00:00\",\"mainEntityOfPage\":{\"@id\":\"https:\/\/torredonjimenoactualidad.com\/index.php\/2025\/08\/08\/el-ingreso-minimo-vital-llega-ya-a-mas-de-20-000-hogares-en-jaen-y-alcanza-a-67-476-personas\/\"},\"wordCount\":490,\"publisher\":{\"@id\":\"https:\/\/torredonjimenoactualidad.com\/#organization\"},\"articleSection\":[\"provincia\"],\"inLanguage\":\"es\"},{\"@type\":\"WebPage\",\"@id\":\"https:\/\/torredonjimenoactualidad.com\/index.php\/2025\/08\/08\/el-ingreso-minimo-vital-llega-ya-a-mas-de-20-000-hogares-en-jaen-y-alcanza-a-67-476-personas\/\",\"url\":\"https:\/\/torredonjimenoactualidad.com\/index.php\/2025\/08\/08\/el-ingreso-minimo-vital-llega-ya-a-mas-de-20-000-hogares-en-jaen-y-alcanza-a-67-476-personas\/\",\"name\":\"El Ingreso M\u00ednimo Vital llega ya a m\u00e1s de 20.000 hogares en Ja\u00e9n y alcanza a 67.476 personas - Torredonjimeno Actualidad\",\"isPartOf\":{\"@id\":\"https:\/\/torredonjimenoactualidad.com\/#website\"},\"datePublished\":\"2025-08-08T08:11:23+00:00\",\"dateModified\":\"2025-08-08T08:11:24+00:00\",\"breadcrumb\":{\"@id\":\"https:\/\/torredonjimenoactualidad.com\/index.php\/2025\/08\/08\/el-ingreso-minimo-vital-llega-ya-a-mas-de-20-000-hogares-en-jaen-y-alcanza-a-67-476-personas\/#breadcrumb\"},\"inLanguage\":\"es\",\"potentialAction\":[{\"@type\":\"ReadAction\",\"target\":[\"https:\/\/torredonjimenoactualidad.com\/index.php\/2025\/08\/08\/el-ingreso-minimo-vital-llega-ya-a-mas-de-20-000-hogares-en-jaen-y-alcanza-a-67-476-personas\/\"]}]},{\"@type\":\"BreadcrumbList\",\"@id\":\"https:\/\/torredonjimenoactualidad.com\/index.php\/2025\/08\/08\/el-ingreso-minimo-vital-llega-ya-a-mas-de-20-000-hogares-en-jaen-y-alcanza-a-67-476-personas\/#breadcrumb\",\"itemListElement\":[{\"@type\":\"ListItem\",\"position\":1,\"name\":\"Portada\",\"item\":\"https:\/\/torredonjimenoactualidad.com\/\"},{\"@type\":\"ListItem\",\"position\":2,\"name\":\"El Ingreso M\u00ednimo Vital llega ya a m\u00e1s de 20.000 hogares en Ja\u00e9n y alcanza a 67.476 personas\"}]},{\"@type\":\"WebSite\",\"@id\":\"https:\/\/torredonjimenoactualidad.com\/#website\",\"url\":\"https:\/\/torredonjimenoactualidad.com\/\",\"name\":\"Torredonjimeno Actualidad\",\"description\":\"\",\"publisher\":{\"@id\":\"https:\/\/torredonjimenoactualidad.com\/#organization\"},\"potentialAction\":[{\"@type\":\"SearchAction\",\"target\":{\"@type\":\"EntryPoint\",\"urlTemplate\":\"https:\/\/torredonjimenoactualidad.com\/?s={search_term_string}\"},\"query-input\":\"required name=search_term_string\"}],\"inLanguage\":\"es\"},{\"@type\":\"Organization\",\"@id\":\"https:\/\/torredonjimenoactualidad.com\/#organization\",\"name\":\"Torredonjimeno Actualidad\",\"url\":\"https:\/\/torredonjimenoactualidad.com\/\",\"logo\":{\"@type\":\"ImageObject\",\"inLanguage\":\"es\",\"@id\":\"https:\/\/torredonjimenoactualidad.com\/#\/schema\/logo\/image\/\",\"url\":\"https:\/\/torredonjimenoactualidad.com\/wp-content\/uploads\/2023\/02\/logo-torredonjimeno-544x180-1.png\",\"contentUrl\":\"https:\/\/torredonjimenoactualidad.com\/wp-content\/uploads\/2023\/02\/logo-torredonjimeno-544x180-1.png\",\"width\":545,\"height\":112,\"caption\":\"Torredonjimeno Actualidad\"},\"image\":{\"@id\":\"https:\/\/torredonjimenoactualidad.com\/#\/schema\/logo\/image\/\"}},{\"@type\":\"Person\",\"@id\":\"https:\/\/torredonjimenoactualidad.com\/#\/schema\/person\/84de5f233e783ef2c75151a532b54977\",\"name\":\"Alba Mar\u00eda Torres\",\"image\":{\"@type\":\"ImageObject\",\"inLanguage\":\"es\",\"@id\":\"https:\/\/torredonjimenoactualidad.com\/#\/schema\/person\/image\/\",\"url\":\"https:\/\/secure.gravatar.com\/avatar\/f9371f188c71501b4475a9ba2a71595850ec72967f800a2ed8e3e2102859ed65?s=96&d=mm&r=g\",\"contentUrl\":\"https:\/\/secure.gravatar.com\/avatar\/f9371f188c71501b4475a9ba2a71595850ec72967f800a2ed8e3e2102859ed65?s=96&d=mm&r=g\",\"caption\":\"Alba Mar\u00eda Torres\"},\"url\":\"https:\/\/torredonjimenoactualidad.com\/index.php\/author\/alba-torres\/\"}]}<\/script>\n<!-- \/ Yoast SEO plugin. -->","yoast_head_json":{"title":"El Ingreso M\u00ednimo Vital llega ya a m\u00e1s de 20.000 hogares en Ja\u00e9n y alcanza a 67.476 personas - Torredonjimeno Actualidad","robots":{"index":"index","follow":"follow","max-snippet":"max-snippet:-1","max-image-preview":"max-image-preview:large","max-video-preview":"max-video-preview:-1"},"canonical":"https:\/\/torredonjimenoactualidad.com\/index.php\/2025\/08\/08\/el-ingreso-minimo-vital-llega-ya-a-mas-de-20-000-hogares-en-jaen-y-alcanza-a-67-476-personas\/","og_locale":"es_ES","og_type":"article","og_title":"El Ingreso M\u00ednimo Vital llega ya a m\u00e1s de 20.000 hogares en Ja\u00e9n y alcanza a 67.476 personas - Torredonjimeno Actualidad","og_description":"Cinco a\u00f1os despu\u00e9s de su puesta en marcha, esta prestaci\u00f3n social se consolida como herramienta clave contra la pobreza, con especial impacto en menores y mujeres El Ingreso M\u00ednimo Vital (IMV) se ha convertido en una \u00abpalanca esencial\u00bb para miles de familias jiennenses que enfrentan situaciones de vulnerabilidad. As\u00ed lo ha manifestado el subdelegado del &hellip; El Ingreso M\u00ednimo Vital llega ya a m\u00e1s de 20.000 hogares en Ja\u00e9n y alcanza a 67.476 personas Leer m\u00e1s &raquo;","og_url":"https:\/\/torredonjimenoactualidad.com\/index.php\/2025\/08\/08\/el-ingreso-minimo-vital-llega-ya-a-mas-de-20-000-hogares-en-jaen-y-alcanza-a-67-476-personas\/","og_site_name":"Torredonjimeno Actualidad","article_published_time":"2025-08-08T08:11:23+00:00","article_modified_time":"2025-08-08T08:11:24+00:00","og_image":[{"width":1920,"height":1097,"url":"https:\/\/torredonjimenoactualidad.com\/wp-content\/uploads\/2025\/08\/fotonoticia_20250807172217_1920.jpg","type":"image\/jpeg"}],"author":"Alba Mar\u00eda Torres","twitter_card":"summary_large_image","twitter_misc":{"Escrito por":"Alba Mar\u00eda Torres","Tiempo de lectura":"3 minutos"},"schema":{"@context":"https:\/\/schema.org","@graph":[{"@type":"Article","@id":"https:\/\/torredonjimenoactualidad.com\/index.php\/2025\/08\/08\/el-ingreso-minimo-vital-llega-ya-a-mas-de-20-000-hogares-en-jaen-y-alcanza-a-67-476-personas\/#article","isPartOf":{"@id":"https:\/\/torredonjimenoactualidad.com\/index.php\/2025\/08\/08\/el-ingreso-minimo-vital-llega-ya-a-mas-de-20-000-hogares-en-jaen-y-alcanza-a-67-476-personas\/"},"author":{"name":"Alba Mar\u00eda Torres","@id":"https:\/\/torredonjimenoactualidad.com\/#\/schema\/person\/84de5f233e783ef2c75151a532b54977"},"headline":"El Ingreso M\u00ednimo Vital llega ya a m\u00e1s de 20.000 hogares en Ja\u00e9n y alcanza a 67.476 personas","datePublished":"2025-08-08T08:11:23+00:00","dateModified":"2025-08-08T08:11:24+00:00","mainEntityOfPage":{"@id":"https:\/\/torredonjimenoactualidad.com\/index.php\/2025\/08\/08\/el-ingreso-minimo-vital-llega-ya-a-mas-de-20-000-hogares-en-jaen-y-alcanza-a-67-476-personas\/"},"wordCount":490,"publisher":{"@id":"https:\/\/torredonjimenoactualidad.com\/#organization"},"articleSection":["provincia"],"inLanguage":"es"},{"@type":"WebPage","@id":"https:\/\/torredonjimenoactualidad.com\/index.php\/2025\/08\/08\/el-ingreso-minimo-vital-llega-ya-a-mas-de-20-000-hogares-en-jaen-y-alcanza-a-67-476-personas\/","url":"https:\/\/torredonjimenoactualidad.com\/index.php\/2025\/08\/08\/el-ingreso-minimo-vital-llega-ya-a-mas-de-20-000-hogares-en-jaen-y-alcanza-a-67-476-personas\/","name":"El Ingreso M\u00ednimo Vital llega ya a m\u00e1s de 20.000 hogares en Ja\u00e9n y alcanza a 67.476 personas - Torredonjimeno Actualidad","isPartOf":{"@id":"https:\/\/torredonjimenoactualidad.com\/#website"},"datePublished":"2025-08-08T08:11:23+00:00","dateModified":"2025-08-08T08:11:24+00:00","breadcrumb":{"@id":"https:\/\/torredonjimenoactualidad.com\/index.php\/2025\/08\/08\/el-ingreso-minimo-vital-llega-ya-a-mas-de-20-000-hogares-en-jaen-y-alcanza-a-67-476-personas\/#breadcrumb"},"inLanguage":"es","potentialAction":[{"@type":"ReadAction","target":["https:\/\/torredonjimenoactualidad.com\/index.php\/2025\/08\/08\/el-ingreso-minimo-vital-llega-ya-a-mas-de-20-000-hogares-en-jaen-y-alcanza-a-67-476-personas\/"]}]},{"@type":"BreadcrumbList","@id":"https:\/\/torredonjimenoactualidad.com\/index.php\/2025\/08\/08\/el-ingreso-minimo-vital-llega-ya-a-mas-de-20-000-hogares-en-jaen-y-alcanza-a-67-476-personas\/#breadcrumb","itemListElement":[{"@type":"ListItem","position":1,"name":"Portada","item":"https:\/\/torredonjimenoactualidad.com\/"},{"@type":"ListItem","position":2,"name":"El Ingreso M\u00ednimo Vital llega ya a m\u00e1s de 20.000 hogares en Ja\u00e9n y alcanza a 67.476 personas"}]},{"@type":"WebSite","@id":"https:\/\/torredonjimenoactualidad.com\/#website","url":"https:\/\/torredonjimenoactualidad.com\/","name":"Torredonjimeno Actualidad","description":"","publisher":{"@id":"https:\/\/torredonjimenoactualidad.com\/#organization"},"potentialAction":[{"@type":"SearchAction","target":{"@type":"EntryPoint","urlTemplate":"https:\/\/torredonjimenoactualidad.com\/?s={search_term_string}"},"query-input":"required name=search_term_string"}],"inLanguage":"es"},{"@type":"Organization","@id":"https:\/\/torredonjimenoactualidad.com\/#organization","name":"Torredonjimeno Actualidad","url":"https:\/\/torredonjimenoactualidad.com\/","logo":{"@type":"ImageObject","inLanguage":"es","@id":"https:\/\/torredonjimenoactualidad.com\/#\/schema\/logo\/image\/","url":"https:\/\/torredonjimenoactualidad.com\/wp-content\/uploads\/2023\/02\/logo-torredonjimeno-544x180-1.png","contentUrl":"https:\/\/torredonjimenoactualidad.com\/wp-content\/uploads\/2023\/02\/logo-torredonjimeno-544x180-1.png","width":545,"height":112,"caption":"Torredonjimeno Actualidad"},"image":{"@id":"https:\/\/torredonjimenoactualidad.com\/#\/schema\/logo\/image\/"}},{"@type":"Person","@id":"https:\/\/torredonjimenoactualidad.com\/#\/schema\/person\/84de5f233e783ef2c75151a532b54977","name":"Alba Mar\u00eda Torres","image":{"@type":"ImageObject","inLanguage":"es","@id":"https:\/\/torredonjimenoactualidad.com\/#\/schema\/person\/image\/","url":"https:\/\/secure.gravatar.com\/avatar\/f9371f188c71501b4475a9ba2a71595850ec72967f800a2ed8e3e2102859ed65?s=96&d=mm&r=g","contentUrl":"https:\/\/secure.gravatar.com\/avatar\/f9371f188c71501b4475a9ba2a71595850ec72967f800a2ed8e3e2102859ed65?s=96&d=mm&r=g","caption":"Alba Mar\u00eda Torres"},"url":"https:\/\/torredonjimenoactualidad.com\/index.php\/author\/alba-torres\/"}]}},"_links":{"self":[{"href":"https:\/\/torredonjimenoactualidad.com\/index.php\/wp-json\/wp\/v2\/posts\/3691","targetHints":{"allow":["GET"]}}],"collection":[{"href":"https:\/\/torredonjimenoactualidad.com\/index.php\/wp-json\/wp\/v2\/posts"}],"about":[{"href":"https:\/\/torredonjimenoactualidad.com\/index.php\/wp-json\/wp\/v2\/types\/post"}],"author":[{"embeddable":true,"href":"https:\/\/torredonjimenoactualidad.com\/index.php\/wp-json\/wp\/v2\/users\/2"}],"replies":[{"embeddable":true,"href":"https:\/\/torredonjimenoactualidad.com\/index.php\/wp-json\/wp\/v2\/comments?post=3691"}],"version-history":[{"count":1,"href":"https:\/\/torredonjimenoactualidad.com\/index.php\/wp-json\/wp\/v2\/posts\/3691\/revisions"}],"predecessor-version":[{"id":3693,"href":"https:\/\/torredonjimenoactualidad.com\/index.php\/wp-json\/wp\/v2\/posts\/3691\/revisions\/3693"}],"wp:featuredmedia":[{"embeddable":true,"href":"https:\/\/torredonjimenoactualidad.com\/index.php\/wp-json\/wp\/v2\/media\/3692"}],"wp:attachment":[{"href":"https:\/\/torredonjimenoactualidad.com\/index.php\/wp-json\/wp\/v2\/media?parent=3691"}],"wp:term":[{"taxonomy":"category","embeddable":true,"href":"https:\/\/torredonjimenoactualidad.com\/index.php\/wp-json\/wp\/v2\/categories?post=3691"},{"taxonomy":"post_tag","embeddable":true,"href":"https:\/\/torredonjimenoactualidad.com\/index.php\/wp-json\/wp\/v2\/tags?post=3691"}],"curies":[{"name":"wp","href":"https:\/\/api.w.org\/{rel}","templated":true}]}}