{"id":3634,"date":"2025-07-16T07:41:43","date_gmt":"2025-07-16T07:41:43","guid":{"rendered":"https:\/\/torredonjimenoactualidad.com\/?p=3634"},"modified":"2025-07-16T07:41:44","modified_gmt":"2025-07-16T07:41:44","slug":"upa-reclama-medidas-para-revertir-precios-ruinosos-en-origen-del-aceite-de-oliva-y-no-para-regular-cosechas","status":"publish","type":"post","link":"https:\/\/torredonjimenoactualidad.com\/index.php\/2025\/07\/16\/upa-reclama-medidas-para-revertir-precios-ruinosos-en-origen-del-aceite-de-oliva-y-no-para-regular-cosechas\/","title":{"rendered":"UPA reclama medidas para revertir \u00abprecios ruinosos\u00bb en origen del aceite de oliva, y no para regular cosechas"},"content":{"rendered":"\n<p>UPA Ja\u00e9n ha reclamado al Ministerio de Agricultura medidas \u00aburgentes\u00bb de mercado encaminadas a revertir \u00ablos precios ruinosos\u00bb en origen del aceite y no a regular las futuras cosechas porque \u00abcada mes los agricultores de olivar tradicional perdemos dinero al no poder cubrir ni siquiera los costes de producci\u00f3n con la venta del producto\u00bb.<\/p>\n\n\n\n<p>El secretario general de UPA Ja\u00e9n y Andaluc\u00eda, Jes\u00fas C\u00f3zar, que ha presidido la primera comisi\u00f3n ejecutiva despu\u00e9s del 11\u00ba Congreso celebrado a finales de junio en Martos (Ja\u00e9n), ha destacado tambi\u00e9n la preocupaci\u00f3n de la organizaci\u00f3n por la futura PAC y por los aranceles que plantea la administraci\u00f3n Trump, aunque para ambos casos pide prudencia a la hora de hacer valoraciones.<\/p>\n\n\n\n<p>Tambi\u00e9n ha apuntado a la falta de mano de obra y la necesidad de contratar inmigrantes, \u00abporque sin inmigraci\u00f3n no habr\u00eda alimentaci\u00f3n, ya que son los que sacan el trabajo en el campo\u00bb. \u00abEn lugar de expulsar a migrantes lo que necesitamos es que vengan m\u00e1s, de manera controlada, para poder seguir teniendo un sector primario como el que tenemos, porque ellos son los que sacan nuestras cosechas adelante\u00bb, ha defendido C\u00f3zar.<\/p>\n\n\n\n<p>\u00abEs urgente que el Ministerio de Agricultura ponga en marcha ya los mecanismos de mercado necesarios para conseguir el alza de los precios en origen, porque sufrimos una situaci\u00f3n insostenible, forzada artificialmente para dejar en fuera de juego al olivar tradicional\u00bb, ha dicho C\u00f3zar.<\/p>\n\n\n\n<p>El secretario general de UPA Ja\u00e9n ha incidido en la necesidad de poner en marcha unas medidas de mercado relacionadas con el precio y no con las cosechas. \u00abEste a\u00f1o hemos tenido una producci\u00f3n media despu\u00e9s de dos campa\u00f1as muy malas. Y la pr\u00f3xima no ser\u00e1 tan buena como algunos quieren hacernos ver, porque utilizan el argumento de la gran campa\u00f1a que viene para bajar los precios\u00bb, ha apuntado C\u00f3zar.<\/p>\n\n\n\n<p>Por \u00faltimo, C\u00f3zar ha mostrado la preocupaci\u00f3n de la organizaci\u00f3n por las noticias que est\u00e1n llegando desde Bruselas con respecto a la futura PAC. \u00abLo que escuchamos es muy negativo, porque se habla de recortes entre el 15 y el 25 por ciento, cuando nosotros reclamamos un aumento del presupuesto y un enfoque con otra estructura que refuerce los dos pilares sobre los que se sustentan los fondos\u00bb, ha dicho C\u00f3zar.<\/p>\n","protected":false},"excerpt":{"rendered":"<p>UPA Ja\u00e9n ha reclamado al Ministerio de Agricultura medidas \u00aburgentes\u00bb de mercado encaminadas a revertir \u00ablos precios ruinosos\u00bb en origen del aceite y no a regular las futuras cosechas porque \u00abcada mes los agricultores de olivar tradicional perdemos dinero al no poder cubrir ni siquiera los costes de producci\u00f3n con la venta del producto\u00bb. El &hellip;<\/p>\n<p class=\"read-more\"> <a class=\"\" href=\"https:\/\/torredonjimenoactualidad.com\/index.php\/2025\/07\/16\/upa-reclama-medidas-para-revertir-precios-ruinosos-en-origen-del-aceite-de-oliva-y-no-para-regular-cosechas\/\"> <span class=\"screen-reader-text\">UPA reclama medidas para revertir \u00abprecios ruinosos\u00bb en origen del aceite de oliva, y no para regular cosechas<\/span> Leer m\u00e1s &raquo;<\/a><\/p>\n","protected":false},"author":3,"featured_media":3635,"comment_status":"closed","ping_status":"open","sticky":false,"template":"","format":"standard","meta":{"site-sidebar-layout":"default","site-content-layout":"default","ast-global-header-display":"","ast-main-header-display":"","ast-hfb-above-header-display":"","ast-hfb-below-header-display":"","ast-hfb-mobile-header-display":"","site-post-title":"","ast-breadcrumbs-content":"","ast-featured-img":"","footer-sml-layout":"","theme-transparent-header-meta":"","adv-header-id-meta":"","stick-header-meta":"","header-above-stick-meta":"","header-main-stick-meta":"","header-below-stick-meta":"","footnotes":""},"categories":[1],"tags":[],"class_list":["post-3634","post","type-post","status-publish","format-standard","has-post-thumbnail","hentry","category-sin-categoria"],"yoast_head":"<!-- This site is optimized with the Yoast SEO plugin v20.8 - https:\/\/yoast.com\/wordpress\/plugins\/seo\/ -->\n<title>UPA reclama medidas para revertir &quot;precios ruinosos&quot; en origen del aceite de oliva, y no para regular cosechas - Torredonjimeno Actualidad<\/title>\n<meta name=\"robots\" content=\"index, follow, max-snippet:-1, max-image-preview:large, max-video-preview:-1\" \/>\n<link rel=\"canonical\" href=\"https:\/\/torredonjimenoactualidad.com\/index.php\/2025\/07\/16\/upa-reclama-medidas-para-revertir-precios-ruinosos-en-origen-del-aceite-de-oliva-y-no-para-regular-cosechas\/\" \/>\n<meta property=\"og:locale\" content=\"es_ES\" \/>\n<meta property=\"og:type\" content=\"article\" \/>\n<meta property=\"og:title\" content=\"UPA reclama medidas para revertir &quot;precios ruinosos&quot; en origen del aceite de oliva, y no para regular cosechas - Torredonjimeno Actualidad\" \/>\n<meta property=\"og:description\" content=\"UPA Ja\u00e9n ha reclamado al Ministerio de Agricultura medidas \u00aburgentes\u00bb de mercado encaminadas a revertir \u00ablos precios ruinosos\u00bb en origen del aceite y no a regular las futuras cosechas porque \u00abcada mes los agricultores de olivar tradicional perdemos dinero al no poder cubrir ni siquiera los costes de producci\u00f3n con la venta del producto\u00bb. El &hellip; UPA reclama medidas para revertir \u00abprecios ruinosos\u00bb en origen del aceite de oliva, y no para regular cosechas Leer m\u00e1s &raquo;\" \/>\n<meta property=\"og:url\" content=\"https:\/\/torredonjimenoactualidad.com\/index.php\/2025\/07\/16\/upa-reclama-medidas-para-revertir-precios-ruinosos-en-origen-del-aceite-de-oliva-y-no-para-regular-cosechas\/\" \/>\n<meta property=\"og:site_name\" content=\"Torredonjimeno Actualidad\" \/>\n<meta property=\"article:published_time\" content=\"2025-07-16T07:41:43+00:00\" \/>\n<meta property=\"article:modified_time\" content=\"2025-07-16T07:41:44+00:00\" \/>\n<meta property=\"og:image\" content=\"https:\/\/torredonjimenoactualidad.com\/wp-content\/uploads\/2025\/07\/ACEITE-DE-OLIVA-1-scaled-1236x824-1.jpg\" \/>\n\t<meta property=\"og:image:width\" content=\"1236\" \/>\n\t<meta property=\"og:image:height\" content=\"706\" \/>\n\t<meta property=\"og:image:type\" content=\"image\/jpeg\" \/>\n<meta name=\"author\" content=\"Redaccion\" \/>\n<meta name=\"twitter:card\" content=\"summary_large_image\" \/>\n<meta name=\"twitter:label1\" content=\"Escrito por\" \/>\n\t<meta name=\"twitter:data1\" content=\"Redaccion\" \/>\n\t<meta name=\"twitter:label2\" content=\"Tiempo de lectura\" \/>\n\t<meta name=\"twitter:data2\" content=\"2 minutos\" \/>\n<script type=\"application\/ld+json\" class=\"yoast-schema-graph\">{\"@context\":\"https:\/\/schema.org\",\"@graph\":[{\"@type\":\"Article\",\"@id\":\"https:\/\/torredonjimenoactualidad.com\/index.php\/2025\/07\/16\/upa-reclama-medidas-para-revertir-precios-ruinosos-en-origen-del-aceite-de-oliva-y-no-para-regular-cosechas\/#article\",\"isPartOf\":{\"@id\":\"https:\/\/torredonjimenoactualidad.com\/index.php\/2025\/07\/16\/upa-reclama-medidas-para-revertir-precios-ruinosos-en-origen-del-aceite-de-oliva-y-no-para-regular-cosechas\/\"},\"author\":{\"name\":\"Redaccion\",\"@id\":\"https:\/\/torredonjimenoactualidad.com\/#\/schema\/person\/11f05803cdf40dbeb7f4fbf2365c9ac5\"},\"headline\":\"UPA reclama medidas para revertir \u00abprecios ruinosos\u00bb en origen del aceite de oliva, y no para regular cosechas\",\"datePublished\":\"2025-07-16T07:41:43+00:00\",\"dateModified\":\"2025-07-16T07:41:44+00:00\",\"mainEntityOfPage\":{\"@id\":\"https:\/\/torredonjimenoactualidad.com\/index.php\/2025\/07\/16\/upa-reclama-medidas-para-revertir-precios-ruinosos-en-origen-del-aceite-de-oliva-y-no-para-regular-cosechas\/\"},\"wordCount\":422,\"publisher\":{\"@id\":\"https:\/\/torredonjimenoactualidad.com\/#organization\"},\"inLanguage\":\"es\"},{\"@type\":\"WebPage\",\"@id\":\"https:\/\/torredonjimenoactualidad.com\/index.php\/2025\/07\/16\/upa-reclama-medidas-para-revertir-precios-ruinosos-en-origen-del-aceite-de-oliva-y-no-para-regular-cosechas\/\",\"url\":\"https:\/\/torredonjimenoactualidad.com\/index.php\/2025\/07\/16\/upa-reclama-medidas-para-revertir-precios-ruinosos-en-origen-del-aceite-de-oliva-y-no-para-regular-cosechas\/\",\"name\":\"UPA reclama medidas para revertir \\\"precios ruinosos\\\" en origen del aceite de oliva, y no para regular cosechas - Torredonjimeno Actualidad\",\"isPartOf\":{\"@id\":\"https:\/\/torredonjimenoactualidad.com\/#website\"},\"datePublished\":\"2025-07-16T07:41:43+00:00\",\"dateModified\":\"2025-07-16T07:41:44+00:00\",\"breadcrumb\":{\"@id\":\"https:\/\/torredonjimenoactualidad.com\/index.php\/2025\/07\/16\/upa-reclama-medidas-para-revertir-precios-ruinosos-en-origen-del-aceite-de-oliva-y-no-para-regular-cosechas\/#breadcrumb\"},\"inLanguage\":\"es\",\"potentialAction\":[{\"@type\":\"ReadAction\",\"target\":[\"https:\/\/torredonjimenoactualidad.com\/index.php\/2025\/07\/16\/upa-reclama-medidas-para-revertir-precios-ruinosos-en-origen-del-aceite-de-oliva-y-no-para-regular-cosechas\/\"]}]},{\"@type\":\"BreadcrumbList\",\"@id\":\"https:\/\/torredonjimenoactualidad.com\/index.php\/2025\/07\/16\/upa-reclama-medidas-para-revertir-precios-ruinosos-en-origen-del-aceite-de-oliva-y-no-para-regular-cosechas\/#breadcrumb\",\"itemListElement\":[{\"@type\":\"ListItem\",\"position\":1,\"name\":\"Portada\",\"item\":\"https:\/\/torredonjimenoactualidad.com\/\"},{\"@type\":\"ListItem\",\"position\":2,\"name\":\"UPA reclama medidas para revertir \u00abprecios ruinosos\u00bb en origen del aceite de oliva, y no para regular cosechas\"}]},{\"@type\":\"WebSite\",\"@id\":\"https:\/\/torredonjimenoactualidad.com\/#website\",\"url\":\"https:\/\/torredonjimenoactualidad.com\/\",\"name\":\"Torredonjimeno Actualidad\",\"description\":\"\",\"publisher\":{\"@id\":\"https:\/\/torredonjimenoactualidad.com\/#organization\"},\"potentialAction\":[{\"@type\":\"SearchAction\",\"target\":{\"@type\":\"EntryPoint\",\"urlTemplate\":\"https:\/\/torredonjimenoactualidad.com\/?s={search_term_string}\"},\"query-input\":\"required name=search_term_string\"}],\"inLanguage\":\"es\"},{\"@type\":\"Organization\",\"@id\":\"https:\/\/torredonjimenoactualidad.com\/#organization\",\"name\":\"Torredonjimeno Actualidad\",\"url\":\"https:\/\/torredonjimenoactualidad.com\/\",\"logo\":{\"@type\":\"ImageObject\",\"inLanguage\":\"es\",\"@id\":\"https:\/\/torredonjimenoactualidad.com\/#\/schema\/logo\/image\/\",\"url\":\"https:\/\/torredonjimenoactualidad.com\/wp-content\/uploads\/2023\/02\/logo-torredonjimeno-544x180-1.png\",\"contentUrl\":\"https:\/\/torredonjimenoactualidad.com\/wp-content\/uploads\/2023\/02\/logo-torredonjimeno-544x180-1.png\",\"width\":545,\"height\":112,\"caption\":\"Torredonjimeno Actualidad\"},\"image\":{\"@id\":\"https:\/\/torredonjimenoactualidad.com\/#\/schema\/logo\/image\/\"}},{\"@type\":\"Person\",\"@id\":\"https:\/\/torredonjimenoactualidad.com\/#\/schema\/person\/11f05803cdf40dbeb7f4fbf2365c9ac5\",\"name\":\"Redaccion\",\"image\":{\"@type\":\"ImageObject\",\"inLanguage\":\"es\",\"@id\":\"https:\/\/torredonjimenoactualidad.com\/#\/schema\/person\/image\/\",\"url\":\"https:\/\/secure.gravatar.com\/avatar\/5917bab7eff43e17746fd29b509939469470810b6b989b7cc2f89e3188399bf3?s=96&d=mm&r=g\",\"contentUrl\":\"https:\/\/secure.gravatar.com\/avatar\/5917bab7eff43e17746fd29b509939469470810b6b989b7cc2f89e3188399bf3?s=96&d=mm&r=g\",\"caption\":\"Redaccion\"},\"url\":\"https:\/\/torredonjimenoactualidad.com\/index.php\/author\/jose-bueno\/\"}]}<\/script>\n<!-- \/ Yoast SEO plugin. -->","yoast_head_json":{"title":"UPA reclama medidas para revertir \"precios ruinosos\" en origen del aceite de oliva, y no para regular cosechas - Torredonjimeno Actualidad","robots":{"index":"index","follow":"follow","max-snippet":"max-snippet:-1","max-image-preview":"max-image-preview:large","max-video-preview":"max-video-preview:-1"},"canonical":"https:\/\/torredonjimenoactualidad.com\/index.php\/2025\/07\/16\/upa-reclama-medidas-para-revertir-precios-ruinosos-en-origen-del-aceite-de-oliva-y-no-para-regular-cosechas\/","og_locale":"es_ES","og_type":"article","og_title":"UPA reclama medidas para revertir \"precios ruinosos\" en origen del aceite de oliva, y no para regular cosechas - Torredonjimeno Actualidad","og_description":"UPA Ja\u00e9n ha reclamado al Ministerio de Agricultura medidas \u00aburgentes\u00bb de mercado encaminadas a revertir \u00ablos precios ruinosos\u00bb en origen del aceite y no a regular las futuras cosechas porque \u00abcada mes los agricultores de olivar tradicional perdemos dinero al no poder cubrir ni siquiera los costes de producci\u00f3n con la venta del producto\u00bb. El &hellip; UPA reclama medidas para revertir \u00abprecios ruinosos\u00bb en origen del aceite de oliva, y no para regular cosechas Leer m\u00e1s &raquo;","og_url":"https:\/\/torredonjimenoactualidad.com\/index.php\/2025\/07\/16\/upa-reclama-medidas-para-revertir-precios-ruinosos-en-origen-del-aceite-de-oliva-y-no-para-regular-cosechas\/","og_site_name":"Torredonjimeno Actualidad","article_published_time":"2025-07-16T07:41:43+00:00","article_modified_time":"2025-07-16T07:41:44+00:00","og_image":[{"width":1236,"height":706,"url":"https:\/\/torredonjimenoactualidad.com\/wp-content\/uploads\/2025\/07\/ACEITE-DE-OLIVA-1-scaled-1236x824-1.jpg","type":"image\/jpeg"}],"author":"Redaccion","twitter_card":"summary_large_image","twitter_misc":{"Escrito por":"Redaccion","Tiempo de lectura":"2 minutos"},"schema":{"@context":"https:\/\/schema.org","@graph":[{"@type":"Article","@id":"https:\/\/torredonjimenoactualidad.com\/index.php\/2025\/07\/16\/upa-reclama-medidas-para-revertir-precios-ruinosos-en-origen-del-aceite-de-oliva-y-no-para-regular-cosechas\/#article","isPartOf":{"@id":"https:\/\/torredonjimenoactualidad.com\/index.php\/2025\/07\/16\/upa-reclama-medidas-para-revertir-precios-ruinosos-en-origen-del-aceite-de-oliva-y-no-para-regular-cosechas\/"},"author":{"name":"Redaccion","@id":"https:\/\/torredonjimenoactualidad.com\/#\/schema\/person\/11f05803cdf40dbeb7f4fbf2365c9ac5"},"headline":"UPA reclama medidas para revertir \u00abprecios ruinosos\u00bb en origen del aceite de oliva, y no para regular cosechas","datePublished":"2025-07-16T07:41:43+00:00","dateModified":"2025-07-16T07:41:44+00:00","mainEntityOfPage":{"@id":"https:\/\/torredonjimenoactualidad.com\/index.php\/2025\/07\/16\/upa-reclama-medidas-para-revertir-precios-ruinosos-en-origen-del-aceite-de-oliva-y-no-para-regular-cosechas\/"},"wordCount":422,"publisher":{"@id":"https:\/\/torredonjimenoactualidad.com\/#organization"},"inLanguage":"es"},{"@type":"WebPage","@id":"https:\/\/torredonjimenoactualidad.com\/index.php\/2025\/07\/16\/upa-reclama-medidas-para-revertir-precios-ruinosos-en-origen-del-aceite-de-oliva-y-no-para-regular-cosechas\/","url":"https:\/\/torredonjimenoactualidad.com\/index.php\/2025\/07\/16\/upa-reclama-medidas-para-revertir-precios-ruinosos-en-origen-del-aceite-de-oliva-y-no-para-regular-cosechas\/","name":"UPA reclama medidas para revertir \"precios ruinosos\" en origen del aceite de oliva, y no para regular cosechas - Torredonjimeno Actualidad","isPartOf":{"@id":"https:\/\/torredonjimenoactualidad.com\/#website"},"datePublished":"2025-07-16T07:41:43+00:00","dateModified":"2025-07-16T07:41:44+00:00","breadcrumb":{"@id":"https:\/\/torredonjimenoactualidad.com\/index.php\/2025\/07\/16\/upa-reclama-medidas-para-revertir-precios-ruinosos-en-origen-del-aceite-de-oliva-y-no-para-regular-cosechas\/#breadcrumb"},"inLanguage":"es","potentialAction":[{"@type":"ReadAction","target":["https:\/\/torredonjimenoactualidad.com\/index.php\/2025\/07\/16\/upa-reclama-medidas-para-revertir-precios-ruinosos-en-origen-del-aceite-de-oliva-y-no-para-regular-cosechas\/"]}]},{"@type":"BreadcrumbList","@id":"https:\/\/torredonjimenoactualidad.com\/index.php\/2025\/07\/16\/upa-reclama-medidas-para-revertir-precios-ruinosos-en-origen-del-aceite-de-oliva-y-no-para-regular-cosechas\/#breadcrumb","itemListElement":[{"@type":"ListItem","position":1,"name":"Portada","item":"https:\/\/torredonjimenoactualidad.com\/"},{"@type":"ListItem","position":2,"name":"UPA reclama medidas para revertir \u00abprecios ruinosos\u00bb en origen del aceite de oliva, y no para regular cosechas"}]},{"@type":"WebSite","@id":"https:\/\/torredonjimenoactualidad.com\/#website","url":"https:\/\/torredonjimenoactualidad.com\/","name":"Torredonjimeno Actualidad","description":"","publisher":{"@id":"https:\/\/torredonjimenoactualidad.com\/#organization"},"potentialAction":[{"@type":"SearchAction","target":{"@type":"EntryPoint","urlTemplate":"https:\/\/torredonjimenoactualidad.com\/?s={search_term_string}"},"query-input":"required name=search_term_string"}],"inLanguage":"es"},{"@type":"Organization","@id":"https:\/\/torredonjimenoactualidad.com\/#organization","name":"Torredonjimeno Actualidad","url":"https:\/\/torredonjimenoactualidad.com\/","logo":{"@type":"ImageObject","inLanguage":"es","@id":"https:\/\/torredonjimenoactualidad.com\/#\/schema\/logo\/image\/","url":"https:\/\/torredonjimenoactualidad.com\/wp-content\/uploads\/2023\/02\/logo-torredonjimeno-544x180-1.png","contentUrl":"https:\/\/torredonjimenoactualidad.com\/wp-content\/uploads\/2023\/02\/logo-torredonjimeno-544x180-1.png","width":545,"height":112,"caption":"Torredonjimeno Actualidad"},"image":{"@id":"https:\/\/torredonjimenoactualidad.com\/#\/schema\/logo\/image\/"}},{"@type":"Person","@id":"https:\/\/torredonjimenoactualidad.com\/#\/schema\/person\/11f05803cdf40dbeb7f4fbf2365c9ac5","name":"Redaccion","image":{"@type":"ImageObject","inLanguage":"es","@id":"https:\/\/torredonjimenoactualidad.com\/#\/schema\/person\/image\/","url":"https:\/\/secure.gravatar.com\/avatar\/5917bab7eff43e17746fd29b509939469470810b6b989b7cc2f89e3188399bf3?s=96&d=mm&r=g","contentUrl":"https:\/\/secure.gravatar.com\/avatar\/5917bab7eff43e17746fd29b509939469470810b6b989b7cc2f89e3188399bf3?s=96&d=mm&r=g","caption":"Redaccion"},"url":"https:\/\/torredonjimenoactualidad.com\/index.php\/author\/jose-bueno\/"}]}},"_links":{"self":[{"href":"https:\/\/torredonjimenoactualidad.com\/index.php\/wp-json\/wp\/v2\/posts\/3634","targetHints":{"allow":["GET"]}}],"collection":[{"href":"https:\/\/torredonjimenoactualidad.com\/index.php\/wp-json\/wp\/v2\/posts"}],"about":[{"href":"https:\/\/torredonjimenoactualidad.com\/index.php\/wp-json\/wp\/v2\/types\/post"}],"author":[{"embeddable":true,"href":"https:\/\/torredonjimenoactualidad.com\/index.php\/wp-json\/wp\/v2\/users\/3"}],"replies":[{"embeddable":true,"href":"https:\/\/torredonjimenoactualidad.com\/index.php\/wp-json\/wp\/v2\/comments?post=3634"}],"version-history":[{"count":1,"href":"https:\/\/torredonjimenoactualidad.com\/index.php\/wp-json\/wp\/v2\/posts\/3634\/revisions"}],"predecessor-version":[{"id":3636,"href":"https:\/\/torredonjimenoactualidad.com\/index.php\/wp-json\/wp\/v2\/posts\/3634\/revisions\/3636"}],"wp:featuredmedia":[{"embeddable":true,"href":"https:\/\/torredonjimenoactualidad.com\/index.php\/wp-json\/wp\/v2\/media\/3635"}],"wp:attachment":[{"href":"https:\/\/torredonjimenoactualidad.com\/index.php\/wp-json\/wp\/v2\/media?parent=3634"}],"wp:term":[{"taxonomy":"category","embeddable":true,"href":"https:\/\/torredonjimenoactualidad.com\/index.php\/wp-json\/wp\/v2\/categories?post=3634"},{"taxonomy":"post_tag","embeddable":true,"href":"https:\/\/torredonjimenoactualidad.com\/index.php\/wp-json\/wp\/v2\/tags?post=3634"}],"curies":[{"name":"wp","href":"https:\/\/api.w.org\/{rel}","templated":true}]}}