{"id":3609,"date":"2025-07-09T18:34:19","date_gmt":"2025-07-09T18:34:19","guid":{"rendered":"https:\/\/torredonjimenoactualidad.com\/?p=3609"},"modified":"2025-07-09T18:34:20","modified_gmt":"2025-07-09T18:34:20","slug":"la-diputacion-de-jaen-hace-balance-del-ecuador-del-mandato-hemos-sido-un-motor-imprescindible-para-la-provincia","status":"publish","type":"post","link":"https:\/\/torredonjimenoactualidad.com\/index.php\/2025\/07\/09\/la-diputacion-de-jaen-hace-balance-del-ecuador-del-mandato-hemos-sido-un-motor-imprescindible-para-la-provincia\/","title":{"rendered":"La Diputaci\u00f3n de Ja\u00e9n hace balance del ecuador del mandato: \u201cHemos sido un motor imprescindible para la provincia\u201d"},"content":{"rendered":"\n<p><em>Paco Reyes destaca una gesti\u00f3n marcada por la anticipaci\u00f3n, la inversi\u00f3n social y la reivindicaci\u00f3n del territorio<\/em><\/p>\n\n\n\n<p>El presidente de la Diputaci\u00f3n de Ja\u00e9n, Paco Reyes, ha realizado hoy un detallado balance de gesti\u00f3n cuando se cumplen dos a\u00f1os desde el inicio del actual mandato, el 4 de julio de 2023. Acompa\u00f1ado por los diputados que integran el equipo de Gobierno, Reyes ha defendido que la instituci\u00f3n provincial \u201cha sido un motor imprescindible de la provincia\u201d gracias a una hoja de ruta \u201cambiciosa y comprometida\u201d, m\u00e1s all\u00e1 de las competencias que le son estrictamente asignadas.<\/p>\n\n\n\n<p>Durante su intervenci\u00f3n, el presidente ha subrayado las prioridades de su gobierno: los 97 ayuntamientos de la provincia \u2014especialmente los m\u00e1s peque\u00f1os\u2014, la ciudadan\u00eda jiennense y el desarrollo territorial. En este sentido, ha destacado el incremento del 23% en el presupuesto destinado a pol\u00edticas sociales desde 2023 y el papel de la Diputaci\u00f3n como impulsora de proyectos estrat\u00e9gicos como el CETEDEX, el Plan Urgente de Infraestructuras Hidr\u00e1ulicas o la mejora de las conexiones ferroviarias con Madrid.<\/p>\n\n\n\n<p>Reyes ha ensalzado la gesti\u00f3n \u201cbasada en la anticipaci\u00f3n y la planificaci\u00f3n\u201d, apoyada en el Plan Estrat\u00e9gico y el Consejo Econ\u00f3mico y Social Provincial, lo que \u2014ha afirmado\u2014 ha permitido alcanzar una ejecuci\u00f3n presupuestaria del 95% en 2024, frente al 17% de la Junta de Andaluc\u00eda. Adem\u00e1s, ha recordado que Ja\u00e9n es la diputaci\u00f3n andaluza con mayor gasto por habitante: 518,79 euros frente a una media regional de 290.<\/p>\n\n\n\n<p>El presidente provincial ha puesto en valor la colaboraci\u00f3n con el Gobierno de Espa\u00f1a, resaltando el impulso al CETEDEX \u2014cuyo campus principal estar\u00e1 terminado en 2026\u2014 y el incremento del 33% de las transferencias del Estado a los gobiernos locales desde 2018. Tambi\u00e9n ha celebrado la llegada de empresas vinculadas a este centro, como Escribano, SAPA Placencia o FMG.<\/p>\n\n\n\n<p>En contraste, ha sido especialmente cr\u00edtico con la Junta de Andaluc\u00eda, a la que acusa de \u201cagravio permanente\u201d hacia Ja\u00e9n en comparaci\u00f3n con otras provincias. Reyes ha denunciado el deterioro de servicios p\u00fablicos como la sanidad, la educaci\u00f3n o la atenci\u00f3n a la dependencia, y ha anunciado que el pr\u00f3ximo 25 de julio mantendr\u00e1 una reuni\u00f3n con el presidente andaluz, Juanma Moreno, tras haberla solicitado en tres ocasiones desde noviembre. \u201cLlevar\u00e9 un listado de peticiones para la provincia\u201d, ha avanzado, entre ellas el desequilibrio inversor en proyectos como el Colce de C\u00f3rdoba frente al CETEDEX jiennense.<\/p>\n\n\n\n<p>En el plano inversor, Reyes ha destacado los m\u00e1s de 55 millones de euros destinados en dos a\u00f1os a cooperaci\u00f3n municipal, planes de empleo, cultura y deporte. En cuanto a fondos europeos, la Diputaci\u00f3n gestiona actualmente 41 proyectos con m\u00e1s de 59 millones de euros, que han permitido, por ejemplo, reforzar el turismo de la provincia, que ha alcanzado un r\u00e9cord de visitantes y pernoctaciones en 2024.<\/p>\n\n\n\n<p>En el cap\u00edtulo de infraestructuras, el Plan Accede destinar\u00e1 23 millones de euros a carreteras entre este a\u00f1o y el pr\u00f3ximo. Asimismo, se han promovido iniciativas industriales como \u201cJa\u00e9n por Industria\u201d, con m\u00e1s de 200 empresas adheridas, y el Plan de Empleo y Empresa, dotado con 35 millones. Desde 2015, casi 2.400 empleos han sido financiados con los programas de empleo intensivo.<\/p>\n\n\n\n<p>Reyes tambi\u00e9n ha recordado que la Diputaci\u00f3n ha asumido la gesti\u00f3n de Geolit y Ferias Ja\u00e9n, ha impulsado el apoyo a sectores como la agricultura a trav\u00e9s de Degusta Ja\u00e9n y ha respaldado la ganader\u00eda trashumante. Adem\u00e1s, se ha promovido la cultura y el deporte con 2,8 millones de euros destinados a planes locales.<\/p>\n\n\n\n<p>La inversi\u00f3n social ha sido otro pilar de la gesti\u00f3n: mejoras en centros asistenciales como Santa Teresa y L\u00f3pez Barneo, ayudas de emergencia, programas de mayores, juventud e igualdad, y m\u00e1s de 1.900 expedientes de asistencia t\u00e9cnica a municipios. Tambi\u00e9n se han desarrollado actuaciones en caminos rurales, parques de bomberos, sistemas de agua y residuos, y programas de movilidad europea como Talentium o Ja\u00e9n+.<\/p>\n\n\n\n<p>A modo de conclusi\u00f3n, el presidente ha manifestado su compromiso de seguir escuchando a la sociedad jiennense y ha reiterado su voluntad de mantener una administraci\u00f3n \u201ccercana, eficaz, reivindicativa y comprometida con el futuro de la provincia\u201d hasta el final del mandato en 2027.<\/p>\n","protected":false},"excerpt":{"rendered":"<p>Paco Reyes destaca una gesti\u00f3n marcada por la anticipaci\u00f3n, la inversi\u00f3n social y la reivindicaci\u00f3n del territorio El presidente de la Diputaci\u00f3n de Ja\u00e9n, Paco Reyes, ha realizado hoy un detallado balance de gesti\u00f3n cuando se cumplen dos a\u00f1os desde el inicio del actual mandato, el 4 de julio de 2023. Acompa\u00f1ado por los diputados &hellip;<\/p>\n<p class=\"read-more\"> <a class=\"\" href=\"https:\/\/torredonjimenoactualidad.com\/index.php\/2025\/07\/09\/la-diputacion-de-jaen-hace-balance-del-ecuador-del-mandato-hemos-sido-un-motor-imprescindible-para-la-provincia\/\"> <span class=\"screen-reader-text\">La Diputaci\u00f3n de Ja\u00e9n hace balance del ecuador del mandato: \u201cHemos sido un motor imprescindible para la provincia\u201d<\/span> Leer m\u00e1s &raquo;<\/a><\/p>\n","protected":false},"author":2,"featured_media":3610,"comment_status":"closed","ping_status":"open","sticky":false,"template":"","format":"standard","meta":{"site-sidebar-layout":"default","site-content-layout":"default","ast-global-header-display":"","ast-main-header-display":"","ast-hfb-above-header-display":"","ast-hfb-below-header-display":"","ast-hfb-mobile-header-display":"","site-post-title":"","ast-breadcrumbs-content":"","ast-featured-img":"","footer-sml-layout":"","theme-transparent-header-meta":"","adv-header-id-meta":"","stick-header-meta":"","header-above-stick-meta":"","header-main-stick-meta":"","header-below-stick-meta":"","footnotes":""},"categories":[1],"tags":[],"class_list":["post-3609","post","type-post","status-publish","format-standard","has-post-thumbnail","hentry","category-sin-categoria"],"yoast_head":"<!-- This site is optimized with the Yoast SEO plugin v20.8 - https:\/\/yoast.com\/wordpress\/plugins\/seo\/ -->\n<title>La Diputaci\u00f3n de Ja\u00e9n hace balance del ecuador del mandato: \u201cHemos sido un motor imprescindible para la provincia\u201d - Torredonjimeno Actualidad<\/title>\n<meta name=\"robots\" content=\"index, follow, max-snippet:-1, max-image-preview:large, max-video-preview:-1\" \/>\n<link rel=\"canonical\" href=\"https:\/\/torredonjimenoactualidad.com\/index.php\/2025\/07\/09\/la-diputacion-de-jaen-hace-balance-del-ecuador-del-mandato-hemos-sido-un-motor-imprescindible-para-la-provincia\/\" \/>\n<meta property=\"og:locale\" content=\"es_ES\" \/>\n<meta property=\"og:type\" content=\"article\" \/>\n<meta property=\"og:title\" content=\"La Diputaci\u00f3n de Ja\u00e9n hace balance del ecuador del mandato: \u201cHemos sido un motor imprescindible para la provincia\u201d - Torredonjimeno Actualidad\" \/>\n<meta property=\"og:description\" content=\"Paco Reyes destaca una gesti\u00f3n marcada por la anticipaci\u00f3n, la inversi\u00f3n social y la reivindicaci\u00f3n del territorio El presidente de la Diputaci\u00f3n de Ja\u00e9n, Paco Reyes, ha realizado hoy un detallado balance de gesti\u00f3n cuando se cumplen dos a\u00f1os desde el inicio del actual mandato, el 4 de julio de 2023. Acompa\u00f1ado por los diputados &hellip; La Diputaci\u00f3n de Ja\u00e9n hace balance del ecuador del mandato: \u201cHemos sido un motor imprescindible para la provincia\u201d Leer m\u00e1s &raquo;\" \/>\n<meta property=\"og:url\" content=\"https:\/\/torredonjimenoactualidad.com\/index.php\/2025\/07\/09\/la-diputacion-de-jaen-hace-balance-del-ecuador-del-mandato-hemos-sido-un-motor-imprescindible-para-la-provincia\/\" \/>\n<meta property=\"og:site_name\" content=\"Torredonjimeno Actualidad\" \/>\n<meta property=\"article:published_time\" content=\"2025-07-09T18:34:19+00:00\" \/>\n<meta property=\"article:modified_time\" content=\"2025-07-09T18:34:20+00:00\" \/>\n<meta property=\"og:image\" content=\"https:\/\/torredonjimenoactualidad.com\/wp-content\/uploads\/2025\/07\/DIPU.jpg\" \/>\n\t<meta property=\"og:image:width\" content=\"2541\" \/>\n\t<meta property=\"og:image:height\" content=\"1452\" \/>\n\t<meta property=\"og:image:type\" content=\"image\/jpeg\" \/>\n<meta name=\"author\" content=\"Alba Mar\u00eda Torres\" \/>\n<meta name=\"twitter:card\" content=\"summary_large_image\" \/>\n<meta name=\"twitter:label1\" content=\"Escrito por\" \/>\n\t<meta name=\"twitter:data1\" content=\"Alba Mar\u00eda Torres\" \/>\n\t<meta name=\"twitter:label2\" content=\"Tiempo de lectura\" \/>\n\t<meta name=\"twitter:data2\" content=\"4 minutos\" \/>\n<script type=\"application\/ld+json\" class=\"yoast-schema-graph\">{\"@context\":\"https:\/\/schema.org\",\"@graph\":[{\"@type\":\"Article\",\"@id\":\"https:\/\/torredonjimenoactualidad.com\/index.php\/2025\/07\/09\/la-diputacion-de-jaen-hace-balance-del-ecuador-del-mandato-hemos-sido-un-motor-imprescindible-para-la-provincia\/#article\",\"isPartOf\":{\"@id\":\"https:\/\/torredonjimenoactualidad.com\/index.php\/2025\/07\/09\/la-diputacion-de-jaen-hace-balance-del-ecuador-del-mandato-hemos-sido-un-motor-imprescindible-para-la-provincia\/\"},\"author\":{\"name\":\"Alba Mar\u00eda Torres\",\"@id\":\"https:\/\/torredonjimenoactualidad.com\/#\/schema\/person\/84de5f233e783ef2c75151a532b54977\"},\"headline\":\"La Diputaci\u00f3n de Ja\u00e9n hace balance del ecuador del mandato: \u201cHemos sido un motor imprescindible para la provincia\u201d\",\"datePublished\":\"2025-07-09T18:34:19+00:00\",\"dateModified\":\"2025-07-09T18:34:20+00:00\",\"mainEntityOfPage\":{\"@id\":\"https:\/\/torredonjimenoactualidad.com\/index.php\/2025\/07\/09\/la-diputacion-de-jaen-hace-balance-del-ecuador-del-mandato-hemos-sido-un-motor-imprescindible-para-la-provincia\/\"},\"wordCount\":750,\"publisher\":{\"@id\":\"https:\/\/torredonjimenoactualidad.com\/#organization\"},\"inLanguage\":\"es\"},{\"@type\":\"WebPage\",\"@id\":\"https:\/\/torredonjimenoactualidad.com\/index.php\/2025\/07\/09\/la-diputacion-de-jaen-hace-balance-del-ecuador-del-mandato-hemos-sido-un-motor-imprescindible-para-la-provincia\/\",\"url\":\"https:\/\/torredonjimenoactualidad.com\/index.php\/2025\/07\/09\/la-diputacion-de-jaen-hace-balance-del-ecuador-del-mandato-hemos-sido-un-motor-imprescindible-para-la-provincia\/\",\"name\":\"La Diputaci\u00f3n de Ja\u00e9n hace balance del ecuador del mandato: \u201cHemos sido un motor imprescindible para la provincia\u201d - Torredonjimeno Actualidad\",\"isPartOf\":{\"@id\":\"https:\/\/torredonjimenoactualidad.com\/#website\"},\"datePublished\":\"2025-07-09T18:34:19+00:00\",\"dateModified\":\"2025-07-09T18:34:20+00:00\",\"breadcrumb\":{\"@id\":\"https:\/\/torredonjimenoactualidad.com\/index.php\/2025\/07\/09\/la-diputacion-de-jaen-hace-balance-del-ecuador-del-mandato-hemos-sido-un-motor-imprescindible-para-la-provincia\/#breadcrumb\"},\"inLanguage\":\"es\",\"potentialAction\":[{\"@type\":\"ReadAction\",\"target\":[\"https:\/\/torredonjimenoactualidad.com\/index.php\/2025\/07\/09\/la-diputacion-de-jaen-hace-balance-del-ecuador-del-mandato-hemos-sido-un-motor-imprescindible-para-la-provincia\/\"]}]},{\"@type\":\"BreadcrumbList\",\"@id\":\"https:\/\/torredonjimenoactualidad.com\/index.php\/2025\/07\/09\/la-diputacion-de-jaen-hace-balance-del-ecuador-del-mandato-hemos-sido-un-motor-imprescindible-para-la-provincia\/#breadcrumb\",\"itemListElement\":[{\"@type\":\"ListItem\",\"position\":1,\"name\":\"Portada\",\"item\":\"https:\/\/torredonjimenoactualidad.com\/\"},{\"@type\":\"ListItem\",\"position\":2,\"name\":\"La Diputaci\u00f3n de Ja\u00e9n hace balance del ecuador del mandato: \u201cHemos sido un motor imprescindible para la provincia\u201d\"}]},{\"@type\":\"WebSite\",\"@id\":\"https:\/\/torredonjimenoactualidad.com\/#website\",\"url\":\"https:\/\/torredonjimenoactualidad.com\/\",\"name\":\"Torredonjimeno Actualidad\",\"description\":\"\",\"publisher\":{\"@id\":\"https:\/\/torredonjimenoactualidad.com\/#organization\"},\"potentialAction\":[{\"@type\":\"SearchAction\",\"target\":{\"@type\":\"EntryPoint\",\"urlTemplate\":\"https:\/\/torredonjimenoactualidad.com\/?s={search_term_string}\"},\"query-input\":\"required name=search_term_string\"}],\"inLanguage\":\"es\"},{\"@type\":\"Organization\",\"@id\":\"https:\/\/torredonjimenoactualidad.com\/#organization\",\"name\":\"Torredonjimeno Actualidad\",\"url\":\"https:\/\/torredonjimenoactualidad.com\/\",\"logo\":{\"@type\":\"ImageObject\",\"inLanguage\":\"es\",\"@id\":\"https:\/\/torredonjimenoactualidad.com\/#\/schema\/logo\/image\/\",\"url\":\"https:\/\/torredonjimenoactualidad.com\/wp-content\/uploads\/2023\/02\/logo-torredonjimeno-544x180-1.png\",\"contentUrl\":\"https:\/\/torredonjimenoactualidad.com\/wp-content\/uploads\/2023\/02\/logo-torredonjimeno-544x180-1.png\",\"width\":545,\"height\":112,\"caption\":\"Torredonjimeno Actualidad\"},\"image\":{\"@id\":\"https:\/\/torredonjimenoactualidad.com\/#\/schema\/logo\/image\/\"}},{\"@type\":\"Person\",\"@id\":\"https:\/\/torredonjimenoactualidad.com\/#\/schema\/person\/84de5f233e783ef2c75151a532b54977\",\"name\":\"Alba Mar\u00eda Torres\",\"image\":{\"@type\":\"ImageObject\",\"inLanguage\":\"es\",\"@id\":\"https:\/\/torredonjimenoactualidad.com\/#\/schema\/person\/image\/\",\"url\":\"https:\/\/secure.gravatar.com\/avatar\/f9371f188c71501b4475a9ba2a71595850ec72967f800a2ed8e3e2102859ed65?s=96&d=mm&r=g\",\"contentUrl\":\"https:\/\/secure.gravatar.com\/avatar\/f9371f188c71501b4475a9ba2a71595850ec72967f800a2ed8e3e2102859ed65?s=96&d=mm&r=g\",\"caption\":\"Alba Mar\u00eda Torres\"},\"url\":\"https:\/\/torredonjimenoactualidad.com\/index.php\/author\/alba-torres\/\"}]}<\/script>\n<!-- \/ Yoast SEO plugin. -->","yoast_head_json":{"title":"La Diputaci\u00f3n de Ja\u00e9n hace balance del ecuador del mandato: \u201cHemos sido un motor imprescindible para la provincia\u201d - Torredonjimeno Actualidad","robots":{"index":"index","follow":"follow","max-snippet":"max-snippet:-1","max-image-preview":"max-image-preview:large","max-video-preview":"max-video-preview:-1"},"canonical":"https:\/\/torredonjimenoactualidad.com\/index.php\/2025\/07\/09\/la-diputacion-de-jaen-hace-balance-del-ecuador-del-mandato-hemos-sido-un-motor-imprescindible-para-la-provincia\/","og_locale":"es_ES","og_type":"article","og_title":"La Diputaci\u00f3n de Ja\u00e9n hace balance del ecuador del mandato: \u201cHemos sido un motor imprescindible para la provincia\u201d - Torredonjimeno Actualidad","og_description":"Paco Reyes destaca una gesti\u00f3n marcada por la anticipaci\u00f3n, la inversi\u00f3n social y la reivindicaci\u00f3n del territorio El presidente de la Diputaci\u00f3n de Ja\u00e9n, Paco Reyes, ha realizado hoy un detallado balance de gesti\u00f3n cuando se cumplen dos a\u00f1os desde el inicio del actual mandato, el 4 de julio de 2023. Acompa\u00f1ado por los diputados &hellip; La Diputaci\u00f3n de Ja\u00e9n hace balance del ecuador del mandato: \u201cHemos sido un motor imprescindible para la provincia\u201d Leer m\u00e1s &raquo;","og_url":"https:\/\/torredonjimenoactualidad.com\/index.php\/2025\/07\/09\/la-diputacion-de-jaen-hace-balance-del-ecuador-del-mandato-hemos-sido-un-motor-imprescindible-para-la-provincia\/","og_site_name":"Torredonjimeno Actualidad","article_published_time":"2025-07-09T18:34:19+00:00","article_modified_time":"2025-07-09T18:34:20+00:00","og_image":[{"width":2541,"height":1452,"url":"https:\/\/torredonjimenoactualidad.com\/wp-content\/uploads\/2025\/07\/DIPU.jpg","type":"image\/jpeg"}],"author":"Alba Mar\u00eda Torres","twitter_card":"summary_large_image","twitter_misc":{"Escrito por":"Alba Mar\u00eda Torres","Tiempo de lectura":"4 minutos"},"schema":{"@context":"https:\/\/schema.org","@graph":[{"@type":"Article","@id":"https:\/\/torredonjimenoactualidad.com\/index.php\/2025\/07\/09\/la-diputacion-de-jaen-hace-balance-del-ecuador-del-mandato-hemos-sido-un-motor-imprescindible-para-la-provincia\/#article","isPartOf":{"@id":"https:\/\/torredonjimenoactualidad.com\/index.php\/2025\/07\/09\/la-diputacion-de-jaen-hace-balance-del-ecuador-del-mandato-hemos-sido-un-motor-imprescindible-para-la-provincia\/"},"author":{"name":"Alba Mar\u00eda Torres","@id":"https:\/\/torredonjimenoactualidad.com\/#\/schema\/person\/84de5f233e783ef2c75151a532b54977"},"headline":"La Diputaci\u00f3n de Ja\u00e9n hace balance del ecuador del mandato: \u201cHemos sido un motor imprescindible para la provincia\u201d","datePublished":"2025-07-09T18:34:19+00:00","dateModified":"2025-07-09T18:34:20+00:00","mainEntityOfPage":{"@id":"https:\/\/torredonjimenoactualidad.com\/index.php\/2025\/07\/09\/la-diputacion-de-jaen-hace-balance-del-ecuador-del-mandato-hemos-sido-un-motor-imprescindible-para-la-provincia\/"},"wordCount":750,"publisher":{"@id":"https:\/\/torredonjimenoactualidad.com\/#organization"},"inLanguage":"es"},{"@type":"WebPage","@id":"https:\/\/torredonjimenoactualidad.com\/index.php\/2025\/07\/09\/la-diputacion-de-jaen-hace-balance-del-ecuador-del-mandato-hemos-sido-un-motor-imprescindible-para-la-provincia\/","url":"https:\/\/torredonjimenoactualidad.com\/index.php\/2025\/07\/09\/la-diputacion-de-jaen-hace-balance-del-ecuador-del-mandato-hemos-sido-un-motor-imprescindible-para-la-provincia\/","name":"La Diputaci\u00f3n de Ja\u00e9n hace balance del ecuador del mandato: \u201cHemos sido un motor imprescindible para la provincia\u201d - Torredonjimeno Actualidad","isPartOf":{"@id":"https:\/\/torredonjimenoactualidad.com\/#website"},"datePublished":"2025-07-09T18:34:19+00:00","dateModified":"2025-07-09T18:34:20+00:00","breadcrumb":{"@id":"https:\/\/torredonjimenoactualidad.com\/index.php\/2025\/07\/09\/la-diputacion-de-jaen-hace-balance-del-ecuador-del-mandato-hemos-sido-un-motor-imprescindible-para-la-provincia\/#breadcrumb"},"inLanguage":"es","potentialAction":[{"@type":"ReadAction","target":["https:\/\/torredonjimenoactualidad.com\/index.php\/2025\/07\/09\/la-diputacion-de-jaen-hace-balance-del-ecuador-del-mandato-hemos-sido-un-motor-imprescindible-para-la-provincia\/"]}]},{"@type":"BreadcrumbList","@id":"https:\/\/torredonjimenoactualidad.com\/index.php\/2025\/07\/09\/la-diputacion-de-jaen-hace-balance-del-ecuador-del-mandato-hemos-sido-un-motor-imprescindible-para-la-provincia\/#breadcrumb","itemListElement":[{"@type":"ListItem","position":1,"name":"Portada","item":"https:\/\/torredonjimenoactualidad.com\/"},{"@type":"ListItem","position":2,"name":"La Diputaci\u00f3n de Ja\u00e9n hace balance del ecuador del mandato: \u201cHemos sido un motor imprescindible para la provincia\u201d"}]},{"@type":"WebSite","@id":"https:\/\/torredonjimenoactualidad.com\/#website","url":"https:\/\/torredonjimenoactualidad.com\/","name":"Torredonjimeno Actualidad","description":"","publisher":{"@id":"https:\/\/torredonjimenoactualidad.com\/#organization"},"potentialAction":[{"@type":"SearchAction","target":{"@type":"EntryPoint","urlTemplate":"https:\/\/torredonjimenoactualidad.com\/?s={search_term_string}"},"query-input":"required name=search_term_string"}],"inLanguage":"es"},{"@type":"Organization","@id":"https:\/\/torredonjimenoactualidad.com\/#organization","name":"Torredonjimeno Actualidad","url":"https:\/\/torredonjimenoactualidad.com\/","logo":{"@type":"ImageObject","inLanguage":"es","@id":"https:\/\/torredonjimenoactualidad.com\/#\/schema\/logo\/image\/","url":"https:\/\/torredonjimenoactualidad.com\/wp-content\/uploads\/2023\/02\/logo-torredonjimeno-544x180-1.png","contentUrl":"https:\/\/torredonjimenoactualidad.com\/wp-content\/uploads\/2023\/02\/logo-torredonjimeno-544x180-1.png","width":545,"height":112,"caption":"Torredonjimeno Actualidad"},"image":{"@id":"https:\/\/torredonjimenoactualidad.com\/#\/schema\/logo\/image\/"}},{"@type":"Person","@id":"https:\/\/torredonjimenoactualidad.com\/#\/schema\/person\/84de5f233e783ef2c75151a532b54977","name":"Alba Mar\u00eda Torres","image":{"@type":"ImageObject","inLanguage":"es","@id":"https:\/\/torredonjimenoactualidad.com\/#\/schema\/person\/image\/","url":"https:\/\/secure.gravatar.com\/avatar\/f9371f188c71501b4475a9ba2a71595850ec72967f800a2ed8e3e2102859ed65?s=96&d=mm&r=g","contentUrl":"https:\/\/secure.gravatar.com\/avatar\/f9371f188c71501b4475a9ba2a71595850ec72967f800a2ed8e3e2102859ed65?s=96&d=mm&r=g","caption":"Alba Mar\u00eda Torres"},"url":"https:\/\/torredonjimenoactualidad.com\/index.php\/author\/alba-torres\/"}]}},"_links":{"self":[{"href":"https:\/\/torredonjimenoactualidad.com\/index.php\/wp-json\/wp\/v2\/posts\/3609","targetHints":{"allow":["GET"]}}],"collection":[{"href":"https:\/\/torredonjimenoactualidad.com\/index.php\/wp-json\/wp\/v2\/posts"}],"about":[{"href":"https:\/\/torredonjimenoactualidad.com\/index.php\/wp-json\/wp\/v2\/types\/post"}],"author":[{"embeddable":true,"href":"https:\/\/torredonjimenoactualidad.com\/index.php\/wp-json\/wp\/v2\/users\/2"}],"replies":[{"embeddable":true,"href":"https:\/\/torredonjimenoactualidad.com\/index.php\/wp-json\/wp\/v2\/comments?post=3609"}],"version-history":[{"count":1,"href":"https:\/\/torredonjimenoactualidad.com\/index.php\/wp-json\/wp\/v2\/posts\/3609\/revisions"}],"predecessor-version":[{"id":3611,"href":"https:\/\/torredonjimenoactualidad.com\/index.php\/wp-json\/wp\/v2\/posts\/3609\/revisions\/3611"}],"wp:featuredmedia":[{"embeddable":true,"href":"https:\/\/torredonjimenoactualidad.com\/index.php\/wp-json\/wp\/v2\/media\/3610"}],"wp:attachment":[{"href":"https:\/\/torredonjimenoactualidad.com\/index.php\/wp-json\/wp\/v2\/media?parent=3609"}],"wp:term":[{"taxonomy":"category","embeddable":true,"href":"https:\/\/torredonjimenoactualidad.com\/index.php\/wp-json\/wp\/v2\/categories?post=3609"},{"taxonomy":"post_tag","embeddable":true,"href":"https:\/\/torredonjimenoactualidad.com\/index.php\/wp-json\/wp\/v2\/tags?post=3609"}],"curies":[{"name":"wp","href":"https:\/\/api.w.org\/{rel}","templated":true}]}}