{"id":3606,"date":"2025-07-09T16:58:16","date_gmt":"2025-07-09T16:58:16","guid":{"rendered":"https:\/\/torredonjimenoactualidad.com\/?p=3606"},"modified":"2025-07-09T16:58:18","modified_gmt":"2025-07-09T16:58:18","slug":"exito-del-taller-de-reciclaje-en-el-cpa-de-torredonjimeno-conciencia-ambiental-y-participacion-ciudadana","status":"publish","type":"post","link":"https:\/\/torredonjimenoactualidad.com\/index.php\/2025\/07\/09\/exito-del-taller-de-reciclaje-en-el-cpa-de-torredonjimeno-conciencia-ambiental-y-participacion-ciudadana\/","title":{"rendered":"\u00c9xito del Taller de Reciclaje en el CPA de Torredonjimeno: Conciencia Ambiental y Participaci\u00f3n Ciudadana"},"content":{"rendered":"\n<p>Ayer, 8 de julio, el Centro de Participaci\u00f3n Activa (CPA) de Torredonjimeno vivi\u00f3 una jornada muy especial dedicada al reciclaje y la concienciaci\u00f3n ambiental, en el marco de un taller organizado por la Delegaci\u00f3n Territorial de Sostenibilidad y Medio Ambiente. La actividad congreg\u00f3 a numerosos asistentes y se desarroll\u00f3 con una excelente acogida por parte de la ciudadan\u00eda.<\/p>\n\n\n\n<p>El acto cont\u00f3 con la presencia de la delegada territorial de Sostenibilidad y Medio Ambiente, Mar\u00eda Jos\u00e9 Lara, quien puso en valor el compromiso de las personas mayores con el cuidado del entorno. \u201cNuestros mayores son un ejemplo de responsabilidad ambiental y nos ense\u00f1an a diario que peque\u00f1as acciones pueden marcar una gran diferencia\u201d, destac\u00f3.<\/p>\n\n\n\n<p>Tambi\u00e9n particip\u00f3 el alcalde de Torredonjimeno, Enrique Castro, acompa\u00f1ado por diferentes miembros de la corporaci\u00f3n municipal. En su intervenci\u00f3n, Castro resalt\u00f3 la importancia de este tipo de iniciativas para fomentar una cultura de sostenibilidad en todos los sectores de la sociedad y reafirm\u00f3 el compromiso del Ayuntamiento con la protecci\u00f3n del medio ambiente.<\/p>\n\n\n\n<p>Durante el taller, t\u00e9cnicos en medio ambiente ofrecieron informaci\u00f3n pr\u00e1ctica sobre la correcta clasificaci\u00f3n de residuos, el reciclaje dom\u00e9stico y la adopci\u00f3n de h\u00e1bitos sostenibles en la vida cotidiana. Los asistentes mostraron gran inter\u00e9s y participaron activamente en la sesi\u00f3n, compartiendo experiencias y planteando dudas.<\/p>\n\n\n\n<p>La jornada fue posible gracias al impulso de la Junta de Andaluc\u00eda, la colaboraci\u00f3n del director del CPA y, especialmente, al entusiasmo y la implicaci\u00f3n de todas las personas participantes. El \u00e9xito de la actividad demuestra que la conciencia ecol\u00f3gica sigue creciendo y que cada vez son m\u00e1s quienes apuestan por un futuro m\u00e1s respetuoso con el medio ambiente.<\/p>\n\n\n\n<p><\/p>\n","protected":false},"excerpt":{"rendered":"<p>Ayer, 8 de julio, el Centro de Participaci\u00f3n Activa (CPA) de Torredonjimeno vivi\u00f3 una jornada muy especial dedicada al reciclaje y la concienciaci\u00f3n ambiental, en el marco de un taller organizado por la Delegaci\u00f3n Territorial de Sostenibilidad y Medio Ambiente. La actividad congreg\u00f3 a numerosos asistentes y se desarroll\u00f3 con una excelente acogida por parte &hellip;<\/p>\n<p class=\"read-more\"> <a class=\"\" href=\"https:\/\/torredonjimenoactualidad.com\/index.php\/2025\/07\/09\/exito-del-taller-de-reciclaje-en-el-cpa-de-torredonjimeno-conciencia-ambiental-y-participacion-ciudadana\/\"> <span class=\"screen-reader-text\">\u00c9xito del Taller de Reciclaje en el CPA de Torredonjimeno: Conciencia Ambiental y Participaci\u00f3n Ciudadana<\/span> Leer m\u00e1s &raquo;<\/a><\/p>\n","protected":false},"author":2,"featured_media":3607,"comment_status":"closed","ping_status":"open","sticky":false,"template":"","format":"standard","meta":{"site-sidebar-layout":"default","site-content-layout":"default","ast-global-header-display":"","ast-main-header-display":"","ast-hfb-above-header-display":"","ast-hfb-below-header-display":"","ast-hfb-mobile-header-display":"","site-post-title":"","ast-breadcrumbs-content":"","ast-featured-img":"","footer-sml-layout":"","theme-transparent-header-meta":"","adv-header-id-meta":"","stick-header-meta":"","header-above-stick-meta":"","header-main-stick-meta":"","header-below-stick-meta":"","footnotes":""},"categories":[1],"tags":[],"class_list":["post-3606","post","type-post","status-publish","format-standard","has-post-thumbnail","hentry","category-sin-categoria"],"yoast_head":"<!-- This site is optimized with the Yoast SEO plugin v20.8 - https:\/\/yoast.com\/wordpress\/plugins\/seo\/ -->\n<title>\u00c9xito del Taller de Reciclaje en el CPA de Torredonjimeno: Conciencia Ambiental y Participaci\u00f3n Ciudadana - Torredonjimeno Actualidad<\/title>\n<meta name=\"robots\" content=\"index, follow, max-snippet:-1, max-image-preview:large, max-video-preview:-1\" \/>\n<link rel=\"canonical\" href=\"https:\/\/torredonjimenoactualidad.com\/index.php\/2025\/07\/09\/exito-del-taller-de-reciclaje-en-el-cpa-de-torredonjimeno-conciencia-ambiental-y-participacion-ciudadana\/\" \/>\n<meta property=\"og:locale\" content=\"es_ES\" \/>\n<meta property=\"og:type\" content=\"article\" \/>\n<meta property=\"og:title\" content=\"\u00c9xito del Taller de Reciclaje en el CPA de Torredonjimeno: Conciencia Ambiental y Participaci\u00f3n Ciudadana - Torredonjimeno Actualidad\" \/>\n<meta property=\"og:description\" content=\"Ayer, 8 de julio, el Centro de Participaci\u00f3n Activa (CPA) de Torredonjimeno vivi\u00f3 una jornada muy especial dedicada al reciclaje y la concienciaci\u00f3n ambiental, en el marco de un taller organizado por la Delegaci\u00f3n Territorial de Sostenibilidad y Medio Ambiente. La actividad congreg\u00f3 a numerosos asistentes y se desarroll\u00f3 con una excelente acogida por parte &hellip; \u00c9xito del Taller de Reciclaje en el CPA de Torredonjimeno: Conciencia Ambiental y Participaci\u00f3n Ciudadana Leer m\u00e1s &raquo;\" \/>\n<meta property=\"og:url\" content=\"https:\/\/torredonjimenoactualidad.com\/index.php\/2025\/07\/09\/exito-del-taller-de-reciclaje-en-el-cpa-de-torredonjimeno-conciencia-ambiental-y-participacion-ciudadana\/\" \/>\n<meta property=\"og:site_name\" content=\"Torredonjimeno Actualidad\" \/>\n<meta property=\"article:published_time\" content=\"2025-07-09T16:58:16+00:00\" \/>\n<meta property=\"article:modified_time\" content=\"2025-07-09T16:58:18+00:00\" \/>\n<meta property=\"og:image\" content=\"https:\/\/torredonjimenoactualidad.com\/wp-content\/uploads\/2025\/07\/518324923_1074726841512910_447196748128873530_n.jpg\" \/>\n\t<meta property=\"og:image:width\" content=\"1600\" \/>\n\t<meta property=\"og:image:height\" content=\"914\" \/>\n\t<meta property=\"og:image:type\" content=\"image\/jpeg\" \/>\n<meta name=\"author\" content=\"Alba Mar\u00eda Torres\" \/>\n<meta name=\"twitter:card\" content=\"summary_large_image\" \/>\n<meta name=\"twitter:label1\" content=\"Escrito por\" \/>\n\t<meta name=\"twitter:data1\" content=\"Alba Mar\u00eda Torres\" \/>\n\t<meta name=\"twitter:label2\" content=\"Tiempo de lectura\" \/>\n\t<meta name=\"twitter:data2\" content=\"2 minutos\" \/>\n<script type=\"application\/ld+json\" class=\"yoast-schema-graph\">{\"@context\":\"https:\/\/schema.org\",\"@graph\":[{\"@type\":\"Article\",\"@id\":\"https:\/\/torredonjimenoactualidad.com\/index.php\/2025\/07\/09\/exito-del-taller-de-reciclaje-en-el-cpa-de-torredonjimeno-conciencia-ambiental-y-participacion-ciudadana\/#article\",\"isPartOf\":{\"@id\":\"https:\/\/torredonjimenoactualidad.com\/index.php\/2025\/07\/09\/exito-del-taller-de-reciclaje-en-el-cpa-de-torredonjimeno-conciencia-ambiental-y-participacion-ciudadana\/\"},\"author\":{\"name\":\"Alba Mar\u00eda Torres\",\"@id\":\"https:\/\/torredonjimenoactualidad.com\/#\/schema\/person\/84de5f233e783ef2c75151a532b54977\"},\"headline\":\"\u00c9xito del Taller de Reciclaje en el CPA de Torredonjimeno: Conciencia Ambiental y Participaci\u00f3n Ciudadana\",\"datePublished\":\"2025-07-09T16:58:16+00:00\",\"dateModified\":\"2025-07-09T16:58:18+00:00\",\"mainEntityOfPage\":{\"@id\":\"https:\/\/torredonjimenoactualidad.com\/index.php\/2025\/07\/09\/exito-del-taller-de-reciclaje-en-el-cpa-de-torredonjimeno-conciencia-ambiental-y-participacion-ciudadana\/\"},\"wordCount\":312,\"publisher\":{\"@id\":\"https:\/\/torredonjimenoactualidad.com\/#organization\"},\"inLanguage\":\"es\"},{\"@type\":\"WebPage\",\"@id\":\"https:\/\/torredonjimenoactualidad.com\/index.php\/2025\/07\/09\/exito-del-taller-de-reciclaje-en-el-cpa-de-torredonjimeno-conciencia-ambiental-y-participacion-ciudadana\/\",\"url\":\"https:\/\/torredonjimenoactualidad.com\/index.php\/2025\/07\/09\/exito-del-taller-de-reciclaje-en-el-cpa-de-torredonjimeno-conciencia-ambiental-y-participacion-ciudadana\/\",\"name\":\"\u00c9xito del Taller de Reciclaje en el CPA de Torredonjimeno: Conciencia Ambiental y Participaci\u00f3n Ciudadana - Torredonjimeno Actualidad\",\"isPartOf\":{\"@id\":\"https:\/\/torredonjimenoactualidad.com\/#website\"},\"datePublished\":\"2025-07-09T16:58:16+00:00\",\"dateModified\":\"2025-07-09T16:58:18+00:00\",\"breadcrumb\":{\"@id\":\"https:\/\/torredonjimenoactualidad.com\/index.php\/2025\/07\/09\/exito-del-taller-de-reciclaje-en-el-cpa-de-torredonjimeno-conciencia-ambiental-y-participacion-ciudadana\/#breadcrumb\"},\"inLanguage\":\"es\",\"potentialAction\":[{\"@type\":\"ReadAction\",\"target\":[\"https:\/\/torredonjimenoactualidad.com\/index.php\/2025\/07\/09\/exito-del-taller-de-reciclaje-en-el-cpa-de-torredonjimeno-conciencia-ambiental-y-participacion-ciudadana\/\"]}]},{\"@type\":\"BreadcrumbList\",\"@id\":\"https:\/\/torredonjimenoactualidad.com\/index.php\/2025\/07\/09\/exito-del-taller-de-reciclaje-en-el-cpa-de-torredonjimeno-conciencia-ambiental-y-participacion-ciudadana\/#breadcrumb\",\"itemListElement\":[{\"@type\":\"ListItem\",\"position\":1,\"name\":\"Portada\",\"item\":\"https:\/\/torredonjimenoactualidad.com\/\"},{\"@type\":\"ListItem\",\"position\":2,\"name\":\"\u00c9xito del Taller de Reciclaje en el CPA de Torredonjimeno: Conciencia Ambiental y Participaci\u00f3n Ciudadana\"}]},{\"@type\":\"WebSite\",\"@id\":\"https:\/\/torredonjimenoactualidad.com\/#website\",\"url\":\"https:\/\/torredonjimenoactualidad.com\/\",\"name\":\"Torredonjimeno Actualidad\",\"description\":\"\",\"publisher\":{\"@id\":\"https:\/\/torredonjimenoactualidad.com\/#organization\"},\"potentialAction\":[{\"@type\":\"SearchAction\",\"target\":{\"@type\":\"EntryPoint\",\"urlTemplate\":\"https:\/\/torredonjimenoactualidad.com\/?s={search_term_string}\"},\"query-input\":\"required name=search_term_string\"}],\"inLanguage\":\"es\"},{\"@type\":\"Organization\",\"@id\":\"https:\/\/torredonjimenoactualidad.com\/#organization\",\"name\":\"Torredonjimeno Actualidad\",\"url\":\"https:\/\/torredonjimenoactualidad.com\/\",\"logo\":{\"@type\":\"ImageObject\",\"inLanguage\":\"es\",\"@id\":\"https:\/\/torredonjimenoactualidad.com\/#\/schema\/logo\/image\/\",\"url\":\"https:\/\/torredonjimenoactualidad.com\/wp-content\/uploads\/2023\/02\/logo-torredonjimeno-544x180-1.png\",\"contentUrl\":\"https:\/\/torredonjimenoactualidad.com\/wp-content\/uploads\/2023\/02\/logo-torredonjimeno-544x180-1.png\",\"width\":545,\"height\":112,\"caption\":\"Torredonjimeno Actualidad\"},\"image\":{\"@id\":\"https:\/\/torredonjimenoactualidad.com\/#\/schema\/logo\/image\/\"}},{\"@type\":\"Person\",\"@id\":\"https:\/\/torredonjimenoactualidad.com\/#\/schema\/person\/84de5f233e783ef2c75151a532b54977\",\"name\":\"Alba Mar\u00eda Torres\",\"image\":{\"@type\":\"ImageObject\",\"inLanguage\":\"es\",\"@id\":\"https:\/\/torredonjimenoactualidad.com\/#\/schema\/person\/image\/\",\"url\":\"https:\/\/secure.gravatar.com\/avatar\/f9371f188c71501b4475a9ba2a71595850ec72967f800a2ed8e3e2102859ed65?s=96&d=mm&r=g\",\"contentUrl\":\"https:\/\/secure.gravatar.com\/avatar\/f9371f188c71501b4475a9ba2a71595850ec72967f800a2ed8e3e2102859ed65?s=96&d=mm&r=g\",\"caption\":\"Alba Mar\u00eda Torres\"},\"url\":\"https:\/\/torredonjimenoactualidad.com\/index.php\/author\/alba-torres\/\"}]}<\/script>\n<!-- \/ Yoast SEO plugin. -->","yoast_head_json":{"title":"\u00c9xito del Taller de Reciclaje en el CPA de Torredonjimeno: Conciencia Ambiental y Participaci\u00f3n Ciudadana - Torredonjimeno Actualidad","robots":{"index":"index","follow":"follow","max-snippet":"max-snippet:-1","max-image-preview":"max-image-preview:large","max-video-preview":"max-video-preview:-1"},"canonical":"https:\/\/torredonjimenoactualidad.com\/index.php\/2025\/07\/09\/exito-del-taller-de-reciclaje-en-el-cpa-de-torredonjimeno-conciencia-ambiental-y-participacion-ciudadana\/","og_locale":"es_ES","og_type":"article","og_title":"\u00c9xito del Taller de Reciclaje en el CPA de Torredonjimeno: Conciencia Ambiental y Participaci\u00f3n Ciudadana - Torredonjimeno Actualidad","og_description":"Ayer, 8 de julio, el Centro de Participaci\u00f3n Activa (CPA) de Torredonjimeno vivi\u00f3 una jornada muy especial dedicada al reciclaje y la concienciaci\u00f3n ambiental, en el marco de un taller organizado por la Delegaci\u00f3n Territorial de Sostenibilidad y Medio Ambiente. La actividad congreg\u00f3 a numerosos asistentes y se desarroll\u00f3 con una excelente acogida por parte &hellip; \u00c9xito del Taller de Reciclaje en el CPA de Torredonjimeno: Conciencia Ambiental y Participaci\u00f3n Ciudadana Leer m\u00e1s &raquo;","og_url":"https:\/\/torredonjimenoactualidad.com\/index.php\/2025\/07\/09\/exito-del-taller-de-reciclaje-en-el-cpa-de-torredonjimeno-conciencia-ambiental-y-participacion-ciudadana\/","og_site_name":"Torredonjimeno Actualidad","article_published_time":"2025-07-09T16:58:16+00:00","article_modified_time":"2025-07-09T16:58:18+00:00","og_image":[{"width":1600,"height":914,"url":"https:\/\/torredonjimenoactualidad.com\/wp-content\/uploads\/2025\/07\/518324923_1074726841512910_447196748128873530_n.jpg","type":"image\/jpeg"}],"author":"Alba Mar\u00eda Torres","twitter_card":"summary_large_image","twitter_misc":{"Escrito por":"Alba Mar\u00eda Torres","Tiempo de lectura":"2 minutos"},"schema":{"@context":"https:\/\/schema.org","@graph":[{"@type":"Article","@id":"https:\/\/torredonjimenoactualidad.com\/index.php\/2025\/07\/09\/exito-del-taller-de-reciclaje-en-el-cpa-de-torredonjimeno-conciencia-ambiental-y-participacion-ciudadana\/#article","isPartOf":{"@id":"https:\/\/torredonjimenoactualidad.com\/index.php\/2025\/07\/09\/exito-del-taller-de-reciclaje-en-el-cpa-de-torredonjimeno-conciencia-ambiental-y-participacion-ciudadana\/"},"author":{"name":"Alba Mar\u00eda Torres","@id":"https:\/\/torredonjimenoactualidad.com\/#\/schema\/person\/84de5f233e783ef2c75151a532b54977"},"headline":"\u00c9xito del Taller de Reciclaje en el CPA de Torredonjimeno: Conciencia Ambiental y Participaci\u00f3n Ciudadana","datePublished":"2025-07-09T16:58:16+00:00","dateModified":"2025-07-09T16:58:18+00:00","mainEntityOfPage":{"@id":"https:\/\/torredonjimenoactualidad.com\/index.php\/2025\/07\/09\/exito-del-taller-de-reciclaje-en-el-cpa-de-torredonjimeno-conciencia-ambiental-y-participacion-ciudadana\/"},"wordCount":312,"publisher":{"@id":"https:\/\/torredonjimenoactualidad.com\/#organization"},"inLanguage":"es"},{"@type":"WebPage","@id":"https:\/\/torredonjimenoactualidad.com\/index.php\/2025\/07\/09\/exito-del-taller-de-reciclaje-en-el-cpa-de-torredonjimeno-conciencia-ambiental-y-participacion-ciudadana\/","url":"https:\/\/torredonjimenoactualidad.com\/index.php\/2025\/07\/09\/exito-del-taller-de-reciclaje-en-el-cpa-de-torredonjimeno-conciencia-ambiental-y-participacion-ciudadana\/","name":"\u00c9xito del Taller de Reciclaje en el CPA de Torredonjimeno: Conciencia Ambiental y Participaci\u00f3n Ciudadana - Torredonjimeno Actualidad","isPartOf":{"@id":"https:\/\/torredonjimenoactualidad.com\/#website"},"datePublished":"2025-07-09T16:58:16+00:00","dateModified":"2025-07-09T16:58:18+00:00","breadcrumb":{"@id":"https:\/\/torredonjimenoactualidad.com\/index.php\/2025\/07\/09\/exito-del-taller-de-reciclaje-en-el-cpa-de-torredonjimeno-conciencia-ambiental-y-participacion-ciudadana\/#breadcrumb"},"inLanguage":"es","potentialAction":[{"@type":"ReadAction","target":["https:\/\/torredonjimenoactualidad.com\/index.php\/2025\/07\/09\/exito-del-taller-de-reciclaje-en-el-cpa-de-torredonjimeno-conciencia-ambiental-y-participacion-ciudadana\/"]}]},{"@type":"BreadcrumbList","@id":"https:\/\/torredonjimenoactualidad.com\/index.php\/2025\/07\/09\/exito-del-taller-de-reciclaje-en-el-cpa-de-torredonjimeno-conciencia-ambiental-y-participacion-ciudadana\/#breadcrumb","itemListElement":[{"@type":"ListItem","position":1,"name":"Portada","item":"https:\/\/torredonjimenoactualidad.com\/"},{"@type":"ListItem","position":2,"name":"\u00c9xito del Taller de Reciclaje en el CPA de Torredonjimeno: Conciencia Ambiental y Participaci\u00f3n Ciudadana"}]},{"@type":"WebSite","@id":"https:\/\/torredonjimenoactualidad.com\/#website","url":"https:\/\/torredonjimenoactualidad.com\/","name":"Torredonjimeno Actualidad","description":"","publisher":{"@id":"https:\/\/torredonjimenoactualidad.com\/#organization"},"potentialAction":[{"@type":"SearchAction","target":{"@type":"EntryPoint","urlTemplate":"https:\/\/torredonjimenoactualidad.com\/?s={search_term_string}"},"query-input":"required name=search_term_string"}],"inLanguage":"es"},{"@type":"Organization","@id":"https:\/\/torredonjimenoactualidad.com\/#organization","name":"Torredonjimeno Actualidad","url":"https:\/\/torredonjimenoactualidad.com\/","logo":{"@type":"ImageObject","inLanguage":"es","@id":"https:\/\/torredonjimenoactualidad.com\/#\/schema\/logo\/image\/","url":"https:\/\/torredonjimenoactualidad.com\/wp-content\/uploads\/2023\/02\/logo-torredonjimeno-544x180-1.png","contentUrl":"https:\/\/torredonjimenoactualidad.com\/wp-content\/uploads\/2023\/02\/logo-torredonjimeno-544x180-1.png","width":545,"height":112,"caption":"Torredonjimeno Actualidad"},"image":{"@id":"https:\/\/torredonjimenoactualidad.com\/#\/schema\/logo\/image\/"}},{"@type":"Person","@id":"https:\/\/torredonjimenoactualidad.com\/#\/schema\/person\/84de5f233e783ef2c75151a532b54977","name":"Alba Mar\u00eda Torres","image":{"@type":"ImageObject","inLanguage":"es","@id":"https:\/\/torredonjimenoactualidad.com\/#\/schema\/person\/image\/","url":"https:\/\/secure.gravatar.com\/avatar\/f9371f188c71501b4475a9ba2a71595850ec72967f800a2ed8e3e2102859ed65?s=96&d=mm&r=g","contentUrl":"https:\/\/secure.gravatar.com\/avatar\/f9371f188c71501b4475a9ba2a71595850ec72967f800a2ed8e3e2102859ed65?s=96&d=mm&r=g","caption":"Alba Mar\u00eda Torres"},"url":"https:\/\/torredonjimenoactualidad.com\/index.php\/author\/alba-torres\/"}]}},"_links":{"self":[{"href":"https:\/\/torredonjimenoactualidad.com\/index.php\/wp-json\/wp\/v2\/posts\/3606","targetHints":{"allow":["GET"]}}],"collection":[{"href":"https:\/\/torredonjimenoactualidad.com\/index.php\/wp-json\/wp\/v2\/posts"}],"about":[{"href":"https:\/\/torredonjimenoactualidad.com\/index.php\/wp-json\/wp\/v2\/types\/post"}],"author":[{"embeddable":true,"href":"https:\/\/torredonjimenoactualidad.com\/index.php\/wp-json\/wp\/v2\/users\/2"}],"replies":[{"embeddable":true,"href":"https:\/\/torredonjimenoactualidad.com\/index.php\/wp-json\/wp\/v2\/comments?post=3606"}],"version-history":[{"count":1,"href":"https:\/\/torredonjimenoactualidad.com\/index.php\/wp-json\/wp\/v2\/posts\/3606\/revisions"}],"predecessor-version":[{"id":3608,"href":"https:\/\/torredonjimenoactualidad.com\/index.php\/wp-json\/wp\/v2\/posts\/3606\/revisions\/3608"}],"wp:featuredmedia":[{"embeddable":true,"href":"https:\/\/torredonjimenoactualidad.com\/index.php\/wp-json\/wp\/v2\/media\/3607"}],"wp:attachment":[{"href":"https:\/\/torredonjimenoactualidad.com\/index.php\/wp-json\/wp\/v2\/media?parent=3606"}],"wp:term":[{"taxonomy":"category","embeddable":true,"href":"https:\/\/torredonjimenoactualidad.com\/index.php\/wp-json\/wp\/v2\/categories?post=3606"},{"taxonomy":"post_tag","embeddable":true,"href":"https:\/\/torredonjimenoactualidad.com\/index.php\/wp-json\/wp\/v2\/tags?post=3606"}],"curies":[{"name":"wp","href":"https:\/\/api.w.org\/{rel}","templated":true}]}}